{"id":6133,"date":"2025-11-07T13:29:14","date_gmt":"2025-11-07T12:29:14","guid":{"rendered":"https:\/\/rotary.zamosc.pl\/?p=6133"},"modified":"2026-02-15T13:31:39","modified_gmt":"2026-02-15T12:31:39","slug":"wizyta-z-pomoca-humanitarna-w-kolomyji","status":"publish","type":"post","link":"https:\/\/rotary.zamosc.pl\/index.php\/2025\/11\/07\/wizyta-z-pomoca-humanitarna-w-kolomyji\/","title":{"rendered":"Wizyta z pomoc\u0105 humanitarn\u0105 w Ko\u0142omyji"},"content":{"rendered":"\n<p class=\"has-medium-font-size wp-block-paragraph\">7 listopada rotarianie z RC Zamo\u015b\u0107 (E. i B. Szyma\u0144scy, A. i L. Sikorowie, M. Piwkowski) i RC Zamo\u015b\u0107 Ordynacki (R. \u0141uczyn, D. Marciniewicz i A. Suski) oraz Gubernator <a href=\"https:\/\/www.facebook.com\/RotaryPolska?__cft__[0]=AZW7fp2qMMJ_yOABUrFrN4wzVmyJvKLvV1QMqHCXyQy839A5nbaIHWoq9IMVe8C781cMnNyXShlAyxx_0c42g-fpg9-tlQnwvPAivbBFSUPLX373aLmYmsTrTnba0im9yw-Ur59i6jSFpDzM7A90h-ojQtZIyp7UYYboEtXM6eQ38g&amp;__tn__=-]K-R\">Rotary Polska, Dystrykt 2231<\/a> Greg Gregorczyk pojechali do Ko\u0142omyji z pomoc\u0105 humanitarn\u0105.<\/p>\n\n\n\n<p class=\"has-medium-font-size wp-block-paragraph\">To ju\u017c sta\u0142o si\u0119 tradycj\u0105, \u017ce blisko \u015awi\u0119ta Niepodleg\u0142o\u015bci rotarianie z Zamo\u015bcia wioz\u0105 pomoc do Polskiej Sobotniej Szko\u0142y im. Vincenza i Towarzystwa Kultury Polskiej \u201ePokucie\u201d w Ko\u0142omyji. Bo tam czekaj\u0105 na nas dzieci i doro\u015bli cz\u0142onkowie stowarzyszenia.<\/p>\n\n\n\n<p class=\"has-medium-font-size wp-block-paragraph\">Tym razem dwoma busami zawieziono 1,5 tony \u017cywno\u015bci. By\u0142y tak\u017ce upominki (s\u0142odycze i ciep\u0142e rzeczy) ufundowane przez RC Zamo\u015b\u0107 i RC Zamo\u015b\u0107 Ordynacki.<\/p>\n\n\n\n<p class=\"has-medium-font-size wp-block-paragraph\">Jak zawsze, by\u0142o serdecznie, mi\u0142o i wzruszaj\u0105co. Szko\u0142a udekorowana w barwy bia\u0142o-czerwone, wyst\u0119py dzieci ubranych w polskie stroje ludowe, \u015bpiewanie pie\u015bni patriotycznych i \u201ego\u015bcina\u201d. No i oczywi\u015bcie spotkanie z Polakami, na czele z Przewodnicz\u0105c\u0105 Towarzystwa Kultury Polskiej \u201ePokucie\u201d, dr Stanis\u0142aw\u0105 Patkowsk\u0105-Ko\u0142ysenko, kt\u00f3ra jest zaprzyja\u017aniona z naszym klubem od wielu lat.<\/p>\n\n\n\n<p class=\"has-medium-font-size wp-block-paragraph\">Paczki \u017ce s\u0142odyczami i dresami trafi\u0142y r\u00f3wnie\u017c do dzieci z Rodzinnego Domu Dziecka w Ko\u0142omyji.<\/p>\n\n\n\n<p class=\"has-medium-font-size wp-block-paragraph\">Na koniec wizyty, rotarianie odwiedzili polski cmentarz, gdzie z\u0142o\u017cyli wi\u0105zank\u0119 kwiat\u00f3w i zapalili znicze.<\/p>\n\n\n\n<figure class=\"wp-block-gallery has-nested-images columns-1 is-cropped wp-block-gallery-1 is-layout-flex wp-block-gallery-is-layout-flex\">\n<figure class=\"wp-block-image size-large\"><img fetchpriority=\"high\" decoding=\"async\" width=\"700\" height=\"967\" data-id=\"5941\" src=\"https:\/\/rotary.zamosc.pl\/wp-content\/uploads\/2025\/11\/7-Listopad-wizyta-z-pomoca-humanitarna-w-Kolomyji-10-700x967.jpg\" alt=\"\" class=\"wp-image-5941\" srcset=\"https:\/\/rotary.zamosc.pl\/wp-content\/uploads\/2025\/11\/7-Listopad-wizyta-z-pomoca-humanitarna-w-Kolomyji-10-700x967.jpg 700w, https:\/\/rotary.zamosc.pl\/wp-content\/uploads\/2025\/11\/7-Listopad-wizyta-z-pomoca-humanitarna-w-Kolomyji-10-217x300.jpg 217w, https:\/\/rotary.zamosc.pl\/wp-content\/uploads\/2025\/11\/7-Listopad-wizyta-z-pomoca-humanitarna-w-Kolomyji-10-768x1061.jpg 768w, https:\/\/rotary.zamosc.pl\/wp-content\/uploads\/2025\/11\/7-Listopad-wizyta-z-pomoca-humanitarna-w-Kolomyji-10-1112x1536.jpg 1112w, https:\/\/rotary.zamosc.pl\/wp-content\/uploads\/2025\/11\/7-Listopad-wizyta-z-pomoca-humanitarna-w-Kolomyji-10-800x1105.jpg 800w, https:\/\/rotary.zamosc.pl\/wp-content\/uploads\/2025\/11\/7-Listopad-wizyta-z-pomoca-humanitarna-w-Kolomyji-10.jpg 1483w\" sizes=\"(max-width: 700px) 100vw, 700px\" \/><\/figure>\n\n\n\n<figure class=\"wp-block-image size-large\"><img decoding=\"async\" width=\"700\" height=\"933\" data-id=\"5940\" src=\"https:\/\/rotary.zamosc.pl\/wp-content\/uploads\/2025\/11\/7-Listopad-wizyta-z-pomoca-humanitarna-w-Kolomyji-9-700x933.jpg\" alt=\"\" class=\"wp-image-5940\" srcset=\"https:\/\/rotary.zamosc.pl\/wp-content\/uploads\/2025\/11\/7-Listopad-wizyta-z-pomoca-humanitarna-w-Kolomyji-9-700x933.jpg 700w, https:\/\/rotary.zamosc.pl\/wp-content\/uploads\/2025\/11\/7-Listopad-wizyta-z-pomoca-humanitarna-w-Kolomyji-9-225x300.jpg 225w, https:\/\/rotary.zamosc.pl\/wp-content\/uploads\/2025\/11\/7-Listopad-wizyta-z-pomoca-humanitarna-w-Kolomyji-9-768x1024.jpg 768w, https:\/\/rotary.zamosc.pl\/wp-content\/uploads\/2025\/11\/7-Listopad-wizyta-z-pomoca-humanitarna-w-Kolomyji-9-1152x1536.jpg 1152w, https:\/\/rotary.zamosc.pl\/wp-content\/uploads\/2025\/11\/7-Listopad-wizyta-z-pomoca-humanitarna-w-Kolomyji-9-800x1067.jpg 800w, https:\/\/rotary.zamosc.pl\/wp-content\/uploads\/2025\/11\/7-Listopad-wizyta-z-pomoca-humanitarna-w-Kolomyji-9.jpg 1200w\" sizes=\"(max-width: 700px) 100vw, 700px\" \/><\/figure>\n\n\n\n<figure class=\"wp-block-image size-large\"><img decoding=\"async\" width=\"700\" height=\"1243\" data-id=\"5938\" src=\"https:\/\/rotary.zamosc.pl\/wp-content\/uploads\/2025\/11\/7-Listopad-wizyta-z-pomoca-humanitarna-w-Kolomyji-7-700x1243.jpg\" alt=\"\" class=\"wp-image-5938\" srcset=\"https:\/\/rotary.zamosc.pl\/wp-content\/uploads\/2025\/11\/7-Listopad-wizyta-z-pomoca-humanitarna-w-Kolomyji-7-700x1243.jpg 700w, https:\/\/rotary.zamosc.pl\/wp-content\/uploads\/2025\/11\/7-Listopad-wizyta-z-pomoca-humanitarna-w-Kolomyji-7-169x300.jpg 169w, https:\/\/rotary.zamosc.pl\/wp-content\/uploads\/2025\/11\/7-Listopad-wizyta-z-pomoca-humanitarna-w-Kolomyji-7-768x1364.jpg 768w, https:\/\/rotary.zamosc.pl\/wp-content\/uploads\/2025\/11\/7-Listopad-wizyta-z-pomoca-humanitarna-w-Kolomyji-7-865x1536.jpg 865w, https:\/\/rotary.zamosc.pl\/wp-content\/uploads\/2025\/11\/7-Listopad-wizyta-z-pomoca-humanitarna-w-Kolomyji-7-800x1421.jpg 800w, https:\/\/rotary.zamosc.pl\/wp-content\/uploads\/2025\/11\/7-Listopad-wizyta-z-pomoca-humanitarna-w-Kolomyji-7.jpg 1126w\" sizes=\"(max-width: 700px) 100vw, 700px\" \/><\/figure>\n\n\n\n<figure class=\"wp-block-image size-large\"><img loading=\"lazy\" decoding=\"async\" width=\"700\" height=\"933\" data-id=\"5939\" src=\"https:\/\/rotary.zamosc.pl\/wp-content\/uploads\/2025\/11\/7-Listopad-wizyta-z-pomoca-humanitarna-w-Kolomyji-8-700x933.jpg\" alt=\"\" class=\"wp-image-5939\" srcset=\"https:\/\/rotary.zamosc.pl\/wp-content\/uploads\/2025\/11\/7-Listopad-wizyta-z-pomoca-humanitarna-w-Kolomyji-8-700x933.jpg 700w, https:\/\/rotary.zamosc.pl\/wp-content\/uploads\/2025\/11\/7-Listopad-wizyta-z-pomoca-humanitarna-w-Kolomyji-8-225x300.jpg 225w, https:\/\/rotary.zamosc.pl\/wp-content\/uploads\/2025\/11\/7-Listopad-wizyta-z-pomoca-humanitarna-w-Kolomyji-8-768x1024.jpg 768w, https:\/\/rotary.zamosc.pl\/wp-content\/uploads\/2025\/11\/7-Listopad-wizyta-z-pomoca-humanitarna-w-Kolomyji-8-1152x1536.jpg 1152w, https:\/\/rotary.zamosc.pl\/wp-content\/uploads\/2025\/11\/7-Listopad-wizyta-z-pomoca-humanitarna-w-Kolomyji-8-800x1067.jpg 800w, https:\/\/rotary.zamosc.pl\/wp-content\/uploads\/2025\/11\/7-Listopad-wizyta-z-pomoca-humanitarna-w-Kolomyji-8.jpg 1200w\" sizes=\"(max-width: 700px) 100vw, 700px\" \/><\/figure>\n\n\n\n<figure class=\"wp-block-image size-large\"><img loading=\"lazy\" decoding=\"async\" width=\"700\" height=\"933\" data-id=\"5937\" src=\"https:\/\/rotary.zamosc.pl\/wp-content\/uploads\/2025\/11\/7-Listopad-wizyta-z-pomoca-humanitarna-w-Kolomyji-6-700x933.jpg\" alt=\"\" class=\"wp-image-5937\" srcset=\"https:\/\/rotary.zamosc.pl\/wp-content\/uploads\/2025\/11\/7-Listopad-wizyta-z-pomoca-humanitarna-w-Kolomyji-6-700x933.jpg 700w, https:\/\/rotary.zamosc.pl\/wp-content\/uploads\/2025\/11\/7-Listopad-wizyta-z-pomoca-humanitarna-w-Kolomyji-6-225x300.jpg 225w, https:\/\/rotary.zamosc.pl\/wp-content\/uploads\/2025\/11\/7-Listopad-wizyta-z-pomoca-humanitarna-w-Kolomyji-6-768x1024.jpg 768w, https:\/\/rotary.zamosc.pl\/wp-content\/uploads\/2025\/11\/7-Listopad-wizyta-z-pomoca-humanitarna-w-Kolomyji-6-1152x1536.jpg 1152w, https:\/\/rotary.zamosc.pl\/wp-content\/uploads\/2025\/11\/7-Listopad-wizyta-z-pomoca-humanitarna-w-Kolomyji-6-800x1067.jpg 800w, https:\/\/rotary.zamosc.pl\/wp-content\/uploads\/2025\/11\/7-Listopad-wizyta-z-pomoca-humanitarna-w-Kolomyji-6.jpg 1200w\" sizes=\"(max-width: 700px) 100vw, 700px\" \/><\/figure>\n\n\n\n<figure class=\"wp-block-image size-large\"><img loading=\"lazy\" decoding=\"async\" width=\"700\" height=\"394\" data-id=\"5936\" src=\"https:\/\/rotary.zamosc.pl\/wp-content\/uploads\/2025\/11\/7-Listopad-wizyta-z-pomoca-humanitarna-w-Kolomyji-5-700x394.jpg\" alt=\"\" class=\"wp-image-5936\" srcset=\"https:\/\/rotary.zamosc.pl\/wp-content\/uploads\/2025\/11\/7-Listopad-wizyta-z-pomoca-humanitarna-w-Kolomyji-5-700x394.jpg 700w, https:\/\/rotary.zamosc.pl\/wp-content\/uploads\/2025\/11\/7-Listopad-wizyta-z-pomoca-humanitarna-w-Kolomyji-5-300x169.jpg 300w, https:\/\/rotary.zamosc.pl\/wp-content\/uploads\/2025\/11\/7-Listopad-wizyta-z-pomoca-humanitarna-w-Kolomyji-5-768x432.jpg 768w, https:\/\/rotary.zamosc.pl\/wp-content\/uploads\/2025\/11\/7-Listopad-wizyta-z-pomoca-humanitarna-w-Kolomyji-5-1536x865.jpg 1536w, https:\/\/rotary.zamosc.pl\/wp-content\/uploads\/2025\/11\/7-Listopad-wizyta-z-pomoca-humanitarna-w-Kolomyji-5-800x450.jpg 800w, https:\/\/rotary.zamosc.pl\/wp-content\/uploads\/2025\/11\/7-Listopad-wizyta-z-pomoca-humanitarna-w-Kolomyji-5.jpg 2000w\" sizes=\"(max-width: 700px) 100vw, 700px\" \/><\/figure>\n\n\n\n<figure class=\"wp-block-image size-large\"><img loading=\"lazy\" decoding=\"async\" width=\"700\" height=\"525\" data-id=\"5935\" src=\"https:\/\/rotary.zamosc.pl\/wp-content\/uploads\/2025\/11\/7-Listopad-wizyta-z-pomoca-humanitarna-w-Kolomyji-4-700x525.jpg\" alt=\"\" class=\"wp-image-5935\" srcset=\"https:\/\/rotary.zamosc.pl\/wp-content\/uploads\/2025\/11\/7-Listopad-wizyta-z-pomoca-humanitarna-w-Kolomyji-4-700x525.jpg 700w, https:\/\/rotary.zamosc.pl\/wp-content\/uploads\/2025\/11\/7-Listopad-wizyta-z-pomoca-humanitarna-w-Kolomyji-4-300x225.jpg 300w, https:\/\/rotary.zamosc.pl\/wp-content\/uploads\/2025\/11\/7-Listopad-wizyta-z-pomoca-humanitarna-w-Kolomyji-4-768x576.jpg 768w, https:\/\/rotary.zamosc.pl\/wp-content\/uploads\/2025\/11\/7-Listopad-wizyta-z-pomoca-humanitarna-w-Kolomyji-4-1536x1152.jpg 1536w, https:\/\/rotary.zamosc.pl\/wp-content\/uploads\/2025\/11\/7-Listopad-wizyta-z-pomoca-humanitarna-w-Kolomyji-4-800x600.jpg 800w, https:\/\/rotary.zamosc.pl\/wp-content\/uploads\/2025\/11\/7-Listopad-wizyta-z-pomoca-humanitarna-w-Kolomyji-4-80x60.jpg 80w, https:\/\/rotary.zamosc.pl\/wp-content\/uploads\/2025\/11\/7-Listopad-wizyta-z-pomoca-humanitarna-w-Kolomyji-4.jpg 1600w\" sizes=\"(max-width: 700px) 100vw, 700px\" \/><\/figure>\n\n\n\n<figure class=\"wp-block-image size-large\"><img loading=\"lazy\" decoding=\"async\" width=\"700\" height=\"394\" data-id=\"5934\" src=\"https:\/\/rotary.zamosc.pl\/wp-content\/uploads\/2025\/11\/7-Listopad-wizyta-z-pomoca-humanitarna-w-Kolomyji-3-700x394.jpg\" alt=\"\" class=\"wp-image-5934\" srcset=\"https:\/\/rotary.zamosc.pl\/wp-content\/uploads\/2025\/11\/7-Listopad-wizyta-z-pomoca-humanitarna-w-Kolomyji-3-700x394.jpg 700w, https:\/\/rotary.zamosc.pl\/wp-content\/uploads\/2025\/11\/7-Listopad-wizyta-z-pomoca-humanitarna-w-Kolomyji-3-300x169.jpg 300w, https:\/\/rotary.zamosc.pl\/wp-content\/uploads\/2025\/11\/7-Listopad-wizyta-z-pomoca-humanitarna-w-Kolomyji-3-768x432.jpg 768w, https:\/\/rotary.zamosc.pl\/wp-content\/uploads\/2025\/11\/7-Listopad-wizyta-z-pomoca-humanitarna-w-Kolomyji-3-1536x865.jpg 1536w, https:\/\/rotary.zamosc.pl\/wp-content\/uploads\/2025\/11\/7-Listopad-wizyta-z-pomoca-humanitarna-w-Kolomyji-3-800x450.jpg 800w, https:\/\/rotary.zamosc.pl\/wp-content\/uploads\/2025\/11\/7-Listopad-wizyta-z-pomoca-humanitarna-w-Kolomyji-3.jpg 2000w\" sizes=\"(max-width: 700px) 100vw, 700px\" \/><\/figure>\n\n\n\n<figure class=\"wp-block-image size-large\"><img loading=\"lazy\" decoding=\"async\" width=\"700\" height=\"525\" data-id=\"5933\" src=\"https:\/\/rotary.zamosc.pl\/wp-content\/uploads\/2025\/11\/7-Listopad-wizyta-z-pomoca-humanitarna-w-Kolomyji-2-700x525.jpg\" alt=\"\" class=\"wp-image-5933\" srcset=\"https:\/\/rotary.zamosc.pl\/wp-content\/uploads\/2025\/11\/7-Listopad-wizyta-z-pomoca-humanitarna-w-Kolomyji-2-700x525.jpg 700w, https:\/\/rotary.zamosc.pl\/wp-content\/uploads\/2025\/11\/7-Listopad-wizyta-z-pomoca-humanitarna-w-Kolomyji-2-300x225.jpg 300w, https:\/\/rotary.zamosc.pl\/wp-content\/uploads\/2025\/11\/7-Listopad-wizyta-z-pomoca-humanitarna-w-Kolomyji-2-768x576.jpg 768w, https:\/\/rotary.zamosc.pl\/wp-content\/uploads\/2025\/11\/7-Listopad-wizyta-z-pomoca-humanitarna-w-Kolomyji-2-1536x1152.jpg 1536w, https:\/\/rotary.zamosc.pl\/wp-content\/uploads\/2025\/11\/7-Listopad-wizyta-z-pomoca-humanitarna-w-Kolomyji-2-800x600.jpg 800w, https:\/\/rotary.zamosc.pl\/wp-content\/uploads\/2025\/11\/7-Listopad-wizyta-z-pomoca-humanitarna-w-Kolomyji-2-80x60.jpg 80w, https:\/\/rotary.zamosc.pl\/wp-content\/uploads\/2025\/11\/7-Listopad-wizyta-z-pomoca-humanitarna-w-Kolomyji-2.jpg 1600w\" sizes=\"(max-width: 700px) 100vw, 700px\" \/><\/figure>\n\n\n\n<figure class=\"wp-block-image size-large\"><img loading=\"lazy\" decoding=\"async\" width=\"700\" height=\"394\" data-id=\"5932\" src=\"https:\/\/rotary.zamosc.pl\/wp-content\/uploads\/2025\/11\/7-Listopad-wizyta-z-pomoca-humanitarna-w-Kolomyji-1-700x394.jpg\" alt=\"\" class=\"wp-image-5932\" srcset=\"https:\/\/rotary.zamosc.pl\/wp-content\/uploads\/2025\/11\/7-Listopad-wizyta-z-pomoca-humanitarna-w-Kolomyji-1-700x394.jpg 700w, https:\/\/rotary.zamosc.pl\/wp-content\/uploads\/2025\/11\/7-Listopad-wizyta-z-pomoca-humanitarna-w-Kolomyji-1-300x169.jpg 300w, https:\/\/rotary.zamosc.pl\/wp-content\/uploads\/2025\/11\/7-Listopad-wizyta-z-pomoca-humanitarna-w-Kolomyji-1-768x432.jpg 768w, https:\/\/rotary.zamosc.pl\/wp-content\/uploads\/2025\/11\/7-Listopad-wizyta-z-pomoca-humanitarna-w-Kolomyji-1-1536x865.jpg 1536w, https:\/\/rotary.zamosc.pl\/wp-content\/uploads\/2025\/11\/7-Listopad-wizyta-z-pomoca-humanitarna-w-Kolomyji-1-800x450.jpg 800w, https:\/\/rotary.zamosc.pl\/wp-content\/uploads\/2025\/11\/7-Listopad-wizyta-z-pomoca-humanitarna-w-Kolomyji-1.jpg 2000w\" sizes=\"(max-width: 700px) 100vw, 700px\" \/><\/figure>\n<\/figure>\n","protected":false},"excerpt":{"rendered":"<p>7 listopada rotarianie z RC Zamo\u015b\u0107 (E. i B. Szyma\u0144scy, A. i L. Sikorowie, M. Piwkowski) i RC Zamo\u015b\u0107 Ordynacki (R. \u0141uczyn, D. Marciniewicz i A. Suski) oraz Gubernator Rotary Polska, Dystrykt 2231 Greg Gregorczyk pojechali do Ko\u0142omyji z pomoc\u0105 humanitarn\u0105. To ju\u017c sta\u0142o si\u0119 tradycj\u0105, \u017ce blisko \u015awi\u0119ta Niepodleg\u0142o\u015bci rotarianie z Zamo\u015bcia wioz\u0105 pomoc&#8230;<\/p>\n","protected":false},"author":1,"featured_media":5933,"comment_status":"open","ping_status":"open","sticky":false,"template":"","format":"standard","meta":{"footnotes":""},"categories":[19,12],"tags":[],"class_list":["post-6133","post","type-post","status-publish","format-standard","has-post-thumbnail","hentry","category-19","category-pomoc-ukrainie"],"rttpg_featured_image_url":{"full":["https:\/\/rotary.zamosc.pl\/wp-content\/uploads\/2025\/11\/7-Listopad-wizyta-z-pomoca-humanitarna-w-Kolomyji-2.jpg",1600,1200,false],"landscape":["https:\/\/rotary.zamosc.pl\/wp-content\/uploads\/2025\/11\/7-Listopad-wizyta-z-pomoca-humanitarna-w-Kolomyji-2.jpg",1600,1200,false],"portraits":["https:\/\/rotary.zamosc.pl\/wp-content\/uploads\/2025\/11\/7-Listopad-wizyta-z-pomoca-humanitarna-w-Kolomyji-2.jpg",1600,1200,false],"thumbnail":["https:\/\/rotary.zamosc.pl\/wp-content\/uploads\/2025\/11\/7-Listopad-wizyta-z-pomoca-humanitarna-w-Kolomyji-2-150x150.jpg",150,150,true],"medium":["https:\/\/rotary.zamosc.pl\/wp-content\/uploads\/2025\/11\/7-Listopad-wizyta-z-pomoca-humanitarna-w-Kolomyji-2-300x225.jpg",300,225,true],"large":["https:\/\/rotary.zamosc.pl\/wp-content\/uploads\/2025\/11\/7-Listopad-wizyta-z-pomoca-humanitarna-w-Kolomyji-2-700x525.jpg",700,525,true],"1536x1536":["https:\/\/rotary.zamosc.pl\/wp-content\/uploads\/2025\/11\/7-Listopad-wizyta-z-pomoca-humanitarna-w-Kolomyji-2-1536x1152.jpg",1536,1152,true],"2048x2048":["https:\/\/rotary.zamosc.pl\/wp-content\/uploads\/2025\/11\/7-Listopad-wizyta-z-pomoca-humanitarna-w-Kolomyji-2.jpg",1600,1200,false],"post-thumbnail":["https:\/\/rotary.zamosc.pl\/wp-content\/uploads\/2025\/11\/7-Listopad-wizyta-z-pomoca-humanitarna-w-Kolomyji-2-800x600.jpg",800,600,true],"graphy-post-thumbnail-large":["https:\/\/rotary.zamosc.pl\/wp-content\/uploads\/2025\/11\/7-Listopad-wizyta-z-pomoca-humanitarna-w-Kolomyji-2-1080x600.jpg",1080,600,true],"graphy-post-thumbnail-medium":["https:\/\/rotary.zamosc.pl\/wp-content\/uploads\/2025\/11\/7-Listopad-wizyta-z-pomoca-humanitarna-w-Kolomyji-2-482x300.jpg",482,300,true],"graphy-post-thumbnail-small":["https:\/\/rotary.zamosc.pl\/wp-content\/uploads\/2025\/11\/7-Listopad-wizyta-z-pomoca-humanitarna-w-Kolomyji-2-80x60.jpg",80,60,true],"graphy-page-thumbnail":["https:\/\/rotary.zamosc.pl\/wp-content\/uploads\/2025\/11\/7-Listopad-wizyta-z-pomoca-humanitarna-w-Kolomyji-2-1260x350.jpg",1260,350,true],"sow-carousel-default":["https:\/\/rotary.zamosc.pl\/wp-content\/uploads\/2025\/11\/7-Listopad-wizyta-z-pomoca-humanitarna-w-Kolomyji-2-272x182.jpg",272,182,true]},"rttpg_author":{"display_name":"rotaryzamosc","author_link":"https:\/\/rotary.zamosc.pl\/index.php\/author\/rotaryzamosc\/"},"rttpg_comment":0,"rttpg_category":"<a href=\"https:\/\/rotary.zamosc.pl\/index.php\/category\/2025\/\" rel=\"category tag\">2025<\/a> <a href=\"https:\/\/rotary.zamosc.pl\/index.php\/category\/pomoc-ukrainie\/\" rel=\"category tag\">Pomoc Ukrainie<\/a>","rttpg_excerpt":"7 listopada rotarianie z RC Zamo\u015b\u0107 (E. i B. Szyma\u0144scy, A. i L. Sikorowie, M. Piwkowski) i RC Zamo\u015b\u0107 Ordynacki (R. \u0141uczyn, D. Marciniewicz i A. Suski) oraz Gubernator Rotary Polska, Dystrykt 2231 Greg Gregorczyk pojechali do Ko\u0142omyji z pomoc\u0105 humanitarn\u0105. To ju\u017c sta\u0142o si\u0119 tradycj\u0105, \u017ce blisko \u015awi\u0119ta Niepodleg\u0142o\u015bci rotarianie z Zamo\u015bcia wioz\u0105 pomoc...","_links":{"self":[{"href":"https:\/\/rotary.zamosc.pl\/index.php\/wp-json\/wp\/v2\/posts\/6133","targetHints":{"allow":["GET"]}}],"collection":[{"href":"https:\/\/rotary.zamosc.pl\/index.php\/wp-json\/wp\/v2\/posts"}],"about":[{"href":"https:\/\/rotary.zamosc.pl\/index.php\/wp-json\/wp\/v2\/types\/post"}],"author":[{"embeddable":true,"href":"https:\/\/rotary.zamosc.pl\/index.php\/wp-json\/wp\/v2\/users\/1"}],"replies":[{"embeddable":true,"href":"https:\/\/rotary.zamosc.pl\/index.php\/wp-json\/wp\/v2\/comments?post=6133"}],"version-history":[{"count":1,"href":"https:\/\/rotary.zamosc.pl\/index.php\/wp-json\/wp\/v2\/posts\/6133\/revisions"}],"predecessor-version":[{"id":6134,"href":"https:\/\/rotary.zamosc.pl\/index.php\/wp-json\/wp\/v2\/posts\/6133\/revisions\/6134"}],"wp:featuredmedia":[{"embeddable":true,"href":"https:\/\/rotary.zamosc.pl\/index.php\/wp-json\/wp\/v2\/media\/5933"}],"wp:attachment":[{"href":"https:\/\/rotary.zamosc.pl\/index.php\/wp-json\/wp\/v2\/media?parent=6133"}],"wp:term":[{"taxonomy":"category","embeddable":true,"href":"https:\/\/rotary.zamosc.pl\/index.php\/wp-json\/wp\/v2\/categories?post=6133"},{"taxonomy":"post_tag","embeddable":true,"href":"https:\/\/rotary.zamosc.pl\/index.php\/wp-json\/wp\/v2\/tags?post=6133"}],"curies":[{"name":"wp","href":"https:\/\/api.w.org\/{rel}","templated":true}]}}