{"id":6160,"date":"2025-10-23T14:03:11","date_gmt":"2025-10-23T12:03:11","guid":{"rendered":"https:\/\/rotary.zamosc.pl\/?p=6160"},"modified":"2026-02-15T14:08:10","modified_gmt":"2026-02-15T13:08:10","slug":"zielone-pluca-w-zamosciu-23-10-2025","status":"publish","type":"post","link":"https:\/\/rotary.zamosc.pl\/index.php\/2025\/10\/23\/zielone-pluca-w-zamosciu-23-10-2025\/","title":{"rendered":"Zielone p\u0142uca w Zamo\u015bciu 23.10.2025"},"content":{"rendered":"\n<p class=\"has-text-align-left has-medium-font-size wp-block-paragraph\">Dzisiaj rotarianie Rotary Club Zamo\u015b\u0107 pracowali w ramach ju\u017c \u00f3smej edycji akcji \u201eZielone p\u0142uca dla Zamo\u015bcia\u201d. Inicjatork\u0105 i koordynatork\u0105 akcji jest nasza klubowa kole\u017canka El\u017cbieta Szyma\u0144ska. Tym razem dosadzali\u015bmy drzewa na terenach zielonych Sp\u00f3\u0142dzielni Mieszkaniowej im. Jana Zamoyskiego, vis a vis myjni samochodowej. Posadzono 45 \u015bliw, kt\u00f3re zakupi\u0142a S.M. im. J. Zamoyskiego oraz Urz\u0105d Miasta Zamo\u015b\u0107. By\u0142a to kontynuacja nasadze\u0144 z wiosny tego roku i roku ubieg\u0142ego.Jak zwykle wspomaga\u0142a nas Katarzyna Fornal-Urba\u0144czyk z UM Zamo\u015b\u0107 oraz Prezesi S.M. Zamoyskiego Ma\u0142gorzata Kap\u0142on i Jacek Szka\u0142uba oraz pracownicy. Mamy nadziej\u0119, \u017ce mieszka\u0144cy Zamoyskiego zauwa\u017caj\u0105 zmiany w krajobrazie tej cz\u0119\u015bci osiedla oraz doceniaj\u0105 proekologiczny i prozdrowotny charakter akcji.<\/p>\n\n\n\n<figure class=\"wp-block-gallery has-nested-images columns-1 is-cropped wp-block-gallery-1 is-layout-flex wp-block-gallery-is-layout-flex\">\n<figure class=\"wp-block-image size-large\"><img fetchpriority=\"high\" decoding=\"async\" width=\"700\" height=\"933\" data-id=\"5899\" src=\"https:\/\/rotary.zamosc.pl\/wp-content\/uploads\/2025\/10\/Zielone-pluca-w-Zamosciu-23.10-12-700x933.jpg\" alt=\"\" class=\"wp-image-5899\" srcset=\"https:\/\/rotary.zamosc.pl\/wp-content\/uploads\/2025\/10\/Zielone-pluca-w-Zamosciu-23.10-12-700x933.jpg 700w, https:\/\/rotary.zamosc.pl\/wp-content\/uploads\/2025\/10\/Zielone-pluca-w-Zamosciu-23.10-12-225x300.jpg 225w, https:\/\/rotary.zamosc.pl\/wp-content\/uploads\/2025\/10\/Zielone-pluca-w-Zamosciu-23.10-12-768x1024.jpg 768w, https:\/\/rotary.zamosc.pl\/wp-content\/uploads\/2025\/10\/Zielone-pluca-w-Zamosciu-23.10-12-1152x1536.jpg 1152w, https:\/\/rotary.zamosc.pl\/wp-content\/uploads\/2025\/10\/Zielone-pluca-w-Zamosciu-23.10-12-800x1067.jpg 800w, https:\/\/rotary.zamosc.pl\/wp-content\/uploads\/2025\/10\/Zielone-pluca-w-Zamosciu-23.10-12.jpg 1536w\" sizes=\"(max-width: 700px) 100vw, 700px\" \/><\/figure>\n\n\n\n<figure class=\"wp-block-image size-large\"><img decoding=\"async\" width=\"700\" height=\"414\" data-id=\"5898\" src=\"https:\/\/rotary.zamosc.pl\/wp-content\/uploads\/2025\/10\/Zielone-pluca-w-Zamosciu-23.10-11-700x414.jpg\" alt=\"\" class=\"wp-image-5898\" srcset=\"https:\/\/rotary.zamosc.pl\/wp-content\/uploads\/2025\/10\/Zielone-pluca-w-Zamosciu-23.10-11-700x414.jpg 700w, https:\/\/rotary.zamosc.pl\/wp-content\/uploads\/2025\/10\/Zielone-pluca-w-Zamosciu-23.10-11-300x177.jpg 300w, https:\/\/rotary.zamosc.pl\/wp-content\/uploads\/2025\/10\/Zielone-pluca-w-Zamosciu-23.10-11-768x454.jpg 768w, https:\/\/rotary.zamosc.pl\/wp-content\/uploads\/2025\/10\/Zielone-pluca-w-Zamosciu-23.10-11-1536x908.jpg 1536w, https:\/\/rotary.zamosc.pl\/wp-content\/uploads\/2025\/10\/Zielone-pluca-w-Zamosciu-23.10-11-800x473.jpg 800w, https:\/\/rotary.zamosc.pl\/wp-content\/uploads\/2025\/10\/Zielone-pluca-w-Zamosciu-23.10-11.jpg 2048w\" sizes=\"(max-width: 700px) 100vw, 700px\" \/><\/figure>\n\n\n\n<figure class=\"wp-block-image size-large\"><img decoding=\"async\" width=\"700\" height=\"525\" data-id=\"5897\" src=\"https:\/\/rotary.zamosc.pl\/wp-content\/uploads\/2025\/10\/Zielone-pluca-w-Zamosciu-23.10-10-700x525.jpg\" alt=\"\" class=\"wp-image-5897\" srcset=\"https:\/\/rotary.zamosc.pl\/wp-content\/uploads\/2025\/10\/Zielone-pluca-w-Zamosciu-23.10-10-700x525.jpg 700w, https:\/\/rotary.zamosc.pl\/wp-content\/uploads\/2025\/10\/Zielone-pluca-w-Zamosciu-23.10-10-300x225.jpg 300w, https:\/\/rotary.zamosc.pl\/wp-content\/uploads\/2025\/10\/Zielone-pluca-w-Zamosciu-23.10-10-768x576.jpg 768w, https:\/\/rotary.zamosc.pl\/wp-content\/uploads\/2025\/10\/Zielone-pluca-w-Zamosciu-23.10-10-1536x1152.jpg 1536w, https:\/\/rotary.zamosc.pl\/wp-content\/uploads\/2025\/10\/Zielone-pluca-w-Zamosciu-23.10-10-800x600.jpg 800w, https:\/\/rotary.zamosc.pl\/wp-content\/uploads\/2025\/10\/Zielone-pluca-w-Zamosciu-23.10-10-80x60.jpg 80w, https:\/\/rotary.zamosc.pl\/wp-content\/uploads\/2025\/10\/Zielone-pluca-w-Zamosciu-23.10-10.jpg 2048w\" sizes=\"(max-width: 700px) 100vw, 700px\" \/><\/figure>\n\n\n\n<figure class=\"wp-block-image size-large\"><img loading=\"lazy\" decoding=\"async\" width=\"700\" height=\"525\" data-id=\"5896\" src=\"https:\/\/rotary.zamosc.pl\/wp-content\/uploads\/2025\/10\/Zielone-pluca-w-Zamosciu-23.10-9-700x525.jpg\" alt=\"\" class=\"wp-image-5896\" srcset=\"https:\/\/rotary.zamosc.pl\/wp-content\/uploads\/2025\/10\/Zielone-pluca-w-Zamosciu-23.10-9-700x525.jpg 700w, https:\/\/rotary.zamosc.pl\/wp-content\/uploads\/2025\/10\/Zielone-pluca-w-Zamosciu-23.10-9-300x225.jpg 300w, https:\/\/rotary.zamosc.pl\/wp-content\/uploads\/2025\/10\/Zielone-pluca-w-Zamosciu-23.10-9-768x576.jpg 768w, https:\/\/rotary.zamosc.pl\/wp-content\/uploads\/2025\/10\/Zielone-pluca-w-Zamosciu-23.10-9-1536x1152.jpg 1536w, https:\/\/rotary.zamosc.pl\/wp-content\/uploads\/2025\/10\/Zielone-pluca-w-Zamosciu-23.10-9-800x600.jpg 800w, https:\/\/rotary.zamosc.pl\/wp-content\/uploads\/2025\/10\/Zielone-pluca-w-Zamosciu-23.10-9-80x60.jpg 80w, https:\/\/rotary.zamosc.pl\/wp-content\/uploads\/2025\/10\/Zielone-pluca-w-Zamosciu-23.10-9.jpg 2048w\" sizes=\"(max-width: 700px) 100vw, 700px\" \/><\/figure>\n\n\n\n<figure class=\"wp-block-image size-large\"><img loading=\"lazy\" decoding=\"async\" width=\"700\" height=\"525\" data-id=\"5894\" src=\"https:\/\/rotary.zamosc.pl\/wp-content\/uploads\/2025\/10\/Zielone-pluca-w-Zamosciu-23.10-8-700x525.jpg\" alt=\"\" class=\"wp-image-5894\" srcset=\"https:\/\/rotary.zamosc.pl\/wp-content\/uploads\/2025\/10\/Zielone-pluca-w-Zamosciu-23.10-8-700x525.jpg 700w, https:\/\/rotary.zamosc.pl\/wp-content\/uploads\/2025\/10\/Zielone-pluca-w-Zamosciu-23.10-8-300x225.jpg 300w, https:\/\/rotary.zamosc.pl\/wp-content\/uploads\/2025\/10\/Zielone-pluca-w-Zamosciu-23.10-8-768x576.jpg 768w, https:\/\/rotary.zamosc.pl\/wp-content\/uploads\/2025\/10\/Zielone-pluca-w-Zamosciu-23.10-8-1536x1152.jpg 1536w, https:\/\/rotary.zamosc.pl\/wp-content\/uploads\/2025\/10\/Zielone-pluca-w-Zamosciu-23.10-8-800x600.jpg 800w, https:\/\/rotary.zamosc.pl\/wp-content\/uploads\/2025\/10\/Zielone-pluca-w-Zamosciu-23.10-8-80x60.jpg 80w, https:\/\/rotary.zamosc.pl\/wp-content\/uploads\/2025\/10\/Zielone-pluca-w-Zamosciu-23.10-8.jpg 2048w\" sizes=\"(max-width: 700px) 100vw, 700px\" \/><\/figure>\n\n\n\n<figure class=\"wp-block-image size-large\"><img loading=\"lazy\" decoding=\"async\" width=\"700\" height=\"322\" data-id=\"5893\" src=\"https:\/\/rotary.zamosc.pl\/wp-content\/uploads\/2025\/10\/Zielone-pluca-w-Zamosciu-23.10-7-700x322.jpg\" alt=\"\" class=\"wp-image-5893\" srcset=\"https:\/\/rotary.zamosc.pl\/wp-content\/uploads\/2025\/10\/Zielone-pluca-w-Zamosciu-23.10-7-700x322.jpg 700w, https:\/\/rotary.zamosc.pl\/wp-content\/uploads\/2025\/10\/Zielone-pluca-w-Zamosciu-23.10-7-300x138.jpg 300w, https:\/\/rotary.zamosc.pl\/wp-content\/uploads\/2025\/10\/Zielone-pluca-w-Zamosciu-23.10-7-768x353.jpg 768w, https:\/\/rotary.zamosc.pl\/wp-content\/uploads\/2025\/10\/Zielone-pluca-w-Zamosciu-23.10-7-1536x707.jpg 1536w, https:\/\/rotary.zamosc.pl\/wp-content\/uploads\/2025\/10\/Zielone-pluca-w-Zamosciu-23.10-7-800x368.jpg 800w, https:\/\/rotary.zamosc.pl\/wp-content\/uploads\/2025\/10\/Zielone-pluca-w-Zamosciu-23.10-7.jpg 1600w\" sizes=\"(max-width: 700px) 100vw, 700px\" \/><\/figure>\n\n\n\n<figure class=\"wp-block-image size-large\"><img loading=\"lazy\" decoding=\"async\" width=\"700\" height=\"933\" data-id=\"5892\" src=\"https:\/\/rotary.zamosc.pl\/wp-content\/uploads\/2025\/10\/Zielone-pluca-w-Zamosciu-23.10-6-700x933.jpg\" alt=\"\" class=\"wp-image-5892\" srcset=\"https:\/\/rotary.zamosc.pl\/wp-content\/uploads\/2025\/10\/Zielone-pluca-w-Zamosciu-23.10-6-700x933.jpg 700w, https:\/\/rotary.zamosc.pl\/wp-content\/uploads\/2025\/10\/Zielone-pluca-w-Zamosciu-23.10-6-225x300.jpg 225w, https:\/\/rotary.zamosc.pl\/wp-content\/uploads\/2025\/10\/Zielone-pluca-w-Zamosciu-23.10-6-768x1024.jpg 768w, https:\/\/rotary.zamosc.pl\/wp-content\/uploads\/2025\/10\/Zielone-pluca-w-Zamosciu-23.10-6-1152x1536.jpg 1152w, https:\/\/rotary.zamosc.pl\/wp-content\/uploads\/2025\/10\/Zielone-pluca-w-Zamosciu-23.10-6-800x1067.jpg 800w, https:\/\/rotary.zamosc.pl\/wp-content\/uploads\/2025\/10\/Zielone-pluca-w-Zamosciu-23.10-6.jpg 1536w\" sizes=\"(max-width: 700px) 100vw, 700px\" \/><\/figure>\n\n\n\n<figure class=\"wp-block-image size-large\"><img loading=\"lazy\" decoding=\"async\" width=\"700\" height=\"525\" data-id=\"5891\" src=\"https:\/\/rotary.zamosc.pl\/wp-content\/uploads\/2025\/10\/Zielone-pluca-w-Zamosciu-23.10-5-700x525.jpg\" alt=\"\" class=\"wp-image-5891\" srcset=\"https:\/\/rotary.zamosc.pl\/wp-content\/uploads\/2025\/10\/Zielone-pluca-w-Zamosciu-23.10-5-700x525.jpg 700w, https:\/\/rotary.zamosc.pl\/wp-content\/uploads\/2025\/10\/Zielone-pluca-w-Zamosciu-23.10-5-300x225.jpg 300w, https:\/\/rotary.zamosc.pl\/wp-content\/uploads\/2025\/10\/Zielone-pluca-w-Zamosciu-23.10-5-768x576.jpg 768w, https:\/\/rotary.zamosc.pl\/wp-content\/uploads\/2025\/10\/Zielone-pluca-w-Zamosciu-23.10-5-1536x1152.jpg 1536w, https:\/\/rotary.zamosc.pl\/wp-content\/uploads\/2025\/10\/Zielone-pluca-w-Zamosciu-23.10-5-800x600.jpg 800w, https:\/\/rotary.zamosc.pl\/wp-content\/uploads\/2025\/10\/Zielone-pluca-w-Zamosciu-23.10-5-80x60.jpg 80w, https:\/\/rotary.zamosc.pl\/wp-content\/uploads\/2025\/10\/Zielone-pluca-w-Zamosciu-23.10-5.jpg 2048w\" sizes=\"(max-width: 700px) 100vw, 700px\" \/><\/figure>\n\n\n\n<figure class=\"wp-block-image size-large\"><img loading=\"lazy\" decoding=\"async\" width=\"700\" height=\"525\" data-id=\"5890\" src=\"https:\/\/rotary.zamosc.pl\/wp-content\/uploads\/2025\/10\/Zielone-pluca-w-Zamosciu-23.10-4-700x525.jpg\" alt=\"\" class=\"wp-image-5890\" srcset=\"https:\/\/rotary.zamosc.pl\/wp-content\/uploads\/2025\/10\/Zielone-pluca-w-Zamosciu-23.10-4-700x525.jpg 700w, https:\/\/rotary.zamosc.pl\/wp-content\/uploads\/2025\/10\/Zielone-pluca-w-Zamosciu-23.10-4-300x225.jpg 300w, https:\/\/rotary.zamosc.pl\/wp-content\/uploads\/2025\/10\/Zielone-pluca-w-Zamosciu-23.10-4-768x576.jpg 768w, https:\/\/rotary.zamosc.pl\/wp-content\/uploads\/2025\/10\/Zielone-pluca-w-Zamosciu-23.10-4-1536x1152.jpg 1536w, https:\/\/rotary.zamosc.pl\/wp-content\/uploads\/2025\/10\/Zielone-pluca-w-Zamosciu-23.10-4-800x600.jpg 800w, https:\/\/rotary.zamosc.pl\/wp-content\/uploads\/2025\/10\/Zielone-pluca-w-Zamosciu-23.10-4-80x60.jpg 80w, https:\/\/rotary.zamosc.pl\/wp-content\/uploads\/2025\/10\/Zielone-pluca-w-Zamosciu-23.10-4.jpg 2048w\" sizes=\"(max-width: 700px) 100vw, 700px\" \/><\/figure>\n\n\n\n<figure class=\"wp-block-image size-large\"><img loading=\"lazy\" decoding=\"async\" width=\"700\" height=\"933\" data-id=\"5888\" src=\"https:\/\/rotary.zamosc.pl\/wp-content\/uploads\/2025\/10\/Zielone-pluca-w-Zamosciu-23.10-2-700x933.jpg\" alt=\"\" class=\"wp-image-5888\" srcset=\"https:\/\/rotary.zamosc.pl\/wp-content\/uploads\/2025\/10\/Zielone-pluca-w-Zamosciu-23.10-2-700x933.jpg 700w, https:\/\/rotary.zamosc.pl\/wp-content\/uploads\/2025\/10\/Zielone-pluca-w-Zamosciu-23.10-2-225x300.jpg 225w, https:\/\/rotary.zamosc.pl\/wp-content\/uploads\/2025\/10\/Zielone-pluca-w-Zamosciu-23.10-2-768x1024.jpg 768w, https:\/\/rotary.zamosc.pl\/wp-content\/uploads\/2025\/10\/Zielone-pluca-w-Zamosciu-23.10-2-1152x1536.jpg 1152w, https:\/\/rotary.zamosc.pl\/wp-content\/uploads\/2025\/10\/Zielone-pluca-w-Zamosciu-23.10-2-800x1067.jpg 800w, https:\/\/rotary.zamosc.pl\/wp-content\/uploads\/2025\/10\/Zielone-pluca-w-Zamosciu-23.10-2.jpg 1536w\" sizes=\"(max-width: 700px) 100vw, 700px\" \/><\/figure>\n\n\n\n<figure class=\"wp-block-image size-large\"><img loading=\"lazy\" decoding=\"async\" width=\"700\" height=\"525\" data-id=\"5887\" src=\"https:\/\/rotary.zamosc.pl\/wp-content\/uploads\/2025\/10\/Zielone-pluca-w-Zamosciu-23.10-1-700x525.jpg\" alt=\"\" class=\"wp-image-5887\" srcset=\"https:\/\/rotary.zamosc.pl\/wp-content\/uploads\/2025\/10\/Zielone-pluca-w-Zamosciu-23.10-1-700x525.jpg 700w, https:\/\/rotary.zamosc.pl\/wp-content\/uploads\/2025\/10\/Zielone-pluca-w-Zamosciu-23.10-1-300x225.jpg 300w, https:\/\/rotary.zamosc.pl\/wp-content\/uploads\/2025\/10\/Zielone-pluca-w-Zamosciu-23.10-1-768x576.jpg 768w, https:\/\/rotary.zamosc.pl\/wp-content\/uploads\/2025\/10\/Zielone-pluca-w-Zamosciu-23.10-1-1536x1152.jpg 1536w, https:\/\/rotary.zamosc.pl\/wp-content\/uploads\/2025\/10\/Zielone-pluca-w-Zamosciu-23.10-1-800x600.jpg 800w, https:\/\/rotary.zamosc.pl\/wp-content\/uploads\/2025\/10\/Zielone-pluca-w-Zamosciu-23.10-1-80x60.jpg 80w, https:\/\/rotary.zamosc.pl\/wp-content\/uploads\/2025\/10\/Zielone-pluca-w-Zamosciu-23.10-1.jpg 2048w\" sizes=\"(max-width: 700px) 100vw, 700px\" \/><\/figure>\n<\/figure>\n","protected":false},"excerpt":{"rendered":"<p>Dzisiaj rotarianie Rotary Club Zamo\u015b\u0107 pracowali w ramach ju\u017c \u00f3smej edycji akcji \u201eZielone p\u0142uca dla Zamo\u015bcia\u201d. Inicjatork\u0105 i koordynatork\u0105 akcji jest nasza klubowa kole\u017canka El\u017cbieta Szyma\u0144ska. Tym razem dosadzali\u015bmy drzewa na terenach zielonych Sp\u00f3\u0142dzielni Mieszkaniowej im. Jana Zamoyskiego, vis a vis myjni samochodowej. Posadzono 45 \u015bliw, kt\u00f3re zakupi\u0142a S.M. im. J. Zamoyskiego oraz Urz\u0105d Miasta&#8230;<\/p>\n","protected":false},"author":1,"featured_media":5897,"comment_status":"open","ping_status":"open","sticky":false,"template":"","format":"standard","meta":{"footnotes":"[]"},"categories":[19],"tags":[],"class_list":["post-6160","post","type-post","status-publish","format-standard","has-post-thumbnail","hentry","category-19"],"rttpg_featured_image_url":{"full":["https:\/\/rotary.zamosc.pl\/wp-content\/uploads\/2025\/10\/Zielone-pluca-w-Zamosciu-23.10-10.jpg",2048,1536,false],"landscape":["https:\/\/rotary.zamosc.pl\/wp-content\/uploads\/2025\/10\/Zielone-pluca-w-Zamosciu-23.10-10.jpg",2048,1536,false],"portraits":["https:\/\/rotary.zamosc.pl\/wp-content\/uploads\/2025\/10\/Zielone-pluca-w-Zamosciu-23.10-10.jpg",2048,1536,false],"thumbnail":["https:\/\/rotary.zamosc.pl\/wp-content\/uploads\/2025\/10\/Zielone-pluca-w-Zamosciu-23.10-10-150x150.jpg",150,150,true],"medium":["https:\/\/rotary.zamosc.pl\/wp-content\/uploads\/2025\/10\/Zielone-pluca-w-Zamosciu-23.10-10-300x225.jpg",300,225,true],"large":["https:\/\/rotary.zamosc.pl\/wp-content\/uploads\/2025\/10\/Zielone-pluca-w-Zamosciu-23.10-10-700x525.jpg",700,525,true],"1536x1536":["https:\/\/rotary.zamosc.pl\/wp-content\/uploads\/2025\/10\/Zielone-pluca-w-Zamosciu-23.10-10-1536x1152.jpg",1536,1152,true],"2048x2048":["https:\/\/rotary.zamosc.pl\/wp-content\/uploads\/2025\/10\/Zielone-pluca-w-Zamosciu-23.10-10.jpg",2048,1536,false],"post-thumbnail":["https:\/\/rotary.zamosc.pl\/wp-content\/uploads\/2025\/10\/Zielone-pluca-w-Zamosciu-23.10-10-800x600.jpg",800,600,true],"graphy-post-thumbnail-large":["https:\/\/rotary.zamosc.pl\/wp-content\/uploads\/2025\/10\/Zielone-pluca-w-Zamosciu-23.10-10-1080x600.jpg",1080,600,true],"graphy-post-thumbnail-medium":["https:\/\/rotary.zamosc.pl\/wp-content\/uploads\/2025\/10\/Zielone-pluca-w-Zamosciu-23.10-10-482x300.jpg",482,300,true],"graphy-post-thumbnail-small":["https:\/\/rotary.zamosc.pl\/wp-content\/uploads\/2025\/10\/Zielone-pluca-w-Zamosciu-23.10-10-80x60.jpg",80,60,true],"graphy-page-thumbnail":["https:\/\/rotary.zamosc.pl\/wp-content\/uploads\/2025\/10\/Zielone-pluca-w-Zamosciu-23.10-10-1260x350.jpg",1260,350,true],"sow-carousel-default":["https:\/\/rotary.zamosc.pl\/wp-content\/uploads\/2025\/10\/Zielone-pluca-w-Zamosciu-23.10-10-272x182.jpg",272,182,true]},"rttpg_author":{"display_name":"rotaryzamosc","author_link":"https:\/\/rotary.zamosc.pl\/index.php\/author\/rotaryzamosc\/"},"rttpg_comment":0,"rttpg_category":"<a href=\"https:\/\/rotary.zamosc.pl\/index.php\/category\/2025\/\" rel=\"category tag\">2025<\/a>","rttpg_excerpt":"Dzisiaj rotarianie Rotary Club Zamo\u015b\u0107 pracowali w ramach ju\u017c \u00f3smej edycji akcji \u201eZielone p\u0142uca dla Zamo\u015bcia\u201d. Inicjatork\u0105 i koordynatork\u0105 akcji jest nasza klubowa kole\u017canka El\u017cbieta Szyma\u0144ska. Tym razem dosadzali\u015bmy drzewa na terenach zielonych Sp\u00f3\u0142dzielni Mieszkaniowej im. Jana Zamoyskiego, vis a vis myjni samochodowej. Posadzono 45 \u015bliw, kt\u00f3re zakupi\u0142a S.M. im. J. Zamoyskiego oraz Urz\u0105d Miasta...","_links":{"self":[{"href":"https:\/\/rotary.zamosc.pl\/index.php\/wp-json\/wp\/v2\/posts\/6160","targetHints":{"allow":["GET"]}}],"collection":[{"href":"https:\/\/rotary.zamosc.pl\/index.php\/wp-json\/wp\/v2\/posts"}],"about":[{"href":"https:\/\/rotary.zamosc.pl\/index.php\/wp-json\/wp\/v2\/types\/post"}],"author":[{"embeddable":true,"href":"https:\/\/rotary.zamosc.pl\/index.php\/wp-json\/wp\/v2\/users\/1"}],"replies":[{"embeddable":true,"href":"https:\/\/rotary.zamosc.pl\/index.php\/wp-json\/wp\/v2\/comments?post=6160"}],"version-history":[{"count":1,"href":"https:\/\/rotary.zamosc.pl\/index.php\/wp-json\/wp\/v2\/posts\/6160\/revisions"}],"predecessor-version":[{"id":6161,"href":"https:\/\/rotary.zamosc.pl\/index.php\/wp-json\/wp\/v2\/posts\/6160\/revisions\/6161"}],"wp:featuredmedia":[{"embeddable":true,"href":"https:\/\/rotary.zamosc.pl\/index.php\/wp-json\/wp\/v2\/media\/5897"}],"wp:attachment":[{"href":"https:\/\/rotary.zamosc.pl\/index.php\/wp-json\/wp\/v2\/media?parent=6160"}],"wp:term":[{"taxonomy":"category","embeddable":true,"href":"https:\/\/rotary.zamosc.pl\/index.php\/wp-json\/wp\/v2\/categories?post=6160"},{"taxonomy":"post_tag","embeddable":true,"href":"https:\/\/rotary.zamosc.pl\/index.php\/wp-json\/wp\/v2\/tags?post=6160"}],"curies":[{"name":"wp","href":"https:\/\/api.w.org\/{rel}","templated":true}]}}