{"id":6179,"date":"2025-10-16T08:46:10","date_gmt":"2025-10-16T06:46:10","guid":{"rendered":"https:\/\/rotary.zamosc.pl\/?p=6179"},"modified":"2026-02-16T08:47:15","modified_gmt":"2026-02-16T07:47:15","slug":"spotkanie-z-krzesimirem-debskim","status":"publish","type":"post","link":"https:\/\/rotary.zamosc.pl\/index.php\/2025\/10\/16\/spotkanie-z-krzesimirem-debskim\/","title":{"rendered":"Spotkanie z Krzesimirem D\u0119bskim"},"content":{"rendered":"\n<p class=\"wp-block-paragraph\">Dzisiaj uczestniczyli\u015bmy w spotkaniu z Krzesimirem D\u0119bskim, kompozytorem, skrzypkiem jazzowym, dyrygentem, a tak\u017ce autorem ksi\u0105\u017cki \u201eWo\u0142y\u0144. Nic nie jest w porz\u0105dku\u201d. I w\u0142a\u015bnie ta ksi\u0105\u017cka by\u0142a przyczyn\u0105 spotkania, na kt\u00f3rym autor opowiada\u0142 o tragicznych losach swojej rodziny wywodz\u0105cej si\u0119 z Kisielina na Wo\u0142yniu.<\/p>\n\n\n\n<p class=\"wp-block-paragraph\">Obejrzeli\u015bmy r\u00f3wnie\u017c film pt. \u201eBy\u0142o sobie miasteczko\u201d, o wsp\u00f3\u0142czesnym Kisielinie, ale tak\u017ce w odniesieniu do mrocznych wydarze\u0144 z 1943 roku.<\/p>\n\n\n\n<p class=\"wp-block-paragraph\">Spotkanie zorganizowa\u0142 portal <a href=\"http:\/\/Roztocze.net\/?fbclid=IwZXh0bgNhZW0CMTAAYnJpZBEwMjNmQWlBejJpcmJYQUpVeAEeCuHf3-FAjLiuDeH_Jxlue7Mcf4GoY1Ed6euykacJuT_6M7Kugk-QrG3EkpA_aem_mV33hOHk740hCtZej--LrQ\" target=\"_blank\" rel=\"noreferrer noopener\">Roztocze.net<\/a> we wsp\u00f3\u0142pracy ze Stowarzyszeniem \u201eKrok za krokiem\u201d, a odby\u0142o si\u0119 w \u201eDomu na zawsze\u201d przy ul. Kresowej.<\/p>\n\n\n\n<figure class=\"wp-block-image size-large\"><img fetchpriority=\"high\" decoding=\"async\" width=\"700\" height=\"508\" src=\"https:\/\/rotary.zamosc.pl\/wp-content\/uploads\/2025\/10\/Spotkanie-z-Krzesimirem-Debskim-RC-Zamosc-Pazdziernik-2025-1-700x508.jpg\" alt=\"\" class=\"wp-image-5866\" srcset=\"https:\/\/rotary.zamosc.pl\/wp-content\/uploads\/2025\/10\/Spotkanie-z-Krzesimirem-Debskim-RC-Zamosc-Pazdziernik-2025-1-700x508.jpg 700w, https:\/\/rotary.zamosc.pl\/wp-content\/uploads\/2025\/10\/Spotkanie-z-Krzesimirem-Debskim-RC-Zamosc-Pazdziernik-2025-1-300x218.jpg 300w, https:\/\/rotary.zamosc.pl\/wp-content\/uploads\/2025\/10\/Spotkanie-z-Krzesimirem-Debskim-RC-Zamosc-Pazdziernik-2025-1-768x558.jpg 768w, https:\/\/rotary.zamosc.pl\/wp-content\/uploads\/2025\/10\/Spotkanie-z-Krzesimirem-Debskim-RC-Zamosc-Pazdziernik-2025-1-1536x1115.jpg 1536w, https:\/\/rotary.zamosc.pl\/wp-content\/uploads\/2025\/10\/Spotkanie-z-Krzesimirem-Debskim-RC-Zamosc-Pazdziernik-2025-1-800x581.jpg 800w, https:\/\/rotary.zamosc.pl\/wp-content\/uploads\/2025\/10\/Spotkanie-z-Krzesimirem-Debskim-RC-Zamosc-Pazdziernik-2025-1.jpg 2048w\" sizes=\"(max-width: 700px) 100vw, 700px\" \/><\/figure>\n","protected":false},"excerpt":{"rendered":"<p>Dzisiaj uczestniczyli\u015bmy w spotkaniu z Krzesimirem D\u0119bskim, kompozytorem, skrzypkiem jazzowym, dyrygentem, a tak\u017ce autorem ksi\u0105\u017cki \u201eWo\u0142y\u0144. Nic nie jest w porz\u0105dku\u201d. I w\u0142a\u015bnie ta ksi\u0105\u017cka by\u0142a przyczyn\u0105 spotkania, na kt\u00f3rym autor opowiada\u0142 o tragicznych losach swojej rodziny wywodz\u0105cej si\u0119 z Kisielina na Wo\u0142yniu. Obejrzeli\u015bmy r\u00f3wnie\u017c film pt. \u201eBy\u0142o sobie miasteczko\u201d, o wsp\u00f3\u0142czesnym Kisielinie, ale tak\u017ce&#8230;<\/p>\n","protected":false},"author":1,"featured_media":5867,"comment_status":"open","ping_status":"open","sticky":false,"template":"","format":"standard","meta":{"footnotes":""},"categories":[19],"tags":[],"class_list":["post-6179","post","type-post","status-publish","format-standard","has-post-thumbnail","hentry","category-19"],"rttpg_featured_image_url":{"full":["https:\/\/rotary.zamosc.pl\/wp-content\/uploads\/2025\/10\/Spotkanie-z-Krzesimirem-Debskim-RC-Zamosc-Pazdziernik-2025-2.jpg",2048,1667,false],"landscape":["https:\/\/rotary.zamosc.pl\/wp-content\/uploads\/2025\/10\/Spotkanie-z-Krzesimirem-Debskim-RC-Zamosc-Pazdziernik-2025-2.jpg",2048,1667,false],"portraits":["https:\/\/rotary.zamosc.pl\/wp-content\/uploads\/2025\/10\/Spotkanie-z-Krzesimirem-Debskim-RC-Zamosc-Pazdziernik-2025-2.jpg",2048,1667,false],"thumbnail":["https:\/\/rotary.zamosc.pl\/wp-content\/uploads\/2025\/10\/Spotkanie-z-Krzesimirem-Debskim-RC-Zamosc-Pazdziernik-2025-2-150x150.jpg",150,150,true],"medium":["https:\/\/rotary.zamosc.pl\/wp-content\/uploads\/2025\/10\/Spotkanie-z-Krzesimirem-Debskim-RC-Zamosc-Pazdziernik-2025-2-300x244.jpg",300,244,true],"large":["https:\/\/rotary.zamosc.pl\/wp-content\/uploads\/2025\/10\/Spotkanie-z-Krzesimirem-Debskim-RC-Zamosc-Pazdziernik-2025-2-700x570.jpg",700,570,true],"1536x1536":["https:\/\/rotary.zamosc.pl\/wp-content\/uploads\/2025\/10\/Spotkanie-z-Krzesimirem-Debskim-RC-Zamosc-Pazdziernik-2025-2-1536x1250.jpg",1536,1250,true],"2048x2048":["https:\/\/rotary.zamosc.pl\/wp-content\/uploads\/2025\/10\/Spotkanie-z-Krzesimirem-Debskim-RC-Zamosc-Pazdziernik-2025-2.jpg",2048,1667,false],"post-thumbnail":["https:\/\/rotary.zamosc.pl\/wp-content\/uploads\/2025\/10\/Spotkanie-z-Krzesimirem-Debskim-RC-Zamosc-Pazdziernik-2025-2-800x651.jpg",800,651,true],"graphy-post-thumbnail-large":["https:\/\/rotary.zamosc.pl\/wp-content\/uploads\/2025\/10\/Spotkanie-z-Krzesimirem-Debskim-RC-Zamosc-Pazdziernik-2025-2-1080x600.jpg",1080,600,true],"graphy-post-thumbnail-medium":["https:\/\/rotary.zamosc.pl\/wp-content\/uploads\/2025\/10\/Spotkanie-z-Krzesimirem-Debskim-RC-Zamosc-Pazdziernik-2025-2-482x300.jpg",482,300,true],"graphy-post-thumbnail-small":["https:\/\/rotary.zamosc.pl\/wp-content\/uploads\/2025\/10\/Spotkanie-z-Krzesimirem-Debskim-RC-Zamosc-Pazdziernik-2025-2-80x60.jpg",80,60,true],"graphy-page-thumbnail":["https:\/\/rotary.zamosc.pl\/wp-content\/uploads\/2025\/10\/Spotkanie-z-Krzesimirem-Debskim-RC-Zamosc-Pazdziernik-2025-2-1260x350.jpg",1260,350,true],"sow-carousel-default":["https:\/\/rotary.zamosc.pl\/wp-content\/uploads\/2025\/10\/Spotkanie-z-Krzesimirem-Debskim-RC-Zamosc-Pazdziernik-2025-2-272x182.jpg",272,182,true]},"rttpg_author":{"display_name":"rotaryzamosc","author_link":"https:\/\/rotary.zamosc.pl\/index.php\/author\/rotaryzamosc\/"},"rttpg_comment":0,"rttpg_category":"<a href=\"https:\/\/rotary.zamosc.pl\/index.php\/category\/2025\/\" rel=\"category tag\">2025<\/a>","rttpg_excerpt":"Dzisiaj uczestniczyli\u015bmy w spotkaniu z Krzesimirem D\u0119bskim, kompozytorem, skrzypkiem jazzowym, dyrygentem, a tak\u017ce autorem ksi\u0105\u017cki \u201eWo\u0142y\u0144. Nic nie jest w porz\u0105dku\u201d. I w\u0142a\u015bnie ta ksi\u0105\u017cka by\u0142a przyczyn\u0105 spotkania, na kt\u00f3rym autor opowiada\u0142 o tragicznych losach swojej rodziny wywodz\u0105cej si\u0119 z Kisielina na Wo\u0142yniu. Obejrzeli\u015bmy r\u00f3wnie\u017c film pt. \u201eBy\u0142o sobie miasteczko\u201d, o wsp\u00f3\u0142czesnym Kisielinie, ale tak\u017ce...","_links":{"self":[{"href":"https:\/\/rotary.zamosc.pl\/index.php\/wp-json\/wp\/v2\/posts\/6179","targetHints":{"allow":["GET"]}}],"collection":[{"href":"https:\/\/rotary.zamosc.pl\/index.php\/wp-json\/wp\/v2\/posts"}],"about":[{"href":"https:\/\/rotary.zamosc.pl\/index.php\/wp-json\/wp\/v2\/types\/post"}],"author":[{"embeddable":true,"href":"https:\/\/rotary.zamosc.pl\/index.php\/wp-json\/wp\/v2\/users\/1"}],"replies":[{"embeddable":true,"href":"https:\/\/rotary.zamosc.pl\/index.php\/wp-json\/wp\/v2\/comments?post=6179"}],"version-history":[{"count":1,"href":"https:\/\/rotary.zamosc.pl\/index.php\/wp-json\/wp\/v2\/posts\/6179\/revisions"}],"predecessor-version":[{"id":6180,"href":"https:\/\/rotary.zamosc.pl\/index.php\/wp-json\/wp\/v2\/posts\/6179\/revisions\/6180"}],"wp:featuredmedia":[{"embeddable":true,"href":"https:\/\/rotary.zamosc.pl\/index.php\/wp-json\/wp\/v2\/media\/5867"}],"wp:attachment":[{"href":"https:\/\/rotary.zamosc.pl\/index.php\/wp-json\/wp\/v2\/media?parent=6179"}],"wp:term":[{"taxonomy":"category","embeddable":true,"href":"https:\/\/rotary.zamosc.pl\/index.php\/wp-json\/wp\/v2\/categories?post=6179"},{"taxonomy":"post_tag","embeddable":true,"href":"https:\/\/rotary.zamosc.pl\/index.php\/wp-json\/wp\/v2\/tags?post=6179"}],"curies":[{"name":"wp","href":"https:\/\/api.w.org\/{rel}","templated":true}]}}