{"id":6187,"date":"2025-06-27T08:57:48","date_gmt":"2025-06-27T06:57:48","guid":{"rendered":"https:\/\/rotary.zamosc.pl\/?p=6187"},"modified":"2026-03-20T11:39:16","modified_gmt":"2026-03-20T10:39:16","slug":"wreczenie-nagrody-im-jana-bulewicza-27-06-2025","status":"publish","type":"post","link":"https:\/\/rotary.zamosc.pl\/index.php\/2025\/06\/27\/wreczenie-nagrody-im-jana-bulewicza-27-06-2025\/","title":{"rendered":"Wr\u0119czenie stypendium im. Jana Bulewicza &#8211; 27.06.2025"},"content":{"rendered":"\n<p class=\"wp-block-paragraph\">27 czerwca, w dniu zako\u0144czenia roku szkolnego, w Pa\u0144stwowym Liceum Sztuk Plastycznych w Zamo\u015bciu odby\u0142a si\u0119 uroczysto\u015b\u0107 wr\u0119czenia nagrody im. Jana Bulewicza, zamojskiego rze\u017abiarza i kamieniarza. Tak, jak w poprzednich latach Rotary Club Zamo\u015b\u0107 wsp\u00f3\u0142finansowa\u0142 nagrod\u0119, kt\u00f3r\u0105 otrzyma\u0142 niezwykle utalentowany ucze\u0144 klasy rze\u017aby \u0141ukasz \u0106miel. Nagrod\u0119 wr\u0119czy\u0142 Prezydent RC Zamo\u015b\u0107 Bogdan Szyma\u0144ski. Gratulujemy serdecznie i \u017cyczymy dalszego rozwoju, pasji tworzenia oraz samych sukces\u00f3w.<\/p>\n\n\n\n<p class=\"wp-block-paragraph\">W spotkaniu uczestniczy\u0142a m\u0142odze\u017c szkolna, nauczyciele oraz rotarianie z RC Zamo\u015b\u0107. Dyrektor PLSP Marzena Tadeusz pogratulowa\u0142a \u0141ukaszowi \u0106mielowi nagrody oraz w ciep\u0142ych slowach podzi\u0119kowa\u0142a RC Zamo\u015b\u0107 za wieloletni\u0105 wsp\u00f3\u0142prac\u0119, w tym za wsparcie finansowe obchod\u00f3w 80-lecia Szko\u0142y, kt\u00f3re odby\u0142y si\u0119 30 maja br.<\/p>\n\n\n\n<figure class=\"wp-block-gallery has-nested-images columns-1 is-cropped wp-block-gallery-1 is-layout-flex wp-block-gallery-is-layout-flex\">\n<figure class=\"wp-block-image size-large\"><img fetchpriority=\"high\" decoding=\"async\" width=\"700\" height=\"933\" data-id=\"5799\" src=\"https:\/\/rotary.zamosc.pl\/wp-content\/uploads\/2025\/08\/Wreczenie-nagrody-im.-Jana-Bulewicza-27.06-3-700x933.jpg\" alt=\"\" class=\"wp-image-5799\" srcset=\"https:\/\/rotary.zamosc.pl\/wp-content\/uploads\/2025\/08\/Wreczenie-nagrody-im.-Jana-Bulewicza-27.06-3-700x933.jpg 700w, https:\/\/rotary.zamosc.pl\/wp-content\/uploads\/2025\/08\/Wreczenie-nagrody-im.-Jana-Bulewicza-27.06-3-225x300.jpg 225w, https:\/\/rotary.zamosc.pl\/wp-content\/uploads\/2025\/08\/Wreczenie-nagrody-im.-Jana-Bulewicza-27.06-3-768x1024.jpg 768w, https:\/\/rotary.zamosc.pl\/wp-content\/uploads\/2025\/08\/Wreczenie-nagrody-im.-Jana-Bulewicza-27.06-3-1152x1536.jpg 1152w, https:\/\/rotary.zamosc.pl\/wp-content\/uploads\/2025\/08\/Wreczenie-nagrody-im.-Jana-Bulewicza-27.06-3-800x1067.jpg 800w, https:\/\/rotary.zamosc.pl\/wp-content\/uploads\/2025\/08\/Wreczenie-nagrody-im.-Jana-Bulewicza-27.06-3.jpg 1536w\" sizes=\"(max-width: 700px) 100vw, 700px\" \/><\/figure>\n\n\n\n<figure class=\"wp-block-image size-large\"><img decoding=\"async\" width=\"700\" height=\"525\" data-id=\"5798\" src=\"https:\/\/rotary.zamosc.pl\/wp-content\/uploads\/2025\/08\/Wreczenie-nagrody-im.-Jana-Bulewicza-27.06-2-700x525.jpg\" alt=\"\" class=\"wp-image-5798\" srcset=\"https:\/\/rotary.zamosc.pl\/wp-content\/uploads\/2025\/08\/Wreczenie-nagrody-im.-Jana-Bulewicza-27.06-2-700x525.jpg 700w, https:\/\/rotary.zamosc.pl\/wp-content\/uploads\/2025\/08\/Wreczenie-nagrody-im.-Jana-Bulewicza-27.06-2-300x225.jpg 300w, https:\/\/rotary.zamosc.pl\/wp-content\/uploads\/2025\/08\/Wreczenie-nagrody-im.-Jana-Bulewicza-27.06-2-768x576.jpg 768w, https:\/\/rotary.zamosc.pl\/wp-content\/uploads\/2025\/08\/Wreczenie-nagrody-im.-Jana-Bulewicza-27.06-2-1536x1152.jpg 1536w, https:\/\/rotary.zamosc.pl\/wp-content\/uploads\/2025\/08\/Wreczenie-nagrody-im.-Jana-Bulewicza-27.06-2-800x600.jpg 800w, https:\/\/rotary.zamosc.pl\/wp-content\/uploads\/2025\/08\/Wreczenie-nagrody-im.-Jana-Bulewicza-27.06-2-80x60.jpg 80w, https:\/\/rotary.zamosc.pl\/wp-content\/uploads\/2025\/08\/Wreczenie-nagrody-im.-Jana-Bulewicza-27.06-2.jpg 2048w\" sizes=\"(max-width: 700px) 100vw, 700px\" \/><\/figure>\n\n\n\n<figure class=\"wp-block-image size-large\"><img decoding=\"async\" width=\"700\" height=\"525\" data-id=\"5797\" src=\"https:\/\/rotary.zamosc.pl\/wp-content\/uploads\/2025\/08\/Wreczenie-nagrody-im.-Jana-Bulewicza-27.06-1-700x525.jpg\" alt=\"\" class=\"wp-image-5797\" srcset=\"https:\/\/rotary.zamosc.pl\/wp-content\/uploads\/2025\/08\/Wreczenie-nagrody-im.-Jana-Bulewicza-27.06-1-700x525.jpg 700w, https:\/\/rotary.zamosc.pl\/wp-content\/uploads\/2025\/08\/Wreczenie-nagrody-im.-Jana-Bulewicza-27.06-1-300x225.jpg 300w, https:\/\/rotary.zamosc.pl\/wp-content\/uploads\/2025\/08\/Wreczenie-nagrody-im.-Jana-Bulewicza-27.06-1-768x576.jpg 768w, https:\/\/rotary.zamosc.pl\/wp-content\/uploads\/2025\/08\/Wreczenie-nagrody-im.-Jana-Bulewicza-27.06-1-1536x1152.jpg 1536w, https:\/\/rotary.zamosc.pl\/wp-content\/uploads\/2025\/08\/Wreczenie-nagrody-im.-Jana-Bulewicza-27.06-1-800x600.jpg 800w, https:\/\/rotary.zamosc.pl\/wp-content\/uploads\/2025\/08\/Wreczenie-nagrody-im.-Jana-Bulewicza-27.06-1-80x60.jpg 80w, https:\/\/rotary.zamosc.pl\/wp-content\/uploads\/2025\/08\/Wreczenie-nagrody-im.-Jana-Bulewicza-27.06-1.jpg 2048w\" sizes=\"(max-width: 700px) 100vw, 700px\" \/><\/figure>\n<\/figure>\n","protected":false},"excerpt":{"rendered":"<p>27 czerwca, w dniu zako\u0144czenia roku szkolnego, w Pa\u0144stwowym Liceum Sztuk Plastycznych w Zamo\u015bciu odby\u0142a si\u0119 uroczysto\u015b\u0107 wr\u0119czenia nagrody im. Jana Bulewicza, zamojskiego rze\u017abiarza i kamieniarza. Tak, jak w poprzednich latach Rotary Club Zamo\u015b\u0107 wsp\u00f3\u0142finansowa\u0142 nagrod\u0119, kt\u00f3r\u0105 otrzyma\u0142 niezwykle utalentowany ucze\u0144 klasy rze\u017aby \u0141ukasz \u0106miel. Nagrod\u0119 wr\u0119czy\u0142 Prezydent RC Zamo\u015b\u0107 Bogdan Szyma\u0144ski. Gratulujemy serdecznie i&#8230;<\/p>\n","protected":false},"author":1,"featured_media":5800,"comment_status":"open","ping_status":"open","sticky":false,"template":"","format":"standard","meta":{"footnotes":""},"categories":[19,17],"tags":[],"class_list":["post-6187","post","type-post","status-publish","format-standard","has-post-thumbnail","hentry","category-19","category-stypendia"],"rttpg_featured_image_url":{"full":["https:\/\/rotary.zamosc.pl\/wp-content\/uploads\/2025\/08\/Wreczenie-nagrody-im.-Jana-Bulewicza-27.06-4.jpg",2048,1536,false],"landscape":["https:\/\/rotary.zamosc.pl\/wp-content\/uploads\/2025\/08\/Wreczenie-nagrody-im.-Jana-Bulewicza-27.06-4.jpg",2048,1536,false],"portraits":["https:\/\/rotary.zamosc.pl\/wp-content\/uploads\/2025\/08\/Wreczenie-nagrody-im.-Jana-Bulewicza-27.06-4.jpg",2048,1536,false],"thumbnail":["https:\/\/rotary.zamosc.pl\/wp-content\/uploads\/2025\/08\/Wreczenie-nagrody-im.-Jana-Bulewicza-27.06-4-150x150.jpg",150,150,true],"medium":["https:\/\/rotary.zamosc.pl\/wp-content\/uploads\/2025\/08\/Wreczenie-nagrody-im.-Jana-Bulewicza-27.06-4-300x225.jpg",300,225,true],"large":["https:\/\/rotary.zamosc.pl\/wp-content\/uploads\/2025\/08\/Wreczenie-nagrody-im.-Jana-Bulewicza-27.06-4-700x525.jpg",700,525,true],"1536x1536":["https:\/\/rotary.zamosc.pl\/wp-content\/uploads\/2025\/08\/Wreczenie-nagrody-im.-Jana-Bulewicza-27.06-4-1536x1152.jpg",1536,1152,true],"2048x2048":["https:\/\/rotary.zamosc.pl\/wp-content\/uploads\/2025\/08\/Wreczenie-nagrody-im.-Jana-Bulewicza-27.06-4.jpg",2048,1536,false],"post-thumbnail":["https:\/\/rotary.zamosc.pl\/wp-content\/uploads\/2025\/08\/Wreczenie-nagrody-im.-Jana-Bulewicza-27.06-4-800x600.jpg",800,600,true],"graphy-post-thumbnail-large":["https:\/\/rotary.zamosc.pl\/wp-content\/uploads\/2025\/08\/Wreczenie-nagrody-im.-Jana-Bulewicza-27.06-4-1080x600.jpg",1080,600,true],"graphy-post-thumbnail-medium":["https:\/\/rotary.zamosc.pl\/wp-content\/uploads\/2025\/08\/Wreczenie-nagrody-im.-Jana-Bulewicza-27.06-4-482x300.jpg",482,300,true],"graphy-post-thumbnail-small":["https:\/\/rotary.zamosc.pl\/wp-content\/uploads\/2025\/08\/Wreczenie-nagrody-im.-Jana-Bulewicza-27.06-4-80x60.jpg",80,60,true],"graphy-page-thumbnail":["https:\/\/rotary.zamosc.pl\/wp-content\/uploads\/2025\/08\/Wreczenie-nagrody-im.-Jana-Bulewicza-27.06-4-1260x350.jpg",1260,350,true],"sow-carousel-default":["https:\/\/rotary.zamosc.pl\/wp-content\/uploads\/2025\/08\/Wreczenie-nagrody-im.-Jana-Bulewicza-27.06-4-272x182.jpg",272,182,true]},"rttpg_author":{"display_name":"rotaryzamosc","author_link":"https:\/\/rotary.zamosc.pl\/index.php\/author\/rotaryzamosc\/"},"rttpg_comment":0,"rttpg_category":"<a href=\"https:\/\/rotary.zamosc.pl\/index.php\/category\/2025\/\" rel=\"category tag\">2025<\/a> <a href=\"https:\/\/rotary.zamosc.pl\/index.php\/category\/stypendia\/\" rel=\"category tag\">Stypendia<\/a>","rttpg_excerpt":"27 czerwca, w dniu zako\u0144czenia roku szkolnego, w Pa\u0144stwowym Liceum Sztuk Plastycznych w Zamo\u015bciu odby\u0142a si\u0119 uroczysto\u015b\u0107 wr\u0119czenia nagrody im. Jana Bulewicza, zamojskiego rze\u017abiarza i kamieniarza. Tak, jak w poprzednich latach Rotary Club Zamo\u015b\u0107 wsp\u00f3\u0142finansowa\u0142 nagrod\u0119, kt\u00f3r\u0105 otrzyma\u0142 niezwykle utalentowany ucze\u0144 klasy rze\u017aby \u0141ukasz \u0106miel. Nagrod\u0119 wr\u0119czy\u0142 Prezydent RC Zamo\u015b\u0107 Bogdan Szyma\u0144ski. Gratulujemy serdecznie i...","_links":{"self":[{"href":"https:\/\/rotary.zamosc.pl\/index.php\/wp-json\/wp\/v2\/posts\/6187","targetHints":{"allow":["GET"]}}],"collection":[{"href":"https:\/\/rotary.zamosc.pl\/index.php\/wp-json\/wp\/v2\/posts"}],"about":[{"href":"https:\/\/rotary.zamosc.pl\/index.php\/wp-json\/wp\/v2\/types\/post"}],"author":[{"embeddable":true,"href":"https:\/\/rotary.zamosc.pl\/index.php\/wp-json\/wp\/v2\/users\/1"}],"replies":[{"embeddable":true,"href":"https:\/\/rotary.zamosc.pl\/index.php\/wp-json\/wp\/v2\/comments?post=6187"}],"version-history":[{"count":2,"href":"https:\/\/rotary.zamosc.pl\/index.php\/wp-json\/wp\/v2\/posts\/6187\/revisions"}],"predecessor-version":[{"id":6786,"href":"https:\/\/rotary.zamosc.pl\/index.php\/wp-json\/wp\/v2\/posts\/6187\/revisions\/6786"}],"wp:featuredmedia":[{"embeddable":true,"href":"https:\/\/rotary.zamosc.pl\/index.php\/wp-json\/wp\/v2\/media\/5800"}],"wp:attachment":[{"href":"https:\/\/rotary.zamosc.pl\/index.php\/wp-json\/wp\/v2\/media?parent=6187"}],"wp:term":[{"taxonomy":"category","embeddable":true,"href":"https:\/\/rotary.zamosc.pl\/index.php\/wp-json\/wp\/v2\/categories?post=6187"},{"taxonomy":"post_tag","embeddable":true,"href":"https:\/\/rotary.zamosc.pl\/index.php\/wp-json\/wp\/v2\/tags?post=6187"}],"curies":[{"name":"wp","href":"https:\/\/api.w.org\/{rel}","templated":true}]}}