{"id":6193,"date":"2025-06-08T09:04:51","date_gmt":"2025-06-08T07:04:51","guid":{"rendered":"https:\/\/rotary.zamosc.pl\/?p=6193"},"modified":"2026-02-16T09:10:17","modified_gmt":"2026-02-16T08:10:17","slug":"dzieje-sie","status":"publish","type":"post","link":"https:\/\/rotary.zamosc.pl\/index.php\/2025\/06\/08\/dzieje-sie\/","title":{"rendered":"Dzieje si\u0119 !!!"},"content":{"rendered":"\n<p class=\"wp-block-paragraph\">W ostatnim czasie w naszym klubie RC Zamo\u015b\u0107 du\u017co si\u0119 dzia\u0142o.<\/p>\n\n\n\n<p class=\"wp-block-paragraph\">Uczestniczyli\u015bmy w 80-leciu Pa\u0144stwowego Liceum Sztuk Plastycznych, z kt\u00f3rym \u0142\u0105cz\u0105 nas szczeg\u00f3lne wi\u0119zi wsp\u00f3\u0142pracy. Prezydent Bogdan Szyma\u0144ski i Miros\u0142aw Piwkowski w imieniu klubu wr\u0119czyli Pani Dyrektor Marzenie Tadeusz list gratulacyjny \u017cycz\u0105c kadrze pedagogicznej i wychowankom dalszego rozwoju, wspania\u0142ych dokona\u0144 i samych sukces\u00f3w w pracy artystycznej.<\/p>\n\n\n\n<p class=\"wp-block-paragraph\">Mi\u0142o nam poinformowa\u0107, i\u017c 2 czerwca w ratuszu odby\u0142o si\u0119 spotkanie Rotarian RC Zamo\u015b\u0107 z Prezydentem Miasta Zamo\u015b\u0107 Rafa\u0142em Zwolakiem, kt\u00f3remu Prezydent Bogdan Szyma\u0144ski wr\u0119czy\u0142 medal wybity z okazji 30-lecia RC Zamo\u015b\u0107, dzi\u0119kuj\u0105c za dotychczasow\u0105 wsp\u00f3\u0142prac\u0119 i wsparcie. W spotkaniu bra\u0142a udzia\u0142 Katarzyna Fornal Urba\u0144czyk, inspektor d.s. architektury i zieleni miejskiej UM Zamo\u015b\u0107, kt\u00f3rej Prezydent Bogdan Szyma\u0144ski wr\u0119czy\u0142 podzi\u0119kowanie za wieloletni\u0105, wspania\u0142\u0105 wsp\u00f3\u0142prac\u0119 w akcjach zazieleniania miasta zar\u00f3wno z inicjatywy RC Zamo\u015b\u0107 (Zielone p\u0142uca dla Zamo\u015bcia) jak i programach zainicjowanych przez UM Zamo\u015b\u0107. Tu warto doda\u0107, i\u017c Pani Kasia zosta\u0142a w kwietniu b.r. powo\u0142ana przez Komisj\u0119 Europejsk\u0105 na ambasadora Europejskiego Paktu Klimatycznego w Polsce. Gratulujemy serdecznie!<\/p>\n\n\n\n<p class=\"wp-block-paragraph\">Na jednym z ostatnich spotka\u0144 RC Zamo\u015b\u0107 go\u015bcili\u015bmy Marka Splewi\u0144skiego, Prezesa Stowarzyszenia Zamojska Rodzina Katy\u0144ska. Stowarzyszenie niedawno obchodzi\u0142o swoje 30-lecie i RC Zamo\u015b\u0107 wspar\u0142 finansowo uroczysto\u015bci zwi\u0105zane z tym jubileuszem, jak r\u00f3wnie\u017c z 85 rocznic\u0105 zbrodni katy\u0144skiej.<\/p>\n\n\n\n<figure class=\"wp-block-gallery has-nested-images columns-1 is-cropped wp-block-gallery-1 is-layout-flex wp-block-gallery-is-layout-flex\">\n<figure class=\"wp-block-image size-large\"><img fetchpriority=\"high\" decoding=\"async\" width=\"700\" height=\"541\" data-id=\"5571\" src=\"https:\/\/rotary.zamosc.pl\/wp-content\/uploads\/2025\/06\/Dzieje-sie-1-700x541.jpg\" alt=\"\" class=\"wp-image-5571\" srcset=\"https:\/\/rotary.zamosc.pl\/wp-content\/uploads\/2025\/06\/Dzieje-sie-1-700x541.jpg 700w, https:\/\/rotary.zamosc.pl\/wp-content\/uploads\/2025\/06\/Dzieje-sie-1-300x232.jpg 300w, https:\/\/rotary.zamosc.pl\/wp-content\/uploads\/2025\/06\/Dzieje-sie-1-768x593.jpg 768w, https:\/\/rotary.zamosc.pl\/wp-content\/uploads\/2025\/06\/Dzieje-sie-1-1536x1187.jpg 1536w, https:\/\/rotary.zamosc.pl\/wp-content\/uploads\/2025\/06\/Dzieje-sie-1-800x618.jpg 800w, https:\/\/rotary.zamosc.pl\/wp-content\/uploads\/2025\/06\/Dzieje-sie-1.jpg 1600w\" sizes=\"(max-width: 700px) 100vw, 700px\" \/><\/figure>\n\n\n\n<figure class=\"wp-block-image size-large\"><img decoding=\"async\" width=\"700\" height=\"1522\" data-id=\"5573\" src=\"https:\/\/rotary.zamosc.pl\/wp-content\/uploads\/2025\/06\/Dzieje-sie-3-700x1522.jpg\" alt=\"\" class=\"wp-image-5573\" srcset=\"https:\/\/rotary.zamosc.pl\/wp-content\/uploads\/2025\/06\/Dzieje-sie-3-700x1522.jpg 700w, https:\/\/rotary.zamosc.pl\/wp-content\/uploads\/2025\/06\/Dzieje-sie-3-138x300.jpg 138w, https:\/\/rotary.zamosc.pl\/wp-content\/uploads\/2025\/06\/Dzieje-sie-3-707x1536.jpg 707w, https:\/\/rotary.zamosc.pl\/wp-content\/uploads\/2025\/06\/Dzieje-sie-3.jpg 736w\" sizes=\"(max-width: 700px) 100vw, 700px\" \/><\/figure>\n\n\n\n<figure class=\"wp-block-image size-large\"><img decoding=\"async\" width=\"700\" height=\"322\" data-id=\"5572\" src=\"https:\/\/rotary.zamosc.pl\/wp-content\/uploads\/2025\/06\/Dzieje-sie-2-700x322.jpg\" alt=\"\" class=\"wp-image-5572\" srcset=\"https:\/\/rotary.zamosc.pl\/wp-content\/uploads\/2025\/06\/Dzieje-sie-2-700x322.jpg 700w, https:\/\/rotary.zamosc.pl\/wp-content\/uploads\/2025\/06\/Dzieje-sie-2-300x138.jpg 300w, https:\/\/rotary.zamosc.pl\/wp-content\/uploads\/2025\/06\/Dzieje-sie-2-768x353.jpg 768w, https:\/\/rotary.zamosc.pl\/wp-content\/uploads\/2025\/06\/Dzieje-sie-2-1536x707.jpg 1536w, https:\/\/rotary.zamosc.pl\/wp-content\/uploads\/2025\/06\/Dzieje-sie-2-800x368.jpg 800w, https:\/\/rotary.zamosc.pl\/wp-content\/uploads\/2025\/06\/Dzieje-sie-2.jpg 1600w\" sizes=\"(max-width: 700px) 100vw, 700px\" \/><\/figure>\n<\/figure>\n","protected":false},"excerpt":{"rendered":"<p>W ostatnim czasie w naszym klubie RC Zamo\u015b\u0107 du\u017co si\u0119 dzia\u0142o. Uczestniczyli\u015bmy w 80-leciu Pa\u0144stwowego Liceum Sztuk Plastycznych, z kt\u00f3rym \u0142\u0105cz\u0105 nas szczeg\u00f3lne wi\u0119zi wsp\u00f3\u0142pracy. Prezydent Bogdan Szyma\u0144ski i Miros\u0142aw Piwkowski w imieniu klubu wr\u0119czyli Pani Dyrektor Marzenie Tadeusz list gratulacyjny \u017cycz\u0105c kadrze pedagogicznej i wychowankom dalszego rozwoju, wspania\u0142ych dokona\u0144 i samych sukces\u00f3w w pracy&#8230;<\/p>\n","protected":false},"author":1,"featured_media":5574,"comment_status":"open","ping_status":"open","sticky":false,"template":"","format":"standard","meta":{"footnotes":""},"categories":[19],"tags":[],"class_list":["post-6193","post","type-post","status-publish","format-standard","has-post-thumbnail","hentry","category-19"],"rttpg_featured_image_url":{"full":["https:\/\/rotary.zamosc.pl\/wp-content\/uploads\/2025\/06\/Dzieje-sie-4.jpg",1600,900,false],"landscape":["https:\/\/rotary.zamosc.pl\/wp-content\/uploads\/2025\/06\/Dzieje-sie-4.jpg",1600,900,false],"portraits":["https:\/\/rotary.zamosc.pl\/wp-content\/uploads\/2025\/06\/Dzieje-sie-4.jpg",1600,900,false],"thumbnail":["https:\/\/rotary.zamosc.pl\/wp-content\/uploads\/2025\/06\/Dzieje-sie-4-150x150.jpg",150,150,true],"medium":["https:\/\/rotary.zamosc.pl\/wp-content\/uploads\/2025\/06\/Dzieje-sie-4-300x169.jpg",300,169,true],"large":["https:\/\/rotary.zamosc.pl\/wp-content\/uploads\/2025\/06\/Dzieje-sie-4-700x394.jpg",700,394,true],"1536x1536":["https:\/\/rotary.zamosc.pl\/wp-content\/uploads\/2025\/06\/Dzieje-sie-4-1536x864.jpg",1536,864,true],"2048x2048":["https:\/\/rotary.zamosc.pl\/wp-content\/uploads\/2025\/06\/Dzieje-sie-4.jpg",1600,900,false],"post-thumbnail":["https:\/\/rotary.zamosc.pl\/wp-content\/uploads\/2025\/06\/Dzieje-sie-4-800x450.jpg",800,450,true],"graphy-post-thumbnail-large":["https:\/\/rotary.zamosc.pl\/wp-content\/uploads\/2025\/06\/Dzieje-sie-4-1080x600.jpg",1080,600,true],"graphy-post-thumbnail-medium":["https:\/\/rotary.zamosc.pl\/wp-content\/uploads\/2025\/06\/Dzieje-sie-4-482x300.jpg",482,300,true],"graphy-post-thumbnail-small":["https:\/\/rotary.zamosc.pl\/wp-content\/uploads\/2025\/06\/Dzieje-sie-4-80x60.jpg",80,60,true],"graphy-page-thumbnail":["https:\/\/rotary.zamosc.pl\/wp-content\/uploads\/2025\/06\/Dzieje-sie-4-1260x350.jpg",1260,350,true],"sow-carousel-default":["https:\/\/rotary.zamosc.pl\/wp-content\/uploads\/2025\/06\/Dzieje-sie-4-272x182.jpg",272,182,true]},"rttpg_author":{"display_name":"rotaryzamosc","author_link":"https:\/\/rotary.zamosc.pl\/index.php\/author\/rotaryzamosc\/"},"rttpg_comment":0,"rttpg_category":"<a href=\"https:\/\/rotary.zamosc.pl\/index.php\/category\/2025\/\" rel=\"category tag\">2025<\/a>","rttpg_excerpt":"W ostatnim czasie w naszym klubie RC Zamo\u015b\u0107 du\u017co si\u0119 dzia\u0142o. Uczestniczyli\u015bmy w 80-leciu Pa\u0144stwowego Liceum Sztuk Plastycznych, z kt\u00f3rym \u0142\u0105cz\u0105 nas szczeg\u00f3lne wi\u0119zi wsp\u00f3\u0142pracy. Prezydent Bogdan Szyma\u0144ski i Miros\u0142aw Piwkowski w imieniu klubu wr\u0119czyli Pani Dyrektor Marzenie Tadeusz list gratulacyjny \u017cycz\u0105c kadrze pedagogicznej i wychowankom dalszego rozwoju, wspania\u0142ych dokona\u0144 i samych sukces\u00f3w w pracy...","_links":{"self":[{"href":"https:\/\/rotary.zamosc.pl\/index.php\/wp-json\/wp\/v2\/posts\/6193","targetHints":{"allow":["GET"]}}],"collection":[{"href":"https:\/\/rotary.zamosc.pl\/index.php\/wp-json\/wp\/v2\/posts"}],"about":[{"href":"https:\/\/rotary.zamosc.pl\/index.php\/wp-json\/wp\/v2\/types\/post"}],"author":[{"embeddable":true,"href":"https:\/\/rotary.zamosc.pl\/index.php\/wp-json\/wp\/v2\/users\/1"}],"replies":[{"embeddable":true,"href":"https:\/\/rotary.zamosc.pl\/index.php\/wp-json\/wp\/v2\/comments?post=6193"}],"version-history":[{"count":1,"href":"https:\/\/rotary.zamosc.pl\/index.php\/wp-json\/wp\/v2\/posts\/6193\/revisions"}],"predecessor-version":[{"id":6194,"href":"https:\/\/rotary.zamosc.pl\/index.php\/wp-json\/wp\/v2\/posts\/6193\/revisions\/6194"}],"wp:featuredmedia":[{"embeddable":true,"href":"https:\/\/rotary.zamosc.pl\/index.php\/wp-json\/wp\/v2\/media\/5574"}],"wp:attachment":[{"href":"https:\/\/rotary.zamosc.pl\/index.php\/wp-json\/wp\/v2\/media?parent=6193"}],"wp:term":[{"taxonomy":"category","embeddable":true,"href":"https:\/\/rotary.zamosc.pl\/index.php\/wp-json\/wp\/v2\/categories?post=6193"},{"taxonomy":"post_tag","embeddable":true,"href":"https:\/\/rotary.zamosc.pl\/index.php\/wp-json\/wp\/v2\/tags?post=6193"}],"curies":[{"name":"wp","href":"https:\/\/api.w.org\/{rel}","templated":true}]}}