{"id":6195,"date":"2025-06-06T09:10:50","date_gmt":"2025-06-06T07:10:50","guid":{"rendered":"https:\/\/rotary.zamosc.pl\/?p=6195"},"modified":"2026-02-16T09:12:15","modified_gmt":"2026-02-16T08:12:15","slug":"zakladamy-ogrody-deszczowe","status":"publish","type":"post","link":"https:\/\/rotary.zamosc.pl\/index.php\/2025\/06\/06\/zakladamy-ogrody-deszczowe\/","title":{"rendered":"Zak\u0142adamy ogrody deszczowe"},"content":{"rendered":"\n<p class=\"wp-block-paragraph\">5 i 6 czerwca Rotarianie z RC Zamo\u015b\u0107 zak\u0142adali ogrody deszczowe w ramach akcji &#8222;Gramy w niebieskie i zielone&#8221; zainicjowanej przez Urz\u0105d Miasta Zamo\u015b\u0107, o czym informowali\u015bmy ju\u017c wcze\u015bniej.Taki ogr\u00f3d, kt\u00f3ry wykorzystuje wod\u0119 deszczow\u0105 z dach\u00f3w m.in. zak\u0142adali\u015bmy ju\u017c pod koniec kwietnia w Przedszkolu nr 7 w Zamo\u015bciu.<\/p>\n\n\n\n<p class=\"wp-block-paragraph\">5 czerwca pracowali\u015bmy w O\u015brodku Opieku\u0144czo Mieszkalnym w Zamo\u015bciu, przy ulicy G\u00f3rnej. W pracy wspomagali nas, przyjaciele z RC Wolsztyn Aldona i Jurek Le\u015bniewscy.<\/p>\n\n\n\n<p class=\"wp-block-paragraph\">Natomiast 6 czerwca ogr\u00f3d deszczowy powsta\u0142 przy Przedszkolu nr 5, gdzie dzielnie pracowa\u0142y r\u00f3wnie\u017c przedszkolaki.<\/p>\n\n\n\n<p class=\"wp-block-paragraph\">Kolejny ogr\u00f3d deszczowy powstanie ju\u017c niebawem przy Technikum Rolniczym.<\/p>\n\n\n\n<figure class=\"wp-block-gallery has-nested-images columns-1 is-cropped wp-block-gallery-1 is-layout-flex wp-block-gallery-is-layout-flex\">\n<figure class=\"wp-block-image size-large\"><img fetchpriority=\"high\" decoding=\"async\" width=\"700\" height=\"394\" data-id=\"5567\" src=\"https:\/\/rotary.zamosc.pl\/wp-content\/uploads\/2025\/06\/Gramy-w-niebieskie-i-zielone-ogrody-deszczowe-10-700x394.jpg\" alt=\"\" class=\"wp-image-5567\" srcset=\"https:\/\/rotary.zamosc.pl\/wp-content\/uploads\/2025\/06\/Gramy-w-niebieskie-i-zielone-ogrody-deszczowe-10-700x394.jpg 700w, https:\/\/rotary.zamosc.pl\/wp-content\/uploads\/2025\/06\/Gramy-w-niebieskie-i-zielone-ogrody-deszczowe-10-300x169.jpg 300w, https:\/\/rotary.zamosc.pl\/wp-content\/uploads\/2025\/06\/Gramy-w-niebieskie-i-zielone-ogrody-deszczowe-10-768x432.jpg 768w, https:\/\/rotary.zamosc.pl\/wp-content\/uploads\/2025\/06\/Gramy-w-niebieskie-i-zielone-ogrody-deszczowe-10-1536x865.jpg 1536w, https:\/\/rotary.zamosc.pl\/wp-content\/uploads\/2025\/06\/Gramy-w-niebieskie-i-zielone-ogrody-deszczowe-10-800x450.jpg 800w, https:\/\/rotary.zamosc.pl\/wp-content\/uploads\/2025\/06\/Gramy-w-niebieskie-i-zielone-ogrody-deszczowe-10.jpg 2000w\" sizes=\"(max-width: 700px) 100vw, 700px\" \/><\/figure>\n\n\n\n<figure class=\"wp-block-image size-large\"><img decoding=\"async\" width=\"700\" height=\"394\" data-id=\"5566\" src=\"https:\/\/rotary.zamosc.pl\/wp-content\/uploads\/2025\/06\/Gramy-w-niebieskie-i-zielone-ogrody-deszczowe-9-700x394.jpg\" alt=\"\" class=\"wp-image-5566\" srcset=\"https:\/\/rotary.zamosc.pl\/wp-content\/uploads\/2025\/06\/Gramy-w-niebieskie-i-zielone-ogrody-deszczowe-9-700x394.jpg 700w, https:\/\/rotary.zamosc.pl\/wp-content\/uploads\/2025\/06\/Gramy-w-niebieskie-i-zielone-ogrody-deszczowe-9-300x169.jpg 300w, https:\/\/rotary.zamosc.pl\/wp-content\/uploads\/2025\/06\/Gramy-w-niebieskie-i-zielone-ogrody-deszczowe-9-768x432.jpg 768w, https:\/\/rotary.zamosc.pl\/wp-content\/uploads\/2025\/06\/Gramy-w-niebieskie-i-zielone-ogrody-deszczowe-9-1536x865.jpg 1536w, https:\/\/rotary.zamosc.pl\/wp-content\/uploads\/2025\/06\/Gramy-w-niebieskie-i-zielone-ogrody-deszczowe-9-800x450.jpg 800w, https:\/\/rotary.zamosc.pl\/wp-content\/uploads\/2025\/06\/Gramy-w-niebieskie-i-zielone-ogrody-deszczowe-9.jpg 2000w\" sizes=\"(max-width: 700px) 100vw, 700px\" \/><\/figure>\n\n\n\n<figure class=\"wp-block-image size-large\"><img decoding=\"async\" width=\"700\" height=\"394\" data-id=\"5565\" src=\"https:\/\/rotary.zamosc.pl\/wp-content\/uploads\/2025\/06\/Gramy-w-niebieskie-i-zielone-ogrody-deszczowe-8-700x394.jpg\" alt=\"\" class=\"wp-image-5565\" srcset=\"https:\/\/rotary.zamosc.pl\/wp-content\/uploads\/2025\/06\/Gramy-w-niebieskie-i-zielone-ogrody-deszczowe-8-700x394.jpg 700w, https:\/\/rotary.zamosc.pl\/wp-content\/uploads\/2025\/06\/Gramy-w-niebieskie-i-zielone-ogrody-deszczowe-8-300x169.jpg 300w, https:\/\/rotary.zamosc.pl\/wp-content\/uploads\/2025\/06\/Gramy-w-niebieskie-i-zielone-ogrody-deszczowe-8-768x432.jpg 768w, https:\/\/rotary.zamosc.pl\/wp-content\/uploads\/2025\/06\/Gramy-w-niebieskie-i-zielone-ogrody-deszczowe-8-1536x865.jpg 1536w, https:\/\/rotary.zamosc.pl\/wp-content\/uploads\/2025\/06\/Gramy-w-niebieskie-i-zielone-ogrody-deszczowe-8-800x450.jpg 800w, https:\/\/rotary.zamosc.pl\/wp-content\/uploads\/2025\/06\/Gramy-w-niebieskie-i-zielone-ogrody-deszczowe-8.jpg 2000w\" sizes=\"(max-width: 700px) 100vw, 700px\" \/><\/figure>\n\n\n\n<figure class=\"wp-block-image size-large\"><img loading=\"lazy\" decoding=\"async\" width=\"700\" height=\"525\" data-id=\"5564\" src=\"https:\/\/rotary.zamosc.pl\/wp-content\/uploads\/2025\/06\/Gramy-w-niebieskie-i-zielone-ogrody-deszczowe-7-700x525.jpg\" alt=\"\" class=\"wp-image-5564\" srcset=\"https:\/\/rotary.zamosc.pl\/wp-content\/uploads\/2025\/06\/Gramy-w-niebieskie-i-zielone-ogrody-deszczowe-7-700x525.jpg 700w, https:\/\/rotary.zamosc.pl\/wp-content\/uploads\/2025\/06\/Gramy-w-niebieskie-i-zielone-ogrody-deszczowe-7-300x225.jpg 300w, https:\/\/rotary.zamosc.pl\/wp-content\/uploads\/2025\/06\/Gramy-w-niebieskie-i-zielone-ogrody-deszczowe-7-768x576.jpg 768w, https:\/\/rotary.zamosc.pl\/wp-content\/uploads\/2025\/06\/Gramy-w-niebieskie-i-zielone-ogrody-deszczowe-7-1536x1152.jpg 1536w, https:\/\/rotary.zamosc.pl\/wp-content\/uploads\/2025\/06\/Gramy-w-niebieskie-i-zielone-ogrody-deszczowe-7-800x600.jpg 800w, https:\/\/rotary.zamosc.pl\/wp-content\/uploads\/2025\/06\/Gramy-w-niebieskie-i-zielone-ogrody-deszczowe-7-80x60.jpg 80w, https:\/\/rotary.zamosc.pl\/wp-content\/uploads\/2025\/06\/Gramy-w-niebieskie-i-zielone-ogrody-deszczowe-7.jpg 2048w\" sizes=\"(max-width: 700px) 100vw, 700px\" \/><\/figure>\n\n\n\n<figure class=\"wp-block-image size-large\"><img loading=\"lazy\" decoding=\"async\" width=\"700\" height=\"394\" data-id=\"5562\" src=\"https:\/\/rotary.zamosc.pl\/wp-content\/uploads\/2025\/06\/Gramy-w-niebieskie-i-zielone-ogrody-deszczowe-5-700x394.jpg\" alt=\"\" class=\"wp-image-5562\" srcset=\"https:\/\/rotary.zamosc.pl\/wp-content\/uploads\/2025\/06\/Gramy-w-niebieskie-i-zielone-ogrody-deszczowe-5-700x394.jpg 700w, https:\/\/rotary.zamosc.pl\/wp-content\/uploads\/2025\/06\/Gramy-w-niebieskie-i-zielone-ogrody-deszczowe-5-300x169.jpg 300w, https:\/\/rotary.zamosc.pl\/wp-content\/uploads\/2025\/06\/Gramy-w-niebieskie-i-zielone-ogrody-deszczowe-5-768x432.jpg 768w, https:\/\/rotary.zamosc.pl\/wp-content\/uploads\/2025\/06\/Gramy-w-niebieskie-i-zielone-ogrody-deszczowe-5-1536x865.jpg 1536w, https:\/\/rotary.zamosc.pl\/wp-content\/uploads\/2025\/06\/Gramy-w-niebieskie-i-zielone-ogrody-deszczowe-5-800x450.jpg 800w, https:\/\/rotary.zamosc.pl\/wp-content\/uploads\/2025\/06\/Gramy-w-niebieskie-i-zielone-ogrody-deszczowe-5.jpg 2000w\" sizes=\"(max-width: 700px) 100vw, 700px\" \/><\/figure>\n\n\n\n<figure class=\"wp-block-image size-large\"><img loading=\"lazy\" decoding=\"async\" width=\"700\" height=\"394\" data-id=\"5561\" src=\"https:\/\/rotary.zamosc.pl\/wp-content\/uploads\/2025\/06\/Gramy-w-niebieskie-i-zielone-ogrody-deszczowe-4-700x394.jpg\" alt=\"\" class=\"wp-image-5561\" srcset=\"https:\/\/rotary.zamosc.pl\/wp-content\/uploads\/2025\/06\/Gramy-w-niebieskie-i-zielone-ogrody-deszczowe-4-700x394.jpg 700w, https:\/\/rotary.zamosc.pl\/wp-content\/uploads\/2025\/06\/Gramy-w-niebieskie-i-zielone-ogrody-deszczowe-4-300x169.jpg 300w, https:\/\/rotary.zamosc.pl\/wp-content\/uploads\/2025\/06\/Gramy-w-niebieskie-i-zielone-ogrody-deszczowe-4-768x432.jpg 768w, https:\/\/rotary.zamosc.pl\/wp-content\/uploads\/2025\/06\/Gramy-w-niebieskie-i-zielone-ogrody-deszczowe-4-1536x865.jpg 1536w, https:\/\/rotary.zamosc.pl\/wp-content\/uploads\/2025\/06\/Gramy-w-niebieskie-i-zielone-ogrody-deszczowe-4-800x450.jpg 800w, https:\/\/rotary.zamosc.pl\/wp-content\/uploads\/2025\/06\/Gramy-w-niebieskie-i-zielone-ogrody-deszczowe-4.jpg 2000w\" sizes=\"(max-width: 700px) 100vw, 700px\" \/><\/figure>\n\n\n\n<figure class=\"wp-block-image size-large\"><img loading=\"lazy\" decoding=\"async\" width=\"700\" height=\"525\" data-id=\"5560\" src=\"https:\/\/rotary.zamosc.pl\/wp-content\/uploads\/2025\/06\/Gramy-w-niebieskie-i-zielone-ogrody-deszczowe-3-700x525.jpg\" alt=\"\" class=\"wp-image-5560\" srcset=\"https:\/\/rotary.zamosc.pl\/wp-content\/uploads\/2025\/06\/Gramy-w-niebieskie-i-zielone-ogrody-deszczowe-3-700x525.jpg 700w, https:\/\/rotary.zamosc.pl\/wp-content\/uploads\/2025\/06\/Gramy-w-niebieskie-i-zielone-ogrody-deszczowe-3-300x225.jpg 300w, https:\/\/rotary.zamosc.pl\/wp-content\/uploads\/2025\/06\/Gramy-w-niebieskie-i-zielone-ogrody-deszczowe-3-768x576.jpg 768w, https:\/\/rotary.zamosc.pl\/wp-content\/uploads\/2025\/06\/Gramy-w-niebieskie-i-zielone-ogrody-deszczowe-3-1536x1152.jpg 1536w, https:\/\/rotary.zamosc.pl\/wp-content\/uploads\/2025\/06\/Gramy-w-niebieskie-i-zielone-ogrody-deszczowe-3-800x600.jpg 800w, https:\/\/rotary.zamosc.pl\/wp-content\/uploads\/2025\/06\/Gramy-w-niebieskie-i-zielone-ogrody-deszczowe-3-80x60.jpg 80w, https:\/\/rotary.zamosc.pl\/wp-content\/uploads\/2025\/06\/Gramy-w-niebieskie-i-zielone-ogrody-deszczowe-3.jpg 2048w\" sizes=\"(max-width: 700px) 100vw, 700px\" \/><\/figure>\n\n\n\n<figure class=\"wp-block-image size-large\"><img loading=\"lazy\" decoding=\"async\" width=\"700\" height=\"394\" data-id=\"5559\" src=\"https:\/\/rotary.zamosc.pl\/wp-content\/uploads\/2025\/06\/Gramy-w-niebieskie-i-zielone-ogrody-deszczowe-2-700x394.jpg\" alt=\"\" class=\"wp-image-5559\" srcset=\"https:\/\/rotary.zamosc.pl\/wp-content\/uploads\/2025\/06\/Gramy-w-niebieskie-i-zielone-ogrody-deszczowe-2-700x394.jpg 700w, https:\/\/rotary.zamosc.pl\/wp-content\/uploads\/2025\/06\/Gramy-w-niebieskie-i-zielone-ogrody-deszczowe-2-300x169.jpg 300w, https:\/\/rotary.zamosc.pl\/wp-content\/uploads\/2025\/06\/Gramy-w-niebieskie-i-zielone-ogrody-deszczowe-2-768x432.jpg 768w, https:\/\/rotary.zamosc.pl\/wp-content\/uploads\/2025\/06\/Gramy-w-niebieskie-i-zielone-ogrody-deszczowe-2-1536x865.jpg 1536w, https:\/\/rotary.zamosc.pl\/wp-content\/uploads\/2025\/06\/Gramy-w-niebieskie-i-zielone-ogrody-deszczowe-2-800x450.jpg 800w, https:\/\/rotary.zamosc.pl\/wp-content\/uploads\/2025\/06\/Gramy-w-niebieskie-i-zielone-ogrody-deszczowe-2.jpg 2000w\" sizes=\"(max-width: 700px) 100vw, 700px\" \/><\/figure>\n\n\n\n<figure class=\"wp-block-image size-large\"><img loading=\"lazy\" decoding=\"async\" width=\"700\" height=\"394\" data-id=\"5558\" src=\"https:\/\/rotary.zamosc.pl\/wp-content\/uploads\/2025\/06\/Gramy-w-niebieskie-i-zielone-ogrody-deszczowe-1-700x394.jpg\" alt=\"\" class=\"wp-image-5558\" srcset=\"https:\/\/rotary.zamosc.pl\/wp-content\/uploads\/2025\/06\/Gramy-w-niebieskie-i-zielone-ogrody-deszczowe-1-700x394.jpg 700w, https:\/\/rotary.zamosc.pl\/wp-content\/uploads\/2025\/06\/Gramy-w-niebieskie-i-zielone-ogrody-deszczowe-1-300x169.jpg 300w, https:\/\/rotary.zamosc.pl\/wp-content\/uploads\/2025\/06\/Gramy-w-niebieskie-i-zielone-ogrody-deszczowe-1-768x432.jpg 768w, https:\/\/rotary.zamosc.pl\/wp-content\/uploads\/2025\/06\/Gramy-w-niebieskie-i-zielone-ogrody-deszczowe-1-1536x865.jpg 1536w, https:\/\/rotary.zamosc.pl\/wp-content\/uploads\/2025\/06\/Gramy-w-niebieskie-i-zielone-ogrody-deszczowe-1-800x450.jpg 800w, https:\/\/rotary.zamosc.pl\/wp-content\/uploads\/2025\/06\/Gramy-w-niebieskie-i-zielone-ogrody-deszczowe-1.jpg 2000w\" sizes=\"(max-width: 700px) 100vw, 700px\" \/><\/figure>\n<\/figure>\n","protected":false},"excerpt":{"rendered":"<p>5 i 6 czerwca Rotarianie z RC Zamo\u015b\u0107 zak\u0142adali ogrody deszczowe w ramach akcji &#8222;Gramy w niebieskie i zielone&#8221; zainicjowanej przez Urz\u0105d Miasta Zamo\u015b\u0107, o czym informowali\u015bmy ju\u017c wcze\u015bniej.Taki ogr\u00f3d, kt\u00f3ry wykorzystuje wod\u0119 deszczow\u0105 z dach\u00f3w m.in. zak\u0142adali\u015bmy ju\u017c pod koniec kwietnia w Przedszkolu nr 7 w Zamo\u015bciu. 5 czerwca pracowali\u015bmy w O\u015brodku Opieku\u0144czo Mieszkalnym&#8230;<\/p>\n","protected":false},"author":1,"featured_media":5563,"comment_status":"open","ping_status":"open","sticky":false,"template":"","format":"standard","meta":{"footnotes":""},"categories":[19],"tags":[],"class_list":["post-6195","post","type-post","status-publish","format-standard","has-post-thumbnail","hentry","category-19"],"rttpg_featured_image_url":{"full":["https:\/\/rotary.zamosc.pl\/wp-content\/uploads\/2025\/06\/Gramy-w-niebieskie-i-zielone-ogrody-deszczowe-6.jpg",2000,1126,false],"landscape":["https:\/\/rotary.zamosc.pl\/wp-content\/uploads\/2025\/06\/Gramy-w-niebieskie-i-zielone-ogrody-deszczowe-6.jpg",2000,1126,false],"portraits":["https:\/\/rotary.zamosc.pl\/wp-content\/uploads\/2025\/06\/Gramy-w-niebieskie-i-zielone-ogrody-deszczowe-6.jpg",2000,1126,false],"thumbnail":["https:\/\/rotary.zamosc.pl\/wp-content\/uploads\/2025\/06\/Gramy-w-niebieskie-i-zielone-ogrody-deszczowe-6-150x150.jpg",150,150,true],"medium":["https:\/\/rotary.zamosc.pl\/wp-content\/uploads\/2025\/06\/Gramy-w-niebieskie-i-zielone-ogrody-deszczowe-6-300x169.jpg",300,169,true],"large":["https:\/\/rotary.zamosc.pl\/wp-content\/uploads\/2025\/06\/Gramy-w-niebieskie-i-zielone-ogrody-deszczowe-6-700x394.jpg",700,394,true],"1536x1536":["https:\/\/rotary.zamosc.pl\/wp-content\/uploads\/2025\/06\/Gramy-w-niebieskie-i-zielone-ogrody-deszczowe-6-1536x865.jpg",1536,865,true],"2048x2048":["https:\/\/rotary.zamosc.pl\/wp-content\/uploads\/2025\/06\/Gramy-w-niebieskie-i-zielone-ogrody-deszczowe-6.jpg",2000,1126,false],"post-thumbnail":["https:\/\/rotary.zamosc.pl\/wp-content\/uploads\/2025\/06\/Gramy-w-niebieskie-i-zielone-ogrody-deszczowe-6-800x450.jpg",800,450,true],"graphy-post-thumbnail-large":["https:\/\/rotary.zamosc.pl\/wp-content\/uploads\/2025\/06\/Gramy-w-niebieskie-i-zielone-ogrody-deszczowe-6-1080x600.jpg",1080,600,true],"graphy-post-thumbnail-medium":["https:\/\/rotary.zamosc.pl\/wp-content\/uploads\/2025\/06\/Gramy-w-niebieskie-i-zielone-ogrody-deszczowe-6-482x300.jpg",482,300,true],"graphy-post-thumbnail-small":["https:\/\/rotary.zamosc.pl\/wp-content\/uploads\/2025\/06\/Gramy-w-niebieskie-i-zielone-ogrody-deszczowe-6-80x60.jpg",80,60,true],"graphy-page-thumbnail":["https:\/\/rotary.zamosc.pl\/wp-content\/uploads\/2025\/06\/Gramy-w-niebieskie-i-zielone-ogrody-deszczowe-6-1260x350.jpg",1260,350,true],"sow-carousel-default":["https:\/\/rotary.zamosc.pl\/wp-content\/uploads\/2025\/06\/Gramy-w-niebieskie-i-zielone-ogrody-deszczowe-6-272x182.jpg",272,182,true]},"rttpg_author":{"display_name":"rotaryzamosc","author_link":"https:\/\/rotary.zamosc.pl\/index.php\/author\/rotaryzamosc\/"},"rttpg_comment":0,"rttpg_category":"<a href=\"https:\/\/rotary.zamosc.pl\/index.php\/category\/2025\/\" rel=\"category tag\">2025<\/a>","rttpg_excerpt":"5 i 6 czerwca Rotarianie z RC Zamo\u015b\u0107 zak\u0142adali ogrody deszczowe w ramach akcji &#8222;Gramy w niebieskie i zielone&#8221; zainicjowanej przez Urz\u0105d Miasta Zamo\u015b\u0107, o czym informowali\u015bmy ju\u017c wcze\u015bniej.Taki ogr\u00f3d, kt\u00f3ry wykorzystuje wod\u0119 deszczow\u0105 z dach\u00f3w m.in. zak\u0142adali\u015bmy ju\u017c pod koniec kwietnia w Przedszkolu nr 7 w Zamo\u015bciu. 5 czerwca pracowali\u015bmy w O\u015brodku Opieku\u0144czo Mieszkalnym...","_links":{"self":[{"href":"https:\/\/rotary.zamosc.pl\/index.php\/wp-json\/wp\/v2\/posts\/6195","targetHints":{"allow":["GET"]}}],"collection":[{"href":"https:\/\/rotary.zamosc.pl\/index.php\/wp-json\/wp\/v2\/posts"}],"about":[{"href":"https:\/\/rotary.zamosc.pl\/index.php\/wp-json\/wp\/v2\/types\/post"}],"author":[{"embeddable":true,"href":"https:\/\/rotary.zamosc.pl\/index.php\/wp-json\/wp\/v2\/users\/1"}],"replies":[{"embeddable":true,"href":"https:\/\/rotary.zamosc.pl\/index.php\/wp-json\/wp\/v2\/comments?post=6195"}],"version-history":[{"count":1,"href":"https:\/\/rotary.zamosc.pl\/index.php\/wp-json\/wp\/v2\/posts\/6195\/revisions"}],"predecessor-version":[{"id":6196,"href":"https:\/\/rotary.zamosc.pl\/index.php\/wp-json\/wp\/v2\/posts\/6195\/revisions\/6196"}],"wp:featuredmedia":[{"embeddable":true,"href":"https:\/\/rotary.zamosc.pl\/index.php\/wp-json\/wp\/v2\/media\/5563"}],"wp:attachment":[{"href":"https:\/\/rotary.zamosc.pl\/index.php\/wp-json\/wp\/v2\/media?parent=6195"}],"wp:term":[{"taxonomy":"category","embeddable":true,"href":"https:\/\/rotary.zamosc.pl\/index.php\/wp-json\/wp\/v2\/categories?post=6195"},{"taxonomy":"post_tag","embeddable":true,"href":"https:\/\/rotary.zamosc.pl\/index.php\/wp-json\/wp\/v2\/tags?post=6195"}],"curies":[{"name":"wp","href":"https:\/\/api.w.org\/{rel}","templated":true}]}}