{"id":6232,"date":"2025-06-05T10:34:47","date_gmt":"2025-06-05T08:34:47","guid":{"rendered":"https:\/\/rotary.zamosc.pl\/?p=6232"},"modified":"2026-02-16T10:39:42","modified_gmt":"2026-02-16T09:39:42","slug":"przekazanie-wladzy-2025-2026","status":"publish","type":"post","link":"https:\/\/rotary.zamosc.pl\/index.php\/2025\/06\/05\/przekazanie-wladzy-2025-2026\/","title":{"rendered":"Przekazanie w\u0142adzy 2025-2026"},"content":{"rendered":"\n<p class=\"wp-block-paragraph\">5 czerwca mieli\u015bmy w RC Zamo\u015b\u0107 uroczysto\u015b\u0107 przekazania s\u0142u\u017cby rotaria\u0144skiej. Z funkcji Prezydenta RC Zamo\u015b\u0107 ust\u0119powa\u0142 Bogdan Szyma\u0144ski, przekazuj\u0105c obowi\u0105zki Ryszardowi Antosowi.<\/p>\n\n\n\n<p class=\"wp-block-paragraph\">Uroczysto\u015b\u0107 rozpocz\u0105\u0142 Prezydent Bogdan Szyma\u0144ski, kt\u00f3ry przywita\u0142 wszystkich Rotarian, w tym naszych Go\u015bci z zaprzyja\u017anionego RC Wolsztyn, Aldon\u0119 i Jerzego Le\u015bniewskich.<\/p>\n\n\n\n<p class=\"wp-block-paragraph\">Potem mieli\u015bmy przyjemno\u015b\u0107 wys\u0142ucha\u0107 podsumowania i obejrze\u0107 prezentacj\u0119 zdj\u0119\u0107 z ca\u0142ego roku dzia\u0142alno\u015bci klubu pod przewodnictwem Bogdana Szyma\u0144skiego.<\/p>\n\n\n\n<p class=\"wp-block-paragraph\">By\u0142 to rok obfituj\u0105cy w r\u00f3\u017cnego rodzaju dzia\u0142ania, akcje, programy. Pocz\u0105wszy od uroczysto\u015bci zwi\u0105zanej z 30-leciem RC Zamo\u015b\u0107, programy ekologiczne, jak \u201eZielone p\u0142uca dla Zamo\u015bcia\u201d czy organizacja ogrod\u00f3w deszczowych przy plac\u00f3wkach o\u015bwiatowych Zamo\u015bcia, programy stypendialne, m.in dla uczni\u00f3w PLSP i Szko\u0142y Muzycznej w Zamo\u015bciu, Seminarium \u201eRazem dla zdrowia psychicznego dzieci i m\u0142odzie\u017cy\u201d, programy pomocowe (DPS dla kobiet, Ukraina), wsp\u00f3\u0142praca i wspieranie finansowe akcji organizowanych przez inne kluby Rotary w Polsce (np. zarybianie Jeziora \u015awi\u0119tego w okolicach Wolsztyna), wsp\u00f3\u0142praca z wieloma instytucjami w Zamo\u015bciu, m.in. z PLSP, Zamojskim Domem Kultury, I LO, Urz\u0119dem Miasta Zamo\u015b\u0107, Szko\u0142\u0105 Muzyczn\u0105, DPS \u201eDom na zawsze\u201d, a tak\u017ce z Uniwersytetem Medycznym w Lublinie.<\/p>\n\n\n\n<p class=\"wp-block-paragraph\">Dzi\u0119kujemy odchodz\u0105cemu Prezydentowi Bogdanowi Szyma\u0144skiemu i Zarz\u0105dowi, gratulujemy sukces\u00f3w w dzia\u0142alno\u015bci rotaria\u0144skiej. Nowemu Zarz\u0105dowi w sk\u0142adzie: Ryszard Antos \u2013 Prezydent, Jerzy Liberadzki \u2013 Wice-Prezydent, Miros\u0142aw Piwkowski \u2013 Sekretarz, Zbigniew \u017bukowski \u2013 Skarbnik gratulujemy r\u00f3wnie\u017c i \u017cyczymy pasji i zaanga\u017cowania w s\u0142u\u017cbie rotaria\u0144skiej.<\/p>\n\n\n\n<p class=\"wp-block-paragraph\">Po cz\u0119\u015bci oficjalnej odby\u0142o si\u0119 spotkanie towarzyskie.<\/p>\n\n\n\n<figure class=\"wp-block-gallery has-nested-images columns-1 is-cropped wp-block-gallery-1 is-layout-flex wp-block-gallery-is-layout-flex\">\n<figure class=\"wp-block-image size-large\"><img fetchpriority=\"high\" decoding=\"async\" width=\"700\" height=\"525\" data-id=\"5550\" src=\"https:\/\/rotary.zamosc.pl\/wp-content\/uploads\/2025\/06\/przekazanie-wladzy-2025_2026-14-700x525.jpg\" alt=\"\" class=\"wp-image-5550\" srcset=\"https:\/\/rotary.zamosc.pl\/wp-content\/uploads\/2025\/06\/przekazanie-wladzy-2025_2026-14-700x525.jpg 700w, https:\/\/rotary.zamosc.pl\/wp-content\/uploads\/2025\/06\/przekazanie-wladzy-2025_2026-14-300x225.jpg 300w, https:\/\/rotary.zamosc.pl\/wp-content\/uploads\/2025\/06\/przekazanie-wladzy-2025_2026-14-768x576.jpg 768w, https:\/\/rotary.zamosc.pl\/wp-content\/uploads\/2025\/06\/przekazanie-wladzy-2025_2026-14-1536x1152.jpg 1536w, https:\/\/rotary.zamosc.pl\/wp-content\/uploads\/2025\/06\/przekazanie-wladzy-2025_2026-14-800x600.jpg 800w, https:\/\/rotary.zamosc.pl\/wp-content\/uploads\/2025\/06\/przekazanie-wladzy-2025_2026-14-80x60.jpg 80w, https:\/\/rotary.zamosc.pl\/wp-content\/uploads\/2025\/06\/przekazanie-wladzy-2025_2026-14.jpg 2048w\" sizes=\"(max-width: 700px) 100vw, 700px\" \/><\/figure>\n\n\n\n<figure class=\"wp-block-image size-large\"><img decoding=\"async\" width=\"700\" height=\"525\" data-id=\"5549\" src=\"https:\/\/rotary.zamosc.pl\/wp-content\/uploads\/2025\/06\/przekazanie-wladzy-2025_2026-13-700x525.jpg\" alt=\"\" class=\"wp-image-5549\" srcset=\"https:\/\/rotary.zamosc.pl\/wp-content\/uploads\/2025\/06\/przekazanie-wladzy-2025_2026-13-700x525.jpg 700w, https:\/\/rotary.zamosc.pl\/wp-content\/uploads\/2025\/06\/przekazanie-wladzy-2025_2026-13-300x225.jpg 300w, https:\/\/rotary.zamosc.pl\/wp-content\/uploads\/2025\/06\/przekazanie-wladzy-2025_2026-13-768x576.jpg 768w, https:\/\/rotary.zamosc.pl\/wp-content\/uploads\/2025\/06\/przekazanie-wladzy-2025_2026-13-1536x1152.jpg 1536w, https:\/\/rotary.zamosc.pl\/wp-content\/uploads\/2025\/06\/przekazanie-wladzy-2025_2026-13-800x600.jpg 800w, https:\/\/rotary.zamosc.pl\/wp-content\/uploads\/2025\/06\/przekazanie-wladzy-2025_2026-13-80x60.jpg 80w, https:\/\/rotary.zamosc.pl\/wp-content\/uploads\/2025\/06\/przekazanie-wladzy-2025_2026-13.jpg 2048w\" sizes=\"(max-width: 700px) 100vw, 700px\" \/><\/figure>\n\n\n\n<figure class=\"wp-block-image size-large\"><img decoding=\"async\" width=\"700\" height=\"525\" data-id=\"5547\" src=\"https:\/\/rotary.zamosc.pl\/wp-content\/uploads\/2025\/06\/przekazanie-wladzy-2025_2026-11-700x525.jpg\" alt=\"\" class=\"wp-image-5547\" srcset=\"https:\/\/rotary.zamosc.pl\/wp-content\/uploads\/2025\/06\/przekazanie-wladzy-2025_2026-11-700x525.jpg 700w, https:\/\/rotary.zamosc.pl\/wp-content\/uploads\/2025\/06\/przekazanie-wladzy-2025_2026-11-300x225.jpg 300w, https:\/\/rotary.zamosc.pl\/wp-content\/uploads\/2025\/06\/przekazanie-wladzy-2025_2026-11-768x576.jpg 768w, https:\/\/rotary.zamosc.pl\/wp-content\/uploads\/2025\/06\/przekazanie-wladzy-2025_2026-11-1536x1152.jpg 1536w, https:\/\/rotary.zamosc.pl\/wp-content\/uploads\/2025\/06\/przekazanie-wladzy-2025_2026-11-800x600.jpg 800w, https:\/\/rotary.zamosc.pl\/wp-content\/uploads\/2025\/06\/przekazanie-wladzy-2025_2026-11-80x60.jpg 80w, https:\/\/rotary.zamosc.pl\/wp-content\/uploads\/2025\/06\/przekazanie-wladzy-2025_2026-11.jpg 2048w\" sizes=\"(max-width: 700px) 100vw, 700px\" \/><\/figure>\n\n\n\n<figure class=\"wp-block-image size-large\"><img loading=\"lazy\" decoding=\"async\" width=\"700\" height=\"848\" data-id=\"5546\" src=\"https:\/\/rotary.zamosc.pl\/wp-content\/uploads\/2025\/06\/przekazanie-wladzy-2025_2026-10-700x848.jpg\" alt=\"\" class=\"wp-image-5546\" srcset=\"https:\/\/rotary.zamosc.pl\/wp-content\/uploads\/2025\/06\/przekazanie-wladzy-2025_2026-10-700x848.jpg 700w, https:\/\/rotary.zamosc.pl\/wp-content\/uploads\/2025\/06\/przekazanie-wladzy-2025_2026-10-248x300.jpg 248w, https:\/\/rotary.zamosc.pl\/wp-content\/uploads\/2025\/06\/przekazanie-wladzy-2025_2026-10-768x931.jpg 768w, https:\/\/rotary.zamosc.pl\/wp-content\/uploads\/2025\/06\/przekazanie-wladzy-2025_2026-10-1268x1536.jpg 1268w, https:\/\/rotary.zamosc.pl\/wp-content\/uploads\/2025\/06\/przekazanie-wladzy-2025_2026-10-800x969.jpg 800w, https:\/\/rotary.zamosc.pl\/wp-content\/uploads\/2025\/06\/przekazanie-wladzy-2025_2026-10.jpg 1690w\" sizes=\"(max-width: 700px) 100vw, 700px\" \/><\/figure>\n\n\n\n<figure class=\"wp-block-image size-large\"><img loading=\"lazy\" decoding=\"async\" width=\"700\" height=\"525\" data-id=\"5545\" src=\"https:\/\/rotary.zamosc.pl\/wp-content\/uploads\/2025\/06\/przekazanie-wladzy-2025_2026-9-700x525.jpg\" alt=\"\" class=\"wp-image-5545\" srcset=\"https:\/\/rotary.zamosc.pl\/wp-content\/uploads\/2025\/06\/przekazanie-wladzy-2025_2026-9-700x525.jpg 700w, https:\/\/rotary.zamosc.pl\/wp-content\/uploads\/2025\/06\/przekazanie-wladzy-2025_2026-9-300x225.jpg 300w, https:\/\/rotary.zamosc.pl\/wp-content\/uploads\/2025\/06\/przekazanie-wladzy-2025_2026-9-768x576.jpg 768w, https:\/\/rotary.zamosc.pl\/wp-content\/uploads\/2025\/06\/przekazanie-wladzy-2025_2026-9-1536x1152.jpg 1536w, https:\/\/rotary.zamosc.pl\/wp-content\/uploads\/2025\/06\/przekazanie-wladzy-2025_2026-9-800x600.jpg 800w, https:\/\/rotary.zamosc.pl\/wp-content\/uploads\/2025\/06\/przekazanie-wladzy-2025_2026-9-80x60.jpg 80w, https:\/\/rotary.zamosc.pl\/wp-content\/uploads\/2025\/06\/przekazanie-wladzy-2025_2026-9.jpg 2048w\" sizes=\"(max-width: 700px) 100vw, 700px\" \/><\/figure>\n\n\n\n<figure class=\"wp-block-image size-large\"><img loading=\"lazy\" decoding=\"async\" width=\"700\" height=\"653\" data-id=\"5544\" src=\"https:\/\/rotary.zamosc.pl\/wp-content\/uploads\/2025\/06\/przekazanie-wladzy-2025_2026-8-700x653.jpg\" alt=\"\" class=\"wp-image-5544\" srcset=\"https:\/\/rotary.zamosc.pl\/wp-content\/uploads\/2025\/06\/przekazanie-wladzy-2025_2026-8-700x653.jpg 700w, https:\/\/rotary.zamosc.pl\/wp-content\/uploads\/2025\/06\/przekazanie-wladzy-2025_2026-8-300x280.jpg 300w, https:\/\/rotary.zamosc.pl\/wp-content\/uploads\/2025\/06\/przekazanie-wladzy-2025_2026-8-768x716.jpg 768w, https:\/\/rotary.zamosc.pl\/wp-content\/uploads\/2025\/06\/przekazanie-wladzy-2025_2026-8-1536x1433.jpg 1536w, https:\/\/rotary.zamosc.pl\/wp-content\/uploads\/2025\/06\/przekazanie-wladzy-2025_2026-8-800x746.jpg 800w, https:\/\/rotary.zamosc.pl\/wp-content\/uploads\/2025\/06\/przekazanie-wladzy-2025_2026-8.jpg 2048w\" sizes=\"(max-width: 700px) 100vw, 700px\" \/><\/figure>\n\n\n\n<figure class=\"wp-block-image size-large\"><img loading=\"lazy\" decoding=\"async\" width=\"700\" height=\"618\" data-id=\"5543\" src=\"https:\/\/rotary.zamosc.pl\/wp-content\/uploads\/2025\/06\/przekazanie-wladzy-2025_2026-7-700x618.jpg\" alt=\"\" class=\"wp-image-5543\" srcset=\"https:\/\/rotary.zamosc.pl\/wp-content\/uploads\/2025\/06\/przekazanie-wladzy-2025_2026-7-700x618.jpg 700w, https:\/\/rotary.zamosc.pl\/wp-content\/uploads\/2025\/06\/przekazanie-wladzy-2025_2026-7-300x265.jpg 300w, https:\/\/rotary.zamosc.pl\/wp-content\/uploads\/2025\/06\/przekazanie-wladzy-2025_2026-7-768x678.jpg 768w, https:\/\/rotary.zamosc.pl\/wp-content\/uploads\/2025\/06\/przekazanie-wladzy-2025_2026-7-1536x1356.jpg 1536w, https:\/\/rotary.zamosc.pl\/wp-content\/uploads\/2025\/06\/przekazanie-wladzy-2025_2026-7-800x706.jpg 800w, https:\/\/rotary.zamosc.pl\/wp-content\/uploads\/2025\/06\/przekazanie-wladzy-2025_2026-7.jpg 2048w\" sizes=\"(max-width: 700px) 100vw, 700px\" \/><\/figure>\n\n\n\n<figure class=\"wp-block-image size-large\"><img loading=\"lazy\" decoding=\"async\" width=\"700\" height=\"525\" data-id=\"5542\" src=\"https:\/\/rotary.zamosc.pl\/wp-content\/uploads\/2025\/06\/przekazanie-wladzy-2025_2026-6-700x525.jpg\" alt=\"\" class=\"wp-image-5542\" srcset=\"https:\/\/rotary.zamosc.pl\/wp-content\/uploads\/2025\/06\/przekazanie-wladzy-2025_2026-6-700x525.jpg 700w, https:\/\/rotary.zamosc.pl\/wp-content\/uploads\/2025\/06\/przekazanie-wladzy-2025_2026-6-300x225.jpg 300w, https:\/\/rotary.zamosc.pl\/wp-content\/uploads\/2025\/06\/przekazanie-wladzy-2025_2026-6-768x576.jpg 768w, https:\/\/rotary.zamosc.pl\/wp-content\/uploads\/2025\/06\/przekazanie-wladzy-2025_2026-6-1536x1152.jpg 1536w, https:\/\/rotary.zamosc.pl\/wp-content\/uploads\/2025\/06\/przekazanie-wladzy-2025_2026-6-800x600.jpg 800w, https:\/\/rotary.zamosc.pl\/wp-content\/uploads\/2025\/06\/przekazanie-wladzy-2025_2026-6-80x60.jpg 80w, https:\/\/rotary.zamosc.pl\/wp-content\/uploads\/2025\/06\/przekazanie-wladzy-2025_2026-6.jpg 2048w\" sizes=\"(max-width: 700px) 100vw, 700px\" \/><\/figure>\n\n\n\n<figure class=\"wp-block-image size-large\"><img loading=\"lazy\" decoding=\"async\" width=\"700\" height=\"599\" data-id=\"5541\" src=\"https:\/\/rotary.zamosc.pl\/wp-content\/uploads\/2025\/06\/przekazanie-wladzy-2025_2026-5-700x599.jpg\" alt=\"\" class=\"wp-image-5541\" srcset=\"https:\/\/rotary.zamosc.pl\/wp-content\/uploads\/2025\/06\/przekazanie-wladzy-2025_2026-5-700x599.jpg 700w, https:\/\/rotary.zamosc.pl\/wp-content\/uploads\/2025\/06\/przekazanie-wladzy-2025_2026-5-300x257.jpg 300w, https:\/\/rotary.zamosc.pl\/wp-content\/uploads\/2025\/06\/przekazanie-wladzy-2025_2026-5-768x657.jpg 768w, https:\/\/rotary.zamosc.pl\/wp-content\/uploads\/2025\/06\/przekazanie-wladzy-2025_2026-5-1536x1315.jpg 1536w, https:\/\/rotary.zamosc.pl\/wp-content\/uploads\/2025\/06\/przekazanie-wladzy-2025_2026-5-800x685.jpg 800w, https:\/\/rotary.zamosc.pl\/wp-content\/uploads\/2025\/06\/przekazanie-wladzy-2025_2026-5.jpg 2048w\" sizes=\"(max-width: 700px) 100vw, 700px\" \/><\/figure>\n\n\n\n<figure class=\"wp-block-image size-large\"><img loading=\"lazy\" decoding=\"async\" width=\"700\" height=\"933\" data-id=\"5540\" src=\"https:\/\/rotary.zamosc.pl\/wp-content\/uploads\/2025\/06\/przekazanie-wladzy-2025_2026-4-700x933.jpg\" alt=\"\" class=\"wp-image-5540\" srcset=\"https:\/\/rotary.zamosc.pl\/wp-content\/uploads\/2025\/06\/przekazanie-wladzy-2025_2026-4-700x933.jpg 700w, https:\/\/rotary.zamosc.pl\/wp-content\/uploads\/2025\/06\/przekazanie-wladzy-2025_2026-4-225x300.jpg 225w, https:\/\/rotary.zamosc.pl\/wp-content\/uploads\/2025\/06\/przekazanie-wladzy-2025_2026-4-768x1024.jpg 768w, https:\/\/rotary.zamosc.pl\/wp-content\/uploads\/2025\/06\/przekazanie-wladzy-2025_2026-4-1152x1536.jpg 1152w, https:\/\/rotary.zamosc.pl\/wp-content\/uploads\/2025\/06\/przekazanie-wladzy-2025_2026-4-800x1067.jpg 800w, https:\/\/rotary.zamosc.pl\/wp-content\/uploads\/2025\/06\/przekazanie-wladzy-2025_2026-4.jpg 1536w\" sizes=\"(max-width: 700px) 100vw, 700px\" \/><\/figure>\n\n\n\n<figure class=\"wp-block-image size-large\"><img loading=\"lazy\" decoding=\"async\" width=\"700\" height=\"525\" data-id=\"5539\" src=\"https:\/\/rotary.zamosc.pl\/wp-content\/uploads\/2025\/06\/przekazanie-wladzy-2025_2026-3-700x525.jpg\" alt=\"\" class=\"wp-image-5539\" srcset=\"https:\/\/rotary.zamosc.pl\/wp-content\/uploads\/2025\/06\/przekazanie-wladzy-2025_2026-3-700x525.jpg 700w, https:\/\/rotary.zamosc.pl\/wp-content\/uploads\/2025\/06\/przekazanie-wladzy-2025_2026-3-300x225.jpg 300w, https:\/\/rotary.zamosc.pl\/wp-content\/uploads\/2025\/06\/przekazanie-wladzy-2025_2026-3-768x576.jpg 768w, https:\/\/rotary.zamosc.pl\/wp-content\/uploads\/2025\/06\/przekazanie-wladzy-2025_2026-3-1536x1152.jpg 1536w, https:\/\/rotary.zamosc.pl\/wp-content\/uploads\/2025\/06\/przekazanie-wladzy-2025_2026-3-800x600.jpg 800w, https:\/\/rotary.zamosc.pl\/wp-content\/uploads\/2025\/06\/przekazanie-wladzy-2025_2026-3-80x60.jpg 80w, https:\/\/rotary.zamosc.pl\/wp-content\/uploads\/2025\/06\/przekazanie-wladzy-2025_2026-3.jpg 2048w\" sizes=\"(max-width: 700px) 100vw, 700px\" \/><\/figure>\n\n\n\n<figure class=\"wp-block-image size-large\"><img loading=\"lazy\" decoding=\"async\" width=\"600\" height=\"444\" data-id=\"5538\" src=\"https:\/\/rotary.zamosc.pl\/wp-content\/uploads\/2025\/06\/przekazanie-wladzy-2025_2026-2.jpg\" alt=\"\" class=\"wp-image-5538\" srcset=\"https:\/\/rotary.zamosc.pl\/wp-content\/uploads\/2025\/06\/przekazanie-wladzy-2025_2026-2.jpg 600w, https:\/\/rotary.zamosc.pl\/wp-content\/uploads\/2025\/06\/przekazanie-wladzy-2025_2026-2-300x222.jpg 300w, https:\/\/rotary.zamosc.pl\/wp-content\/uploads\/2025\/06\/przekazanie-wladzy-2025_2026-2-80x60.jpg 80w\" sizes=\"(max-width: 600px) 100vw, 600px\" \/><\/figure>\n\n\n\n<figure class=\"wp-block-image size-large\"><img loading=\"lazy\" decoding=\"async\" width=\"700\" height=\"525\" data-id=\"5537\" src=\"https:\/\/rotary.zamosc.pl\/wp-content\/uploads\/2025\/06\/przekazanie-wladzy-2025_2026-1-700x525.jpg\" alt=\"\" class=\"wp-image-5537\" srcset=\"https:\/\/rotary.zamosc.pl\/wp-content\/uploads\/2025\/06\/przekazanie-wladzy-2025_2026-1-700x525.jpg 700w, https:\/\/rotary.zamosc.pl\/wp-content\/uploads\/2025\/06\/przekazanie-wladzy-2025_2026-1-300x225.jpg 300w, https:\/\/rotary.zamosc.pl\/wp-content\/uploads\/2025\/06\/przekazanie-wladzy-2025_2026-1-768x576.jpg 768w, https:\/\/rotary.zamosc.pl\/wp-content\/uploads\/2025\/06\/przekazanie-wladzy-2025_2026-1-1536x1152.jpg 1536w, https:\/\/rotary.zamosc.pl\/wp-content\/uploads\/2025\/06\/przekazanie-wladzy-2025_2026-1-800x600.jpg 800w, https:\/\/rotary.zamosc.pl\/wp-content\/uploads\/2025\/06\/przekazanie-wladzy-2025_2026-1-80x60.jpg 80w, https:\/\/rotary.zamosc.pl\/wp-content\/uploads\/2025\/06\/przekazanie-wladzy-2025_2026-1.jpg 2048w\" sizes=\"(max-width: 700px) 100vw, 700px\" \/><\/figure>\n<\/figure>\n","protected":false},"excerpt":{"rendered":"<p>5 czerwca mieli\u015bmy w RC Zamo\u015b\u0107 uroczysto\u015b\u0107 przekazania s\u0142u\u017cby rotaria\u0144skiej. Z funkcji Prezydenta RC Zamo\u015b\u0107 ust\u0119powa\u0142 Bogdan Szyma\u0144ski, przekazuj\u0105c obowi\u0105zki Ryszardowi Antosowi. Uroczysto\u015b\u0107 rozpocz\u0105\u0142 Prezydent Bogdan Szyma\u0144ski, kt\u00f3ry przywita\u0142 wszystkich Rotarian, w tym naszych Go\u015bci z zaprzyja\u017anionego RC Wolsztyn, Aldon\u0119 i Jerzego Le\u015bniewskich. Potem mieli\u015bmy przyjemno\u015b\u0107 wys\u0142ucha\u0107 podsumowania i obejrze\u0107 prezentacj\u0119 zdj\u0119\u0107 z ca\u0142ego roku&#8230;<\/p>\n","protected":false},"author":1,"featured_media":5548,"comment_status":"open","ping_status":"open","sticky":false,"template":"","format":"standard","meta":{"footnotes":""},"categories":[19,21],"tags":[],"class_list":["post-6232","post","type-post","status-publish","format-standard","has-post-thumbnail","hentry","category-19","category-przekazania-wladzy"],"rttpg_featured_image_url":{"full":["https:\/\/rotary.zamosc.pl\/wp-content\/uploads\/2025\/06\/przekazanie-wladzy-2025_2026-12.jpg",2048,1536,false],"landscape":["https:\/\/rotary.zamosc.pl\/wp-content\/uploads\/2025\/06\/przekazanie-wladzy-2025_2026-12.jpg",2048,1536,false],"portraits":["https:\/\/rotary.zamosc.pl\/wp-content\/uploads\/2025\/06\/przekazanie-wladzy-2025_2026-12.jpg",2048,1536,false],"thumbnail":["https:\/\/rotary.zamosc.pl\/wp-content\/uploads\/2025\/06\/przekazanie-wladzy-2025_2026-12-150x150.jpg",150,150,true],"medium":["https:\/\/rotary.zamosc.pl\/wp-content\/uploads\/2025\/06\/przekazanie-wladzy-2025_2026-12-300x225.jpg",300,225,true],"large":["https:\/\/rotary.zamosc.pl\/wp-content\/uploads\/2025\/06\/przekazanie-wladzy-2025_2026-12-700x525.jpg",700,525,true],"1536x1536":["https:\/\/rotary.zamosc.pl\/wp-content\/uploads\/2025\/06\/przekazanie-wladzy-2025_2026-12-1536x1152.jpg",1536,1152,true],"2048x2048":["https:\/\/rotary.zamosc.pl\/wp-content\/uploads\/2025\/06\/przekazanie-wladzy-2025_2026-12.jpg",2048,1536,false],"post-thumbnail":["https:\/\/rotary.zamosc.pl\/wp-content\/uploads\/2025\/06\/przekazanie-wladzy-2025_2026-12-800x600.jpg",800,600,true],"graphy-post-thumbnail-large":["https:\/\/rotary.zamosc.pl\/wp-content\/uploads\/2025\/06\/przekazanie-wladzy-2025_2026-12-1080x600.jpg",1080,600,true],"graphy-post-thumbnail-medium":["https:\/\/rotary.zamosc.pl\/wp-content\/uploads\/2025\/06\/przekazanie-wladzy-2025_2026-12-482x300.jpg",482,300,true],"graphy-post-thumbnail-small":["https:\/\/rotary.zamosc.pl\/wp-content\/uploads\/2025\/06\/przekazanie-wladzy-2025_2026-12-80x60.jpg",80,60,true],"graphy-page-thumbnail":["https:\/\/rotary.zamosc.pl\/wp-content\/uploads\/2025\/06\/przekazanie-wladzy-2025_2026-12-1260x350.jpg",1260,350,true],"sow-carousel-default":["https:\/\/rotary.zamosc.pl\/wp-content\/uploads\/2025\/06\/przekazanie-wladzy-2025_2026-12-272x182.jpg",272,182,true]},"rttpg_author":{"display_name":"rotaryzamosc","author_link":"https:\/\/rotary.zamosc.pl\/index.php\/author\/rotaryzamosc\/"},"rttpg_comment":0,"rttpg_category":"<a href=\"https:\/\/rotary.zamosc.pl\/index.php\/category\/2025\/\" rel=\"category tag\">2025<\/a> <a href=\"https:\/\/rotary.zamosc.pl\/index.php\/category\/przekazania-wladzy\/\" rel=\"category tag\">Przekazania w\u0142adzy<\/a>","rttpg_excerpt":"5 czerwca mieli\u015bmy w RC Zamo\u015b\u0107 uroczysto\u015b\u0107 przekazania s\u0142u\u017cby rotaria\u0144skiej. Z funkcji Prezydenta RC Zamo\u015b\u0107 ust\u0119powa\u0142 Bogdan Szyma\u0144ski, przekazuj\u0105c obowi\u0105zki Ryszardowi Antosowi. Uroczysto\u015b\u0107 rozpocz\u0105\u0142 Prezydent Bogdan Szyma\u0144ski, kt\u00f3ry przywita\u0142 wszystkich Rotarian, w tym naszych Go\u015bci z zaprzyja\u017anionego RC Wolsztyn, Aldon\u0119 i Jerzego Le\u015bniewskich. Potem mieli\u015bmy przyjemno\u015b\u0107 wys\u0142ucha\u0107 podsumowania i obejrze\u0107 prezentacj\u0119 zdj\u0119\u0107 z ca\u0142ego roku...","_links":{"self":[{"href":"https:\/\/rotary.zamosc.pl\/index.php\/wp-json\/wp\/v2\/posts\/6232","targetHints":{"allow":["GET"]}}],"collection":[{"href":"https:\/\/rotary.zamosc.pl\/index.php\/wp-json\/wp\/v2\/posts"}],"about":[{"href":"https:\/\/rotary.zamosc.pl\/index.php\/wp-json\/wp\/v2\/types\/post"}],"author":[{"embeddable":true,"href":"https:\/\/rotary.zamosc.pl\/index.php\/wp-json\/wp\/v2\/users\/1"}],"replies":[{"embeddable":true,"href":"https:\/\/rotary.zamosc.pl\/index.php\/wp-json\/wp\/v2\/comments?post=6232"}],"version-history":[{"count":1,"href":"https:\/\/rotary.zamosc.pl\/index.php\/wp-json\/wp\/v2\/posts\/6232\/revisions"}],"predecessor-version":[{"id":6233,"href":"https:\/\/rotary.zamosc.pl\/index.php\/wp-json\/wp\/v2\/posts\/6232\/revisions\/6233"}],"wp:featuredmedia":[{"embeddable":true,"href":"https:\/\/rotary.zamosc.pl\/index.php\/wp-json\/wp\/v2\/media\/5548"}],"wp:attachment":[{"href":"https:\/\/rotary.zamosc.pl\/index.php\/wp-json\/wp\/v2\/media?parent=6232"}],"wp:term":[{"taxonomy":"category","embeddable":true,"href":"https:\/\/rotary.zamosc.pl\/index.php\/wp-json\/wp\/v2\/categories?post=6232"},{"taxonomy":"post_tag","embeddable":true,"href":"https:\/\/rotary.zamosc.pl\/index.php\/wp-json\/wp\/v2\/tags?post=6232"}],"curies":[{"name":"wp","href":"https:\/\/api.w.org\/{rel}","templated":true}]}}