{"id":6234,"date":"2025-05-24T10:40:16","date_gmt":"2025-05-24T08:40:16","guid":{"rendered":"https:\/\/rotary.zamosc.pl\/?p=6234"},"modified":"2026-02-16T10:41:27","modified_gmt":"2026-02-16T09:41:27","slug":"30-lecie-dzialalnosci-rc-wolsztyn","status":"publish","type":"post","link":"https:\/\/rotary.zamosc.pl\/index.php\/2025\/05\/24\/30-lecie-dzialalnosci-rc-wolsztyn\/","title":{"rendered":"30-lecie dzia\u0142alno\u015bci RC Wolsztyn"},"content":{"rendered":"\n<p class=\"wp-block-paragraph\">24 maja Rotarianie z RC Zamo\u015b\u0107 (A. Budzy\u0144ski, K. Bork i Z. Gumuli\u0144ski) uczestniczyli w obchodach 30-lecia dzia\u0142alno\u015bci RC Wolsztyn. Jest to klub, z kt\u00f3rym \u0142\u0105cz\u0105 nas szczeg\u00f3lnie mocne wi\u0119zi przyja\u017ani. Serdecznie gratulujemy jubileuszu i \u017cyczymy dalszych sukces\u00f3w i nieustaj\u0105cej pasji w s\u0142u\u017cbie rotaria\u0144skiej.<\/p>\n\n\n\n<figure class=\"wp-block-image size-large\"><img fetchpriority=\"high\" decoding=\"async\" width=\"700\" height=\"470\" src=\"https:\/\/rotary.zamosc.pl\/wp-content\/uploads\/2025\/06\/30-lecie-dzialalnosci-RC-Wolsztyn-2025-1-700x470.jpg\" alt=\"\" class=\"wp-image-5530\" srcset=\"https:\/\/rotary.zamosc.pl\/wp-content\/uploads\/2025\/06\/30-lecie-dzialalnosci-RC-Wolsztyn-2025-1-700x470.jpg 700w, https:\/\/rotary.zamosc.pl\/wp-content\/uploads\/2025\/06\/30-lecie-dzialalnosci-RC-Wolsztyn-2025-1-300x201.jpg 300w, https:\/\/rotary.zamosc.pl\/wp-content\/uploads\/2025\/06\/30-lecie-dzialalnosci-RC-Wolsztyn-2025-1-768x516.jpg 768w, https:\/\/rotary.zamosc.pl\/wp-content\/uploads\/2025\/06\/30-lecie-dzialalnosci-RC-Wolsztyn-2025-1-800x537.jpg 800w, https:\/\/rotary.zamosc.pl\/wp-content\/uploads\/2025\/06\/30-lecie-dzialalnosci-RC-Wolsztyn-2025-1-272x182.jpg 272w, https:\/\/rotary.zamosc.pl\/wp-content\/uploads\/2025\/06\/30-lecie-dzialalnosci-RC-Wolsztyn-2025-1.jpg 1080w\" sizes=\"(max-width: 700px) 100vw, 700px\" \/><\/figure>\n","protected":false},"excerpt":{"rendered":"<p>24 maja Rotarianie z RC Zamo\u015b\u0107 (A. Budzy\u0144ski, K. Bork i Z. Gumuli\u0144ski) uczestniczyli w obchodach 30-lecia dzia\u0142alno\u015bci RC Wolsztyn. Jest to klub, z kt\u00f3rym \u0142\u0105cz\u0105 nas szczeg\u00f3lnie mocne wi\u0119zi przyja\u017ani. Serdecznie gratulujemy jubileuszu i \u017cyczymy dalszych sukces\u00f3w i nieustaj\u0105cej pasji w s\u0142u\u017cbie rotaria\u0144skiej.<\/p>\n","protected":false},"author":1,"featured_media":5531,"comment_status":"open","ping_status":"open","sticky":false,"template":"","format":"standard","meta":{"footnotes":""},"categories":[19],"tags":[],"class_list":["post-6234","post","type-post","status-publish","format-standard","has-post-thumbnail","hentry","category-19"],"rttpg_featured_image_url":{"full":["https:\/\/rotary.zamosc.pl\/wp-content\/uploads\/2025\/06\/30-lecie-dzialalnosci-RC-Wolsztyn-2025-2.jpg",1080,725,false],"landscape":["https:\/\/rotary.zamosc.pl\/wp-content\/uploads\/2025\/06\/30-lecie-dzialalnosci-RC-Wolsztyn-2025-2.jpg",1080,725,false],"portraits":["https:\/\/rotary.zamosc.pl\/wp-content\/uploads\/2025\/06\/30-lecie-dzialalnosci-RC-Wolsztyn-2025-2.jpg",1080,725,false],"thumbnail":["https:\/\/rotary.zamosc.pl\/wp-content\/uploads\/2025\/06\/30-lecie-dzialalnosci-RC-Wolsztyn-2025-2-150x150.jpg",150,150,true],"medium":["https:\/\/rotary.zamosc.pl\/wp-content\/uploads\/2025\/06\/30-lecie-dzialalnosci-RC-Wolsztyn-2025-2-300x201.jpg",300,201,true],"large":["https:\/\/rotary.zamosc.pl\/wp-content\/uploads\/2025\/06\/30-lecie-dzialalnosci-RC-Wolsztyn-2025-2-700x470.jpg",700,470,true],"1536x1536":["https:\/\/rotary.zamosc.pl\/wp-content\/uploads\/2025\/06\/30-lecie-dzialalnosci-RC-Wolsztyn-2025-2.jpg",1080,725,false],"2048x2048":["https:\/\/rotary.zamosc.pl\/wp-content\/uploads\/2025\/06\/30-lecie-dzialalnosci-RC-Wolsztyn-2025-2.jpg",1080,725,false],"post-thumbnail":["https:\/\/rotary.zamosc.pl\/wp-content\/uploads\/2025\/06\/30-lecie-dzialalnosci-RC-Wolsztyn-2025-2-800x537.jpg",800,537,true],"graphy-post-thumbnail-large":["https:\/\/rotary.zamosc.pl\/wp-content\/uploads\/2025\/06\/30-lecie-dzialalnosci-RC-Wolsztyn-2025-2-1080x600.jpg",1080,600,true],"graphy-post-thumbnail-medium":["https:\/\/rotary.zamosc.pl\/wp-content\/uploads\/2025\/06\/30-lecie-dzialalnosci-RC-Wolsztyn-2025-2-482x300.jpg",482,300,true],"graphy-post-thumbnail-small":["https:\/\/rotary.zamosc.pl\/wp-content\/uploads\/2025\/06\/30-lecie-dzialalnosci-RC-Wolsztyn-2025-2-80x60.jpg",80,60,true],"graphy-page-thumbnail":["https:\/\/rotary.zamosc.pl\/wp-content\/uploads\/2025\/06\/30-lecie-dzialalnosci-RC-Wolsztyn-2025-2-1080x350.jpg",1080,350,true],"sow-carousel-default":["https:\/\/rotary.zamosc.pl\/wp-content\/uploads\/2025\/06\/30-lecie-dzialalnosci-RC-Wolsztyn-2025-2-272x182.jpg",272,182,true]},"rttpg_author":{"display_name":"rotaryzamosc","author_link":"https:\/\/rotary.zamosc.pl\/index.php\/author\/rotaryzamosc\/"},"rttpg_comment":0,"rttpg_category":"<a href=\"https:\/\/rotary.zamosc.pl\/index.php\/category\/2025\/\" rel=\"category tag\">2025<\/a>","rttpg_excerpt":"24 maja Rotarianie z RC Zamo\u015b\u0107 (A. Budzy\u0144ski, K. Bork i Z. Gumuli\u0144ski) uczestniczyli w obchodach 30-lecia dzia\u0142alno\u015bci RC Wolsztyn. Jest to klub, z kt\u00f3rym \u0142\u0105cz\u0105 nas szczeg\u00f3lnie mocne wi\u0119zi przyja\u017ani. Serdecznie gratulujemy jubileuszu i \u017cyczymy dalszych sukces\u00f3w i nieustaj\u0105cej pasji w s\u0142u\u017cbie rotaria\u0144skiej.","_links":{"self":[{"href":"https:\/\/rotary.zamosc.pl\/index.php\/wp-json\/wp\/v2\/posts\/6234","targetHints":{"allow":["GET"]}}],"collection":[{"href":"https:\/\/rotary.zamosc.pl\/index.php\/wp-json\/wp\/v2\/posts"}],"about":[{"href":"https:\/\/rotary.zamosc.pl\/index.php\/wp-json\/wp\/v2\/types\/post"}],"author":[{"embeddable":true,"href":"https:\/\/rotary.zamosc.pl\/index.php\/wp-json\/wp\/v2\/users\/1"}],"replies":[{"embeddable":true,"href":"https:\/\/rotary.zamosc.pl\/index.php\/wp-json\/wp\/v2\/comments?post=6234"}],"version-history":[{"count":1,"href":"https:\/\/rotary.zamosc.pl\/index.php\/wp-json\/wp\/v2\/posts\/6234\/revisions"}],"predecessor-version":[{"id":6235,"href":"https:\/\/rotary.zamosc.pl\/index.php\/wp-json\/wp\/v2\/posts\/6234\/revisions\/6235"}],"wp:featuredmedia":[{"embeddable":true,"href":"https:\/\/rotary.zamosc.pl\/index.php\/wp-json\/wp\/v2\/media\/5531"}],"wp:attachment":[{"href":"https:\/\/rotary.zamosc.pl\/index.php\/wp-json\/wp\/v2\/media?parent=6234"}],"wp:term":[{"taxonomy":"category","embeddable":true,"href":"https:\/\/rotary.zamosc.pl\/index.php\/wp-json\/wp\/v2\/categories?post=6234"},{"taxonomy":"post_tag","embeddable":true,"href":"https:\/\/rotary.zamosc.pl\/index.php\/wp-json\/wp\/v2\/tags?post=6234"}],"curies":[{"name":"wp","href":"https:\/\/api.w.org\/{rel}","templated":true}]}}