{"id":6247,"date":"2025-03-05T11:00:37","date_gmt":"2025-03-05T10:00:37","guid":{"rendered":"https:\/\/rotary.zamosc.pl\/?p=6247"},"modified":"2026-02-16T11:02:56","modified_gmt":"2026-02-16T10:02:56","slug":"ii-seminarium-razem-dla-zdrowia-psychicznego-dzieci-i-mlodziezy","status":"publish","type":"post","link":"https:\/\/rotary.zamosc.pl\/index.php\/2025\/03\/05\/ii-seminarium-razem-dla-zdrowia-psychicznego-dzieci-i-mlodziezy\/","title":{"rendered":"II Seminarium &#8222;Razem dla zdrowia psychicznego dzieci i m\u0142odzie\u017cy"},"content":{"rendered":"\n<p class=\"wp-block-paragraph\">5 marca w Zamojskim Domu Kultury odby\u0142o si\u0119 seminarium b\u0119d\u0105ce kontynuacj\u0105 rozpocz\u0119tego przed rokiem projektu, zmierzaj\u0105cego do skonsolidowania dzia\u0142a\u0144 wielu os\u00f3b, instytucji i organizacji przejmuj\u0105cych si\u0119 problemami zaburze\u0144 zdrowia psychicznego m\u0142odych ludzi.<\/p>\n\n\n\n<p class=\"wp-block-paragraph\">Organizatorem II Seminarium pod nazw\u0105 \u201eRazem dla zdrowia psychicznego dzieci i m\u0142odzie\u017cy\u201d by\u0142 Rotary Club Zamo\u015b\u0107 we wsp\u00f3\u0142pracy z Uniwersytetem Medycznym w Lublinie oraz Urz\u0119dem Miasta Zamo\u015b\u0107.<\/p>\n\n\n\n<p class=\"wp-block-paragraph\">Ze strony RC Zamo\u015b\u0107 koordynatorem wszystkich dzia\u0142a\u0144 by\u0142 past Prezydent Zbigniew Gumuli\u0144ski.<\/p>\n\n\n\n<p class=\"wp-block-paragraph\">Honorowy patronat nad wydarzeniem sprawowali: Gubernator Rotary Polska \u2013 Krystyna Baj-Pawluk, Rektor UM w Lublinie \u2013 prof. dr hab. n. med. Wojciech Za\u0142uska oraz Prezydent Miasta Zamo\u015b\u0107 \u2013 Rafa\u0142 Zwolak.<\/p>\n\n\n\n<p class=\"wp-block-paragraph\">Gubernator Rotary Polska reprezentowa\u0142 Regionalny Asystent \u2013 Dariusz Matosiuk.<\/p>\n\n\n\n<p class=\"wp-block-paragraph\">Wyk\u0142ady zaprezentowane na seminarium przygotowa\u0142y i wyg\u0142osi\u0142y:<\/p>\n\n\n\n<p class=\"wp-block-paragraph\">\u2013 dr hab. n. med., prof. ucz. Marzena Samardakiewicz \u2013 \u201eStres codzienny \u2013 stres wzmo\u017cony\u201d,<\/p>\n\n\n\n<p class=\"wp-block-paragraph\">\u2013 prof. dr hab. n. med. Hanna Karaku\u0142a-Juchnowicz \u2013 \u201eGdy ga\u015bnie nadzieja \u2013 problem samob\u00f3jstw\u201d,<\/p>\n\n\n\n<p class=\"wp-block-paragraph\">\u2013 dr n. med. Agata Makarewicz \u2013 \u201eAktualne problemy psychiczne dzieci i m\u0142odzie\u017cy\u201d<\/p>\n\n\n\n<p class=\"wp-block-paragraph\">\u2013 dr n. med. Joanna Milanowska \u2013 \u201eInternet \u2013 wr\u00f3g czy sprzymierzeniec\u201d.<\/p>\n\n\n\n<p class=\"wp-block-paragraph\">Podczas wydarzenia g\u0142os zabra\u0142 prof. dr n. med. Janusz Milanowski, Rotarianin RC Lublin Centrum, kt\u00f3ry zapozna\u0142 nas z misj\u0105 Fundacji \u201eArka\u201d.<\/p>\n\n\n\n<p class=\"wp-block-paragraph\">Wydarzenie u\u015bwietni\u0142 wyst\u0119p stypendyst\u00f3w RC Zamo\u015b\u0107 i jednocze\u015bnie uczni\u00f3w Pa\u0144stwowej Szko\u0142y Muzycznej w Zamo\u015bciu.<\/p>\n\n\n\n<p class=\"wp-block-paragraph\">Pi\u0119kn\u0105 scenografi\u0119 i pocz\u0119stunek przygotowa\u0142a m\u0142odzie\u017c z Zespo\u0142u Szk\u00f3\u0142 Ponadpodstawowych nr 1 w Zamo\u015bciu.<\/p>\n\n\n\n<p class=\"wp-block-paragraph\">W seminarium licznie uczestniczyli nauczyciele, pedagodzy i wychowawcy z Zamo\u015bcia i okolic. Byli r\u00f3wnie\u017c obecni Rotarianie z Zamo\u015bcia, Lublina i Janowa Lubelskiego.<\/p>\n\n\n\n<p class=\"wp-block-paragraph\">Ca\u0142e wydarzenie by\u0142o transmitowane na kanale You Tube Rotary Polska.<\/p>\n\n\n\n<p class=\"wp-block-paragraph\">Zapraszamy do obejrzenia nagranego w ca\u0142o\u015bci seminarium.<\/p>\n\n\n\n<figure class=\"wp-block-embed is-type-video is-provider-youtube wp-block-embed-youtube wp-embed-aspect-16-9 wp-has-aspect-ratio\"><div class=\"wp-block-embed__wrapper\">\n<iframe title=\"II Seminarium \u201eRazem dla zdrowia psychicznego dzieci i m\u0142odzie\u017cy\u201d\" width=\"700\" height=\"394\" src=\"https:\/\/www.youtube.com\/embed\/Gy_YIvDtFlg?feature=oembed\" frameborder=\"0\" allow=\"accelerometer; autoplay; clipboard-write; encrypted-media; gyroscope; picture-in-picture; web-share\" referrerpolicy=\"strict-origin-when-cross-origin\" allowfullscreen><\/iframe>\n<\/div><\/figure>\n\n\n\n<figure class=\"wp-block-gallery has-nested-images columns-1 is-cropped wp-block-gallery-1 is-layout-flex wp-block-gallery-is-layout-flex\">\n<figure class=\"wp-block-image size-large\"><img fetchpriority=\"high\" decoding=\"async\" width=\"700\" height=\"525\" data-id=\"5333\" src=\"https:\/\/rotary.zamosc.pl\/wp-content\/uploads\/2025\/03\/II-Seminarium-Razem-dla-zdrowia-psychicznego-dzieci-i-mlodziezy-05_03_2025-19-700x525.jpg\" alt=\"\" class=\"wp-image-5333\" srcset=\"https:\/\/rotary.zamosc.pl\/wp-content\/uploads\/2025\/03\/II-Seminarium-Razem-dla-zdrowia-psychicznego-dzieci-i-mlodziezy-05_03_2025-19-700x525.jpg 700w, https:\/\/rotary.zamosc.pl\/wp-content\/uploads\/2025\/03\/II-Seminarium-Razem-dla-zdrowia-psychicznego-dzieci-i-mlodziezy-05_03_2025-19-300x225.jpg 300w, https:\/\/rotary.zamosc.pl\/wp-content\/uploads\/2025\/03\/II-Seminarium-Razem-dla-zdrowia-psychicznego-dzieci-i-mlodziezy-05_03_2025-19-768x576.jpg 768w, https:\/\/rotary.zamosc.pl\/wp-content\/uploads\/2025\/03\/II-Seminarium-Razem-dla-zdrowia-psychicznego-dzieci-i-mlodziezy-05_03_2025-19-1536x1152.jpg 1536w, https:\/\/rotary.zamosc.pl\/wp-content\/uploads\/2025\/03\/II-Seminarium-Razem-dla-zdrowia-psychicznego-dzieci-i-mlodziezy-05_03_2025-19-800x600.jpg 800w, https:\/\/rotary.zamosc.pl\/wp-content\/uploads\/2025\/03\/II-Seminarium-Razem-dla-zdrowia-psychicznego-dzieci-i-mlodziezy-05_03_2025-19-80x60.jpg 80w, https:\/\/rotary.zamosc.pl\/wp-content\/uploads\/2025\/03\/II-Seminarium-Razem-dla-zdrowia-psychicznego-dzieci-i-mlodziezy-05_03_2025-19.jpg 2048w\" sizes=\"(max-width: 700px) 100vw, 700px\" \/><\/figure>\n\n\n\n<figure class=\"wp-block-image size-large\"><img decoding=\"async\" width=\"700\" height=\"341\" data-id=\"5332\" src=\"https:\/\/rotary.zamosc.pl\/wp-content\/uploads\/2025\/03\/II-Seminarium-Razem-dla-zdrowia-psychicznego-dzieci-i-mlodziezy-05_03_2025-18-700x341.jpg\" alt=\"\" class=\"wp-image-5332\" srcset=\"https:\/\/rotary.zamosc.pl\/wp-content\/uploads\/2025\/03\/II-Seminarium-Razem-dla-zdrowia-psychicznego-dzieci-i-mlodziezy-05_03_2025-18-700x341.jpg 700w, https:\/\/rotary.zamosc.pl\/wp-content\/uploads\/2025\/03\/II-Seminarium-Razem-dla-zdrowia-psychicznego-dzieci-i-mlodziezy-05_03_2025-18-300x146.jpg 300w, https:\/\/rotary.zamosc.pl\/wp-content\/uploads\/2025\/03\/II-Seminarium-Razem-dla-zdrowia-psychicznego-dzieci-i-mlodziezy-05_03_2025-18-768x374.jpg 768w, https:\/\/rotary.zamosc.pl\/wp-content\/uploads\/2025\/03\/II-Seminarium-Razem-dla-zdrowia-psychicznego-dzieci-i-mlodziezy-05_03_2025-18-800x389.jpg 800w, https:\/\/rotary.zamosc.pl\/wp-content\/uploads\/2025\/03\/II-Seminarium-Razem-dla-zdrowia-psychicznego-dzieci-i-mlodziezy-05_03_2025-18.jpg 1486w\" sizes=\"(max-width: 700px) 100vw, 700px\" \/><\/figure>\n\n\n\n<figure class=\"wp-block-image size-large\"><img decoding=\"async\" width=\"700\" height=\"755\" data-id=\"5331\" src=\"https:\/\/rotary.zamosc.pl\/wp-content\/uploads\/2025\/03\/II-Seminarium-Razem-dla-zdrowia-psychicznego-dzieci-i-mlodziezy-05_03_2025-17-700x755.jpg\" alt=\"\" class=\"wp-image-5331\" srcset=\"https:\/\/rotary.zamosc.pl\/wp-content\/uploads\/2025\/03\/II-Seminarium-Razem-dla-zdrowia-psychicznego-dzieci-i-mlodziezy-05_03_2025-17-700x755.jpg 700w, https:\/\/rotary.zamosc.pl\/wp-content\/uploads\/2025\/03\/II-Seminarium-Razem-dla-zdrowia-psychicznego-dzieci-i-mlodziezy-05_03_2025-17-278x300.jpg 278w, https:\/\/rotary.zamosc.pl\/wp-content\/uploads\/2025\/03\/II-Seminarium-Razem-dla-zdrowia-psychicznego-dzieci-i-mlodziezy-05_03_2025-17-768x828.jpg 768w, https:\/\/rotary.zamosc.pl\/wp-content\/uploads\/2025\/03\/II-Seminarium-Razem-dla-zdrowia-psychicznego-dzieci-i-mlodziezy-05_03_2025-17-1425x1536.jpg 1425w, https:\/\/rotary.zamosc.pl\/wp-content\/uploads\/2025\/03\/II-Seminarium-Razem-dla-zdrowia-psychicznego-dzieci-i-mlodziezy-05_03_2025-17-800x862.jpg 800w, https:\/\/rotary.zamosc.pl\/wp-content\/uploads\/2025\/03\/II-Seminarium-Razem-dla-zdrowia-psychicznego-dzieci-i-mlodziezy-05_03_2025-17.jpg 1900w\" sizes=\"(max-width: 700px) 100vw, 700px\" \/><\/figure>\n\n\n\n<figure class=\"wp-block-image size-large\"><img loading=\"lazy\" decoding=\"async\" width=\"700\" height=\"991\" data-id=\"5330\" src=\"https:\/\/rotary.zamosc.pl\/wp-content\/uploads\/2025\/03\/II-Seminarium-Razem-dla-zdrowia-psychicznego-dzieci-i-mlodziezy-05_03_2025-16-700x991.jpg\" alt=\"\" class=\"wp-image-5330\" srcset=\"https:\/\/rotary.zamosc.pl\/wp-content\/uploads\/2025\/03\/II-Seminarium-Razem-dla-zdrowia-psychicznego-dzieci-i-mlodziezy-05_03_2025-16-700x991.jpg 700w, https:\/\/rotary.zamosc.pl\/wp-content\/uploads\/2025\/03\/II-Seminarium-Razem-dla-zdrowia-psychicznego-dzieci-i-mlodziezy-05_03_2025-16-212x300.jpg 212w, https:\/\/rotary.zamosc.pl\/wp-content\/uploads\/2025\/03\/II-Seminarium-Razem-dla-zdrowia-psychicznego-dzieci-i-mlodziezy-05_03_2025-16-768x1088.jpg 768w, https:\/\/rotary.zamosc.pl\/wp-content\/uploads\/2025\/03\/II-Seminarium-Razem-dla-zdrowia-psychicznego-dzieci-i-mlodziezy-05_03_2025-16-1085x1536.jpg 1085w, https:\/\/rotary.zamosc.pl\/wp-content\/uploads\/2025\/03\/II-Seminarium-Razem-dla-zdrowia-psychicznego-dzieci-i-mlodziezy-05_03_2025-16-800x1133.jpg 800w, https:\/\/rotary.zamosc.pl\/wp-content\/uploads\/2025\/03\/II-Seminarium-Razem-dla-zdrowia-psychicznego-dzieci-i-mlodziezy-05_03_2025-16.jpg 1446w\" sizes=\"(max-width: 700px) 100vw, 700px\" \/><\/figure>\n\n\n\n<figure class=\"wp-block-image size-large\"><img loading=\"lazy\" decoding=\"async\" width=\"700\" height=\"933\" data-id=\"5329\" src=\"https:\/\/rotary.zamosc.pl\/wp-content\/uploads\/2025\/03\/II-Seminarium-Razem-dla-zdrowia-psychicznego-dzieci-i-mlodziezy-05_03_2025-15-700x933.jpg\" alt=\"\" class=\"wp-image-5329\" srcset=\"https:\/\/rotary.zamosc.pl\/wp-content\/uploads\/2025\/03\/II-Seminarium-Razem-dla-zdrowia-psychicznego-dzieci-i-mlodziezy-05_03_2025-15-700x933.jpg 700w, https:\/\/rotary.zamosc.pl\/wp-content\/uploads\/2025\/03\/II-Seminarium-Razem-dla-zdrowia-psychicznego-dzieci-i-mlodziezy-05_03_2025-15-225x300.jpg 225w, https:\/\/rotary.zamosc.pl\/wp-content\/uploads\/2025\/03\/II-Seminarium-Razem-dla-zdrowia-psychicznego-dzieci-i-mlodziezy-05_03_2025-15-768x1024.jpg 768w, https:\/\/rotary.zamosc.pl\/wp-content\/uploads\/2025\/03\/II-Seminarium-Razem-dla-zdrowia-psychicznego-dzieci-i-mlodziezy-05_03_2025-15-1152x1536.jpg 1152w, https:\/\/rotary.zamosc.pl\/wp-content\/uploads\/2025\/03\/II-Seminarium-Razem-dla-zdrowia-psychicznego-dzieci-i-mlodziezy-05_03_2025-15-800x1067.jpg 800w, https:\/\/rotary.zamosc.pl\/wp-content\/uploads\/2025\/03\/II-Seminarium-Razem-dla-zdrowia-psychicznego-dzieci-i-mlodziezy-05_03_2025-15.jpg 1536w\" sizes=\"(max-width: 700px) 100vw, 700px\" \/><\/figure>\n\n\n\n<figure class=\"wp-block-image size-large\"><img loading=\"lazy\" decoding=\"async\" width=\"700\" height=\"843\" data-id=\"5328\" src=\"https:\/\/rotary.zamosc.pl\/wp-content\/uploads\/2025\/03\/II-Seminarium-Razem-dla-zdrowia-psychicznego-dzieci-i-mlodziezy-05_03_2025-14-700x843.jpg\" alt=\"\" class=\"wp-image-5328\" srcset=\"https:\/\/rotary.zamosc.pl\/wp-content\/uploads\/2025\/03\/II-Seminarium-Razem-dla-zdrowia-psychicznego-dzieci-i-mlodziezy-05_03_2025-14-700x843.jpg 700w, https:\/\/rotary.zamosc.pl\/wp-content\/uploads\/2025\/03\/II-Seminarium-Razem-dla-zdrowia-psychicznego-dzieci-i-mlodziezy-05_03_2025-14-249x300.jpg 249w, https:\/\/rotary.zamosc.pl\/wp-content\/uploads\/2025\/03\/II-Seminarium-Razem-dla-zdrowia-psychicznego-dzieci-i-mlodziezy-05_03_2025-14-768x925.jpg 768w, https:\/\/rotary.zamosc.pl\/wp-content\/uploads\/2025\/03\/II-Seminarium-Razem-dla-zdrowia-psychicznego-dzieci-i-mlodziezy-05_03_2025-14-1276x1536.jpg 1276w, https:\/\/rotary.zamosc.pl\/wp-content\/uploads\/2025\/03\/II-Seminarium-Razem-dla-zdrowia-psychicznego-dzieci-i-mlodziezy-05_03_2025-14-800x963.jpg 800w, https:\/\/rotary.zamosc.pl\/wp-content\/uploads\/2025\/03\/II-Seminarium-Razem-dla-zdrowia-psychicznego-dzieci-i-mlodziezy-05_03_2025-14.jpg 1701w\" sizes=\"(max-width: 700px) 100vw, 700px\" \/><\/figure>\n\n\n\n<figure class=\"wp-block-image size-large\"><img loading=\"lazy\" decoding=\"async\" width=\"700\" height=\"525\" data-id=\"5327\" src=\"https:\/\/rotary.zamosc.pl\/wp-content\/uploads\/2025\/03\/II-Seminarium-Razem-dla-zdrowia-psychicznego-dzieci-i-mlodziezy-05_03_2025-13-700x525.jpg\" alt=\"\" class=\"wp-image-5327\" srcset=\"https:\/\/rotary.zamosc.pl\/wp-content\/uploads\/2025\/03\/II-Seminarium-Razem-dla-zdrowia-psychicznego-dzieci-i-mlodziezy-05_03_2025-13-700x525.jpg 700w, https:\/\/rotary.zamosc.pl\/wp-content\/uploads\/2025\/03\/II-Seminarium-Razem-dla-zdrowia-psychicznego-dzieci-i-mlodziezy-05_03_2025-13-300x225.jpg 300w, https:\/\/rotary.zamosc.pl\/wp-content\/uploads\/2025\/03\/II-Seminarium-Razem-dla-zdrowia-psychicznego-dzieci-i-mlodziezy-05_03_2025-13-768x576.jpg 768w, https:\/\/rotary.zamosc.pl\/wp-content\/uploads\/2025\/03\/II-Seminarium-Razem-dla-zdrowia-psychicznego-dzieci-i-mlodziezy-05_03_2025-13-1536x1152.jpg 1536w, https:\/\/rotary.zamosc.pl\/wp-content\/uploads\/2025\/03\/II-Seminarium-Razem-dla-zdrowia-psychicznego-dzieci-i-mlodziezy-05_03_2025-13-800x600.jpg 800w, https:\/\/rotary.zamosc.pl\/wp-content\/uploads\/2025\/03\/II-Seminarium-Razem-dla-zdrowia-psychicznego-dzieci-i-mlodziezy-05_03_2025-13-80x60.jpg 80w, https:\/\/rotary.zamosc.pl\/wp-content\/uploads\/2025\/03\/II-Seminarium-Razem-dla-zdrowia-psychicznego-dzieci-i-mlodziezy-05_03_2025-13.jpg 2048w\" sizes=\"(max-width: 700px) 100vw, 700px\" \/><\/figure>\n\n\n\n<figure class=\"wp-block-image size-large\"><img loading=\"lazy\" decoding=\"async\" width=\"700\" height=\"933\" data-id=\"5318\" src=\"https:\/\/rotary.zamosc.pl\/wp-content\/uploads\/2025\/03\/II-Seminarium-Razem-dla-zdrowia-psychicznego-dzieci-i-mlodziezy-05_03_2025-4-700x933.jpg\" alt=\"\" class=\"wp-image-5318\" srcset=\"https:\/\/rotary.zamosc.pl\/wp-content\/uploads\/2025\/03\/II-Seminarium-Razem-dla-zdrowia-psychicznego-dzieci-i-mlodziezy-05_03_2025-4-700x933.jpg 700w, https:\/\/rotary.zamosc.pl\/wp-content\/uploads\/2025\/03\/II-Seminarium-Razem-dla-zdrowia-psychicznego-dzieci-i-mlodziezy-05_03_2025-4-225x300.jpg 225w, https:\/\/rotary.zamosc.pl\/wp-content\/uploads\/2025\/03\/II-Seminarium-Razem-dla-zdrowia-psychicznego-dzieci-i-mlodziezy-05_03_2025-4-768x1024.jpg 768w, https:\/\/rotary.zamosc.pl\/wp-content\/uploads\/2025\/03\/II-Seminarium-Razem-dla-zdrowia-psychicznego-dzieci-i-mlodziezy-05_03_2025-4-1152x1536.jpg 1152w, https:\/\/rotary.zamosc.pl\/wp-content\/uploads\/2025\/03\/II-Seminarium-Razem-dla-zdrowia-psychicznego-dzieci-i-mlodziezy-05_03_2025-4-800x1067.jpg 800w, https:\/\/rotary.zamosc.pl\/wp-content\/uploads\/2025\/03\/II-Seminarium-Razem-dla-zdrowia-psychicznego-dzieci-i-mlodziezy-05_03_2025-4.jpg 1536w\" sizes=\"(max-width: 700px) 100vw, 700px\" \/><\/figure>\n\n\n\n<figure class=\"wp-block-image size-large\"><img loading=\"lazy\" decoding=\"async\" width=\"700\" height=\"1346\" data-id=\"5319\" src=\"https:\/\/rotary.zamosc.pl\/wp-content\/uploads\/2025\/03\/II-Seminarium-Razem-dla-zdrowia-psychicznego-dzieci-i-mlodziezy-05_03_2025-5-700x1346.jpg\" alt=\"\" class=\"wp-image-5319\" srcset=\"https:\/\/rotary.zamosc.pl\/wp-content\/uploads\/2025\/03\/II-Seminarium-Razem-dla-zdrowia-psychicznego-dzieci-i-mlodziezy-05_03_2025-5-700x1346.jpg 700w, https:\/\/rotary.zamosc.pl\/wp-content\/uploads\/2025\/03\/II-Seminarium-Razem-dla-zdrowia-psychicznego-dzieci-i-mlodziezy-05_03_2025-5-156x300.jpg 156w, https:\/\/rotary.zamosc.pl\/wp-content\/uploads\/2025\/03\/II-Seminarium-Razem-dla-zdrowia-psychicznego-dzieci-i-mlodziezy-05_03_2025-5.jpg 736w\" sizes=\"(max-width: 700px) 100vw, 700px\" \/><\/figure>\n\n\n\n<figure class=\"wp-block-image size-large\"><img loading=\"lazy\" decoding=\"async\" width=\"700\" height=\"933\" data-id=\"5320\" src=\"https:\/\/rotary.zamosc.pl\/wp-content\/uploads\/2025\/03\/II-Seminarium-Razem-dla-zdrowia-psychicznego-dzieci-i-mlodziezy-05_03_2025-6-700x933.jpg\" alt=\"\" class=\"wp-image-5320\" srcset=\"https:\/\/rotary.zamosc.pl\/wp-content\/uploads\/2025\/03\/II-Seminarium-Razem-dla-zdrowia-psychicznego-dzieci-i-mlodziezy-05_03_2025-6-700x933.jpg 700w, https:\/\/rotary.zamosc.pl\/wp-content\/uploads\/2025\/03\/II-Seminarium-Razem-dla-zdrowia-psychicznego-dzieci-i-mlodziezy-05_03_2025-6-225x300.jpg 225w, https:\/\/rotary.zamosc.pl\/wp-content\/uploads\/2025\/03\/II-Seminarium-Razem-dla-zdrowia-psychicznego-dzieci-i-mlodziezy-05_03_2025-6-768x1024.jpg 768w, https:\/\/rotary.zamosc.pl\/wp-content\/uploads\/2025\/03\/II-Seminarium-Razem-dla-zdrowia-psychicznego-dzieci-i-mlodziezy-05_03_2025-6-1152x1536.jpg 1152w, https:\/\/rotary.zamosc.pl\/wp-content\/uploads\/2025\/03\/II-Seminarium-Razem-dla-zdrowia-psychicznego-dzieci-i-mlodziezy-05_03_2025-6-800x1067.jpg 800w, https:\/\/rotary.zamosc.pl\/wp-content\/uploads\/2025\/03\/II-Seminarium-Razem-dla-zdrowia-psychicznego-dzieci-i-mlodziezy-05_03_2025-6.jpg 1536w\" sizes=\"(max-width: 700px) 100vw, 700px\" \/><\/figure>\n\n\n\n<figure class=\"wp-block-image size-large\"><img loading=\"lazy\" decoding=\"async\" width=\"700\" height=\"525\" data-id=\"5321\" src=\"https:\/\/rotary.zamosc.pl\/wp-content\/uploads\/2025\/03\/II-Seminarium-Razem-dla-zdrowia-psychicznego-dzieci-i-mlodziezy-05_03_2025-7-700x525.jpg\" alt=\"\" class=\"wp-image-5321\" srcset=\"https:\/\/rotary.zamosc.pl\/wp-content\/uploads\/2025\/03\/II-Seminarium-Razem-dla-zdrowia-psychicznego-dzieci-i-mlodziezy-05_03_2025-7-700x525.jpg 700w, https:\/\/rotary.zamosc.pl\/wp-content\/uploads\/2025\/03\/II-Seminarium-Razem-dla-zdrowia-psychicznego-dzieci-i-mlodziezy-05_03_2025-7-300x225.jpg 300w, https:\/\/rotary.zamosc.pl\/wp-content\/uploads\/2025\/03\/II-Seminarium-Razem-dla-zdrowia-psychicznego-dzieci-i-mlodziezy-05_03_2025-7-768x576.jpg 768w, https:\/\/rotary.zamosc.pl\/wp-content\/uploads\/2025\/03\/II-Seminarium-Razem-dla-zdrowia-psychicznego-dzieci-i-mlodziezy-05_03_2025-7-1536x1152.jpg 1536w, https:\/\/rotary.zamosc.pl\/wp-content\/uploads\/2025\/03\/II-Seminarium-Razem-dla-zdrowia-psychicznego-dzieci-i-mlodziezy-05_03_2025-7-800x600.jpg 800w, https:\/\/rotary.zamosc.pl\/wp-content\/uploads\/2025\/03\/II-Seminarium-Razem-dla-zdrowia-psychicznego-dzieci-i-mlodziezy-05_03_2025-7-80x60.jpg 80w, https:\/\/rotary.zamosc.pl\/wp-content\/uploads\/2025\/03\/II-Seminarium-Razem-dla-zdrowia-psychicznego-dzieci-i-mlodziezy-05_03_2025-7.jpg 2048w\" sizes=\"(max-width: 700px) 100vw, 700px\" \/><\/figure>\n\n\n\n<figure class=\"wp-block-image size-large\"><img loading=\"lazy\" decoding=\"async\" width=\"700\" height=\"525\" data-id=\"5322\" src=\"https:\/\/rotary.zamosc.pl\/wp-content\/uploads\/2025\/03\/II-Seminarium-Razem-dla-zdrowia-psychicznego-dzieci-i-mlodziezy-05_03_2025-8-700x525.jpg\" alt=\"\" class=\"wp-image-5322\" srcset=\"https:\/\/rotary.zamosc.pl\/wp-content\/uploads\/2025\/03\/II-Seminarium-Razem-dla-zdrowia-psychicznego-dzieci-i-mlodziezy-05_03_2025-8-700x525.jpg 700w, https:\/\/rotary.zamosc.pl\/wp-content\/uploads\/2025\/03\/II-Seminarium-Razem-dla-zdrowia-psychicznego-dzieci-i-mlodziezy-05_03_2025-8-300x225.jpg 300w, https:\/\/rotary.zamosc.pl\/wp-content\/uploads\/2025\/03\/II-Seminarium-Razem-dla-zdrowia-psychicznego-dzieci-i-mlodziezy-05_03_2025-8-768x576.jpg 768w, https:\/\/rotary.zamosc.pl\/wp-content\/uploads\/2025\/03\/II-Seminarium-Razem-dla-zdrowia-psychicznego-dzieci-i-mlodziezy-05_03_2025-8-1536x1152.jpg 1536w, https:\/\/rotary.zamosc.pl\/wp-content\/uploads\/2025\/03\/II-Seminarium-Razem-dla-zdrowia-psychicznego-dzieci-i-mlodziezy-05_03_2025-8-800x600.jpg 800w, https:\/\/rotary.zamosc.pl\/wp-content\/uploads\/2025\/03\/II-Seminarium-Razem-dla-zdrowia-psychicznego-dzieci-i-mlodziezy-05_03_2025-8-80x60.jpg 80w, https:\/\/rotary.zamosc.pl\/wp-content\/uploads\/2025\/03\/II-Seminarium-Razem-dla-zdrowia-psychicznego-dzieci-i-mlodziezy-05_03_2025-8.jpg 2048w\" sizes=\"(max-width: 700px) 100vw, 700px\" \/><\/figure>\n\n\n\n<figure class=\"wp-block-image size-large\"><img loading=\"lazy\" decoding=\"async\" width=\"700\" height=\"525\" data-id=\"5323\" src=\"https:\/\/rotary.zamosc.pl\/wp-content\/uploads\/2025\/03\/II-Seminarium-Razem-dla-zdrowia-psychicznego-dzieci-i-mlodziezy-05_03_2025-9-700x525.jpg\" alt=\"\" class=\"wp-image-5323\" srcset=\"https:\/\/rotary.zamosc.pl\/wp-content\/uploads\/2025\/03\/II-Seminarium-Razem-dla-zdrowia-psychicznego-dzieci-i-mlodziezy-05_03_2025-9-700x525.jpg 700w, https:\/\/rotary.zamosc.pl\/wp-content\/uploads\/2025\/03\/II-Seminarium-Razem-dla-zdrowia-psychicznego-dzieci-i-mlodziezy-05_03_2025-9-300x225.jpg 300w, https:\/\/rotary.zamosc.pl\/wp-content\/uploads\/2025\/03\/II-Seminarium-Razem-dla-zdrowia-psychicznego-dzieci-i-mlodziezy-05_03_2025-9-768x576.jpg 768w, https:\/\/rotary.zamosc.pl\/wp-content\/uploads\/2025\/03\/II-Seminarium-Razem-dla-zdrowia-psychicznego-dzieci-i-mlodziezy-05_03_2025-9-1536x1152.jpg 1536w, https:\/\/rotary.zamosc.pl\/wp-content\/uploads\/2025\/03\/II-Seminarium-Razem-dla-zdrowia-psychicznego-dzieci-i-mlodziezy-05_03_2025-9-800x600.jpg 800w, https:\/\/rotary.zamosc.pl\/wp-content\/uploads\/2025\/03\/II-Seminarium-Razem-dla-zdrowia-psychicznego-dzieci-i-mlodziezy-05_03_2025-9-80x60.jpg 80w, https:\/\/rotary.zamosc.pl\/wp-content\/uploads\/2025\/03\/II-Seminarium-Razem-dla-zdrowia-psychicznego-dzieci-i-mlodziezy-05_03_2025-9.jpg 2048w\" sizes=\"(max-width: 700px) 100vw, 700px\" \/><\/figure>\n\n\n\n<figure class=\"wp-block-image size-large\"><img loading=\"lazy\" decoding=\"async\" width=\"700\" height=\"525\" data-id=\"5324\" src=\"https:\/\/rotary.zamosc.pl\/wp-content\/uploads\/2025\/03\/II-Seminarium-Razem-dla-zdrowia-psychicznego-dzieci-i-mlodziezy-05_03_2025-10-700x525.jpg\" alt=\"\" class=\"wp-image-5324\" srcset=\"https:\/\/rotary.zamosc.pl\/wp-content\/uploads\/2025\/03\/II-Seminarium-Razem-dla-zdrowia-psychicznego-dzieci-i-mlodziezy-05_03_2025-10-700x525.jpg 700w, https:\/\/rotary.zamosc.pl\/wp-content\/uploads\/2025\/03\/II-Seminarium-Razem-dla-zdrowia-psychicznego-dzieci-i-mlodziezy-05_03_2025-10-300x225.jpg 300w, https:\/\/rotary.zamosc.pl\/wp-content\/uploads\/2025\/03\/II-Seminarium-Razem-dla-zdrowia-psychicznego-dzieci-i-mlodziezy-05_03_2025-10-768x576.jpg 768w, https:\/\/rotary.zamosc.pl\/wp-content\/uploads\/2025\/03\/II-Seminarium-Razem-dla-zdrowia-psychicznego-dzieci-i-mlodziezy-05_03_2025-10-1536x1152.jpg 1536w, https:\/\/rotary.zamosc.pl\/wp-content\/uploads\/2025\/03\/II-Seminarium-Razem-dla-zdrowia-psychicznego-dzieci-i-mlodziezy-05_03_2025-10-800x600.jpg 800w, https:\/\/rotary.zamosc.pl\/wp-content\/uploads\/2025\/03\/II-Seminarium-Razem-dla-zdrowia-psychicznego-dzieci-i-mlodziezy-05_03_2025-10-80x60.jpg 80w, https:\/\/rotary.zamosc.pl\/wp-content\/uploads\/2025\/03\/II-Seminarium-Razem-dla-zdrowia-psychicznego-dzieci-i-mlodziezy-05_03_2025-10.jpg 2048w\" sizes=\"(max-width: 700px) 100vw, 700px\" \/><\/figure>\n\n\n\n<figure class=\"wp-block-image size-large\"><img loading=\"lazy\" decoding=\"async\" width=\"700\" height=\"525\" data-id=\"5325\" src=\"https:\/\/rotary.zamosc.pl\/wp-content\/uploads\/2025\/03\/II-Seminarium-Razem-dla-zdrowia-psychicznego-dzieci-i-mlodziezy-05_03_2025-11-700x525.jpg\" alt=\"\" class=\"wp-image-5325\" srcset=\"https:\/\/rotary.zamosc.pl\/wp-content\/uploads\/2025\/03\/II-Seminarium-Razem-dla-zdrowia-psychicznego-dzieci-i-mlodziezy-05_03_2025-11-700x525.jpg 700w, https:\/\/rotary.zamosc.pl\/wp-content\/uploads\/2025\/03\/II-Seminarium-Razem-dla-zdrowia-psychicznego-dzieci-i-mlodziezy-05_03_2025-11-300x225.jpg 300w, https:\/\/rotary.zamosc.pl\/wp-content\/uploads\/2025\/03\/II-Seminarium-Razem-dla-zdrowia-psychicznego-dzieci-i-mlodziezy-05_03_2025-11-768x576.jpg 768w, https:\/\/rotary.zamosc.pl\/wp-content\/uploads\/2025\/03\/II-Seminarium-Razem-dla-zdrowia-psychicznego-dzieci-i-mlodziezy-05_03_2025-11-1536x1152.jpg 1536w, https:\/\/rotary.zamosc.pl\/wp-content\/uploads\/2025\/03\/II-Seminarium-Razem-dla-zdrowia-psychicznego-dzieci-i-mlodziezy-05_03_2025-11-800x600.jpg 800w, https:\/\/rotary.zamosc.pl\/wp-content\/uploads\/2025\/03\/II-Seminarium-Razem-dla-zdrowia-psychicznego-dzieci-i-mlodziezy-05_03_2025-11-80x60.jpg 80w, https:\/\/rotary.zamosc.pl\/wp-content\/uploads\/2025\/03\/II-Seminarium-Razem-dla-zdrowia-psychicznego-dzieci-i-mlodziezy-05_03_2025-11.jpg 2048w\" sizes=\"(max-width: 700px) 100vw, 700px\" \/><\/figure>\n\n\n\n<figure class=\"wp-block-image size-large\"><img loading=\"lazy\" decoding=\"async\" width=\"700\" height=\"525\" data-id=\"5326\" src=\"https:\/\/rotary.zamosc.pl\/wp-content\/uploads\/2025\/03\/II-Seminarium-Razem-dla-zdrowia-psychicznego-dzieci-i-mlodziezy-05_03_2025-12-700x525.jpg\" alt=\"\" class=\"wp-image-5326\" srcset=\"https:\/\/rotary.zamosc.pl\/wp-content\/uploads\/2025\/03\/II-Seminarium-Razem-dla-zdrowia-psychicznego-dzieci-i-mlodziezy-05_03_2025-12-700x525.jpg 700w, https:\/\/rotary.zamosc.pl\/wp-content\/uploads\/2025\/03\/II-Seminarium-Razem-dla-zdrowia-psychicznego-dzieci-i-mlodziezy-05_03_2025-12-300x225.jpg 300w, https:\/\/rotary.zamosc.pl\/wp-content\/uploads\/2025\/03\/II-Seminarium-Razem-dla-zdrowia-psychicznego-dzieci-i-mlodziezy-05_03_2025-12-768x576.jpg 768w, https:\/\/rotary.zamosc.pl\/wp-content\/uploads\/2025\/03\/II-Seminarium-Razem-dla-zdrowia-psychicznego-dzieci-i-mlodziezy-05_03_2025-12-1536x1152.jpg 1536w, https:\/\/rotary.zamosc.pl\/wp-content\/uploads\/2025\/03\/II-Seminarium-Razem-dla-zdrowia-psychicznego-dzieci-i-mlodziezy-05_03_2025-12-800x600.jpg 800w, https:\/\/rotary.zamosc.pl\/wp-content\/uploads\/2025\/03\/II-Seminarium-Razem-dla-zdrowia-psychicznego-dzieci-i-mlodziezy-05_03_2025-12-80x60.jpg 80w, https:\/\/rotary.zamosc.pl\/wp-content\/uploads\/2025\/03\/II-Seminarium-Razem-dla-zdrowia-psychicznego-dzieci-i-mlodziezy-05_03_2025-12.jpg 2048w\" sizes=\"(max-width: 700px) 100vw, 700px\" \/><\/figure>\n\n\n\n<figure class=\"wp-block-image size-large\"><img loading=\"lazy\" decoding=\"async\" width=\"700\" height=\"933\" data-id=\"5317\" src=\"https:\/\/rotary.zamosc.pl\/wp-content\/uploads\/2025\/03\/II-Seminarium-Razem-dla-zdrowia-psychicznego-dzieci-i-mlodziezy-05_03_2025-3-700x933.jpg\" alt=\"\" class=\"wp-image-5317\" srcset=\"https:\/\/rotary.zamosc.pl\/wp-content\/uploads\/2025\/03\/II-Seminarium-Razem-dla-zdrowia-psychicznego-dzieci-i-mlodziezy-05_03_2025-3-700x933.jpg 700w, https:\/\/rotary.zamosc.pl\/wp-content\/uploads\/2025\/03\/II-Seminarium-Razem-dla-zdrowia-psychicznego-dzieci-i-mlodziezy-05_03_2025-3-225x300.jpg 225w, https:\/\/rotary.zamosc.pl\/wp-content\/uploads\/2025\/03\/II-Seminarium-Razem-dla-zdrowia-psychicznego-dzieci-i-mlodziezy-05_03_2025-3-768x1024.jpg 768w, https:\/\/rotary.zamosc.pl\/wp-content\/uploads\/2025\/03\/II-Seminarium-Razem-dla-zdrowia-psychicznego-dzieci-i-mlodziezy-05_03_2025-3-1152x1536.jpg 1152w, https:\/\/rotary.zamosc.pl\/wp-content\/uploads\/2025\/03\/II-Seminarium-Razem-dla-zdrowia-psychicznego-dzieci-i-mlodziezy-05_03_2025-3-800x1067.jpg 800w, https:\/\/rotary.zamosc.pl\/wp-content\/uploads\/2025\/03\/II-Seminarium-Razem-dla-zdrowia-psychicznego-dzieci-i-mlodziezy-05_03_2025-3.jpg 1536w\" sizes=\"(max-width: 700px) 100vw, 700px\" \/><\/figure>\n\n\n\n<figure class=\"wp-block-image size-large\"><img loading=\"lazy\" decoding=\"async\" width=\"700\" height=\"525\" data-id=\"5316\" src=\"https:\/\/rotary.zamosc.pl\/wp-content\/uploads\/2025\/03\/II-Seminarium-Razem-dla-zdrowia-psychicznego-dzieci-i-mlodziezy-05_03_2025-2-700x525.jpg\" alt=\"\" class=\"wp-image-5316\" srcset=\"https:\/\/rotary.zamosc.pl\/wp-content\/uploads\/2025\/03\/II-Seminarium-Razem-dla-zdrowia-psychicznego-dzieci-i-mlodziezy-05_03_2025-2-700x525.jpg 700w, https:\/\/rotary.zamosc.pl\/wp-content\/uploads\/2025\/03\/II-Seminarium-Razem-dla-zdrowia-psychicznego-dzieci-i-mlodziezy-05_03_2025-2-300x225.jpg 300w, https:\/\/rotary.zamosc.pl\/wp-content\/uploads\/2025\/03\/II-Seminarium-Razem-dla-zdrowia-psychicznego-dzieci-i-mlodziezy-05_03_2025-2-768x576.jpg 768w, https:\/\/rotary.zamosc.pl\/wp-content\/uploads\/2025\/03\/II-Seminarium-Razem-dla-zdrowia-psychicznego-dzieci-i-mlodziezy-05_03_2025-2-1536x1152.jpg 1536w, https:\/\/rotary.zamosc.pl\/wp-content\/uploads\/2025\/03\/II-Seminarium-Razem-dla-zdrowia-psychicznego-dzieci-i-mlodziezy-05_03_2025-2-800x600.jpg 800w, https:\/\/rotary.zamosc.pl\/wp-content\/uploads\/2025\/03\/II-Seminarium-Razem-dla-zdrowia-psychicznego-dzieci-i-mlodziezy-05_03_2025-2-80x60.jpg 80w, https:\/\/rotary.zamosc.pl\/wp-content\/uploads\/2025\/03\/II-Seminarium-Razem-dla-zdrowia-psychicznego-dzieci-i-mlodziezy-05_03_2025-2.jpg 2048w\" sizes=\"(max-width: 700px) 100vw, 700px\" \/><\/figure>\n\n\n\n<figure class=\"wp-block-image size-large\"><img loading=\"lazy\" decoding=\"async\" width=\"700\" height=\"618\" data-id=\"5315\" src=\"https:\/\/rotary.zamosc.pl\/wp-content\/uploads\/2025\/03\/II-Seminarium-Razem-dla-zdrowia-psychicznego-dzieci-i-mlodziezy-05_03_2025-1-700x618.jpg\" alt=\"\" class=\"wp-image-5315\" srcset=\"https:\/\/rotary.zamosc.pl\/wp-content\/uploads\/2025\/03\/II-Seminarium-Razem-dla-zdrowia-psychicznego-dzieci-i-mlodziezy-05_03_2025-1-700x618.jpg 700w, https:\/\/rotary.zamosc.pl\/wp-content\/uploads\/2025\/03\/II-Seminarium-Razem-dla-zdrowia-psychicznego-dzieci-i-mlodziezy-05_03_2025-1-300x265.jpg 300w, https:\/\/rotary.zamosc.pl\/wp-content\/uploads\/2025\/03\/II-Seminarium-Razem-dla-zdrowia-psychicznego-dzieci-i-mlodziezy-05_03_2025-1-768x678.jpg 768w, https:\/\/rotary.zamosc.pl\/wp-content\/uploads\/2025\/03\/II-Seminarium-Razem-dla-zdrowia-psychicznego-dzieci-i-mlodziezy-05_03_2025-1-1536x1356.jpg 1536w, https:\/\/rotary.zamosc.pl\/wp-content\/uploads\/2025\/03\/II-Seminarium-Razem-dla-zdrowia-psychicznego-dzieci-i-mlodziezy-05_03_2025-1-800x706.jpg 800w, https:\/\/rotary.zamosc.pl\/wp-content\/uploads\/2025\/03\/II-Seminarium-Razem-dla-zdrowia-psychicznego-dzieci-i-mlodziezy-05_03_2025-1.jpg 2048w\" sizes=\"(max-width: 700px) 100vw, 700px\" \/><\/figure>\n<\/figure>\n","protected":false},"excerpt":{"rendered":"<p>5 marca w Zamojskim Domu Kultury odby\u0142o si\u0119 seminarium b\u0119d\u0105ce kontynuacj\u0105 rozpocz\u0119tego przed rokiem projektu, zmierzaj\u0105cego do skonsolidowania dzia\u0142a\u0144 wielu os\u00f3b, instytucji i organizacji przejmuj\u0105cych si\u0119 problemami zaburze\u0144 zdrowia psychicznego m\u0142odych ludzi. Organizatorem II Seminarium pod nazw\u0105 \u201eRazem dla zdrowia psychicznego dzieci i m\u0142odzie\u017cy\u201d by\u0142 Rotary Club Zamo\u015b\u0107 we wsp\u00f3\u0142pracy z Uniwersytetem Medycznym w Lublinie&#8230;<\/p>\n","protected":false},"author":1,"featured_media":5317,"comment_status":"open","ping_status":"open","sticky":false,"template":"","format":"standard","meta":{"footnotes":""},"categories":[19,22],"tags":[],"class_list":["post-6247","post","type-post","status-publish","format-standard","has-post-thumbnail","hentry","category-19","category-seminaria"],"rttpg_featured_image_url":{"full":["https:\/\/rotary.zamosc.pl\/wp-content\/uploads\/2025\/03\/II-Seminarium-Razem-dla-zdrowia-psychicznego-dzieci-i-mlodziezy-05_03_2025-3.jpg",1536,2048,false],"landscape":["https:\/\/rotary.zamosc.pl\/wp-content\/uploads\/2025\/03\/II-Seminarium-Razem-dla-zdrowia-psychicznego-dzieci-i-mlodziezy-05_03_2025-3.jpg",1536,2048,false],"portraits":["https:\/\/rotary.zamosc.pl\/wp-content\/uploads\/2025\/03\/II-Seminarium-Razem-dla-zdrowia-psychicznego-dzieci-i-mlodziezy-05_03_2025-3.jpg",1536,2048,false],"thumbnail":["https:\/\/rotary.zamosc.pl\/wp-content\/uploads\/2025\/03\/II-Seminarium-Razem-dla-zdrowia-psychicznego-dzieci-i-mlodziezy-05_03_2025-3-150x150.jpg",150,150,true],"medium":["https:\/\/rotary.zamosc.pl\/wp-content\/uploads\/2025\/03\/II-Seminarium-Razem-dla-zdrowia-psychicznego-dzieci-i-mlodziezy-05_03_2025-3-225x300.jpg",225,300,true],"large":["https:\/\/rotary.zamosc.pl\/wp-content\/uploads\/2025\/03\/II-Seminarium-Razem-dla-zdrowia-psychicznego-dzieci-i-mlodziezy-05_03_2025-3-700x933.jpg",700,933,true],"1536x1536":["https:\/\/rotary.zamosc.pl\/wp-content\/uploads\/2025\/03\/II-Seminarium-Razem-dla-zdrowia-psychicznego-dzieci-i-mlodziezy-05_03_2025-3-1152x1536.jpg",1152,1536,true],"2048x2048":["https:\/\/rotary.zamosc.pl\/wp-content\/uploads\/2025\/03\/II-Seminarium-Razem-dla-zdrowia-psychicznego-dzieci-i-mlodziezy-05_03_2025-3.jpg",1536,2048,false],"post-thumbnail":["https:\/\/rotary.zamosc.pl\/wp-content\/uploads\/2025\/03\/II-Seminarium-Razem-dla-zdrowia-psychicznego-dzieci-i-mlodziezy-05_03_2025-3-800x1067.jpg",800,1067,true],"graphy-post-thumbnail-large":["https:\/\/rotary.zamosc.pl\/wp-content\/uploads\/2025\/03\/II-Seminarium-Razem-dla-zdrowia-psychicznego-dzieci-i-mlodziezy-05_03_2025-3-1080x600.jpg",1080,600,true],"graphy-post-thumbnail-medium":["https:\/\/rotary.zamosc.pl\/wp-content\/uploads\/2025\/03\/II-Seminarium-Razem-dla-zdrowia-psychicznego-dzieci-i-mlodziezy-05_03_2025-3-482x300.jpg",482,300,true],"graphy-post-thumbnail-small":["https:\/\/rotary.zamosc.pl\/wp-content\/uploads\/2025\/03\/II-Seminarium-Razem-dla-zdrowia-psychicznego-dzieci-i-mlodziezy-05_03_2025-3-80x60.jpg",80,60,true],"graphy-page-thumbnail":["https:\/\/rotary.zamosc.pl\/wp-content\/uploads\/2025\/03\/II-Seminarium-Razem-dla-zdrowia-psychicznego-dzieci-i-mlodziezy-05_03_2025-3-1260x350.jpg",1260,350,true],"sow-carousel-default":["https:\/\/rotary.zamosc.pl\/wp-content\/uploads\/2025\/03\/II-Seminarium-Razem-dla-zdrowia-psychicznego-dzieci-i-mlodziezy-05_03_2025-3-272x182.jpg",272,182,true]},"rttpg_author":{"display_name":"rotaryzamosc","author_link":"https:\/\/rotary.zamosc.pl\/index.php\/author\/rotaryzamosc\/"},"rttpg_comment":0,"rttpg_category":"<a href=\"https:\/\/rotary.zamosc.pl\/index.php\/category\/2025\/\" rel=\"category tag\">2025<\/a> <a href=\"https:\/\/rotary.zamosc.pl\/index.php\/category\/seminaria\/\" rel=\"category tag\">Seminaria<\/a>","rttpg_excerpt":"5 marca w Zamojskim Domu Kultury odby\u0142o si\u0119 seminarium b\u0119d\u0105ce kontynuacj\u0105 rozpocz\u0119tego przed rokiem projektu, zmierzaj\u0105cego do skonsolidowania dzia\u0142a\u0144 wielu os\u00f3b, instytucji i organizacji przejmuj\u0105cych si\u0119 problemami zaburze\u0144 zdrowia psychicznego m\u0142odych ludzi. Organizatorem II Seminarium pod nazw\u0105 \u201eRazem dla zdrowia psychicznego dzieci i m\u0142odzie\u017cy\u201d by\u0142 Rotary Club Zamo\u015b\u0107 we wsp\u00f3\u0142pracy z Uniwersytetem Medycznym w Lublinie...","_links":{"self":[{"href":"https:\/\/rotary.zamosc.pl\/index.php\/wp-json\/wp\/v2\/posts\/6247","targetHints":{"allow":["GET"]}}],"collection":[{"href":"https:\/\/rotary.zamosc.pl\/index.php\/wp-json\/wp\/v2\/posts"}],"about":[{"href":"https:\/\/rotary.zamosc.pl\/index.php\/wp-json\/wp\/v2\/types\/post"}],"author":[{"embeddable":true,"href":"https:\/\/rotary.zamosc.pl\/index.php\/wp-json\/wp\/v2\/users\/1"}],"replies":[{"embeddable":true,"href":"https:\/\/rotary.zamosc.pl\/index.php\/wp-json\/wp\/v2\/comments?post=6247"}],"version-history":[{"count":1,"href":"https:\/\/rotary.zamosc.pl\/index.php\/wp-json\/wp\/v2\/posts\/6247\/revisions"}],"predecessor-version":[{"id":6248,"href":"https:\/\/rotary.zamosc.pl\/index.php\/wp-json\/wp\/v2\/posts\/6247\/revisions\/6248"}],"wp:featuredmedia":[{"embeddable":true,"href":"https:\/\/rotary.zamosc.pl\/index.php\/wp-json\/wp\/v2\/media\/5317"}],"wp:attachment":[{"href":"https:\/\/rotary.zamosc.pl\/index.php\/wp-json\/wp\/v2\/media?parent=6247"}],"wp:term":[{"taxonomy":"category","embeddable":true,"href":"https:\/\/rotary.zamosc.pl\/index.php\/wp-json\/wp\/v2\/categories?post=6247"},{"taxonomy":"post_tag","embeddable":true,"href":"https:\/\/rotary.zamosc.pl\/index.php\/wp-json\/wp\/v2\/tags?post=6247"}],"curies":[{"name":"wp","href":"https:\/\/api.w.org\/{rel}","templated":true}]}}