{"id":6249,"date":"2025-01-29T11:05:31","date_gmt":"2025-01-29T10:05:31","guid":{"rendered":"https:\/\/rotary.zamosc.pl\/?p=6249"},"modified":"2026-02-16T11:08:14","modified_gmt":"2026-02-16T10:08:14","slug":"koncert-noworoczny-w-panstwowej-szkole-muzycznej-i-i-ii-stopnia-im-k-szymanowskiego-w-zamosciu","status":"publish","type":"post","link":"https:\/\/rotary.zamosc.pl\/index.php\/2025\/01\/29\/koncert-noworoczny-w-panstwowej-szkole-muzycznej-i-i-ii-stopnia-im-k-szymanowskiego-w-zamosciu\/","title":{"rendered":"Koncert Noworoczny w Pa\u0144stwowej Szkole Muzycznej I i II stopnia im. K. Szymanowskiego w Zamo\u015bciu"},"content":{"rendered":"\n<p class=\"wp-block-paragraph\">Dzisiaj uczestniczyli\u015bmy w Koncercie Noworocznym w Pa\u0144stwowej Szkole Myzycznej I i II stopnia im. K. Szymanowskiego w Zamo\u015bciu, kt\u00f3rego wys\u0142uchali\u015bmy z wielk\u0105 przyjemno\u015bci\u0105. Po przywitaniu widz\u00f3w przez dyretor szko\u0142y Alicj\u0119 S\u0142upsk\u0105, zaprezentowa\u0142 si\u0119 ch\u00f3r prowadzony przez S\u0142awomira Szurka, kt\u00f3ry za\u015bpiewa\u0142 3 kol\u0119dy, potem ucze\u0144 klasy organ\u00f3w prowadzonej przez Tomasza B\u0119benka, Dawid Szwal zagra\u0142 na organach kol\u0119d\u0119 Tryumfy Kr\u00f3la Niebieskiego. Kolejna cz\u0119\u015b\u0107 koncertu to wyst\u0119py solowe wokalist\u00f3w i instrumentalist\u00f3w z towarzyszeniem Big Bandu pod dyr. Waldemara Sk\u00f3ry w repertuarze klasycznym i rozrywkowym.<\/p>\n\n\n\n<p class=\"wp-block-paragraph\">Tradycyjnie wr\u0119czyli\u015bmy 2 stypendia po 1500 z\u0142otych, a otrzymali je wybitnie utalentowani uczniowie: Kacper Le\u0144czuk z klasy saksofonu oraz siostry Natalia i Julia Paku\u0142a tworz\u0105ce duet fortepianowy. Gratulujemy i \u017cyczymy kolejnych sukces\u00f3w!<\/p>\n\n\n\n<figure class=\"wp-block-gallery has-nested-images columns-1 is-cropped wp-block-gallery-1 is-layout-flex wp-block-gallery-is-layout-flex\">\n<figure class=\"wp-block-image size-large\"><img fetchpriority=\"high\" decoding=\"async\" width=\"700\" height=\"597\" data-id=\"5191\" src=\"https:\/\/rotary.zamosc.pl\/wp-content\/uploads\/2025\/02\/Koncert-Noworoczny-w-Panstwowej-Szkole-Myzycznej-I-i-II-stopnia-im.-K.-Szymanowskiego-w-Zamosciu-2025-9-700x597.jpg\" alt=\"\" class=\"wp-image-5191\" srcset=\"https:\/\/rotary.zamosc.pl\/wp-content\/uploads\/2025\/02\/Koncert-Noworoczny-w-Panstwowej-Szkole-Myzycznej-I-i-II-stopnia-im.-K.-Szymanowskiego-w-Zamosciu-2025-9-700x597.jpg 700w, https:\/\/rotary.zamosc.pl\/wp-content\/uploads\/2025\/02\/Koncert-Noworoczny-w-Panstwowej-Szkole-Myzycznej-I-i-II-stopnia-im.-K.-Szymanowskiego-w-Zamosciu-2025-9-300x256.jpg 300w, https:\/\/rotary.zamosc.pl\/wp-content\/uploads\/2025\/02\/Koncert-Noworoczny-w-Panstwowej-Szkole-Myzycznej-I-i-II-stopnia-im.-K.-Szymanowskiego-w-Zamosciu-2025-9-768x655.jpg 768w, https:\/\/rotary.zamosc.pl\/wp-content\/uploads\/2025\/02\/Koncert-Noworoczny-w-Panstwowej-Szkole-Myzycznej-I-i-II-stopnia-im.-K.-Szymanowskiego-w-Zamosciu-2025-9-1536x1310.jpg 1536w, https:\/\/rotary.zamosc.pl\/wp-content\/uploads\/2025\/02\/Koncert-Noworoczny-w-Panstwowej-Szkole-Myzycznej-I-i-II-stopnia-im.-K.-Szymanowskiego-w-Zamosciu-2025-9-800x682.jpg 800w, https:\/\/rotary.zamosc.pl\/wp-content\/uploads\/2025\/02\/Koncert-Noworoczny-w-Panstwowej-Szkole-Myzycznej-I-i-II-stopnia-im.-K.-Szymanowskiego-w-Zamosciu-2025-9.jpg 2048w\" sizes=\"(max-width: 700px) 100vw, 700px\" \/><\/figure>\n\n\n\n<figure class=\"wp-block-image size-large\"><img decoding=\"async\" width=\"700\" height=\"770\" data-id=\"5190\" src=\"https:\/\/rotary.zamosc.pl\/wp-content\/uploads\/2025\/02\/Koncert-Noworoczny-w-Panstwowej-Szkole-Myzycznej-I-i-II-stopnia-im.-K.-Szymanowskiego-w-Zamosciu-2025-8-700x770.jpg\" alt=\"\" class=\"wp-image-5190\" srcset=\"https:\/\/rotary.zamosc.pl\/wp-content\/uploads\/2025\/02\/Koncert-Noworoczny-w-Panstwowej-Szkole-Myzycznej-I-i-II-stopnia-im.-K.-Szymanowskiego-w-Zamosciu-2025-8-700x770.jpg 700w, https:\/\/rotary.zamosc.pl\/wp-content\/uploads\/2025\/02\/Koncert-Noworoczny-w-Panstwowej-Szkole-Myzycznej-I-i-II-stopnia-im.-K.-Szymanowskiego-w-Zamosciu-2025-8-273x300.jpg 273w, https:\/\/rotary.zamosc.pl\/wp-content\/uploads\/2025\/02\/Koncert-Noworoczny-w-Panstwowej-Szkole-Myzycznej-I-i-II-stopnia-im.-K.-Szymanowskiego-w-Zamosciu-2025-8-768x845.jpg 768w, https:\/\/rotary.zamosc.pl\/wp-content\/uploads\/2025\/02\/Koncert-Noworoczny-w-Panstwowej-Szkole-Myzycznej-I-i-II-stopnia-im.-K.-Szymanowskiego-w-Zamosciu-2025-8-1396x1536.jpg 1396w, https:\/\/rotary.zamosc.pl\/wp-content\/uploads\/2025\/02\/Koncert-Noworoczny-w-Panstwowej-Szkole-Myzycznej-I-i-II-stopnia-im.-K.-Szymanowskiego-w-Zamosciu-2025-8-800x880.jpg 800w, https:\/\/rotary.zamosc.pl\/wp-content\/uploads\/2025\/02\/Koncert-Noworoczny-w-Panstwowej-Szkole-Myzycznej-I-i-II-stopnia-im.-K.-Szymanowskiego-w-Zamosciu-2025-8.jpg 1861w\" sizes=\"(max-width: 700px) 100vw, 700px\" \/><\/figure>\n\n\n\n<figure class=\"wp-block-image size-large\"><img decoding=\"async\" width=\"700\" height=\"525\" data-id=\"5189\" src=\"https:\/\/rotary.zamosc.pl\/wp-content\/uploads\/2025\/02\/Koncert-Noworoczny-w-Panstwowej-Szkole-Myzycznej-I-i-II-stopnia-im.-K.-Szymanowskiego-w-Zamosciu-2025-7-700x525.jpg\" alt=\"\" class=\"wp-image-5189\" srcset=\"https:\/\/rotary.zamosc.pl\/wp-content\/uploads\/2025\/02\/Koncert-Noworoczny-w-Panstwowej-Szkole-Myzycznej-I-i-II-stopnia-im.-K.-Szymanowskiego-w-Zamosciu-2025-7-700x525.jpg 700w, https:\/\/rotary.zamosc.pl\/wp-content\/uploads\/2025\/02\/Koncert-Noworoczny-w-Panstwowej-Szkole-Myzycznej-I-i-II-stopnia-im.-K.-Szymanowskiego-w-Zamosciu-2025-7-300x225.jpg 300w, https:\/\/rotary.zamosc.pl\/wp-content\/uploads\/2025\/02\/Koncert-Noworoczny-w-Panstwowej-Szkole-Myzycznej-I-i-II-stopnia-im.-K.-Szymanowskiego-w-Zamosciu-2025-7-768x576.jpg 768w, https:\/\/rotary.zamosc.pl\/wp-content\/uploads\/2025\/02\/Koncert-Noworoczny-w-Panstwowej-Szkole-Myzycznej-I-i-II-stopnia-im.-K.-Szymanowskiego-w-Zamosciu-2025-7-1536x1152.jpg 1536w, https:\/\/rotary.zamosc.pl\/wp-content\/uploads\/2025\/02\/Koncert-Noworoczny-w-Panstwowej-Szkole-Myzycznej-I-i-II-stopnia-im.-K.-Szymanowskiego-w-Zamosciu-2025-7-800x600.jpg 800w, https:\/\/rotary.zamosc.pl\/wp-content\/uploads\/2025\/02\/Koncert-Noworoczny-w-Panstwowej-Szkole-Myzycznej-I-i-II-stopnia-im.-K.-Szymanowskiego-w-Zamosciu-2025-7-80x60.jpg 80w, https:\/\/rotary.zamosc.pl\/wp-content\/uploads\/2025\/02\/Koncert-Noworoczny-w-Panstwowej-Szkole-Myzycznej-I-i-II-stopnia-im.-K.-Szymanowskiego-w-Zamosciu-2025-7.jpg 2048w\" sizes=\"(max-width: 700px) 100vw, 700px\" \/><\/figure>\n\n\n\n<figure class=\"wp-block-image size-large\"><img loading=\"lazy\" decoding=\"async\" width=\"700\" height=\"975\" data-id=\"5188\" src=\"https:\/\/rotary.zamosc.pl\/wp-content\/uploads\/2025\/02\/Koncert-Noworoczny-w-Panstwowej-Szkole-Myzycznej-I-i-II-stopnia-im.-K.-Szymanowskiego-w-Zamosciu-2025-6-700x975.jpg\" alt=\"\" class=\"wp-image-5188\" srcset=\"https:\/\/rotary.zamosc.pl\/wp-content\/uploads\/2025\/02\/Koncert-Noworoczny-w-Panstwowej-Szkole-Myzycznej-I-i-II-stopnia-im.-K.-Szymanowskiego-w-Zamosciu-2025-6-700x975.jpg 700w, https:\/\/rotary.zamosc.pl\/wp-content\/uploads\/2025\/02\/Koncert-Noworoczny-w-Panstwowej-Szkole-Myzycznej-I-i-II-stopnia-im.-K.-Szymanowskiego-w-Zamosciu-2025-6-215x300.jpg 215w, https:\/\/rotary.zamosc.pl\/wp-content\/uploads\/2025\/02\/Koncert-Noworoczny-w-Panstwowej-Szkole-Myzycznej-I-i-II-stopnia-im.-K.-Szymanowskiego-w-Zamosciu-2025-6-768x1069.jpg 768w, https:\/\/rotary.zamosc.pl\/wp-content\/uploads\/2025\/02\/Koncert-Noworoczny-w-Panstwowej-Szkole-Myzycznej-I-i-II-stopnia-im.-K.-Szymanowskiego-w-Zamosciu-2025-6-1103x1536.jpg 1103w, https:\/\/rotary.zamosc.pl\/wp-content\/uploads\/2025\/02\/Koncert-Noworoczny-w-Panstwowej-Szkole-Myzycznej-I-i-II-stopnia-im.-K.-Szymanowskiego-w-Zamosciu-2025-6-800x1114.jpg 800w, https:\/\/rotary.zamosc.pl\/wp-content\/uploads\/2025\/02\/Koncert-Noworoczny-w-Panstwowej-Szkole-Myzycznej-I-i-II-stopnia-im.-K.-Szymanowskiego-w-Zamosciu-2025-6.jpg 1471w\" sizes=\"(max-width: 700px) 100vw, 700px\" \/><\/figure>\n\n\n\n<figure class=\"wp-block-image size-large\"><img loading=\"lazy\" decoding=\"async\" width=\"700\" height=\"933\" data-id=\"5187\" src=\"https:\/\/rotary.zamosc.pl\/wp-content\/uploads\/2025\/02\/Koncert-Noworoczny-w-Panstwowej-Szkole-Myzycznej-I-i-II-stopnia-im.-K.-Szymanowskiego-w-Zamosciu-2025-5-700x933.jpg\" alt=\"\" class=\"wp-image-5187\" srcset=\"https:\/\/rotary.zamosc.pl\/wp-content\/uploads\/2025\/02\/Koncert-Noworoczny-w-Panstwowej-Szkole-Myzycznej-I-i-II-stopnia-im.-K.-Szymanowskiego-w-Zamosciu-2025-5-700x933.jpg 700w, https:\/\/rotary.zamosc.pl\/wp-content\/uploads\/2025\/02\/Koncert-Noworoczny-w-Panstwowej-Szkole-Myzycznej-I-i-II-stopnia-im.-K.-Szymanowskiego-w-Zamosciu-2025-5-225x300.jpg 225w, https:\/\/rotary.zamosc.pl\/wp-content\/uploads\/2025\/02\/Koncert-Noworoczny-w-Panstwowej-Szkole-Myzycznej-I-i-II-stopnia-im.-K.-Szymanowskiego-w-Zamosciu-2025-5-768x1024.jpg 768w, https:\/\/rotary.zamosc.pl\/wp-content\/uploads\/2025\/02\/Koncert-Noworoczny-w-Panstwowej-Szkole-Myzycznej-I-i-II-stopnia-im.-K.-Szymanowskiego-w-Zamosciu-2025-5-1152x1536.jpg 1152w, https:\/\/rotary.zamosc.pl\/wp-content\/uploads\/2025\/02\/Koncert-Noworoczny-w-Panstwowej-Szkole-Myzycznej-I-i-II-stopnia-im.-K.-Szymanowskiego-w-Zamosciu-2025-5-800x1067.jpg 800w, https:\/\/rotary.zamosc.pl\/wp-content\/uploads\/2025\/02\/Koncert-Noworoczny-w-Panstwowej-Szkole-Myzycznej-I-i-II-stopnia-im.-K.-Szymanowskiego-w-Zamosciu-2025-5.jpg 1536w\" sizes=\"(max-width: 700px) 100vw, 700px\" \/><\/figure>\n\n\n\n<figure class=\"wp-block-image size-large\"><img loading=\"lazy\" decoding=\"async\" width=\"700\" height=\"490\" data-id=\"5185\" src=\"https:\/\/rotary.zamosc.pl\/wp-content\/uploads\/2025\/02\/Koncert-Noworoczny-w-Panstwowej-Szkole-Myzycznej-I-i-II-stopnia-im.-K.-Szymanowskiego-w-Zamosciu-2025-3-700x490.jpg\" alt=\"\" class=\"wp-image-5185\" srcset=\"https:\/\/rotary.zamosc.pl\/wp-content\/uploads\/2025\/02\/Koncert-Noworoczny-w-Panstwowej-Szkole-Myzycznej-I-i-II-stopnia-im.-K.-Szymanowskiego-w-Zamosciu-2025-3-700x490.jpg 700w, https:\/\/rotary.zamosc.pl\/wp-content\/uploads\/2025\/02\/Koncert-Noworoczny-w-Panstwowej-Szkole-Myzycznej-I-i-II-stopnia-im.-K.-Szymanowskiego-w-Zamosciu-2025-3-300x210.jpg 300w, https:\/\/rotary.zamosc.pl\/wp-content\/uploads\/2025\/02\/Koncert-Noworoczny-w-Panstwowej-Szkole-Myzycznej-I-i-II-stopnia-im.-K.-Szymanowskiego-w-Zamosciu-2025-3-768x537.jpg 768w, https:\/\/rotary.zamosc.pl\/wp-content\/uploads\/2025\/02\/Koncert-Noworoczny-w-Panstwowej-Szkole-Myzycznej-I-i-II-stopnia-im.-K.-Szymanowskiego-w-Zamosciu-2025-3-1536x1075.jpg 1536w, https:\/\/rotary.zamosc.pl\/wp-content\/uploads\/2025\/02\/Koncert-Noworoczny-w-Panstwowej-Szkole-Myzycznej-I-i-II-stopnia-im.-K.-Szymanowskiego-w-Zamosciu-2025-3-800x560.jpg 800w, https:\/\/rotary.zamosc.pl\/wp-content\/uploads\/2025\/02\/Koncert-Noworoczny-w-Panstwowej-Szkole-Myzycznej-I-i-II-stopnia-im.-K.-Szymanowskiego-w-Zamosciu-2025-3.jpg 2048w\" sizes=\"(max-width: 700px) 100vw, 700px\" \/><\/figure>\n\n\n\n<figure class=\"wp-block-image size-large\"><img loading=\"lazy\" decoding=\"async\" width=\"700\" height=\"525\" data-id=\"5184\" src=\"https:\/\/rotary.zamosc.pl\/wp-content\/uploads\/2025\/02\/Koncert-Noworoczny-w-Panstwowej-Szkole-Myzycznej-I-i-II-stopnia-im.-K.-Szymanowskiego-w-Zamosciu-2025-2-700x525.jpg\" alt=\"\" class=\"wp-image-5184\" srcset=\"https:\/\/rotary.zamosc.pl\/wp-content\/uploads\/2025\/02\/Koncert-Noworoczny-w-Panstwowej-Szkole-Myzycznej-I-i-II-stopnia-im.-K.-Szymanowskiego-w-Zamosciu-2025-2-700x525.jpg 700w, https:\/\/rotary.zamosc.pl\/wp-content\/uploads\/2025\/02\/Koncert-Noworoczny-w-Panstwowej-Szkole-Myzycznej-I-i-II-stopnia-im.-K.-Szymanowskiego-w-Zamosciu-2025-2-300x225.jpg 300w, https:\/\/rotary.zamosc.pl\/wp-content\/uploads\/2025\/02\/Koncert-Noworoczny-w-Panstwowej-Szkole-Myzycznej-I-i-II-stopnia-im.-K.-Szymanowskiego-w-Zamosciu-2025-2-768x576.jpg 768w, https:\/\/rotary.zamosc.pl\/wp-content\/uploads\/2025\/02\/Koncert-Noworoczny-w-Panstwowej-Szkole-Myzycznej-I-i-II-stopnia-im.-K.-Szymanowskiego-w-Zamosciu-2025-2-1536x1152.jpg 1536w, https:\/\/rotary.zamosc.pl\/wp-content\/uploads\/2025\/02\/Koncert-Noworoczny-w-Panstwowej-Szkole-Myzycznej-I-i-II-stopnia-im.-K.-Szymanowskiego-w-Zamosciu-2025-2-800x600.jpg 800w, https:\/\/rotary.zamosc.pl\/wp-content\/uploads\/2025\/02\/Koncert-Noworoczny-w-Panstwowej-Szkole-Myzycznej-I-i-II-stopnia-im.-K.-Szymanowskiego-w-Zamosciu-2025-2-80x60.jpg 80w, https:\/\/rotary.zamosc.pl\/wp-content\/uploads\/2025\/02\/Koncert-Noworoczny-w-Panstwowej-Szkole-Myzycznej-I-i-II-stopnia-im.-K.-Szymanowskiego-w-Zamosciu-2025-2.jpg 2048w\" sizes=\"(max-width: 700px) 100vw, 700px\" \/><\/figure>\n\n\n\n<figure class=\"wp-block-image size-large\"><img loading=\"lazy\" decoding=\"async\" width=\"700\" height=\"933\" data-id=\"5183\" src=\"https:\/\/rotary.zamosc.pl\/wp-content\/uploads\/2025\/02\/Koncert-Noworoczny-w-Panstwowej-Szkole-Myzycznej-I-i-II-stopnia-im.-K.-Szymanowskiego-w-Zamosciu-2025-1-700x933.jpg\" alt=\"\" class=\"wp-image-5183\" srcset=\"https:\/\/rotary.zamosc.pl\/wp-content\/uploads\/2025\/02\/Koncert-Noworoczny-w-Panstwowej-Szkole-Myzycznej-I-i-II-stopnia-im.-K.-Szymanowskiego-w-Zamosciu-2025-1-700x933.jpg 700w, https:\/\/rotary.zamosc.pl\/wp-content\/uploads\/2025\/02\/Koncert-Noworoczny-w-Panstwowej-Szkole-Myzycznej-I-i-II-stopnia-im.-K.-Szymanowskiego-w-Zamosciu-2025-1-225x300.jpg 225w, https:\/\/rotary.zamosc.pl\/wp-content\/uploads\/2025\/02\/Koncert-Noworoczny-w-Panstwowej-Szkole-Myzycznej-I-i-II-stopnia-im.-K.-Szymanowskiego-w-Zamosciu-2025-1-768x1024.jpg 768w, https:\/\/rotary.zamosc.pl\/wp-content\/uploads\/2025\/02\/Koncert-Noworoczny-w-Panstwowej-Szkole-Myzycznej-I-i-II-stopnia-im.-K.-Szymanowskiego-w-Zamosciu-2025-1-1152x1536.jpg 1152w, https:\/\/rotary.zamosc.pl\/wp-content\/uploads\/2025\/02\/Koncert-Noworoczny-w-Panstwowej-Szkole-Myzycznej-I-i-II-stopnia-im.-K.-Szymanowskiego-w-Zamosciu-2025-1-800x1067.jpg 800w, https:\/\/rotary.zamosc.pl\/wp-content\/uploads\/2025\/02\/Koncert-Noworoczny-w-Panstwowej-Szkole-Myzycznej-I-i-II-stopnia-im.-K.-Szymanowskiego-w-Zamosciu-2025-1.jpg 1536w\" sizes=\"(max-width: 700px) 100vw, 700px\" \/><\/figure>\n<\/figure>\n","protected":false},"excerpt":{"rendered":"<p>Dzisiaj uczestniczyli\u015bmy w Koncercie Noworocznym w Pa\u0144stwowej Szkole Myzycznej I i II stopnia im. K. Szymanowskiego w Zamo\u015bciu, kt\u00f3rego wys\u0142uchali\u015bmy z wielk\u0105 przyjemno\u015bci\u0105. Po przywitaniu widz\u00f3w przez dyretor szko\u0142y Alicj\u0119 S\u0142upsk\u0105, zaprezentowa\u0142 si\u0119 ch\u00f3r prowadzony przez S\u0142awomira Szurka, kt\u00f3ry za\u015bpiewa\u0142 3 kol\u0119dy, potem ucze\u0144 klasy organ\u00f3w prowadzonej przez Tomasza B\u0119benka, Dawid Szwal zagra\u0142 na organach&#8230;<\/p>\n","protected":false},"author":1,"featured_media":5186,"comment_status":"open","ping_status":"open","sticky":false,"template":"","format":"standard","meta":{"footnotes":""},"categories":[19,17],"tags":[],"class_list":["post-6249","post","type-post","status-publish","format-standard","has-post-thumbnail","hentry","category-19","category-stypendia"],"rttpg_featured_image_url":{"full":["https:\/\/rotary.zamosc.pl\/wp-content\/uploads\/2025\/02\/Koncert-Noworoczny-w-Panstwowej-Szkole-Myzycznej-I-i-II-stopnia-im.-K.-Szymanowskiego-w-Zamosciu-2025-4.jpg",1667,2048,false],"landscape":["https:\/\/rotary.zamosc.pl\/wp-content\/uploads\/2025\/02\/Koncert-Noworoczny-w-Panstwowej-Szkole-Myzycznej-I-i-II-stopnia-im.-K.-Szymanowskiego-w-Zamosciu-2025-4.jpg",1667,2048,false],"portraits":["https:\/\/rotary.zamosc.pl\/wp-content\/uploads\/2025\/02\/Koncert-Noworoczny-w-Panstwowej-Szkole-Myzycznej-I-i-II-stopnia-im.-K.-Szymanowskiego-w-Zamosciu-2025-4.jpg",1667,2048,false],"thumbnail":["https:\/\/rotary.zamosc.pl\/wp-content\/uploads\/2025\/02\/Koncert-Noworoczny-w-Panstwowej-Szkole-Myzycznej-I-i-II-stopnia-im.-K.-Szymanowskiego-w-Zamosciu-2025-4-150x150.jpg",150,150,true],"medium":["https:\/\/rotary.zamosc.pl\/wp-content\/uploads\/2025\/02\/Koncert-Noworoczny-w-Panstwowej-Szkole-Myzycznej-I-i-II-stopnia-im.-K.-Szymanowskiego-w-Zamosciu-2025-4-244x300.jpg",244,300,true],"large":["https:\/\/rotary.zamosc.pl\/wp-content\/uploads\/2025\/02\/Koncert-Noworoczny-w-Panstwowej-Szkole-Myzycznej-I-i-II-stopnia-im.-K.-Szymanowskiego-w-Zamosciu-2025-4-700x860.jpg",700,860,true],"1536x1536":["https:\/\/rotary.zamosc.pl\/wp-content\/uploads\/2025\/02\/Koncert-Noworoczny-w-Panstwowej-Szkole-Myzycznej-I-i-II-stopnia-im.-K.-Szymanowskiego-w-Zamosciu-2025-4-1250x1536.jpg",1250,1536,true],"2048x2048":["https:\/\/rotary.zamosc.pl\/wp-content\/uploads\/2025\/02\/Koncert-Noworoczny-w-Panstwowej-Szkole-Myzycznej-I-i-II-stopnia-im.-K.-Szymanowskiego-w-Zamosciu-2025-4.jpg",1667,2048,false],"post-thumbnail":["https:\/\/rotary.zamosc.pl\/wp-content\/uploads\/2025\/02\/Koncert-Noworoczny-w-Panstwowej-Szkole-Myzycznej-I-i-II-stopnia-im.-K.-Szymanowskiego-w-Zamosciu-2025-4-800x983.jpg",800,983,true],"graphy-post-thumbnail-large":["https:\/\/rotary.zamosc.pl\/wp-content\/uploads\/2025\/02\/Koncert-Noworoczny-w-Panstwowej-Szkole-Myzycznej-I-i-II-stopnia-im.-K.-Szymanowskiego-w-Zamosciu-2025-4-1080x600.jpg",1080,600,true],"graphy-post-thumbnail-medium":["https:\/\/rotary.zamosc.pl\/wp-content\/uploads\/2025\/02\/Koncert-Noworoczny-w-Panstwowej-Szkole-Myzycznej-I-i-II-stopnia-im.-K.-Szymanowskiego-w-Zamosciu-2025-4-482x300.jpg",482,300,true],"graphy-post-thumbnail-small":["https:\/\/rotary.zamosc.pl\/wp-content\/uploads\/2025\/02\/Koncert-Noworoczny-w-Panstwowej-Szkole-Myzycznej-I-i-II-stopnia-im.-K.-Szymanowskiego-w-Zamosciu-2025-4-80x60.jpg",80,60,true],"graphy-page-thumbnail":["https:\/\/rotary.zamosc.pl\/wp-content\/uploads\/2025\/02\/Koncert-Noworoczny-w-Panstwowej-Szkole-Myzycznej-I-i-II-stopnia-im.-K.-Szymanowskiego-w-Zamosciu-2025-4-1260x350.jpg",1260,350,true],"sow-carousel-default":["https:\/\/rotary.zamosc.pl\/wp-content\/uploads\/2025\/02\/Koncert-Noworoczny-w-Panstwowej-Szkole-Myzycznej-I-i-II-stopnia-im.-K.-Szymanowskiego-w-Zamosciu-2025-4-272x182.jpg",272,182,true]},"rttpg_author":{"display_name":"rotaryzamosc","author_link":"https:\/\/rotary.zamosc.pl\/index.php\/author\/rotaryzamosc\/"},"rttpg_comment":0,"rttpg_category":"<a href=\"https:\/\/rotary.zamosc.pl\/index.php\/category\/2025\/\" rel=\"category tag\">2025<\/a> <a href=\"https:\/\/rotary.zamosc.pl\/index.php\/category\/stypendia\/\" rel=\"category tag\">Stypendia<\/a>","rttpg_excerpt":"Dzisiaj uczestniczyli\u015bmy w Koncercie Noworocznym w Pa\u0144stwowej Szkole Myzycznej I i II stopnia im. K. Szymanowskiego w Zamo\u015bciu, kt\u00f3rego wys\u0142uchali\u015bmy z wielk\u0105 przyjemno\u015bci\u0105. Po przywitaniu widz\u00f3w przez dyretor szko\u0142y Alicj\u0119 S\u0142upsk\u0105, zaprezentowa\u0142 si\u0119 ch\u00f3r prowadzony przez S\u0142awomira Szurka, kt\u00f3ry za\u015bpiewa\u0142 3 kol\u0119dy, potem ucze\u0144 klasy organ\u00f3w prowadzonej przez Tomasza B\u0119benka, Dawid Szwal zagra\u0142 na organach...","_links":{"self":[{"href":"https:\/\/rotary.zamosc.pl\/index.php\/wp-json\/wp\/v2\/posts\/6249","targetHints":{"allow":["GET"]}}],"collection":[{"href":"https:\/\/rotary.zamosc.pl\/index.php\/wp-json\/wp\/v2\/posts"}],"about":[{"href":"https:\/\/rotary.zamosc.pl\/index.php\/wp-json\/wp\/v2\/types\/post"}],"author":[{"embeddable":true,"href":"https:\/\/rotary.zamosc.pl\/index.php\/wp-json\/wp\/v2\/users\/1"}],"replies":[{"embeddable":true,"href":"https:\/\/rotary.zamosc.pl\/index.php\/wp-json\/wp\/v2\/comments?post=6249"}],"version-history":[{"count":1,"href":"https:\/\/rotary.zamosc.pl\/index.php\/wp-json\/wp\/v2\/posts\/6249\/revisions"}],"predecessor-version":[{"id":6250,"href":"https:\/\/rotary.zamosc.pl\/index.php\/wp-json\/wp\/v2\/posts\/6249\/revisions\/6250"}],"wp:featuredmedia":[{"embeddable":true,"href":"https:\/\/rotary.zamosc.pl\/index.php\/wp-json\/wp\/v2\/media\/5186"}],"wp:attachment":[{"href":"https:\/\/rotary.zamosc.pl\/index.php\/wp-json\/wp\/v2\/media?parent=6249"}],"wp:term":[{"taxonomy":"category","embeddable":true,"href":"https:\/\/rotary.zamosc.pl\/index.php\/wp-json\/wp\/v2\/categories?post=6249"},{"taxonomy":"post_tag","embeddable":true,"href":"https:\/\/rotary.zamosc.pl\/index.php\/wp-json\/wp\/v2\/tags?post=6249"}],"curies":[{"name":"wp","href":"https:\/\/api.w.org\/{rel}","templated":true}]}}