{"id":6276,"date":"2025-01-08T11:47:06","date_gmt":"2025-01-08T10:47:06","guid":{"rendered":"https:\/\/rotary.zamosc.pl\/?p=6276"},"modified":"2026-02-16T11:48:36","modified_gmt":"2026-02-16T10:48:36","slug":"zaproszenie-na-seminarium-razem-dla-zdrowia-psychicznego-dzieci-i-mlodziezy","status":"publish","type":"post","link":"https:\/\/rotary.zamosc.pl\/index.php\/2025\/01\/08\/zaproszenie-na-seminarium-razem-dla-zdrowia-psychicznego-dzieci-i-mlodziezy\/","title":{"rendered":"Zaproszenie na Seminarium &#8222;Razem dla zdrowia psychicznego dzieci i m\u0142odzie\u017cy&#8221;"},"content":{"rendered":"\n<p class=\"wp-block-paragraph\">Wiosn\u0105 2024 roku w Zamo\u015bciu odby\u0142a si\u0119 pierwsza edycja seminarium po\u015bwi\u0119conego zdrowiu psychicznemu dzieci i<\/p>\n\n\n\n<p class=\"wp-block-paragraph\">m\u0142odzie\u017cy. Wydarzenie spotka\u0142o si\u0119 z bardzo wysok\u0105 ocen\u0105 merytoryczn\u0105 zar\u00f3wno \u015brodowiska rotaria\u0144skiego, jak i medycznego i pedagogicznego.<\/p>\n\n\n\n<p class=\"wp-block-paragraph\">Z dum\u0105 informujemy, i\u017c Rotary Club Zamo\u015b\u0107 razem z Uniwersytetem Medycznym w Lublinie organizuje drug\u0105 edycj\u0119 seminarium , kt\u00f3re odb\u0119dzie si\u0119 5 marca 2025 roku w Zamojskim Domu Kultury.<\/p>\n\n\n\n<p class=\"wp-block-paragraph\">Patronat honorowy sprawuj\u0105:<\/p>\n\n\n\n<p class=\"wp-block-paragraph\">Gubernator Rotary Polska Dystrykt 2231 Krystyna Baj-Pawluk<\/p>\n\n\n\n<p class=\"wp-block-paragraph\">J.M. Rektor UM w Lublinie, Prof. dr hab. Wojciech Za\u0142uska<\/p>\n\n\n\n<p class=\"wp-block-paragraph\">Serdecznie zapraszamy<\/p>\n\n\n\n<p class=\"wp-block-paragraph\">Bogdan Szyma\u0144ski<\/p>\n\n\n\n<p class=\"wp-block-paragraph\">Prezydent RC Zamo\u015b\u0107<\/p>\n\n\n\n<figure class=\"wp-block-gallery has-nested-images columns-1 is-cropped wp-block-gallery-1 is-layout-flex wp-block-gallery-is-layout-flex\">\n<figure class=\"wp-block-image size-large\"><img fetchpriority=\"high\" decoding=\"async\" width=\"663\" height=\"917\" data-id=\"5145\" src=\"https:\/\/rotary.zamosc.pl\/wp-content\/uploads\/2025\/01\/seminarium-zamosc-02.png\" alt=\"\" class=\"wp-image-5145\" srcset=\"https:\/\/rotary.zamosc.pl\/wp-content\/uploads\/2025\/01\/seminarium-zamosc-02.png 663w, https:\/\/rotary.zamosc.pl\/wp-content\/uploads\/2025\/01\/seminarium-zamosc-02-217x300.png 217w\" sizes=\"(max-width: 663px) 100vw, 663px\" \/><\/figure>\n\n\n\n<figure class=\"wp-block-image size-large\"><img decoding=\"async\" width=\"665\" height=\"941\" data-id=\"5144\" src=\"https:\/\/rotary.zamosc.pl\/wp-content\/uploads\/2025\/01\/seminarium-zamosc-01.png\" alt=\"\" class=\"wp-image-5144\" srcset=\"https:\/\/rotary.zamosc.pl\/wp-content\/uploads\/2025\/01\/seminarium-zamosc-01.png 665w, https:\/\/rotary.zamosc.pl\/wp-content\/uploads\/2025\/01\/seminarium-zamosc-01-212x300.png 212w\" sizes=\"(max-width: 665px) 100vw, 665px\" \/><\/figure>\n\n\n\n<figure class=\"wp-block-image size-large\"><img decoding=\"async\" width=\"700\" height=\"438\" data-id=\"5140\" src=\"https:\/\/rotary.zamosc.pl\/wp-content\/uploads\/2025\/01\/2-seminarium-zamosc-800x500-1-700x438.png\" alt=\"\" class=\"wp-image-5140\" srcset=\"https:\/\/rotary.zamosc.pl\/wp-content\/uploads\/2025\/01\/2-seminarium-zamosc-800x500-1-700x438.png 700w, https:\/\/rotary.zamosc.pl\/wp-content\/uploads\/2025\/01\/2-seminarium-zamosc-800x500-1-300x188.png 300w, https:\/\/rotary.zamosc.pl\/wp-content\/uploads\/2025\/01\/2-seminarium-zamosc-800x500-1-768x480.png 768w, https:\/\/rotary.zamosc.pl\/wp-content\/uploads\/2025\/01\/2-seminarium-zamosc-800x500-1.png 800w\" sizes=\"(max-width: 700px) 100vw, 700px\" \/><\/figure>\n<\/figure>\n","protected":false},"excerpt":{"rendered":"<p>Wiosn\u0105 2024 roku w Zamo\u015bciu odby\u0142a si\u0119 pierwsza edycja seminarium po\u015bwi\u0119conego zdrowiu psychicznemu dzieci i m\u0142odzie\u017cy. Wydarzenie spotka\u0142o si\u0119 z bardzo wysok\u0105 ocen\u0105 merytoryczn\u0105 zar\u00f3wno \u015brodowiska rotaria\u0144skiego, jak i medycznego i pedagogicznego. Z dum\u0105 informujemy, i\u017c Rotary Club Zamo\u015b\u0107 razem z Uniwersytetem Medycznym w Lublinie organizuje drug\u0105 edycj\u0119 seminarium , kt\u00f3re odb\u0119dzie si\u0119 5 marca&#8230;<\/p>\n","protected":false},"author":1,"featured_media":5146,"comment_status":"open","ping_status":"open","sticky":false,"template":"","format":"standard","meta":{"footnotes":""},"categories":[19,22],"tags":[],"class_list":["post-6276","post","type-post","status-publish","format-standard","has-post-thumbnail","hentry","category-19","category-seminaria"],"rttpg_featured_image_url":{"full":["https:\/\/rotary.zamosc.pl\/wp-content\/uploads\/2025\/01\/seminarium-zamosc-03.png",664,942,false],"landscape":["https:\/\/rotary.zamosc.pl\/wp-content\/uploads\/2025\/01\/seminarium-zamosc-03.png",664,942,false],"portraits":["https:\/\/rotary.zamosc.pl\/wp-content\/uploads\/2025\/01\/seminarium-zamosc-03.png",664,942,false],"thumbnail":["https:\/\/rotary.zamosc.pl\/wp-content\/uploads\/2025\/01\/seminarium-zamosc-03-150x150.png",150,150,true],"medium":["https:\/\/rotary.zamosc.pl\/wp-content\/uploads\/2025\/01\/seminarium-zamosc-03-211x300.png",211,300,true],"large":["https:\/\/rotary.zamosc.pl\/wp-content\/uploads\/2025\/01\/seminarium-zamosc-03.png",664,942,false],"1536x1536":["https:\/\/rotary.zamosc.pl\/wp-content\/uploads\/2025\/01\/seminarium-zamosc-03.png",664,942,false],"2048x2048":["https:\/\/rotary.zamosc.pl\/wp-content\/uploads\/2025\/01\/seminarium-zamosc-03.png",664,942,false],"post-thumbnail":["https:\/\/rotary.zamosc.pl\/wp-content\/uploads\/2025\/01\/seminarium-zamosc-03.png",664,942,false],"graphy-post-thumbnail-large":["https:\/\/rotary.zamosc.pl\/wp-content\/uploads\/2025\/01\/seminarium-zamosc-03-664x600.png",664,600,true],"graphy-post-thumbnail-medium":["https:\/\/rotary.zamosc.pl\/wp-content\/uploads\/2025\/01\/seminarium-zamosc-03-482x300.png",482,300,true],"graphy-post-thumbnail-small":["https:\/\/rotary.zamosc.pl\/wp-content\/uploads\/2025\/01\/seminarium-zamosc-03-80x60.png",80,60,true],"graphy-page-thumbnail":["https:\/\/rotary.zamosc.pl\/wp-content\/uploads\/2025\/01\/seminarium-zamosc-03-664x350.png",664,350,true],"sow-carousel-default":["https:\/\/rotary.zamosc.pl\/wp-content\/uploads\/2025\/01\/seminarium-zamosc-03-272x182.png",272,182,true]},"rttpg_author":{"display_name":"rotaryzamosc","author_link":"https:\/\/rotary.zamosc.pl\/index.php\/author\/rotaryzamosc\/"},"rttpg_comment":0,"rttpg_category":"<a href=\"https:\/\/rotary.zamosc.pl\/index.php\/category\/2025\/\" rel=\"category tag\">2025<\/a> <a href=\"https:\/\/rotary.zamosc.pl\/index.php\/category\/seminaria\/\" rel=\"category tag\">Seminaria<\/a>","rttpg_excerpt":"Wiosn\u0105 2024 roku w Zamo\u015bciu odby\u0142a si\u0119 pierwsza edycja seminarium po\u015bwi\u0119conego zdrowiu psychicznemu dzieci i m\u0142odzie\u017cy. Wydarzenie spotka\u0142o si\u0119 z bardzo wysok\u0105 ocen\u0105 merytoryczn\u0105 zar\u00f3wno \u015brodowiska rotaria\u0144skiego, jak i medycznego i pedagogicznego. Z dum\u0105 informujemy, i\u017c Rotary Club Zamo\u015b\u0107 razem z Uniwersytetem Medycznym w Lublinie organizuje drug\u0105 edycj\u0119 seminarium , kt\u00f3re odb\u0119dzie si\u0119 5 marca...","_links":{"self":[{"href":"https:\/\/rotary.zamosc.pl\/index.php\/wp-json\/wp\/v2\/posts\/6276","targetHints":{"allow":["GET"]}}],"collection":[{"href":"https:\/\/rotary.zamosc.pl\/index.php\/wp-json\/wp\/v2\/posts"}],"about":[{"href":"https:\/\/rotary.zamosc.pl\/index.php\/wp-json\/wp\/v2\/types\/post"}],"author":[{"embeddable":true,"href":"https:\/\/rotary.zamosc.pl\/index.php\/wp-json\/wp\/v2\/users\/1"}],"replies":[{"embeddable":true,"href":"https:\/\/rotary.zamosc.pl\/index.php\/wp-json\/wp\/v2\/comments?post=6276"}],"version-history":[{"count":1,"href":"https:\/\/rotary.zamosc.pl\/index.php\/wp-json\/wp\/v2\/posts\/6276\/revisions"}],"predecessor-version":[{"id":6277,"href":"https:\/\/rotary.zamosc.pl\/index.php\/wp-json\/wp\/v2\/posts\/6276\/revisions\/6277"}],"wp:featuredmedia":[{"embeddable":true,"href":"https:\/\/rotary.zamosc.pl\/index.php\/wp-json\/wp\/v2\/media\/5146"}],"wp:attachment":[{"href":"https:\/\/rotary.zamosc.pl\/index.php\/wp-json\/wp\/v2\/media?parent=6276"}],"wp:term":[{"taxonomy":"category","embeddable":true,"href":"https:\/\/rotary.zamosc.pl\/index.php\/wp-json\/wp\/v2\/categories?post=6276"},{"taxonomy":"post_tag","embeddable":true,"href":"https:\/\/rotary.zamosc.pl\/index.php\/wp-json\/wp\/v2\/tags?post=6276"}],"curies":[{"name":"wp","href":"https:\/\/api.w.org\/{rel}","templated":true}]}}