{"id":6345,"date":"2024-12-03T08:21:00","date_gmt":"2024-12-03T07:21:00","guid":{"rendered":"https:\/\/rotary.zamosc.pl\/?p=6345"},"modified":"2026-02-20T08:23:46","modified_gmt":"2026-02-20T07:23:46","slug":"zamojscy-rotarianie-na-swiecie-niepodleglosci-w-polskiej-szkole-sobotniej-w-kolomyi","status":"publish","type":"post","link":"https:\/\/rotary.zamosc.pl\/index.php\/2024\/12\/03\/zamojscy-rotarianie-na-swiecie-niepodleglosci-w-polskiej-szkole-sobotniej-w-kolomyi\/","title":{"rendered":"Zamojscy rotarianie na \u015awi\u0119cie Niepodleg\u0142o\u015bci w Polskiej Szkole Sobotniej w Ko\u0142omyi"},"content":{"rendered":"\n<figure class=\"wp-block-gallery has-nested-images columns-1 is-cropped wp-block-gallery-1 is-layout-flex wp-block-gallery-is-layout-flex\">\n<figure class=\"wp-block-image size-large\"><img fetchpriority=\"high\" decoding=\"async\" width=\"700\" height=\"525\" data-id=\"5018\" src=\"https:\/\/rotary.zamosc.pl\/wp-content\/uploads\/2024\/11\/Zamojscy-rotarianie-na-Swiecie-Niepodleglosci-w-Polskiej-Szkole-Sobotniej-w-Kolomyi-13-700x525.jpg\" alt=\"\" class=\"wp-image-5018\" srcset=\"https:\/\/rotary.zamosc.pl\/wp-content\/uploads\/2024\/11\/Zamojscy-rotarianie-na-Swiecie-Niepodleglosci-w-Polskiej-Szkole-Sobotniej-w-Kolomyi-13-700x525.jpg 700w, https:\/\/rotary.zamosc.pl\/wp-content\/uploads\/2024\/11\/Zamojscy-rotarianie-na-Swiecie-Niepodleglosci-w-Polskiej-Szkole-Sobotniej-w-Kolomyi-13-300x225.jpg 300w, https:\/\/rotary.zamosc.pl\/wp-content\/uploads\/2024\/11\/Zamojscy-rotarianie-na-Swiecie-Niepodleglosci-w-Polskiej-Szkole-Sobotniej-w-Kolomyi-13-768x576.jpg 768w, https:\/\/rotary.zamosc.pl\/wp-content\/uploads\/2024\/11\/Zamojscy-rotarianie-na-Swiecie-Niepodleglosci-w-Polskiej-Szkole-Sobotniej-w-Kolomyi-13-1536x1152.jpg 1536w, https:\/\/rotary.zamosc.pl\/wp-content\/uploads\/2024\/11\/Zamojscy-rotarianie-na-Swiecie-Niepodleglosci-w-Polskiej-Szkole-Sobotniej-w-Kolomyi-13-800x600.jpg 800w, https:\/\/rotary.zamosc.pl\/wp-content\/uploads\/2024\/11\/Zamojscy-rotarianie-na-Swiecie-Niepodleglosci-w-Polskiej-Szkole-Sobotniej-w-Kolomyi-13-80x60.jpg 80w, https:\/\/rotary.zamosc.pl\/wp-content\/uploads\/2024\/11\/Zamojscy-rotarianie-na-Swiecie-Niepodleglosci-w-Polskiej-Szkole-Sobotniej-w-Kolomyi-13.jpg 1600w\" sizes=\"(max-width: 700px) 100vw, 700px\" \/><\/figure>\n\n\n\n<figure class=\"wp-block-image size-large\"><img decoding=\"async\" width=\"700\" height=\"525\" data-id=\"5017\" src=\"https:\/\/rotary.zamosc.pl\/wp-content\/uploads\/2024\/11\/Zamojscy-rotarianie-na-Swiecie-Niepodleglosci-w-Polskiej-Szkole-Sobotniej-w-Kolomyi-12-700x525.jpg\" alt=\"\" class=\"wp-image-5017\" srcset=\"https:\/\/rotary.zamosc.pl\/wp-content\/uploads\/2024\/11\/Zamojscy-rotarianie-na-Swiecie-Niepodleglosci-w-Polskiej-Szkole-Sobotniej-w-Kolomyi-12-700x525.jpg 700w, https:\/\/rotary.zamosc.pl\/wp-content\/uploads\/2024\/11\/Zamojscy-rotarianie-na-Swiecie-Niepodleglosci-w-Polskiej-Szkole-Sobotniej-w-Kolomyi-12-300x225.jpg 300w, https:\/\/rotary.zamosc.pl\/wp-content\/uploads\/2024\/11\/Zamojscy-rotarianie-na-Swiecie-Niepodleglosci-w-Polskiej-Szkole-Sobotniej-w-Kolomyi-12-768x576.jpg 768w, https:\/\/rotary.zamosc.pl\/wp-content\/uploads\/2024\/11\/Zamojscy-rotarianie-na-Swiecie-Niepodleglosci-w-Polskiej-Szkole-Sobotniej-w-Kolomyi-12-1536x1152.jpg 1536w, https:\/\/rotary.zamosc.pl\/wp-content\/uploads\/2024\/11\/Zamojscy-rotarianie-na-Swiecie-Niepodleglosci-w-Polskiej-Szkole-Sobotniej-w-Kolomyi-12-800x600.jpg 800w, https:\/\/rotary.zamosc.pl\/wp-content\/uploads\/2024\/11\/Zamojscy-rotarianie-na-Swiecie-Niepodleglosci-w-Polskiej-Szkole-Sobotniej-w-Kolomyi-12-80x60.jpg 80w, https:\/\/rotary.zamosc.pl\/wp-content\/uploads\/2024\/11\/Zamojscy-rotarianie-na-Swiecie-Niepodleglosci-w-Polskiej-Szkole-Sobotniej-w-Kolomyi-12.jpg 1600w\" sizes=\"(max-width: 700px) 100vw, 700px\" \/><\/figure>\n\n\n\n<figure class=\"wp-block-image size-large\"><img decoding=\"async\" width=\"700\" height=\"933\" data-id=\"5016\" src=\"https:\/\/rotary.zamosc.pl\/wp-content\/uploads\/2024\/11\/Zamojscy-rotarianie-na-Swiecie-Niepodleglosci-w-Polskiej-Szkole-Sobotniej-w-Kolomyi-11-700x933.jpg\" alt=\"\" class=\"wp-image-5016\" srcset=\"https:\/\/rotary.zamosc.pl\/wp-content\/uploads\/2024\/11\/Zamojscy-rotarianie-na-Swiecie-Niepodleglosci-w-Polskiej-Szkole-Sobotniej-w-Kolomyi-11-700x933.jpg 700w, https:\/\/rotary.zamosc.pl\/wp-content\/uploads\/2024\/11\/Zamojscy-rotarianie-na-Swiecie-Niepodleglosci-w-Polskiej-Szkole-Sobotniej-w-Kolomyi-11-225x300.jpg 225w, https:\/\/rotary.zamosc.pl\/wp-content\/uploads\/2024\/11\/Zamojscy-rotarianie-na-Swiecie-Niepodleglosci-w-Polskiej-Szkole-Sobotniej-w-Kolomyi-11-768x1024.jpg 768w, https:\/\/rotary.zamosc.pl\/wp-content\/uploads\/2024\/11\/Zamojscy-rotarianie-na-Swiecie-Niepodleglosci-w-Polskiej-Szkole-Sobotniej-w-Kolomyi-11-1152x1536.jpg 1152w, https:\/\/rotary.zamosc.pl\/wp-content\/uploads\/2024\/11\/Zamojscy-rotarianie-na-Swiecie-Niepodleglosci-w-Polskiej-Szkole-Sobotniej-w-Kolomyi-11-800x1067.jpg 800w, https:\/\/rotary.zamosc.pl\/wp-content\/uploads\/2024\/11\/Zamojscy-rotarianie-na-Swiecie-Niepodleglosci-w-Polskiej-Szkole-Sobotniej-w-Kolomyi-11.jpg 1200w\" sizes=\"(max-width: 700px) 100vw, 700px\" \/><\/figure>\n\n\n\n<figure class=\"wp-block-image size-large\"><img loading=\"lazy\" decoding=\"async\" width=\"700\" height=\"933\" data-id=\"5015\" src=\"https:\/\/rotary.zamosc.pl\/wp-content\/uploads\/2024\/11\/Zamojscy-rotarianie-na-Swiecie-Niepodleglosci-w-Polskiej-Szkole-Sobotniej-w-Kolomyi-10-700x933.jpg\" alt=\"\" class=\"wp-image-5015\" srcset=\"https:\/\/rotary.zamosc.pl\/wp-content\/uploads\/2024\/11\/Zamojscy-rotarianie-na-Swiecie-Niepodleglosci-w-Polskiej-Szkole-Sobotniej-w-Kolomyi-10-700x933.jpg 700w, https:\/\/rotary.zamosc.pl\/wp-content\/uploads\/2024\/11\/Zamojscy-rotarianie-na-Swiecie-Niepodleglosci-w-Polskiej-Szkole-Sobotniej-w-Kolomyi-10-225x300.jpg 225w, https:\/\/rotary.zamosc.pl\/wp-content\/uploads\/2024\/11\/Zamojscy-rotarianie-na-Swiecie-Niepodleglosci-w-Polskiej-Szkole-Sobotniej-w-Kolomyi-10-768x1024.jpg 768w, https:\/\/rotary.zamosc.pl\/wp-content\/uploads\/2024\/11\/Zamojscy-rotarianie-na-Swiecie-Niepodleglosci-w-Polskiej-Szkole-Sobotniej-w-Kolomyi-10-1152x1536.jpg 1152w, https:\/\/rotary.zamosc.pl\/wp-content\/uploads\/2024\/11\/Zamojscy-rotarianie-na-Swiecie-Niepodleglosci-w-Polskiej-Szkole-Sobotniej-w-Kolomyi-10-800x1067.jpg 800w, https:\/\/rotary.zamosc.pl\/wp-content\/uploads\/2024\/11\/Zamojscy-rotarianie-na-Swiecie-Niepodleglosci-w-Polskiej-Szkole-Sobotniej-w-Kolomyi-10.jpg 1200w\" sizes=\"(max-width: 700px) 100vw, 700px\" \/><\/figure>\n\n\n\n<figure class=\"wp-block-image size-large\"><img loading=\"lazy\" decoding=\"async\" width=\"700\" height=\"933\" data-id=\"5014\" src=\"https:\/\/rotary.zamosc.pl\/wp-content\/uploads\/2024\/11\/Zamojscy-rotarianie-na-Swiecie-Niepodleglosci-w-Polskiej-Szkole-Sobotniej-w-Kolomyi-9-700x933.jpg\" alt=\"\" class=\"wp-image-5014\" srcset=\"https:\/\/rotary.zamosc.pl\/wp-content\/uploads\/2024\/11\/Zamojscy-rotarianie-na-Swiecie-Niepodleglosci-w-Polskiej-Szkole-Sobotniej-w-Kolomyi-9-700x933.jpg 700w, https:\/\/rotary.zamosc.pl\/wp-content\/uploads\/2024\/11\/Zamojscy-rotarianie-na-Swiecie-Niepodleglosci-w-Polskiej-Szkole-Sobotniej-w-Kolomyi-9-225x300.jpg 225w, https:\/\/rotary.zamosc.pl\/wp-content\/uploads\/2024\/11\/Zamojscy-rotarianie-na-Swiecie-Niepodleglosci-w-Polskiej-Szkole-Sobotniej-w-Kolomyi-9-768x1024.jpg 768w, https:\/\/rotary.zamosc.pl\/wp-content\/uploads\/2024\/11\/Zamojscy-rotarianie-na-Swiecie-Niepodleglosci-w-Polskiej-Szkole-Sobotniej-w-Kolomyi-9-1152x1536.jpg 1152w, https:\/\/rotary.zamosc.pl\/wp-content\/uploads\/2024\/11\/Zamojscy-rotarianie-na-Swiecie-Niepodleglosci-w-Polskiej-Szkole-Sobotniej-w-Kolomyi-9-800x1067.jpg 800w, https:\/\/rotary.zamosc.pl\/wp-content\/uploads\/2024\/11\/Zamojscy-rotarianie-na-Swiecie-Niepodleglosci-w-Polskiej-Szkole-Sobotniej-w-Kolomyi-9.jpg 1200w\" sizes=\"(max-width: 700px) 100vw, 700px\" \/><\/figure>\n\n\n\n<figure class=\"wp-block-image size-large\"><img loading=\"lazy\" decoding=\"async\" width=\"700\" height=\"525\" data-id=\"5013\" src=\"https:\/\/rotary.zamosc.pl\/wp-content\/uploads\/2024\/11\/Zamojscy-rotarianie-na-Swiecie-Niepodleglosci-w-Polskiej-Szkole-Sobotniej-w-Kolomyi-8-700x525.jpg\" alt=\"\" class=\"wp-image-5013\" srcset=\"https:\/\/rotary.zamosc.pl\/wp-content\/uploads\/2024\/11\/Zamojscy-rotarianie-na-Swiecie-Niepodleglosci-w-Polskiej-Szkole-Sobotniej-w-Kolomyi-8-700x525.jpg 700w, https:\/\/rotary.zamosc.pl\/wp-content\/uploads\/2024\/11\/Zamojscy-rotarianie-na-Swiecie-Niepodleglosci-w-Polskiej-Szkole-Sobotniej-w-Kolomyi-8-300x225.jpg 300w, https:\/\/rotary.zamosc.pl\/wp-content\/uploads\/2024\/11\/Zamojscy-rotarianie-na-Swiecie-Niepodleglosci-w-Polskiej-Szkole-Sobotniej-w-Kolomyi-8-768x576.jpg 768w, https:\/\/rotary.zamosc.pl\/wp-content\/uploads\/2024\/11\/Zamojscy-rotarianie-na-Swiecie-Niepodleglosci-w-Polskiej-Szkole-Sobotniej-w-Kolomyi-8-1536x1152.jpg 1536w, https:\/\/rotary.zamosc.pl\/wp-content\/uploads\/2024\/11\/Zamojscy-rotarianie-na-Swiecie-Niepodleglosci-w-Polskiej-Szkole-Sobotniej-w-Kolomyi-8-800x600.jpg 800w, https:\/\/rotary.zamosc.pl\/wp-content\/uploads\/2024\/11\/Zamojscy-rotarianie-na-Swiecie-Niepodleglosci-w-Polskiej-Szkole-Sobotniej-w-Kolomyi-8-80x60.jpg 80w, https:\/\/rotary.zamosc.pl\/wp-content\/uploads\/2024\/11\/Zamojscy-rotarianie-na-Swiecie-Niepodleglosci-w-Polskiej-Szkole-Sobotniej-w-Kolomyi-8.jpg 1600w\" sizes=\"(max-width: 700px) 100vw, 700px\" \/><\/figure>\n\n\n\n<figure class=\"wp-block-image size-large\"><img loading=\"lazy\" decoding=\"async\" width=\"700\" height=\"977\" data-id=\"5012\" src=\"https:\/\/rotary.zamosc.pl\/wp-content\/uploads\/2024\/11\/Zamojscy-rotarianie-na-Swiecie-Niepodleglosci-w-Polskiej-Szkole-Sobotniej-w-Kolomyi-7-700x977.jpg\" alt=\"\" class=\"wp-image-5012\" srcset=\"https:\/\/rotary.zamosc.pl\/wp-content\/uploads\/2024\/11\/Zamojscy-rotarianie-na-Swiecie-Niepodleglosci-w-Polskiej-Szkole-Sobotniej-w-Kolomyi-7-700x977.jpg 700w, https:\/\/rotary.zamosc.pl\/wp-content\/uploads\/2024\/11\/Zamojscy-rotarianie-na-Swiecie-Niepodleglosci-w-Polskiej-Szkole-Sobotniej-w-Kolomyi-7-215x300.jpg 215w, https:\/\/rotary.zamosc.pl\/wp-content\/uploads\/2024\/11\/Zamojscy-rotarianie-na-Swiecie-Niepodleglosci-w-Polskiej-Szkole-Sobotniej-w-Kolomyi-7-768x1072.jpg 768w, https:\/\/rotary.zamosc.pl\/wp-content\/uploads\/2024\/11\/Zamojscy-rotarianie-na-Swiecie-Niepodleglosci-w-Polskiej-Szkole-Sobotniej-w-Kolomyi-7-800x1117.jpg 800w, https:\/\/rotary.zamosc.pl\/wp-content\/uploads\/2024\/11\/Zamojscy-rotarianie-na-Swiecie-Niepodleglosci-w-Polskiej-Szkole-Sobotniej-w-Kolomyi-7.jpg 1073w\" sizes=\"(max-width: 700px) 100vw, 700px\" \/><\/figure>\n\n\n\n<figure class=\"wp-block-image size-large\"><img loading=\"lazy\" decoding=\"async\" width=\"700\" height=\"933\" data-id=\"5011\" src=\"https:\/\/rotary.zamosc.pl\/wp-content\/uploads\/2024\/11\/Zamojscy-rotarianie-na-Swiecie-Niepodleglosci-w-Polskiej-Szkole-Sobotniej-w-Kolomyi-6-700x933.jpg\" alt=\"\" class=\"wp-image-5011\" srcset=\"https:\/\/rotary.zamosc.pl\/wp-content\/uploads\/2024\/11\/Zamojscy-rotarianie-na-Swiecie-Niepodleglosci-w-Polskiej-Szkole-Sobotniej-w-Kolomyi-6-700x933.jpg 700w, https:\/\/rotary.zamosc.pl\/wp-content\/uploads\/2024\/11\/Zamojscy-rotarianie-na-Swiecie-Niepodleglosci-w-Polskiej-Szkole-Sobotniej-w-Kolomyi-6-225x300.jpg 225w, https:\/\/rotary.zamosc.pl\/wp-content\/uploads\/2024\/11\/Zamojscy-rotarianie-na-Swiecie-Niepodleglosci-w-Polskiej-Szkole-Sobotniej-w-Kolomyi-6-768x1024.jpg 768w, https:\/\/rotary.zamosc.pl\/wp-content\/uploads\/2024\/11\/Zamojscy-rotarianie-na-Swiecie-Niepodleglosci-w-Polskiej-Szkole-Sobotniej-w-Kolomyi-6-1152x1536.jpg 1152w, https:\/\/rotary.zamosc.pl\/wp-content\/uploads\/2024\/11\/Zamojscy-rotarianie-na-Swiecie-Niepodleglosci-w-Polskiej-Szkole-Sobotniej-w-Kolomyi-6-800x1067.jpg 800w, https:\/\/rotary.zamosc.pl\/wp-content\/uploads\/2024\/11\/Zamojscy-rotarianie-na-Swiecie-Niepodleglosci-w-Polskiej-Szkole-Sobotniej-w-Kolomyi-6.jpg 1200w\" sizes=\"(max-width: 700px) 100vw, 700px\" \/><\/figure>\n\n\n\n<figure class=\"wp-block-image size-large\"><img loading=\"lazy\" decoding=\"async\" width=\"700\" height=\"525\" data-id=\"5010\" src=\"https:\/\/rotary.zamosc.pl\/wp-content\/uploads\/2024\/11\/Zamojscy-rotarianie-na-Swiecie-Niepodleglosci-w-Polskiej-Szkole-Sobotniej-w-Kolomyi-5-700x525.jpg\" alt=\"\" class=\"wp-image-5010\" srcset=\"https:\/\/rotary.zamosc.pl\/wp-content\/uploads\/2024\/11\/Zamojscy-rotarianie-na-Swiecie-Niepodleglosci-w-Polskiej-Szkole-Sobotniej-w-Kolomyi-5-700x525.jpg 700w, https:\/\/rotary.zamosc.pl\/wp-content\/uploads\/2024\/11\/Zamojscy-rotarianie-na-Swiecie-Niepodleglosci-w-Polskiej-Szkole-Sobotniej-w-Kolomyi-5-300x225.jpg 300w, https:\/\/rotary.zamosc.pl\/wp-content\/uploads\/2024\/11\/Zamojscy-rotarianie-na-Swiecie-Niepodleglosci-w-Polskiej-Szkole-Sobotniej-w-Kolomyi-5-768x576.jpg 768w, https:\/\/rotary.zamosc.pl\/wp-content\/uploads\/2024\/11\/Zamojscy-rotarianie-na-Swiecie-Niepodleglosci-w-Polskiej-Szkole-Sobotniej-w-Kolomyi-5-1536x1152.jpg 1536w, https:\/\/rotary.zamosc.pl\/wp-content\/uploads\/2024\/11\/Zamojscy-rotarianie-na-Swiecie-Niepodleglosci-w-Polskiej-Szkole-Sobotniej-w-Kolomyi-5-800x600.jpg 800w, https:\/\/rotary.zamosc.pl\/wp-content\/uploads\/2024\/11\/Zamojscy-rotarianie-na-Swiecie-Niepodleglosci-w-Polskiej-Szkole-Sobotniej-w-Kolomyi-5-80x60.jpg 80w, https:\/\/rotary.zamosc.pl\/wp-content\/uploads\/2024\/11\/Zamojscy-rotarianie-na-Swiecie-Niepodleglosci-w-Polskiej-Szkole-Sobotniej-w-Kolomyi-5.jpg 1600w\" sizes=\"(max-width: 700px) 100vw, 700px\" \/><\/figure>\n\n\n\n<figure class=\"wp-block-image size-large\"><img loading=\"lazy\" decoding=\"async\" width=\"700\" height=\"525\" data-id=\"5009\" src=\"https:\/\/rotary.zamosc.pl\/wp-content\/uploads\/2024\/11\/Zamojscy-rotarianie-na-Swiecie-Niepodleglosci-w-Polskiej-Szkole-Sobotniej-w-Kolomyi-4-700x525.jpg\" alt=\"\" class=\"wp-image-5009\" srcset=\"https:\/\/rotary.zamosc.pl\/wp-content\/uploads\/2024\/11\/Zamojscy-rotarianie-na-Swiecie-Niepodleglosci-w-Polskiej-Szkole-Sobotniej-w-Kolomyi-4-700x525.jpg 700w, https:\/\/rotary.zamosc.pl\/wp-content\/uploads\/2024\/11\/Zamojscy-rotarianie-na-Swiecie-Niepodleglosci-w-Polskiej-Szkole-Sobotniej-w-Kolomyi-4-300x225.jpg 300w, https:\/\/rotary.zamosc.pl\/wp-content\/uploads\/2024\/11\/Zamojscy-rotarianie-na-Swiecie-Niepodleglosci-w-Polskiej-Szkole-Sobotniej-w-Kolomyi-4-768x576.jpg 768w, https:\/\/rotary.zamosc.pl\/wp-content\/uploads\/2024\/11\/Zamojscy-rotarianie-na-Swiecie-Niepodleglosci-w-Polskiej-Szkole-Sobotniej-w-Kolomyi-4-1536x1152.jpg 1536w, https:\/\/rotary.zamosc.pl\/wp-content\/uploads\/2024\/11\/Zamojscy-rotarianie-na-Swiecie-Niepodleglosci-w-Polskiej-Szkole-Sobotniej-w-Kolomyi-4-800x600.jpg 800w, https:\/\/rotary.zamosc.pl\/wp-content\/uploads\/2024\/11\/Zamojscy-rotarianie-na-Swiecie-Niepodleglosci-w-Polskiej-Szkole-Sobotniej-w-Kolomyi-4-80x60.jpg 80w, https:\/\/rotary.zamosc.pl\/wp-content\/uploads\/2024\/11\/Zamojscy-rotarianie-na-Swiecie-Niepodleglosci-w-Polskiej-Szkole-Sobotniej-w-Kolomyi-4.jpg 1600w\" sizes=\"(max-width: 700px) 100vw, 700px\" \/><\/figure>\n\n\n\n<figure class=\"wp-block-image size-large\"><img loading=\"lazy\" decoding=\"async\" width=\"700\" height=\"525\" data-id=\"5008\" src=\"https:\/\/rotary.zamosc.pl\/wp-content\/uploads\/2024\/11\/Zamojscy-rotarianie-na-Swiecie-Niepodleglosci-w-Polskiej-Szkole-Sobotniej-w-Kolomyi-3-700x525.jpg\" alt=\"\" class=\"wp-image-5008\" srcset=\"https:\/\/rotary.zamosc.pl\/wp-content\/uploads\/2024\/11\/Zamojscy-rotarianie-na-Swiecie-Niepodleglosci-w-Polskiej-Szkole-Sobotniej-w-Kolomyi-3-700x525.jpg 700w, https:\/\/rotary.zamosc.pl\/wp-content\/uploads\/2024\/11\/Zamojscy-rotarianie-na-Swiecie-Niepodleglosci-w-Polskiej-Szkole-Sobotniej-w-Kolomyi-3-300x225.jpg 300w, https:\/\/rotary.zamosc.pl\/wp-content\/uploads\/2024\/11\/Zamojscy-rotarianie-na-Swiecie-Niepodleglosci-w-Polskiej-Szkole-Sobotniej-w-Kolomyi-3-768x576.jpg 768w, https:\/\/rotary.zamosc.pl\/wp-content\/uploads\/2024\/11\/Zamojscy-rotarianie-na-Swiecie-Niepodleglosci-w-Polskiej-Szkole-Sobotniej-w-Kolomyi-3-1536x1152.jpg 1536w, https:\/\/rotary.zamosc.pl\/wp-content\/uploads\/2024\/11\/Zamojscy-rotarianie-na-Swiecie-Niepodleglosci-w-Polskiej-Szkole-Sobotniej-w-Kolomyi-3-800x600.jpg 800w, https:\/\/rotary.zamosc.pl\/wp-content\/uploads\/2024\/11\/Zamojscy-rotarianie-na-Swiecie-Niepodleglosci-w-Polskiej-Szkole-Sobotniej-w-Kolomyi-3-80x60.jpg 80w, https:\/\/rotary.zamosc.pl\/wp-content\/uploads\/2024\/11\/Zamojscy-rotarianie-na-Swiecie-Niepodleglosci-w-Polskiej-Szkole-Sobotniej-w-Kolomyi-3.jpg 2048w\" sizes=\"(max-width: 700px) 100vw, 700px\" \/><\/figure>\n\n\n\n<figure class=\"wp-block-image size-large\"><img loading=\"lazy\" decoding=\"async\" width=\"700\" height=\"525\" data-id=\"5007\" src=\"https:\/\/rotary.zamosc.pl\/wp-content\/uploads\/2024\/11\/Zamojscy-rotarianie-na-Swiecie-Niepodleglosci-w-Polskiej-Szkole-Sobotniej-w-Kolomyi-2-700x525.jpg\" alt=\"\" class=\"wp-image-5007\" srcset=\"https:\/\/rotary.zamosc.pl\/wp-content\/uploads\/2024\/11\/Zamojscy-rotarianie-na-Swiecie-Niepodleglosci-w-Polskiej-Szkole-Sobotniej-w-Kolomyi-2-700x525.jpg 700w, https:\/\/rotary.zamosc.pl\/wp-content\/uploads\/2024\/11\/Zamojscy-rotarianie-na-Swiecie-Niepodleglosci-w-Polskiej-Szkole-Sobotniej-w-Kolomyi-2-300x225.jpg 300w, https:\/\/rotary.zamosc.pl\/wp-content\/uploads\/2024\/11\/Zamojscy-rotarianie-na-Swiecie-Niepodleglosci-w-Polskiej-Szkole-Sobotniej-w-Kolomyi-2-768x576.jpg 768w, https:\/\/rotary.zamosc.pl\/wp-content\/uploads\/2024\/11\/Zamojscy-rotarianie-na-Swiecie-Niepodleglosci-w-Polskiej-Szkole-Sobotniej-w-Kolomyi-2-1536x1152.jpg 1536w, https:\/\/rotary.zamosc.pl\/wp-content\/uploads\/2024\/11\/Zamojscy-rotarianie-na-Swiecie-Niepodleglosci-w-Polskiej-Szkole-Sobotniej-w-Kolomyi-2-800x600.jpg 800w, https:\/\/rotary.zamosc.pl\/wp-content\/uploads\/2024\/11\/Zamojscy-rotarianie-na-Swiecie-Niepodleglosci-w-Polskiej-Szkole-Sobotniej-w-Kolomyi-2-80x60.jpg 80w, https:\/\/rotary.zamosc.pl\/wp-content\/uploads\/2024\/11\/Zamojscy-rotarianie-na-Swiecie-Niepodleglosci-w-Polskiej-Szkole-Sobotniej-w-Kolomyi-2.jpg 1600w\" sizes=\"(max-width: 700px) 100vw, 700px\" \/><\/figure>\n<\/figure>\n","protected":false},"excerpt":{"rendered":"","protected":false},"author":1,"featured_media":5006,"comment_status":"open","ping_status":"open","sticky":false,"template":"","format":"standard","meta":{"footnotes":""},"categories":[10,12],"tags":[],"class_list":["post-6345","post","type-post","status-publish","format-standard","has-post-thumbnail","hentry","category-10","category-pomoc-ukrainie"],"rttpg_featured_image_url":{"full":["https:\/\/rotary.zamosc.pl\/wp-content\/uploads\/2024\/11\/Zamojscy-rotarianie-na-Swiecie-Niepodleglosci-w-Polskiej-Szkole-Sobotniej-w-Kolomyi-1.jpg",1600,1200,false],"landscape":["https:\/\/rotary.zamosc.pl\/wp-content\/uploads\/2024\/11\/Zamojscy-rotarianie-na-Swiecie-Niepodleglosci-w-Polskiej-Szkole-Sobotniej-w-Kolomyi-1.jpg",1600,1200,false],"portraits":["https:\/\/rotary.zamosc.pl\/wp-content\/uploads\/2024\/11\/Zamojscy-rotarianie-na-Swiecie-Niepodleglosci-w-Polskiej-Szkole-Sobotniej-w-Kolomyi-1.jpg",1600,1200,false],"thumbnail":["https:\/\/rotary.zamosc.pl\/wp-content\/uploads\/2024\/11\/Zamojscy-rotarianie-na-Swiecie-Niepodleglosci-w-Polskiej-Szkole-Sobotniej-w-Kolomyi-1-150x150.jpg",150,150,true],"medium":["https:\/\/rotary.zamosc.pl\/wp-content\/uploads\/2024\/11\/Zamojscy-rotarianie-na-Swiecie-Niepodleglosci-w-Polskiej-Szkole-Sobotniej-w-Kolomyi-1-300x225.jpg",300,225,true],"large":["https:\/\/rotary.zamosc.pl\/wp-content\/uploads\/2024\/11\/Zamojscy-rotarianie-na-Swiecie-Niepodleglosci-w-Polskiej-Szkole-Sobotniej-w-Kolomyi-1-700x525.jpg",700,525,true],"1536x1536":["https:\/\/rotary.zamosc.pl\/wp-content\/uploads\/2024\/11\/Zamojscy-rotarianie-na-Swiecie-Niepodleglosci-w-Polskiej-Szkole-Sobotniej-w-Kolomyi-1-1536x1152.jpg",1536,1152,true],"2048x2048":["https:\/\/rotary.zamosc.pl\/wp-content\/uploads\/2024\/11\/Zamojscy-rotarianie-na-Swiecie-Niepodleglosci-w-Polskiej-Szkole-Sobotniej-w-Kolomyi-1.jpg",1600,1200,false],"post-thumbnail":["https:\/\/rotary.zamosc.pl\/wp-content\/uploads\/2024\/11\/Zamojscy-rotarianie-na-Swiecie-Niepodleglosci-w-Polskiej-Szkole-Sobotniej-w-Kolomyi-1-800x600.jpg",800,600,true],"graphy-post-thumbnail-large":["https:\/\/rotary.zamosc.pl\/wp-content\/uploads\/2024\/11\/Zamojscy-rotarianie-na-Swiecie-Niepodleglosci-w-Polskiej-Szkole-Sobotniej-w-Kolomyi-1-1080x600.jpg",1080,600,true],"graphy-post-thumbnail-medium":["https:\/\/rotary.zamosc.pl\/wp-content\/uploads\/2024\/11\/Zamojscy-rotarianie-na-Swiecie-Niepodleglosci-w-Polskiej-Szkole-Sobotniej-w-Kolomyi-1-482x300.jpg",482,300,true],"graphy-post-thumbnail-small":["https:\/\/rotary.zamosc.pl\/wp-content\/uploads\/2024\/11\/Zamojscy-rotarianie-na-Swiecie-Niepodleglosci-w-Polskiej-Szkole-Sobotniej-w-Kolomyi-1-80x60.jpg",80,60,true],"graphy-page-thumbnail":["https:\/\/rotary.zamosc.pl\/wp-content\/uploads\/2024\/11\/Zamojscy-rotarianie-na-Swiecie-Niepodleglosci-w-Polskiej-Szkole-Sobotniej-w-Kolomyi-1-1260x350.jpg",1260,350,true],"sow-carousel-default":["https:\/\/rotary.zamosc.pl\/wp-content\/uploads\/2024\/11\/Zamojscy-rotarianie-na-Swiecie-Niepodleglosci-w-Polskiej-Szkole-Sobotniej-w-Kolomyi-1-272x182.jpg",272,182,true]},"rttpg_author":{"display_name":"rotaryzamosc","author_link":"https:\/\/rotary.zamosc.pl\/index.php\/author\/rotaryzamosc\/"},"rttpg_comment":0,"rttpg_category":"<a href=\"https:\/\/rotary.zamosc.pl\/index.php\/category\/2024\/\" rel=\"category tag\">2024<\/a> <a href=\"https:\/\/rotary.zamosc.pl\/index.php\/category\/pomoc-ukrainie\/\" rel=\"category tag\">Pomoc Ukrainie<\/a>","rttpg_excerpt":null,"_links":{"self":[{"href":"https:\/\/rotary.zamosc.pl\/index.php\/wp-json\/wp\/v2\/posts\/6345","targetHints":{"allow":["GET"]}}],"collection":[{"href":"https:\/\/rotary.zamosc.pl\/index.php\/wp-json\/wp\/v2\/posts"}],"about":[{"href":"https:\/\/rotary.zamosc.pl\/index.php\/wp-json\/wp\/v2\/types\/post"}],"author":[{"embeddable":true,"href":"https:\/\/rotary.zamosc.pl\/index.php\/wp-json\/wp\/v2\/users\/1"}],"replies":[{"embeddable":true,"href":"https:\/\/rotary.zamosc.pl\/index.php\/wp-json\/wp\/v2\/comments?post=6345"}],"version-history":[{"count":1,"href":"https:\/\/rotary.zamosc.pl\/index.php\/wp-json\/wp\/v2\/posts\/6345\/revisions"}],"predecessor-version":[{"id":6346,"href":"https:\/\/rotary.zamosc.pl\/index.php\/wp-json\/wp\/v2\/posts\/6345\/revisions\/6346"}],"wp:featuredmedia":[{"embeddable":true,"href":"https:\/\/rotary.zamosc.pl\/index.php\/wp-json\/wp\/v2\/media\/5006"}],"wp:attachment":[{"href":"https:\/\/rotary.zamosc.pl\/index.php\/wp-json\/wp\/v2\/media?parent=6345"}],"wp:term":[{"taxonomy":"category","embeddable":true,"href":"https:\/\/rotary.zamosc.pl\/index.php\/wp-json\/wp\/v2\/categories?post=6345"},{"taxonomy":"post_tag","embeddable":true,"href":"https:\/\/rotary.zamosc.pl\/index.php\/wp-json\/wp\/v2\/tags?post=6345"}],"curies":[{"name":"wp","href":"https:\/\/api.w.org\/{rel}","templated":true}]}}