{"id":6347,"date":"2024-11-11T08:30:00","date_gmt":"2024-11-11T07:30:00","guid":{"rendered":"https:\/\/rotary.zamosc.pl\/?p=6347"},"modified":"2026-02-20T08:32:13","modified_gmt":"2026-02-20T07:32:13","slug":"106-rocznica-odzyskania-niepodleglosci","status":"publish","type":"post","link":"https:\/\/rotary.zamosc.pl\/index.php\/2024\/11\/11\/106-rocznica-odzyskania-niepodleglosci\/","title":{"rendered":"106 rocznica odzyskania Niepodleg\u0142o\u015bci"},"content":{"rendered":"\n<p class=\"wp-block-paragraph\">Dzisiaj rotarianie z RC Zamo\u015b\u0107 uczestniczyli w manifestacji patriotycznej z okazji \u015awi\u0119ta Niepodleg\u0142o\u015bci na Rynku Wiekim w Zamo\u015bciu, gdzie z\u0142o\u017cyli kwiaty pod tablic\u0105 upami\u0119tniaj\u0105c\u0105 wizyt\u0119 Marsza\u0142ka J\u00f3zefa Pi\u0142sudskiego, kt\u00f3ra odby\u0142a si\u0119 17 pa\u017adziernika 1922 roku.<\/p>\n\n\n\n<figure class=\"wp-block-gallery has-nested-images columns-1 is-cropped wp-block-gallery-1 is-layout-flex wp-block-gallery-is-layout-flex\">\n<figure class=\"wp-block-image size-large\"><img fetchpriority=\"high\" decoding=\"async\" width=\"700\" height=\"394\" data-id=\"5000\" src=\"https:\/\/rotary.zamosc.pl\/wp-content\/uploads\/2024\/11\/106-rocznica-odzyskania-Niepodleglosci-2-700x394.jpg\" alt=\"\" class=\"wp-image-5000\" srcset=\"https:\/\/rotary.zamosc.pl\/wp-content\/uploads\/2024\/11\/106-rocznica-odzyskania-Niepodleglosci-2-700x394.jpg 700w, https:\/\/rotary.zamosc.pl\/wp-content\/uploads\/2024\/11\/106-rocznica-odzyskania-Niepodleglosci-2-300x169.jpg 300w, https:\/\/rotary.zamosc.pl\/wp-content\/uploads\/2024\/11\/106-rocznica-odzyskania-Niepodleglosci-2-768x432.jpg 768w, https:\/\/rotary.zamosc.pl\/wp-content\/uploads\/2024\/11\/106-rocznica-odzyskania-Niepodleglosci-2-1536x864.jpg 1536w, https:\/\/rotary.zamosc.pl\/wp-content\/uploads\/2024\/11\/106-rocznica-odzyskania-Niepodleglosci-2-800x450.jpg 800w, https:\/\/rotary.zamosc.pl\/wp-content\/uploads\/2024\/11\/106-rocznica-odzyskania-Niepodleglosci-2.jpg 1600w\" sizes=\"(max-width: 700px) 100vw, 700px\" \/><\/figure>\n\n\n\n<figure class=\"wp-block-image size-large\"><img decoding=\"async\" width=\"700\" height=\"519\" data-id=\"5002\" src=\"https:\/\/rotary.zamosc.pl\/wp-content\/uploads\/2024\/11\/106-rocznica-odzyskania-Niepodleglosci-4-700x519.jpg\" alt=\"\" class=\"wp-image-5002\" srcset=\"https:\/\/rotary.zamosc.pl\/wp-content\/uploads\/2024\/11\/106-rocznica-odzyskania-Niepodleglosci-4-700x519.jpg 700w, https:\/\/rotary.zamosc.pl\/wp-content\/uploads\/2024\/11\/106-rocznica-odzyskania-Niepodleglosci-4-300x223.jpg 300w, https:\/\/rotary.zamosc.pl\/wp-content\/uploads\/2024\/11\/106-rocznica-odzyskania-Niepodleglosci-4-768x570.jpg 768w, https:\/\/rotary.zamosc.pl\/wp-content\/uploads\/2024\/11\/106-rocznica-odzyskania-Niepodleglosci-4-800x593.jpg 800w, https:\/\/rotary.zamosc.pl\/wp-content\/uploads\/2024\/11\/106-rocznica-odzyskania-Niepodleglosci-4-80x60.jpg 80w, https:\/\/rotary.zamosc.pl\/wp-content\/uploads\/2024\/11\/106-rocznica-odzyskania-Niepodleglosci-4.jpg 1197w\" sizes=\"(max-width: 700px) 100vw, 700px\" \/><\/figure>\n\n\n\n<figure class=\"wp-block-image size-large\"><img decoding=\"async\" width=\"700\" height=\"525\" data-id=\"4999\" src=\"https:\/\/rotary.zamosc.pl\/wp-content\/uploads\/2024\/11\/106-rocznica-odzyskania-Niepodleglosci-1-700x525.jpg\" alt=\"\" class=\"wp-image-4999\" srcset=\"https:\/\/rotary.zamosc.pl\/wp-content\/uploads\/2024\/11\/106-rocznica-odzyskania-Niepodleglosci-1-700x525.jpg 700w, https:\/\/rotary.zamosc.pl\/wp-content\/uploads\/2024\/11\/106-rocznica-odzyskania-Niepodleglosci-1-300x225.jpg 300w, https:\/\/rotary.zamosc.pl\/wp-content\/uploads\/2024\/11\/106-rocznica-odzyskania-Niepodleglosci-1-768x576.jpg 768w, https:\/\/rotary.zamosc.pl\/wp-content\/uploads\/2024\/11\/106-rocznica-odzyskania-Niepodleglosci-1-1536x1152.jpg 1536w, https:\/\/rotary.zamosc.pl\/wp-content\/uploads\/2024\/11\/106-rocznica-odzyskania-Niepodleglosci-1-800x600.jpg 800w, https:\/\/rotary.zamosc.pl\/wp-content\/uploads\/2024\/11\/106-rocznica-odzyskania-Niepodleglosci-1-80x60.jpg 80w, https:\/\/rotary.zamosc.pl\/wp-content\/uploads\/2024\/11\/106-rocznica-odzyskania-Niepodleglosci-1.jpg 2048w\" sizes=\"(max-width: 700px) 100vw, 700px\" \/><\/figure>\n<\/figure>\n\n\n\n<p class=\"wp-block-paragraph\"><\/p>\n","protected":false},"excerpt":{"rendered":"<p>Dzisiaj rotarianie z RC Zamo\u015b\u0107 uczestniczyli w manifestacji patriotycznej z okazji \u015awi\u0119ta Niepodleg\u0142o\u015bci na Rynku Wiekim w Zamo\u015bciu, gdzie z\u0142o\u017cyli kwiaty pod tablic\u0105 upami\u0119tniaj\u0105c\u0105 wizyt\u0119 Marsza\u0142ka J\u00f3zefa Pi\u0142sudskiego, kt\u00f3ra odby\u0142a si\u0119 17 pa\u017adziernika 1922 roku.<\/p>\n","protected":false},"author":1,"featured_media":5001,"comment_status":"open","ping_status":"open","sticky":false,"template":"","format":"standard","meta":{"footnotes":""},"categories":[10],"tags":[],"class_list":["post-6347","post","type-post","status-publish","format-standard","has-post-thumbnail","hentry","category-10"],"rttpg_featured_image_url":{"full":["https:\/\/rotary.zamosc.pl\/wp-content\/uploads\/2024\/11\/106-rocznica-odzyskania-Niepodleglosci-3.jpg",2048,1536,false],"landscape":["https:\/\/rotary.zamosc.pl\/wp-content\/uploads\/2024\/11\/106-rocznica-odzyskania-Niepodleglosci-3.jpg",2048,1536,false],"portraits":["https:\/\/rotary.zamosc.pl\/wp-content\/uploads\/2024\/11\/106-rocznica-odzyskania-Niepodleglosci-3.jpg",2048,1536,false],"thumbnail":["https:\/\/rotary.zamosc.pl\/wp-content\/uploads\/2024\/11\/106-rocznica-odzyskania-Niepodleglosci-3-150x150.jpg",150,150,true],"medium":["https:\/\/rotary.zamosc.pl\/wp-content\/uploads\/2024\/11\/106-rocznica-odzyskania-Niepodleglosci-3-300x225.jpg",300,225,true],"large":["https:\/\/rotary.zamosc.pl\/wp-content\/uploads\/2024\/11\/106-rocznica-odzyskania-Niepodleglosci-3-700x525.jpg",700,525,true],"1536x1536":["https:\/\/rotary.zamosc.pl\/wp-content\/uploads\/2024\/11\/106-rocznica-odzyskania-Niepodleglosci-3-1536x1152.jpg",1536,1152,true],"2048x2048":["https:\/\/rotary.zamosc.pl\/wp-content\/uploads\/2024\/11\/106-rocznica-odzyskania-Niepodleglosci-3.jpg",2048,1536,false],"post-thumbnail":["https:\/\/rotary.zamosc.pl\/wp-content\/uploads\/2024\/11\/106-rocznica-odzyskania-Niepodleglosci-3-800x600.jpg",800,600,true],"graphy-post-thumbnail-large":["https:\/\/rotary.zamosc.pl\/wp-content\/uploads\/2024\/11\/106-rocznica-odzyskania-Niepodleglosci-3-1080x600.jpg",1080,600,true],"graphy-post-thumbnail-medium":["https:\/\/rotary.zamosc.pl\/wp-content\/uploads\/2024\/11\/106-rocznica-odzyskania-Niepodleglosci-3-482x300.jpg",482,300,true],"graphy-post-thumbnail-small":["https:\/\/rotary.zamosc.pl\/wp-content\/uploads\/2024\/11\/106-rocznica-odzyskania-Niepodleglosci-3-80x60.jpg",80,60,true],"graphy-page-thumbnail":["https:\/\/rotary.zamosc.pl\/wp-content\/uploads\/2024\/11\/106-rocznica-odzyskania-Niepodleglosci-3-1260x350.jpg",1260,350,true],"sow-carousel-default":["https:\/\/rotary.zamosc.pl\/wp-content\/uploads\/2024\/11\/106-rocznica-odzyskania-Niepodleglosci-3-272x182.jpg",272,182,true]},"rttpg_author":{"display_name":"rotaryzamosc","author_link":"https:\/\/rotary.zamosc.pl\/index.php\/author\/rotaryzamosc\/"},"rttpg_comment":0,"rttpg_category":"<a href=\"https:\/\/rotary.zamosc.pl\/index.php\/category\/2024\/\" rel=\"category tag\">2024<\/a>","rttpg_excerpt":"Dzisiaj rotarianie z RC Zamo\u015b\u0107 uczestniczyli w manifestacji patriotycznej z okazji \u015awi\u0119ta Niepodleg\u0142o\u015bci na Rynku Wiekim w Zamo\u015bciu, gdzie z\u0142o\u017cyli kwiaty pod tablic\u0105 upami\u0119tniaj\u0105c\u0105 wizyt\u0119 Marsza\u0142ka J\u00f3zefa Pi\u0142sudskiego, kt\u00f3ra odby\u0142a si\u0119 17 pa\u017adziernika 1922 roku.","_links":{"self":[{"href":"https:\/\/rotary.zamosc.pl\/index.php\/wp-json\/wp\/v2\/posts\/6347","targetHints":{"allow":["GET"]}}],"collection":[{"href":"https:\/\/rotary.zamosc.pl\/index.php\/wp-json\/wp\/v2\/posts"}],"about":[{"href":"https:\/\/rotary.zamosc.pl\/index.php\/wp-json\/wp\/v2\/types\/post"}],"author":[{"embeddable":true,"href":"https:\/\/rotary.zamosc.pl\/index.php\/wp-json\/wp\/v2\/users\/1"}],"replies":[{"embeddable":true,"href":"https:\/\/rotary.zamosc.pl\/index.php\/wp-json\/wp\/v2\/comments?post=6347"}],"version-history":[{"count":1,"href":"https:\/\/rotary.zamosc.pl\/index.php\/wp-json\/wp\/v2\/posts\/6347\/revisions"}],"predecessor-version":[{"id":6348,"href":"https:\/\/rotary.zamosc.pl\/index.php\/wp-json\/wp\/v2\/posts\/6347\/revisions\/6348"}],"wp:featuredmedia":[{"embeddable":true,"href":"https:\/\/rotary.zamosc.pl\/index.php\/wp-json\/wp\/v2\/media\/5001"}],"wp:attachment":[{"href":"https:\/\/rotary.zamosc.pl\/index.php\/wp-json\/wp\/v2\/media?parent=6347"}],"wp:term":[{"taxonomy":"category","embeddable":true,"href":"https:\/\/rotary.zamosc.pl\/index.php\/wp-json\/wp\/v2\/categories?post=6347"},{"taxonomy":"post_tag","embeddable":true,"href":"https:\/\/rotary.zamosc.pl\/index.php\/wp-json\/wp\/v2\/tags?post=6347"}],"curies":[{"name":"wp","href":"https:\/\/api.w.org\/{rel}","templated":true}]}}