{"id":6351,"date":"2024-11-07T08:47:00","date_gmt":"2024-11-07T07:47:00","guid":{"rendered":"https:\/\/rotary.zamosc.pl\/?p=6351"},"modified":"2026-02-20T08:48:29","modified_gmt":"2026-02-20T07:48:29","slug":"gdy-piosenka-szla-do-wojska","status":"publish","type":"post","link":"https:\/\/rotary.zamosc.pl\/index.php\/2024\/11\/07\/gdy-piosenka-szla-do-wojska\/","title":{"rendered":"Gdy piosenka sz\u0142a do wojska&#8230;"},"content":{"rendered":"\n<p class=\"wp-block-paragraph\">Pod tym tytu\u0142em, 7 listopada w Warsztatach Terapii Zaj\u0119ciowej w Zamo\u015bciu odby\u0142 si\u0119 XIV Przegl\u0105d Piosenki \u017bo\u0142nierskiej, Partyzanckiej i Patriotycznej.<\/p>\n\n\n\n<p class=\"wp-block-paragraph\">Rotarianie z RC Zamo\u015b\u0107 ju\u017c tradycyjnie uczestniczyli w tym wydarzeniu. Tu warto zaznaczy\u0107, i\u017c kierownikiem WTZ jest nasz klubowy kolega Wies\u0142aw Rak.<\/p>\n\n\n\n<p class=\"wp-block-paragraph\">W przegl\u0105dzie uczestniczy\u0142y osoby z niepe\u0142nosprawno\u015bciami, kt\u00f3re s\u0105 uczestnikami zaj\u0119\u0107 Warszatow Terapii Zaj\u0119ciowej, Dom\u00f3w Pomocy Spo\u0142ecznej oraz \u015arodowiskowych Dom\u00f3w Samopomocy z woj. lubelskiego.<\/p>\n\n\n\n<p class=\"wp-block-paragraph\">RC Zamo\u015b\u0107 reprezentowali E. i B. Szyma\u0144scy oraz H. i H. Gajewski.<\/p>\n\n\n\n<figure class=\"wp-block-gallery has-nested-images columns-1 is-cropped wp-block-gallery-1 is-layout-flex wp-block-gallery-is-layout-flex\">\n<figure class=\"wp-block-image size-large\"><img fetchpriority=\"high\" decoding=\"async\" width=\"700\" height=\"394\" data-id=\"4973\" src=\"https:\/\/rotary.zamosc.pl\/wp-content\/uploads\/2024\/11\/Gdy-piosenka-szla-do-wojska.-4-700x394.jpg\" alt=\"\" class=\"wp-image-4973\" srcset=\"https:\/\/rotary.zamosc.pl\/wp-content\/uploads\/2024\/11\/Gdy-piosenka-szla-do-wojska.-4-700x394.jpg 700w, https:\/\/rotary.zamosc.pl\/wp-content\/uploads\/2024\/11\/Gdy-piosenka-szla-do-wojska.-4-300x169.jpg 300w, https:\/\/rotary.zamosc.pl\/wp-content\/uploads\/2024\/11\/Gdy-piosenka-szla-do-wojska.-4-768x432.jpg 768w, https:\/\/rotary.zamosc.pl\/wp-content\/uploads\/2024\/11\/Gdy-piosenka-szla-do-wojska.-4-1536x864.jpg 1536w, https:\/\/rotary.zamosc.pl\/wp-content\/uploads\/2024\/11\/Gdy-piosenka-szla-do-wojska.-4-800x450.jpg 800w, https:\/\/rotary.zamosc.pl\/wp-content\/uploads\/2024\/11\/Gdy-piosenka-szla-do-wojska.-4.jpg 2016w\" sizes=\"(max-width: 700px) 100vw, 700px\" \/><\/figure>\n\n\n\n<figure class=\"wp-block-image size-large\"><img decoding=\"async\" width=\"700\" height=\"394\" data-id=\"4972\" src=\"https:\/\/rotary.zamosc.pl\/wp-content\/uploads\/2024\/11\/Gdy-piosenka-szla-do-wojska.-3-700x394.jpg\" alt=\"\" class=\"wp-image-4972\" srcset=\"https:\/\/rotary.zamosc.pl\/wp-content\/uploads\/2024\/11\/Gdy-piosenka-szla-do-wojska.-3-700x394.jpg 700w, https:\/\/rotary.zamosc.pl\/wp-content\/uploads\/2024\/11\/Gdy-piosenka-szla-do-wojska.-3-300x169.jpg 300w, https:\/\/rotary.zamosc.pl\/wp-content\/uploads\/2024\/11\/Gdy-piosenka-szla-do-wojska.-3-768x432.jpg 768w, https:\/\/rotary.zamosc.pl\/wp-content\/uploads\/2024\/11\/Gdy-piosenka-szla-do-wojska.-3-1536x864.jpg 1536w, https:\/\/rotary.zamosc.pl\/wp-content\/uploads\/2024\/11\/Gdy-piosenka-szla-do-wojska.-3-800x450.jpg 800w, https:\/\/rotary.zamosc.pl\/wp-content\/uploads\/2024\/11\/Gdy-piosenka-szla-do-wojska.-3.jpg 2016w\" sizes=\"(max-width: 700px) 100vw, 700px\" \/><\/figure>\n\n\n\n<figure class=\"wp-block-image size-large\"><img decoding=\"async\" width=\"700\" height=\"394\" data-id=\"4971\" src=\"https:\/\/rotary.zamosc.pl\/wp-content\/uploads\/2024\/11\/Gdy-piosenka-szla-do-wojska.-2-700x394.jpg\" alt=\"\" class=\"wp-image-4971\" srcset=\"https:\/\/rotary.zamosc.pl\/wp-content\/uploads\/2024\/11\/Gdy-piosenka-szla-do-wojska.-2-700x394.jpg 700w, https:\/\/rotary.zamosc.pl\/wp-content\/uploads\/2024\/11\/Gdy-piosenka-szla-do-wojska.-2-300x169.jpg 300w, https:\/\/rotary.zamosc.pl\/wp-content\/uploads\/2024\/11\/Gdy-piosenka-szla-do-wojska.-2-768x432.jpg 768w, https:\/\/rotary.zamosc.pl\/wp-content\/uploads\/2024\/11\/Gdy-piosenka-szla-do-wojska.-2-1536x864.jpg 1536w, https:\/\/rotary.zamosc.pl\/wp-content\/uploads\/2024\/11\/Gdy-piosenka-szla-do-wojska.-2-800x450.jpg 800w, https:\/\/rotary.zamosc.pl\/wp-content\/uploads\/2024\/11\/Gdy-piosenka-szla-do-wojska.-2.jpg 2016w\" sizes=\"(max-width: 700px) 100vw, 700px\" \/><\/figure>\n\n\n\n<figure class=\"wp-block-image size-large\"><img loading=\"lazy\" decoding=\"async\" width=\"700\" height=\"394\" data-id=\"4970\" src=\"https:\/\/rotary.zamosc.pl\/wp-content\/uploads\/2024\/11\/Gdy-piosenka-szla-do-wojska.-1-700x394.jpg\" alt=\"\" class=\"wp-image-4970\" srcset=\"https:\/\/rotary.zamosc.pl\/wp-content\/uploads\/2024\/11\/Gdy-piosenka-szla-do-wojska.-1-700x394.jpg 700w, https:\/\/rotary.zamosc.pl\/wp-content\/uploads\/2024\/11\/Gdy-piosenka-szla-do-wojska.-1-300x169.jpg 300w, https:\/\/rotary.zamosc.pl\/wp-content\/uploads\/2024\/11\/Gdy-piosenka-szla-do-wojska.-1-768x432.jpg 768w, https:\/\/rotary.zamosc.pl\/wp-content\/uploads\/2024\/11\/Gdy-piosenka-szla-do-wojska.-1-1536x864.jpg 1536w, https:\/\/rotary.zamosc.pl\/wp-content\/uploads\/2024\/11\/Gdy-piosenka-szla-do-wojska.-1-800x450.jpg 800w, https:\/\/rotary.zamosc.pl\/wp-content\/uploads\/2024\/11\/Gdy-piosenka-szla-do-wojska.-1.jpg 2016w\" sizes=\"(max-width: 700px) 100vw, 700px\" \/><\/figure>\n<\/figure>\n","protected":false},"excerpt":{"rendered":"<p>Pod tym tytu\u0142em, 7 listopada w Warsztatach Terapii Zaj\u0119ciowej w Zamo\u015bciu odby\u0142 si\u0119 XIV Przegl\u0105d Piosenki \u017bo\u0142nierskiej, Partyzanckiej i Patriotycznej. Rotarianie z RC Zamo\u015b\u0107 ju\u017c tradycyjnie uczestniczyli w tym wydarzeniu. Tu warto zaznaczy\u0107, i\u017c kierownikiem WTZ jest nasz klubowy kolega Wies\u0142aw Rak. W przegl\u0105dzie uczestniczy\u0142y osoby z niepe\u0142nosprawno\u015bciami, kt\u00f3re s\u0105 uczestnikami zaj\u0119\u0107 Warszatow Terapii Zaj\u0119ciowej,&#8230;<\/p>\n","protected":false},"author":1,"featured_media":4972,"comment_status":"open","ping_status":"open","sticky":false,"template":"","format":"standard","meta":{"footnotes":""},"categories":[10],"tags":[],"class_list":["post-6351","post","type-post","status-publish","format-standard","has-post-thumbnail","hentry","category-10"],"rttpg_featured_image_url":{"full":["https:\/\/rotary.zamosc.pl\/wp-content\/uploads\/2024\/11\/Gdy-piosenka-szla-do-wojska.-3.jpg",2016,1134,false],"landscape":["https:\/\/rotary.zamosc.pl\/wp-content\/uploads\/2024\/11\/Gdy-piosenka-szla-do-wojska.-3.jpg",2016,1134,false],"portraits":["https:\/\/rotary.zamosc.pl\/wp-content\/uploads\/2024\/11\/Gdy-piosenka-szla-do-wojska.-3.jpg",2016,1134,false],"thumbnail":["https:\/\/rotary.zamosc.pl\/wp-content\/uploads\/2024\/11\/Gdy-piosenka-szla-do-wojska.-3-150x150.jpg",150,150,true],"medium":["https:\/\/rotary.zamosc.pl\/wp-content\/uploads\/2024\/11\/Gdy-piosenka-szla-do-wojska.-3-300x169.jpg",300,169,true],"large":["https:\/\/rotary.zamosc.pl\/wp-content\/uploads\/2024\/11\/Gdy-piosenka-szla-do-wojska.-3-700x394.jpg",700,394,true],"1536x1536":["https:\/\/rotary.zamosc.pl\/wp-content\/uploads\/2024\/11\/Gdy-piosenka-szla-do-wojska.-3-1536x864.jpg",1536,864,true],"2048x2048":["https:\/\/rotary.zamosc.pl\/wp-content\/uploads\/2024\/11\/Gdy-piosenka-szla-do-wojska.-3.jpg",2016,1134,false],"post-thumbnail":["https:\/\/rotary.zamosc.pl\/wp-content\/uploads\/2024\/11\/Gdy-piosenka-szla-do-wojska.-3-800x450.jpg",800,450,true],"graphy-post-thumbnail-large":["https:\/\/rotary.zamosc.pl\/wp-content\/uploads\/2024\/11\/Gdy-piosenka-szla-do-wojska.-3-1080x600.jpg",1080,600,true],"graphy-post-thumbnail-medium":["https:\/\/rotary.zamosc.pl\/wp-content\/uploads\/2024\/11\/Gdy-piosenka-szla-do-wojska.-3-482x300.jpg",482,300,true],"graphy-post-thumbnail-small":["https:\/\/rotary.zamosc.pl\/wp-content\/uploads\/2024\/11\/Gdy-piosenka-szla-do-wojska.-3-80x60.jpg",80,60,true],"graphy-page-thumbnail":["https:\/\/rotary.zamosc.pl\/wp-content\/uploads\/2024\/11\/Gdy-piosenka-szla-do-wojska.-3-1260x350.jpg",1260,350,true],"sow-carousel-default":["https:\/\/rotary.zamosc.pl\/wp-content\/uploads\/2024\/11\/Gdy-piosenka-szla-do-wojska.-3-272x182.jpg",272,182,true]},"rttpg_author":{"display_name":"rotaryzamosc","author_link":"https:\/\/rotary.zamosc.pl\/index.php\/author\/rotaryzamosc\/"},"rttpg_comment":0,"rttpg_category":"<a href=\"https:\/\/rotary.zamosc.pl\/index.php\/category\/2024\/\" rel=\"category tag\">2024<\/a>","rttpg_excerpt":"Pod tym tytu\u0142em, 7 listopada w Warsztatach Terapii Zaj\u0119ciowej w Zamo\u015bciu odby\u0142 si\u0119 XIV Przegl\u0105d Piosenki \u017bo\u0142nierskiej, Partyzanckiej i Patriotycznej. Rotarianie z RC Zamo\u015b\u0107 ju\u017c tradycyjnie uczestniczyli w tym wydarzeniu. Tu warto zaznaczy\u0107, i\u017c kierownikiem WTZ jest nasz klubowy kolega Wies\u0142aw Rak. W przegl\u0105dzie uczestniczy\u0142y osoby z niepe\u0142nosprawno\u015bciami, kt\u00f3re s\u0105 uczestnikami zaj\u0119\u0107 Warszatow Terapii Zaj\u0119ciowej,...","_links":{"self":[{"href":"https:\/\/rotary.zamosc.pl\/index.php\/wp-json\/wp\/v2\/posts\/6351","targetHints":{"allow":["GET"]}}],"collection":[{"href":"https:\/\/rotary.zamosc.pl\/index.php\/wp-json\/wp\/v2\/posts"}],"about":[{"href":"https:\/\/rotary.zamosc.pl\/index.php\/wp-json\/wp\/v2\/types\/post"}],"author":[{"embeddable":true,"href":"https:\/\/rotary.zamosc.pl\/index.php\/wp-json\/wp\/v2\/users\/1"}],"replies":[{"embeddable":true,"href":"https:\/\/rotary.zamosc.pl\/index.php\/wp-json\/wp\/v2\/comments?post=6351"}],"version-history":[{"count":1,"href":"https:\/\/rotary.zamosc.pl\/index.php\/wp-json\/wp\/v2\/posts\/6351\/revisions"}],"predecessor-version":[{"id":6352,"href":"https:\/\/rotary.zamosc.pl\/index.php\/wp-json\/wp\/v2\/posts\/6351\/revisions\/6352"}],"wp:featuredmedia":[{"embeddable":true,"href":"https:\/\/rotary.zamosc.pl\/index.php\/wp-json\/wp\/v2\/media\/4972"}],"wp:attachment":[{"href":"https:\/\/rotary.zamosc.pl\/index.php\/wp-json\/wp\/v2\/media?parent=6351"}],"wp:term":[{"taxonomy":"category","embeddable":true,"href":"https:\/\/rotary.zamosc.pl\/index.php\/wp-json\/wp\/v2\/categories?post=6351"},{"taxonomy":"post_tag","embeddable":true,"href":"https:\/\/rotary.zamosc.pl\/index.php\/wp-json\/wp\/v2\/tags?post=6351"}],"curies":[{"name":"wp","href":"https:\/\/api.w.org\/{rel}","templated":true}]}}