{"id":6392,"date":"2024-10-26T09:59:00","date_gmt":"2024-10-26T07:59:00","guid":{"rendered":"https:\/\/rotary.zamosc.pl\/?p=6392"},"modified":"2026-03-16T10:05:33","modified_gmt":"2026-03-16T09:05:33","slug":"centrum-dialogu-rotary-konferencja-w-bialej-podlaskiej","status":"publish","type":"post","link":"https:\/\/rotary.zamosc.pl\/index.php\/2024\/10\/26\/centrum-dialogu-rotary-konferencja-w-bialej-podlaskiej\/","title":{"rendered":"Centrum Dialogu Rotary &#8211; konferencja w Bia\u0142ej Podlaskiej"},"content":{"rendered":"\n<p class=\"wp-block-paragraph\">Dzisiaj rotarianie z RC Zamo\u015b\u0107 (E. i B. Szyma\u0144scy, Z. Gumuli\u0144ski, H. Gajewski) uczestniczyli w konferencji na temat dialogu i porozumienia mi\u0119dzy lud\u017ami r\u00f3\u017cnych pogl\u0105d\u00f3w, kt\u00f3r\u0105 po raz XVII zorganizowa\u0142 RC Bia\u0142a Podlaska pod nazw\u0105 &#8222;Dialog, jego kres i co dalej&#8221;.<\/p>\n\n\n\n<p class=\"wp-block-paragraph\">Panelistami byli prof. Wawrzyniec Konarski, kt\u00f3ry moderowa\u0142 dyskusj\u0119, ambasadorowie: Krzysztof Mroziewicz, Andrzej \u0141upina i Krzysztof P\u0142omi\u0144ski oraz aktor i rotarianin jednocze\u015bnie Robert Tondera.<\/p>\n\n\n\n<figure class=\"wp-block-gallery has-nested-images columns-1 is-cropped wp-block-gallery-1 is-layout-flex wp-block-gallery-is-layout-flex\">\n<figure class=\"wp-block-image size-large\"><img fetchpriority=\"high\" decoding=\"async\" width=\"700\" height=\"394\" data-id=\"4962\" src=\"https:\/\/rotary.zamosc.pl\/wp-content\/uploads\/2024\/11\/Centrum-Dialogu-Rotary-konferencja-w-Bialej-Podlaskiej-2-700x394.jpg\" alt=\"\" class=\"wp-image-4962\" srcset=\"https:\/\/rotary.zamosc.pl\/wp-content\/uploads\/2024\/11\/Centrum-Dialogu-Rotary-konferencja-w-Bialej-Podlaskiej-2-700x394.jpg 700w, https:\/\/rotary.zamosc.pl\/wp-content\/uploads\/2024\/11\/Centrum-Dialogu-Rotary-konferencja-w-Bialej-Podlaskiej-2-300x169.jpg 300w, https:\/\/rotary.zamosc.pl\/wp-content\/uploads\/2024\/11\/Centrum-Dialogu-Rotary-konferencja-w-Bialej-Podlaskiej-2-768x432.jpg 768w, https:\/\/rotary.zamosc.pl\/wp-content\/uploads\/2024\/11\/Centrum-Dialogu-Rotary-konferencja-w-Bialej-Podlaskiej-2-1536x864.jpg 1536w, https:\/\/rotary.zamosc.pl\/wp-content\/uploads\/2024\/11\/Centrum-Dialogu-Rotary-konferencja-w-Bialej-Podlaskiej-2-800x450.jpg 800w, https:\/\/rotary.zamosc.pl\/wp-content\/uploads\/2024\/11\/Centrum-Dialogu-Rotary-konferencja-w-Bialej-Podlaskiej-2.jpg 2016w\" sizes=\"(max-width: 700px) 100vw, 700px\" \/><\/figure>\n\n\n\n<figure class=\"wp-block-image size-large\"><img decoding=\"async\" width=\"700\" height=\"394\" data-id=\"4961\" src=\"https:\/\/rotary.zamosc.pl\/wp-content\/uploads\/2024\/11\/Centrum-Dialogu-Rotary-konferencja-w-Bialej-Podlaskiej-1-700x394.jpg\" alt=\"\" class=\"wp-image-4961\" srcset=\"https:\/\/rotary.zamosc.pl\/wp-content\/uploads\/2024\/11\/Centrum-Dialogu-Rotary-konferencja-w-Bialej-Podlaskiej-1-700x394.jpg 700w, https:\/\/rotary.zamosc.pl\/wp-content\/uploads\/2024\/11\/Centrum-Dialogu-Rotary-konferencja-w-Bialej-Podlaskiej-1-300x169.jpg 300w, https:\/\/rotary.zamosc.pl\/wp-content\/uploads\/2024\/11\/Centrum-Dialogu-Rotary-konferencja-w-Bialej-Podlaskiej-1-768x432.jpg 768w, https:\/\/rotary.zamosc.pl\/wp-content\/uploads\/2024\/11\/Centrum-Dialogu-Rotary-konferencja-w-Bialej-Podlaskiej-1-1536x864.jpg 1536w, https:\/\/rotary.zamosc.pl\/wp-content\/uploads\/2024\/11\/Centrum-Dialogu-Rotary-konferencja-w-Bialej-Podlaskiej-1-800x450.jpg 800w, https:\/\/rotary.zamosc.pl\/wp-content\/uploads\/2024\/11\/Centrum-Dialogu-Rotary-konferencja-w-Bialej-Podlaskiej-1.jpg 2016w\" sizes=\"(max-width: 700px) 100vw, 700px\" \/><\/figure>\n<\/figure>\n","protected":false},"excerpt":{"rendered":"<p>Dzisiaj rotarianie z RC Zamo\u015b\u0107 (E. i B. Szyma\u0144scy, Z. Gumuli\u0144ski, H. Gajewski) uczestniczyli w konferencji na temat dialogu i porozumienia mi\u0119dzy lud\u017ami r\u00f3\u017cnych pogl\u0105d\u00f3w, kt\u00f3r\u0105 po raz XVII zorganizowa\u0142 RC Bia\u0142a Podlaska pod nazw\u0105 &#8222;Dialog, jego kres i co dalej&#8221;. Panelistami byli prof. Wawrzyniec Konarski, kt\u00f3ry moderowa\u0142 dyskusj\u0119, ambasadorowie: Krzysztof Mroziewicz, Andrzej \u0141upina i&#8230;<\/p>\n","protected":false},"author":1,"featured_media":4963,"comment_status":"open","ping_status":"open","sticky":false,"template":"","format":"standard","meta":{"footnotes":""},"categories":[10],"tags":[],"class_list":["post-6392","post","type-post","status-publish","format-standard","has-post-thumbnail","hentry","category-10"],"rttpg_featured_image_url":{"full":["https:\/\/rotary.zamosc.pl\/wp-content\/uploads\/2024\/11\/Centrum-Dialogu-Rotary-konferencja-w-Bialej-Podlaskiej-3.jpg",2048,1152,false],"landscape":["https:\/\/rotary.zamosc.pl\/wp-content\/uploads\/2024\/11\/Centrum-Dialogu-Rotary-konferencja-w-Bialej-Podlaskiej-3.jpg",2048,1152,false],"portraits":["https:\/\/rotary.zamosc.pl\/wp-content\/uploads\/2024\/11\/Centrum-Dialogu-Rotary-konferencja-w-Bialej-Podlaskiej-3.jpg",2048,1152,false],"thumbnail":["https:\/\/rotary.zamosc.pl\/wp-content\/uploads\/2024\/11\/Centrum-Dialogu-Rotary-konferencja-w-Bialej-Podlaskiej-3-150x150.jpg",150,150,true],"medium":["https:\/\/rotary.zamosc.pl\/wp-content\/uploads\/2024\/11\/Centrum-Dialogu-Rotary-konferencja-w-Bialej-Podlaskiej-3-300x169.jpg",300,169,true],"large":["https:\/\/rotary.zamosc.pl\/wp-content\/uploads\/2024\/11\/Centrum-Dialogu-Rotary-konferencja-w-Bialej-Podlaskiej-3-700x394.jpg",700,394,true],"1536x1536":["https:\/\/rotary.zamosc.pl\/wp-content\/uploads\/2024\/11\/Centrum-Dialogu-Rotary-konferencja-w-Bialej-Podlaskiej-3-1536x864.jpg",1536,864,true],"2048x2048":["https:\/\/rotary.zamosc.pl\/wp-content\/uploads\/2024\/11\/Centrum-Dialogu-Rotary-konferencja-w-Bialej-Podlaskiej-3.jpg",2048,1152,false],"post-thumbnail":["https:\/\/rotary.zamosc.pl\/wp-content\/uploads\/2024\/11\/Centrum-Dialogu-Rotary-konferencja-w-Bialej-Podlaskiej-3-800x450.jpg",800,450,true],"graphy-post-thumbnail-large":["https:\/\/rotary.zamosc.pl\/wp-content\/uploads\/2024\/11\/Centrum-Dialogu-Rotary-konferencja-w-Bialej-Podlaskiej-3-1080x600.jpg",1080,600,true],"graphy-post-thumbnail-medium":["https:\/\/rotary.zamosc.pl\/wp-content\/uploads\/2024\/11\/Centrum-Dialogu-Rotary-konferencja-w-Bialej-Podlaskiej-3-482x300.jpg",482,300,true],"graphy-post-thumbnail-small":["https:\/\/rotary.zamosc.pl\/wp-content\/uploads\/2024\/11\/Centrum-Dialogu-Rotary-konferencja-w-Bialej-Podlaskiej-3-80x60.jpg",80,60,true],"graphy-page-thumbnail":["https:\/\/rotary.zamosc.pl\/wp-content\/uploads\/2024\/11\/Centrum-Dialogu-Rotary-konferencja-w-Bialej-Podlaskiej-3-1260x350.jpg",1260,350,true],"sow-carousel-default":["https:\/\/rotary.zamosc.pl\/wp-content\/uploads\/2024\/11\/Centrum-Dialogu-Rotary-konferencja-w-Bialej-Podlaskiej-3-272x182.jpg",272,182,true]},"rttpg_author":{"display_name":"rotaryzamosc","author_link":"https:\/\/rotary.zamosc.pl\/index.php\/author\/rotaryzamosc\/"},"rttpg_comment":0,"rttpg_category":"<a href=\"https:\/\/rotary.zamosc.pl\/index.php\/category\/2024\/\" rel=\"category tag\">2024<\/a>","rttpg_excerpt":"Dzisiaj rotarianie z RC Zamo\u015b\u0107 (E. i B. Szyma\u0144scy, Z. Gumuli\u0144ski, H. Gajewski) uczestniczyli w konferencji na temat dialogu i porozumienia mi\u0119dzy lud\u017ami r\u00f3\u017cnych pogl\u0105d\u00f3w, kt\u00f3r\u0105 po raz XVII zorganizowa\u0142 RC Bia\u0142a Podlaska pod nazw\u0105 &#8222;Dialog, jego kres i co dalej&#8221;. Panelistami byli prof. Wawrzyniec Konarski, kt\u00f3ry moderowa\u0142 dyskusj\u0119, ambasadorowie: Krzysztof Mroziewicz, Andrzej \u0141upina i...","_links":{"self":[{"href":"https:\/\/rotary.zamosc.pl\/index.php\/wp-json\/wp\/v2\/posts\/6392","targetHints":{"allow":["GET"]}}],"collection":[{"href":"https:\/\/rotary.zamosc.pl\/index.php\/wp-json\/wp\/v2\/posts"}],"about":[{"href":"https:\/\/rotary.zamosc.pl\/index.php\/wp-json\/wp\/v2\/types\/post"}],"author":[{"embeddable":true,"href":"https:\/\/rotary.zamosc.pl\/index.php\/wp-json\/wp\/v2\/users\/1"}],"replies":[{"embeddable":true,"href":"https:\/\/rotary.zamosc.pl\/index.php\/wp-json\/wp\/v2\/comments?post=6392"}],"version-history":[{"count":2,"href":"https:\/\/rotary.zamosc.pl\/index.php\/wp-json\/wp\/v2\/posts\/6392\/revisions"}],"predecessor-version":[{"id":6396,"href":"https:\/\/rotary.zamosc.pl\/index.php\/wp-json\/wp\/v2\/posts\/6392\/revisions\/6396"}],"wp:featuredmedia":[{"embeddable":true,"href":"https:\/\/rotary.zamosc.pl\/index.php\/wp-json\/wp\/v2\/media\/4963"}],"wp:attachment":[{"href":"https:\/\/rotary.zamosc.pl\/index.php\/wp-json\/wp\/v2\/media?parent=6392"}],"wp:term":[{"taxonomy":"category","embeddable":true,"href":"https:\/\/rotary.zamosc.pl\/index.php\/wp-json\/wp\/v2\/categories?post=6392"},{"taxonomy":"post_tag","embeddable":true,"href":"https:\/\/rotary.zamosc.pl\/index.php\/wp-json\/wp\/v2\/tags?post=6392"}],"curies":[{"name":"wp","href":"https:\/\/api.w.org\/{rel}","templated":true}]}}