{"id":6397,"date":"2024-10-12T10:05:00","date_gmt":"2024-10-12T08:05:00","guid":{"rendered":"https:\/\/rotary.zamosc.pl\/?p=6397"},"modified":"2026-03-16T10:37:03","modified_gmt":"2026-03-16T09:37:03","slug":"rotarianska-jesien-w-bieszczadach","status":"publish","type":"post","link":"https:\/\/rotary.zamosc.pl\/index.php\/2024\/10\/12\/rotarianska-jesien-w-bieszczadach\/","title":{"rendered":"Rotaria\u0144ska jesie\u0144 w Bieszczadach"},"content":{"rendered":"\n<p class=\"wp-block-paragraph\">W ostatni weekend rotarianie z naszego klubu go\u015bcili w RC Jaros\u0142aw i jak co roku podziwiali pi\u0119kn\u0105, jesienn\u0105, mieni\u0105c\u0105 si\u0119 kolorami przyrod\u0119 Bieszczad\u00f3w, co podkre\u015bla\u0142a jeszcze bardziej s\u0142oneczna aura.<\/p>\n\n\n\n<p class=\"wp-block-paragraph\">Wspinali si\u0119 na Holic\u0119, byli w Pola\u0144czyku i Cisnej, p\u0142yn\u0119li statkiem po Solinie oraz odbyli podr\u00f3\u017c Bieszczadzk\u0105 Kolejk\u0105 Le\u015bn\u0105.<\/p>\n\n\n\n<p class=\"wp-block-paragraph\">By\u0142o r\u00f3wnie\u017c ognisko i wsp\u00f3lne \u015bpiewanie przy akompaniamencie harmonii.<\/p>\n\n\n\n<p class=\"wp-block-paragraph\">Dzi\u0119kujemy RC Jaros\u0142aw za wspania\u0142\u0105 organizacj\u0119 i moc wra\u017ce\u0144.<\/p>\n\n\n\n<figure class=\"wp-block-gallery has-nested-images columns-1 is-cropped wp-block-gallery-1 is-layout-flex wp-block-gallery-is-layout-flex\">\n<figure class=\"wp-block-image size-large\"><img fetchpriority=\"high\" decoding=\"async\" width=\"700\" height=\"394\" data-id=\"4942\" src=\"https:\/\/rotary.zamosc.pl\/wp-content\/uploads\/2024\/11\/Rotarianska-jesien-w-Bieszczadach-6-700x394.jpg\" alt=\"\" class=\"wp-image-4942\" srcset=\"https:\/\/rotary.zamosc.pl\/wp-content\/uploads\/2024\/11\/Rotarianska-jesien-w-Bieszczadach-6-700x394.jpg 700w, https:\/\/rotary.zamosc.pl\/wp-content\/uploads\/2024\/11\/Rotarianska-jesien-w-Bieszczadach-6-300x169.jpg 300w, https:\/\/rotary.zamosc.pl\/wp-content\/uploads\/2024\/11\/Rotarianska-jesien-w-Bieszczadach-6-768x432.jpg 768w, https:\/\/rotary.zamosc.pl\/wp-content\/uploads\/2024\/11\/Rotarianska-jesien-w-Bieszczadach-6-1536x864.jpg 1536w, https:\/\/rotary.zamosc.pl\/wp-content\/uploads\/2024\/11\/Rotarianska-jesien-w-Bieszczadach-6-800x450.jpg 800w, https:\/\/rotary.zamosc.pl\/wp-content\/uploads\/2024\/11\/Rotarianska-jesien-w-Bieszczadach-6.jpg 2016w\" sizes=\"(max-width: 700px) 100vw, 700px\" \/><\/figure>\n\n\n\n<figure class=\"wp-block-image size-large\"><img decoding=\"async\" width=\"700\" height=\"394\" data-id=\"4940\" src=\"https:\/\/rotary.zamosc.pl\/wp-content\/uploads\/2024\/11\/Rotarianska-jesien-w-Bieszczadach-4-700x394.jpg\" alt=\"\" class=\"wp-image-4940\" srcset=\"https:\/\/rotary.zamosc.pl\/wp-content\/uploads\/2024\/11\/Rotarianska-jesien-w-Bieszczadach-4-700x394.jpg 700w, https:\/\/rotary.zamosc.pl\/wp-content\/uploads\/2024\/11\/Rotarianska-jesien-w-Bieszczadach-4-300x169.jpg 300w, https:\/\/rotary.zamosc.pl\/wp-content\/uploads\/2024\/11\/Rotarianska-jesien-w-Bieszczadach-4-768x432.jpg 768w, https:\/\/rotary.zamosc.pl\/wp-content\/uploads\/2024\/11\/Rotarianska-jesien-w-Bieszczadach-4-1536x864.jpg 1536w, https:\/\/rotary.zamosc.pl\/wp-content\/uploads\/2024\/11\/Rotarianska-jesien-w-Bieszczadach-4-800x450.jpg 800w, https:\/\/rotary.zamosc.pl\/wp-content\/uploads\/2024\/11\/Rotarianska-jesien-w-Bieszczadach-4.jpg 1600w\" sizes=\"(max-width: 700px) 100vw, 700px\" \/><\/figure>\n\n\n\n<figure class=\"wp-block-image size-large\"><img decoding=\"async\" width=\"700\" height=\"1244\" data-id=\"4939\" src=\"https:\/\/rotary.zamosc.pl\/wp-content\/uploads\/2024\/11\/Rotarianska-jesien-w-Bieszczadach-3-700x1244.jpg\" alt=\"\" class=\"wp-image-4939\" srcset=\"https:\/\/rotary.zamosc.pl\/wp-content\/uploads\/2024\/11\/Rotarianska-jesien-w-Bieszczadach-3-700x1244.jpg 700w, https:\/\/rotary.zamosc.pl\/wp-content\/uploads\/2024\/11\/Rotarianska-jesien-w-Bieszczadach-3-169x300.jpg 169w, https:\/\/rotary.zamosc.pl\/wp-content\/uploads\/2024\/11\/Rotarianska-jesien-w-Bieszczadach-3-768x1365.jpg 768w, https:\/\/rotary.zamosc.pl\/wp-content\/uploads\/2024\/11\/Rotarianska-jesien-w-Bieszczadach-3-864x1536.jpg 864w, https:\/\/rotary.zamosc.pl\/wp-content\/uploads\/2024\/11\/Rotarianska-jesien-w-Bieszczadach-3-800x1422.jpg 800w, https:\/\/rotary.zamosc.pl\/wp-content\/uploads\/2024\/11\/Rotarianska-jesien-w-Bieszczadach-3.jpg 900w\" sizes=\"(max-width: 700px) 100vw, 700px\" \/><\/figure>\n\n\n\n<figure class=\"wp-block-image size-large\"><img loading=\"lazy\" decoding=\"async\" width=\"700\" height=\"394\" data-id=\"4938\" src=\"https:\/\/rotary.zamosc.pl\/wp-content\/uploads\/2024\/11\/Rotarianska-jesien-w-Bieszczadach-2-700x394.jpg\" alt=\"\" class=\"wp-image-4938\" srcset=\"https:\/\/rotary.zamosc.pl\/wp-content\/uploads\/2024\/11\/Rotarianska-jesien-w-Bieszczadach-2-700x394.jpg 700w, https:\/\/rotary.zamosc.pl\/wp-content\/uploads\/2024\/11\/Rotarianska-jesien-w-Bieszczadach-2-300x169.jpg 300w, https:\/\/rotary.zamosc.pl\/wp-content\/uploads\/2024\/11\/Rotarianska-jesien-w-Bieszczadach-2-768x432.jpg 768w, https:\/\/rotary.zamosc.pl\/wp-content\/uploads\/2024\/11\/Rotarianska-jesien-w-Bieszczadach-2-1536x864.jpg 1536w, https:\/\/rotary.zamosc.pl\/wp-content\/uploads\/2024\/11\/Rotarianska-jesien-w-Bieszczadach-2-800x450.jpg 800w, https:\/\/rotary.zamosc.pl\/wp-content\/uploads\/2024\/11\/Rotarianska-jesien-w-Bieszczadach-2.jpg 2016w\" sizes=\"(max-width: 700px) 100vw, 700px\" \/><\/figure>\n\n\n\n<figure class=\"wp-block-image size-large\"><img loading=\"lazy\" decoding=\"async\" width=\"700\" height=\"394\" data-id=\"4937\" src=\"https:\/\/rotary.zamosc.pl\/wp-content\/uploads\/2024\/11\/Rotarianska-jesien-w-Bieszczadach-1-700x394.jpg\" alt=\"\" class=\"wp-image-4937\" srcset=\"https:\/\/rotary.zamosc.pl\/wp-content\/uploads\/2024\/11\/Rotarianska-jesien-w-Bieszczadach-1-700x394.jpg 700w, https:\/\/rotary.zamosc.pl\/wp-content\/uploads\/2024\/11\/Rotarianska-jesien-w-Bieszczadach-1-300x169.jpg 300w, https:\/\/rotary.zamosc.pl\/wp-content\/uploads\/2024\/11\/Rotarianska-jesien-w-Bieszczadach-1-768x432.jpg 768w, https:\/\/rotary.zamosc.pl\/wp-content\/uploads\/2024\/11\/Rotarianska-jesien-w-Bieszczadach-1-1536x864.jpg 1536w, https:\/\/rotary.zamosc.pl\/wp-content\/uploads\/2024\/11\/Rotarianska-jesien-w-Bieszczadach-1-800x450.jpg 800w, https:\/\/rotary.zamosc.pl\/wp-content\/uploads\/2024\/11\/Rotarianska-jesien-w-Bieszczadach-1.jpg 2016w\" sizes=\"(max-width: 700px) 100vw, 700px\" \/><\/figure>\n<\/figure>\n","protected":false},"excerpt":{"rendered":"<p>W ostatni weekend rotarianie z naszego klubu go\u015bcili w RC Jaros\u0142aw i jak co roku podziwiali pi\u0119kn\u0105, jesienn\u0105, mieni\u0105c\u0105 si\u0119 kolorami przyrod\u0119 Bieszczad\u00f3w, co podkre\u015bla\u0142a jeszcze bardziej s\u0142oneczna aura. Wspinali si\u0119 na Holic\u0119, byli w Pola\u0144czyku i Cisnej, p\u0142yn\u0119li statkiem po Solinie oraz odbyli podr\u00f3\u017c Bieszczadzk\u0105 Kolejk\u0105 Le\u015bn\u0105. By\u0142o r\u00f3wnie\u017c ognisko i wsp\u00f3lne \u015bpiewanie przy&#8230;<\/p>\n","protected":false},"author":1,"featured_media":4941,"comment_status":"open","ping_status":"open","sticky":false,"template":"","format":"standard","meta":{"footnotes":""},"categories":[10],"tags":[],"class_list":["post-6397","post","type-post","status-publish","format-standard","has-post-thumbnail","hentry","category-10"],"rttpg_featured_image_url":{"full":["https:\/\/rotary.zamosc.pl\/wp-content\/uploads\/2024\/11\/Rotarianska-jesien-w-Bieszczadach-5.jpg",2016,1134,false],"landscape":["https:\/\/rotary.zamosc.pl\/wp-content\/uploads\/2024\/11\/Rotarianska-jesien-w-Bieszczadach-5.jpg",2016,1134,false],"portraits":["https:\/\/rotary.zamosc.pl\/wp-content\/uploads\/2024\/11\/Rotarianska-jesien-w-Bieszczadach-5.jpg",2016,1134,false],"thumbnail":["https:\/\/rotary.zamosc.pl\/wp-content\/uploads\/2024\/11\/Rotarianska-jesien-w-Bieszczadach-5-150x150.jpg",150,150,true],"medium":["https:\/\/rotary.zamosc.pl\/wp-content\/uploads\/2024\/11\/Rotarianska-jesien-w-Bieszczadach-5-300x169.jpg",300,169,true],"large":["https:\/\/rotary.zamosc.pl\/wp-content\/uploads\/2024\/11\/Rotarianska-jesien-w-Bieszczadach-5-700x394.jpg",700,394,true],"1536x1536":["https:\/\/rotary.zamosc.pl\/wp-content\/uploads\/2024\/11\/Rotarianska-jesien-w-Bieszczadach-5-1536x864.jpg",1536,864,true],"2048x2048":["https:\/\/rotary.zamosc.pl\/wp-content\/uploads\/2024\/11\/Rotarianska-jesien-w-Bieszczadach-5.jpg",2016,1134,false],"post-thumbnail":["https:\/\/rotary.zamosc.pl\/wp-content\/uploads\/2024\/11\/Rotarianska-jesien-w-Bieszczadach-5-800x450.jpg",800,450,true],"graphy-post-thumbnail-large":["https:\/\/rotary.zamosc.pl\/wp-content\/uploads\/2024\/11\/Rotarianska-jesien-w-Bieszczadach-5-1080x600.jpg",1080,600,true],"graphy-post-thumbnail-medium":["https:\/\/rotary.zamosc.pl\/wp-content\/uploads\/2024\/11\/Rotarianska-jesien-w-Bieszczadach-5-482x300.jpg",482,300,true],"graphy-post-thumbnail-small":["https:\/\/rotary.zamosc.pl\/wp-content\/uploads\/2024\/11\/Rotarianska-jesien-w-Bieszczadach-5-80x60.jpg",80,60,true],"graphy-page-thumbnail":["https:\/\/rotary.zamosc.pl\/wp-content\/uploads\/2024\/11\/Rotarianska-jesien-w-Bieszczadach-5-1260x350.jpg",1260,350,true],"sow-carousel-default":["https:\/\/rotary.zamosc.pl\/wp-content\/uploads\/2024\/11\/Rotarianska-jesien-w-Bieszczadach-5-272x182.jpg",272,182,true]},"rttpg_author":{"display_name":"rotaryzamosc","author_link":"https:\/\/rotary.zamosc.pl\/index.php\/author\/rotaryzamosc\/"},"rttpg_comment":0,"rttpg_category":"<a href=\"https:\/\/rotary.zamosc.pl\/index.php\/category\/2024\/\" rel=\"category tag\">2024<\/a>","rttpg_excerpt":"W ostatni weekend rotarianie z naszego klubu go\u015bcili w RC Jaros\u0142aw i jak co roku podziwiali pi\u0119kn\u0105, jesienn\u0105, mieni\u0105c\u0105 si\u0119 kolorami przyrod\u0119 Bieszczad\u00f3w, co podkre\u015bla\u0142a jeszcze bardziej s\u0142oneczna aura. Wspinali si\u0119 na Holic\u0119, byli w Pola\u0144czyku i Cisnej, p\u0142yn\u0119li statkiem po Solinie oraz odbyli podr\u00f3\u017c Bieszczadzk\u0105 Kolejk\u0105 Le\u015bn\u0105. By\u0142o r\u00f3wnie\u017c ognisko i wsp\u00f3lne \u015bpiewanie przy...","_links":{"self":[{"href":"https:\/\/rotary.zamosc.pl\/index.php\/wp-json\/wp\/v2\/posts\/6397","targetHints":{"allow":["GET"]}}],"collection":[{"href":"https:\/\/rotary.zamosc.pl\/index.php\/wp-json\/wp\/v2\/posts"}],"about":[{"href":"https:\/\/rotary.zamosc.pl\/index.php\/wp-json\/wp\/v2\/types\/post"}],"author":[{"embeddable":true,"href":"https:\/\/rotary.zamosc.pl\/index.php\/wp-json\/wp\/v2\/users\/1"}],"replies":[{"embeddable":true,"href":"https:\/\/rotary.zamosc.pl\/index.php\/wp-json\/wp\/v2\/comments?post=6397"}],"version-history":[{"count":1,"href":"https:\/\/rotary.zamosc.pl\/index.php\/wp-json\/wp\/v2\/posts\/6397\/revisions"}],"predecessor-version":[{"id":6398,"href":"https:\/\/rotary.zamosc.pl\/index.php\/wp-json\/wp\/v2\/posts\/6397\/revisions\/6398"}],"wp:featuredmedia":[{"embeddable":true,"href":"https:\/\/rotary.zamosc.pl\/index.php\/wp-json\/wp\/v2\/media\/4941"}],"wp:attachment":[{"href":"https:\/\/rotary.zamosc.pl\/index.php\/wp-json\/wp\/v2\/media?parent=6397"}],"wp:term":[{"taxonomy":"category","embeddable":true,"href":"https:\/\/rotary.zamosc.pl\/index.php\/wp-json\/wp\/v2\/categories?post=6397"},{"taxonomy":"post_tag","embeddable":true,"href":"https:\/\/rotary.zamosc.pl\/index.php\/wp-json\/wp\/v2\/tags?post=6397"}],"curies":[{"name":"wp","href":"https:\/\/api.w.org\/{rel}","templated":true}]}}