{"id":6406,"date":"2024-09-27T10:15:00","date_gmt":"2024-09-27T08:15:00","guid":{"rendered":"https:\/\/rotary.zamosc.pl\/?p=6406"},"modified":"2026-03-16T10:18:53","modified_gmt":"2026-03-16T09:18:53","slug":"jubileusz-30-lecia-rc-zamosc","status":"publish","type":"post","link":"https:\/\/rotary.zamosc.pl\/index.php\/2024\/09\/27\/jubileusz-30-lecia-rc-zamosc\/","title":{"rendered":"Jubileusz 30-lecia RC Zamo\u015b\u0107"},"content":{"rendered":"\n<p class=\"wp-block-paragraph\">27 wrze\u015bnia w Hotelu Koronnym w Zamo\u015bciu RC Zamo\u015b\u0107 obchodzi\u0142 30-lecie dzia\u0142alno\u015bci.<\/p>\n\n\n\n<p class=\"wp-block-paragraph\">Nasz klub powsta\u0142 w 1994 roku, obecnie zrzesza 24 cz\u0142onk\u00f3w, kt\u00f3rzy w my\u015bl motta Rotary International &#8222;Service above self&#8221; (s\u0142u\u017cba ponad w\u0142asne interesy) po\u015bwi\u0119caj\u0105 sw\u00f3j wolny czas na bezinteresown\u0105 pomoc r\u00f3\u017cnym spo\u0142eczno\u015bciom, organizacjom i osobom indywidualnym, a tak\u017ce w ostatnich dw\u00f3ch latach, po rozpocz\u0119ciu wojny w Ukrainie, r\u00f3\u017cnym grupom, instytucjom i lokalnym spo\u0142eczno\u015bciom w\u0142a\u015bnie tam.<\/p>\n\n\n\n<p class=\"wp-block-paragraph\">Na obchody 30-lecia przybyli liczni go\u015bcie (ok.130 os\u00f3b).<\/p>\n\n\n\n<p class=\"wp-block-paragraph\">Przyjechali Rotarianie z Wolsztyna, Jaros\u0142awia, Janowa Lubelskiego, Krakowa, Poznania, Warszawy, Lublina, Bia\u0142ej Podlaski, Pu\u0142aw oraz Che\u0142ma.<\/p>\n\n\n\n<p class=\"wp-block-paragraph\">Zaszczyci\u0142a nas swoj\u0105 obecno\u015bci\u0105 Gubernator Rotary Polska Dystrykt 2231 Krystyna Baj-Pawluk. Byli r\u00f3wnie\u017c Gubernator elekt Greg Gregorczyk oraz Gubernator nominat Micha\u0142 Sowa.<\/p>\n\n\n\n<p class=\"wp-block-paragraph\">A tak\u017ce Dorota Wcis\u0142a Przewodnicz\u0105ca Komitetu Wizerunku Publicznego Rotary Polska wraz z m\u0119\u017cem Jerzym Wcis\u0142a, Senatorem RP.<\/p>\n\n\n\n<p class=\"wp-block-paragraph\">Przyjecha\u0142 Past Gubernator na Ukrain\u0119 Vo\u0142odymyr Bondarenko wraz z ma\u0142\u017conk\u0105.<\/p>\n\n\n\n<p class=\"wp-block-paragraph\">Z Ukrainy mieli\u015bmy wi\u0119cej go\u015bci: Stanis\u0142awa Patkowska-Ko\u0142ysenko wraz z m\u0119\u017cem przyjecha\u0142a z zaprzyja\u017anionej z klubem Komomyi. To szefowa Stowarzyszenia Kultury Polskiej &#8222;Pokucie&#8221; oraz Sobotniej Szko\u0142y Polskiej im. Stanis\u0142awa Vincenza, kt\u00f3re to instytucje wspomagamy od lat, jak r\u00f3wnie\u017c lokaln\u0105 spo\u0142eczno\u015b\u0107 polonijn\u0105.<\/p>\n\n\n\n<p class=\"wp-block-paragraph\">Z Iwanofrankowska przyjecha\u0142a Marianna Kuchi\u0144ska kieruj\u0105ca Stowarzyszeniem &#8222;Jedno\u015b\u0107 narodu&#8221; wraz z c\u00f3rk\u0105 Sofij\u0105. Im r\u00f3wnie\u017c pomagamy od wybuchu wojny.<\/p>\n\n\n\n<p class=\"wp-block-paragraph\">Go\u015bciem specjalnym by\u0142 \u017co\u0142nierz ukrai\u0144ski Dmytro Romaniuk, kt\u00f3ry w wojnie straci\u0142 nog\u0119, a nasz klub wspar\u0142 finansowo i zorganizowa\u0142 zbi\u00f3rk\u0119 funduszy na zakup protezy.<\/p>\n\n\n\n<p class=\"wp-block-paragraph\">By\u0142o wiceprezydent Zamo\u015bcia Marek Kudela, dyrektor Wydzia\u0142u Godpodarki Komunalnej i Ichrony \u015arodowiska Jaros\u0142aw Miechowiecki.<\/p>\n\n\n\n<p class=\"wp-block-paragraph\">Zaproszenie nasze przyj\u0119li i byli obecni m.in. Marcin Zamoyski, wieloletni Prezydent Zamo\u015bcia, Marek Ciastoch, by\u0142y prezydent r\u00f3wnie\u017c, pierwszy Prezydent RC Zamo\u015b\u0107 Zbigniew Litwajtis, Adam Bachta. Wszyscy Panowie byli kiedy\u015b zwi\u0105zani z RC Zamo\u015b\u0107.<\/p>\n\n\n\n<p class=\"wp-block-paragraph\">Na spotkanie przyby\u0142a dr Maria Kr\u00f3l, szefowa Stowarzyszenia pomocy dzieciom niepe\u0142nosprawnym &#8222;Krok za krokiem&#8221;. Plac\u00f3wka jest naszym beneficjentem od wielu lat.<\/p>\n\n\n\n<p class=\"wp-block-paragraph\">A tak\u017ce m.in. przedstawiciele DPS &#8222;Dom na zawsze&#8221;, PLSP, Szko\u0142y Muzycznej, Przeszkola nr 1, Stowarzyszenia Wo\u0142y\u0144ski Rajd Motocyklowy oraz przyjaciele ruchu rotaria\u0144skiego.<\/p>\n\n\n\n<p class=\"wp-block-paragraph\">Honory gospodarza pe\u0142ni\u0142 Prezydent RC Zamo\u015b\u0107 Bogdan Szyma\u0144ski, a wspomaga\u0142 Sylwester Borkowski jako prowadz\u0105cy ca\u0142o\u015b\u0107.<\/p>\n\n\n\n<p class=\"wp-block-paragraph\">Uroczysto\u015b\u0107 rozpocz\u0119\u0142a si\u0119 niekonwencjonalnie, bo od mini recitalu Studia Piosenki &#8222;Metro&#8221; z Ostrowca \u015awi\u0119tokrzyskiego, kt\u00f3re prowadzi nasza klubowa kole\u017canka Jagoda Dadia.<\/p>\n\n\n\n<p class=\"wp-block-paragraph\">Po czym nast\u0105pi\u0142o od\u015bpiewanie po raz pierwszy w j\u0119zyku polskim hymnu Rotary, w wykonaniu m\u0142odzie\u017cy.<\/p>\n\n\n\n<p class=\"wp-block-paragraph\">Nast\u0119pnie Prezydent Bogdan Szyma\u0144ski przywita\u0142 wszystkich zacnych go\u015bci oraz przedstawi\u0142 RC Zamo\u015b\u0107 zapraszaj\u0105c wszystkich cz\u0142onk\u00f3w na scen\u0119.<\/p>\n\n\n\n<p class=\"wp-block-paragraph\">Kolejny punkt programu, to 30-letnia historia klubu, jej inicjatywy, g\u0142\u00f3wne kierunki dzia\u0142ania, beneficjenci, osi\u0105gni\u0119cia. Podsumowania w formie prezentacji multimedialnej dokona\u0142 wieloletni cz\u0142onek i Past Prezydent RC Zamo\u015b\u0107 Jerzy Liberadzki.<\/p>\n\n\n\n<p class=\"wp-block-paragraph\">Jubileusz 30-lecia by\u0142 okazj\u0105, by uhonorowa\u0107 naszego wspania\u0142ego koleg\u0119, Rotarianina Jurka Liberadzkiego, kt\u00f3ry zawsze i dla wszystkich, ma &#8222;serce na d\u0142oni&#8221;, tak\u0105 w\u0142a\u015bnie statuetk\u0105.<\/p>\n\n\n\n<p class=\"wp-block-paragraph\">Z bogat\u0105 histori\u0105 klubu mo\u017cna by\u0142o si\u0119 r\u00f3wnie\u017c zapozna\u0107 na wystawie towarzysz\u0105cej obchodom 30-lecia.<\/p>\n\n\n\n<p class=\"wp-block-paragraph\">Nast\u0119pnie Prezydent Bogdan Szyma\u0144ski poprosi\u0142 o zabranie g\u0142osu Gubernator Rotary Polska Krystyn\u0119 Baj-Pawluk, kt\u00f3ra m.in. gratulowa\u0142a osi\u0105gni\u0119\u0107 i \u017cyczy\u0142a dalszych sukces\u00f3w i satysfakcji z podejmowanych wyzwa\u0144.<\/p>\n\n\n\n<p class=\"wp-block-paragraph\">Potem by\u0142y kolejne wyst\u0105pienia, sk\u0142adane gratulacje, \u017cyczenia, upominki.<\/p>\n\n\n\n<p class=\"wp-block-paragraph\">Prezydent Szyma\u0144ski odwzajemnia\u0142 si\u0119 i w podzi\u0119kowaniu wr\u0119cza\u0142 wszystkim wyst\u0119puj\u0105cym okoliczno\u015bciowe medale wybite z okazji 30-lecia RC Zamo\u015b\u0107 oraz zamojskie pami\u0105tki.<\/p>\n\n\n\n<p class=\"wp-block-paragraph\">Wzruszaj\u0105cym momentem by\u0142o muzyczne podzi\u0119kowanie za pomoc dla Iwanofrankowska. A wy\u015bpiewa\u0142a je Sofija, c\u00f3rka Marianny Kuchi\u0144skiej ze stowarzyszenia &#8222;Jedno\u015b\u0107 narodu&#8221;, kt\u00f3remu pomagamy od pocz\u0105tku wojny w Ukrainie.<\/p>\n\n\n\n<p class=\"wp-block-paragraph\">To nie jedyny muzyczny akcent tej uroczysto\u015bci. Po przerwie kawowej Jagoda Dadia, nasza klubowa kole\u017canka pi\u0119knie za\u015bpiewa\u0142a kultow\u0105 polsk\u0105 piosenk\u0119 &#8222;Kasztany&#8221; z towarzyszeniem Big bandu Szko\u0142y Muzycznej, a potem Big band pod kierownictwem Waldemara Sk\u00f3ry i soli\u015bci sprawili nam prawdziw\u0105 uczt\u0119 muzyczn\u0105 graj\u0105c i \u015bpiewaj\u0105c standardy jazzowe, klasyk\u0119 muzyki rozrywkowej oraz muzyk\u0119 latynoameryka\u0144sk\u0105. Koncert prowadzi\u0142a Anna Cicho\u0144-Hereta ze Szko\u0142y Muzycznej I i II stopnia w Zamo\u015bciu.<\/p>\n\n\n\n<p class=\"wp-block-paragraph\">&#8222;Wisienk\u0105 na torcie&#8221; jubileuszu by\u0142o wr\u0119czenie odznacze\u0144 naszym trzem kolegom Rotarianom &#8211; Paul Harris Fellow.<\/p>\n\n\n\n<p class=\"wp-block-paragraph\">Odznaczenia za wybitne zas\u0142ugi,szczeg\u00f3lne zaanga\u017cowanie w dzia\u0142alno\u015b\u0107 klubu, w prac\u0119 na rzecz drugiego cz\u0142owieka otrzymali:<\/p>\n\n\n\n<p class=\"wp-block-paragraph\">Adam Budzy\u0144ski, nominowany przez RC Wolsztyn<\/p>\n\n\n\n<p class=\"wp-block-paragraph\">Robert Nowosad, nominowany przez Ryszarda \u0141uczyna<\/p>\n\n\n\n<p class=\"wp-block-paragraph\">Arkadiusz Gajewski, nominowany przez RC Zamo\u015b\u0107<\/p>\n\n\n\n<p class=\"wp-block-paragraph\">Odznaczania wr\u0119czyli Gubernator Rotary Polska Krystyna Baj-Pawluk, Rotarianie z RC Wolsztyn oraz Ryszard \u0141uczyn, Krajowy Koordynator Komitet\u00f3w Miedzykrajowych Rotary Polska, kt\u00f3ry przekaza\u0142 rownie\u017c naszemu klubowi dwie prace wykonane przez ukrai\u0144skie dzieci z turnusu rehabilitacyjnego w Zakopanem.<\/p>\n\n\n\n<p class=\"wp-block-paragraph\">Obchodom 30-lecia towarzyszy\u0142a wystawa filatelistyczna znaczk\u00f3w Rotary z ca\u0142ego \u015bwiata z kolekcji naszego kolegi Leszka Sikory.<\/p>\n\n\n\n<p class=\"wp-block-paragraph\">Z okazji jubileuszu wyemitowany zosta\u0142, tak, jak na poprzednie 25-lecie, znaczek pocztowy.<\/p>\n\n\n\n<p class=\"wp-block-paragraph\">Jubileusz 30-lecia RC Zamo\u015b\u0107 u\u015bwietni\u0142 wieczorny bankiet, na kt\u00f3rym bawili\u015bmy si\u0119 znakomicie do muzyki granej przez zesp\u00f3\u0142 Teksas.<\/p>\n\n\n\n<p class=\"wp-block-paragraph\">Nie zapominamy o naszej idei pomagania innym.<\/p>\n\n\n\n<p class=\"wp-block-paragraph\">W trakcie bankietu odby\u0142a si\u0119 licytacja obraz\u00f3w Jerzego Tyburskiego i Dariusza Piekuta, waloru filatelistycznego, vouchera do hotelu Hampton w Lublinie, licytacja tortu oraz loteria fantowa. Wszystkie \u015brodki finansowe zebrane na bankiecie przeka\u017cemy powodzianom.<\/p>\n\n\n\n<p class=\"wp-block-paragraph\">Ostatnim punktem programu obchod\u00f3w 30-lecia RC Zamo\u015b\u0107 by\u0142a, dnia nast\u0119pnego, wycieczka po Zamo\u015bciu.<\/p>\n\n\n\n<figure class=\"wp-block-gallery has-nested-images columns-1 is-cropped wp-block-gallery-1 is-layout-flex wp-block-gallery-is-layout-flex\">\n<figure class=\"wp-block-image size-large\"><img fetchpriority=\"high\" decoding=\"async\" width=\"700\" height=\"467\" data-id=\"4873\" src=\"https:\/\/rotary.zamosc.pl\/wp-content\/uploads\/2024\/10\/Jubileusz-30-lecia-RC-Zamosc.-Obiecana-relacja-fotograficzna-c.d-79-700x467.jpg\" alt=\"\" class=\"wp-image-4873\" srcset=\"https:\/\/rotary.zamosc.pl\/wp-content\/uploads\/2024\/10\/Jubileusz-30-lecia-RC-Zamosc.-Obiecana-relacja-fotograficzna-c.d-79-700x467.jpg 700w, https:\/\/rotary.zamosc.pl\/wp-content\/uploads\/2024\/10\/Jubileusz-30-lecia-RC-Zamosc.-Obiecana-relacja-fotograficzna-c.d-79-300x200.jpg 300w, https:\/\/rotary.zamosc.pl\/wp-content\/uploads\/2024\/10\/Jubileusz-30-lecia-RC-Zamosc.-Obiecana-relacja-fotograficzna-c.d-79-768x512.jpg 768w, https:\/\/rotary.zamosc.pl\/wp-content\/uploads\/2024\/10\/Jubileusz-30-lecia-RC-Zamosc.-Obiecana-relacja-fotograficzna-c.d-79-1536x1024.jpg 1536w, https:\/\/rotary.zamosc.pl\/wp-content\/uploads\/2024\/10\/Jubileusz-30-lecia-RC-Zamosc.-Obiecana-relacja-fotograficzna-c.d-79-800x533.jpg 800w, https:\/\/rotary.zamosc.pl\/wp-content\/uploads\/2024\/10\/Jubileusz-30-lecia-RC-Zamosc.-Obiecana-relacja-fotograficzna-c.d-79-272x182.jpg 272w, https:\/\/rotary.zamosc.pl\/wp-content\/uploads\/2024\/10\/Jubileusz-30-lecia-RC-Zamosc.-Obiecana-relacja-fotograficzna-c.d-79.jpg 2048w\" sizes=\"(max-width: 700px) 100vw, 700px\" \/><\/figure>\n\n\n\n<figure class=\"wp-block-image size-large\"><img decoding=\"async\" width=\"700\" height=\"467\" data-id=\"4872\" src=\"https:\/\/rotary.zamosc.pl\/wp-content\/uploads\/2024\/10\/Jubileusz-30-lecia-RC-Zamosc.-Obiecana-relacja-fotograficzna-c.d-78-700x467.jpg\" alt=\"\" class=\"wp-image-4872\" srcset=\"https:\/\/rotary.zamosc.pl\/wp-content\/uploads\/2024\/10\/Jubileusz-30-lecia-RC-Zamosc.-Obiecana-relacja-fotograficzna-c.d-78-700x467.jpg 700w, https:\/\/rotary.zamosc.pl\/wp-content\/uploads\/2024\/10\/Jubileusz-30-lecia-RC-Zamosc.-Obiecana-relacja-fotograficzna-c.d-78-300x200.jpg 300w, https:\/\/rotary.zamosc.pl\/wp-content\/uploads\/2024\/10\/Jubileusz-30-lecia-RC-Zamosc.-Obiecana-relacja-fotograficzna-c.d-78-768x512.jpg 768w, https:\/\/rotary.zamosc.pl\/wp-content\/uploads\/2024\/10\/Jubileusz-30-lecia-RC-Zamosc.-Obiecana-relacja-fotograficzna-c.d-78-1536x1024.jpg 1536w, https:\/\/rotary.zamosc.pl\/wp-content\/uploads\/2024\/10\/Jubileusz-30-lecia-RC-Zamosc.-Obiecana-relacja-fotograficzna-c.d-78-800x533.jpg 800w, https:\/\/rotary.zamosc.pl\/wp-content\/uploads\/2024\/10\/Jubileusz-30-lecia-RC-Zamosc.-Obiecana-relacja-fotograficzna-c.d-78-272x182.jpg 272w, https:\/\/rotary.zamosc.pl\/wp-content\/uploads\/2024\/10\/Jubileusz-30-lecia-RC-Zamosc.-Obiecana-relacja-fotograficzna-c.d-78.jpg 2048w\" sizes=\"(max-width: 700px) 100vw, 700px\" \/><\/figure>\n\n\n\n<figure class=\"wp-block-image size-large\"><img decoding=\"async\" width=\"700\" height=\"467\" data-id=\"4871\" src=\"https:\/\/rotary.zamosc.pl\/wp-content\/uploads\/2024\/10\/Jubileusz-30-lecia-RC-Zamosc.-Obiecana-relacja-fotograficzna-c.d-77-700x467.jpg\" alt=\"\" class=\"wp-image-4871\" srcset=\"https:\/\/rotary.zamosc.pl\/wp-content\/uploads\/2024\/10\/Jubileusz-30-lecia-RC-Zamosc.-Obiecana-relacja-fotograficzna-c.d-77-700x467.jpg 700w, https:\/\/rotary.zamosc.pl\/wp-content\/uploads\/2024\/10\/Jubileusz-30-lecia-RC-Zamosc.-Obiecana-relacja-fotograficzna-c.d-77-300x200.jpg 300w, https:\/\/rotary.zamosc.pl\/wp-content\/uploads\/2024\/10\/Jubileusz-30-lecia-RC-Zamosc.-Obiecana-relacja-fotograficzna-c.d-77-768x512.jpg 768w, https:\/\/rotary.zamosc.pl\/wp-content\/uploads\/2024\/10\/Jubileusz-30-lecia-RC-Zamosc.-Obiecana-relacja-fotograficzna-c.d-77-1536x1024.jpg 1536w, https:\/\/rotary.zamosc.pl\/wp-content\/uploads\/2024\/10\/Jubileusz-30-lecia-RC-Zamosc.-Obiecana-relacja-fotograficzna-c.d-77-800x533.jpg 800w, https:\/\/rotary.zamosc.pl\/wp-content\/uploads\/2024\/10\/Jubileusz-30-lecia-RC-Zamosc.-Obiecana-relacja-fotograficzna-c.d-77-272x182.jpg 272w, https:\/\/rotary.zamosc.pl\/wp-content\/uploads\/2024\/10\/Jubileusz-30-lecia-RC-Zamosc.-Obiecana-relacja-fotograficzna-c.d-77.jpg 2048w\" sizes=\"(max-width: 700px) 100vw, 700px\" \/><\/figure>\n\n\n\n<figure class=\"wp-block-image size-large\"><img loading=\"lazy\" decoding=\"async\" width=\"700\" height=\"467\" data-id=\"4870\" src=\"https:\/\/rotary.zamosc.pl\/wp-content\/uploads\/2024\/10\/Jubileusz-30-lecia-RC-Zamosc.-Obiecana-relacja-fotograficzna-c.d-76-700x467.jpg\" alt=\"\" class=\"wp-image-4870\" srcset=\"https:\/\/rotary.zamosc.pl\/wp-content\/uploads\/2024\/10\/Jubileusz-30-lecia-RC-Zamosc.-Obiecana-relacja-fotograficzna-c.d-76-700x467.jpg 700w, https:\/\/rotary.zamosc.pl\/wp-content\/uploads\/2024\/10\/Jubileusz-30-lecia-RC-Zamosc.-Obiecana-relacja-fotograficzna-c.d-76-300x200.jpg 300w, https:\/\/rotary.zamosc.pl\/wp-content\/uploads\/2024\/10\/Jubileusz-30-lecia-RC-Zamosc.-Obiecana-relacja-fotograficzna-c.d-76-768x512.jpg 768w, https:\/\/rotary.zamosc.pl\/wp-content\/uploads\/2024\/10\/Jubileusz-30-lecia-RC-Zamosc.-Obiecana-relacja-fotograficzna-c.d-76-1536x1024.jpg 1536w, https:\/\/rotary.zamosc.pl\/wp-content\/uploads\/2024\/10\/Jubileusz-30-lecia-RC-Zamosc.-Obiecana-relacja-fotograficzna-c.d-76-800x533.jpg 800w, https:\/\/rotary.zamosc.pl\/wp-content\/uploads\/2024\/10\/Jubileusz-30-lecia-RC-Zamosc.-Obiecana-relacja-fotograficzna-c.d-76-272x182.jpg 272w, https:\/\/rotary.zamosc.pl\/wp-content\/uploads\/2024\/10\/Jubileusz-30-lecia-RC-Zamosc.-Obiecana-relacja-fotograficzna-c.d-76.jpg 2048w\" sizes=\"(max-width: 700px) 100vw, 700px\" \/><\/figure>\n\n\n\n<figure class=\"wp-block-image size-large\"><img loading=\"lazy\" decoding=\"async\" width=\"700\" height=\"467\" data-id=\"4869\" src=\"https:\/\/rotary.zamosc.pl\/wp-content\/uploads\/2024\/10\/Jubileusz-30-lecia-RC-Zamosc.-Obiecana-relacja-fotograficzna-c.d-75-700x467.jpg\" alt=\"\" class=\"wp-image-4869\" srcset=\"https:\/\/rotary.zamosc.pl\/wp-content\/uploads\/2024\/10\/Jubileusz-30-lecia-RC-Zamosc.-Obiecana-relacja-fotograficzna-c.d-75-700x467.jpg 700w, https:\/\/rotary.zamosc.pl\/wp-content\/uploads\/2024\/10\/Jubileusz-30-lecia-RC-Zamosc.-Obiecana-relacja-fotograficzna-c.d-75-300x200.jpg 300w, https:\/\/rotary.zamosc.pl\/wp-content\/uploads\/2024\/10\/Jubileusz-30-lecia-RC-Zamosc.-Obiecana-relacja-fotograficzna-c.d-75-768x512.jpg 768w, https:\/\/rotary.zamosc.pl\/wp-content\/uploads\/2024\/10\/Jubileusz-30-lecia-RC-Zamosc.-Obiecana-relacja-fotograficzna-c.d-75-1536x1024.jpg 1536w, https:\/\/rotary.zamosc.pl\/wp-content\/uploads\/2024\/10\/Jubileusz-30-lecia-RC-Zamosc.-Obiecana-relacja-fotograficzna-c.d-75-800x533.jpg 800w, https:\/\/rotary.zamosc.pl\/wp-content\/uploads\/2024\/10\/Jubileusz-30-lecia-RC-Zamosc.-Obiecana-relacja-fotograficzna-c.d-75-272x182.jpg 272w, https:\/\/rotary.zamosc.pl\/wp-content\/uploads\/2024\/10\/Jubileusz-30-lecia-RC-Zamosc.-Obiecana-relacja-fotograficzna-c.d-75.jpg 2048w\" sizes=\"(max-width: 700px) 100vw, 700px\" \/><\/figure>\n\n\n\n<figure class=\"wp-block-image size-large\"><img loading=\"lazy\" decoding=\"async\" width=\"700\" height=\"467\" data-id=\"4868\" src=\"https:\/\/rotary.zamosc.pl\/wp-content\/uploads\/2024\/10\/Jubileusz-30-lecia-RC-Zamosc.-Obiecana-relacja-fotograficzna-c.d-74-700x467.jpg\" alt=\"\" class=\"wp-image-4868\" srcset=\"https:\/\/rotary.zamosc.pl\/wp-content\/uploads\/2024\/10\/Jubileusz-30-lecia-RC-Zamosc.-Obiecana-relacja-fotograficzna-c.d-74-700x467.jpg 700w, https:\/\/rotary.zamosc.pl\/wp-content\/uploads\/2024\/10\/Jubileusz-30-lecia-RC-Zamosc.-Obiecana-relacja-fotograficzna-c.d-74-300x200.jpg 300w, https:\/\/rotary.zamosc.pl\/wp-content\/uploads\/2024\/10\/Jubileusz-30-lecia-RC-Zamosc.-Obiecana-relacja-fotograficzna-c.d-74-768x512.jpg 768w, https:\/\/rotary.zamosc.pl\/wp-content\/uploads\/2024\/10\/Jubileusz-30-lecia-RC-Zamosc.-Obiecana-relacja-fotograficzna-c.d-74-1536x1024.jpg 1536w, https:\/\/rotary.zamosc.pl\/wp-content\/uploads\/2024\/10\/Jubileusz-30-lecia-RC-Zamosc.-Obiecana-relacja-fotograficzna-c.d-74-800x533.jpg 800w, https:\/\/rotary.zamosc.pl\/wp-content\/uploads\/2024\/10\/Jubileusz-30-lecia-RC-Zamosc.-Obiecana-relacja-fotograficzna-c.d-74-272x182.jpg 272w, https:\/\/rotary.zamosc.pl\/wp-content\/uploads\/2024\/10\/Jubileusz-30-lecia-RC-Zamosc.-Obiecana-relacja-fotograficzna-c.d-74.jpg 2048w\" sizes=\"(max-width: 700px) 100vw, 700px\" \/><\/figure>\n\n\n\n<figure class=\"wp-block-image size-large\"><img loading=\"lazy\" decoding=\"async\" width=\"700\" height=\"1050\" data-id=\"4867\" src=\"https:\/\/rotary.zamosc.pl\/wp-content\/uploads\/2024\/10\/Jubileusz-30-lecia-RC-Zamosc.-Obiecana-relacja-fotograficzna-c.d-73-700x1050.jpg\" alt=\"\" class=\"wp-image-4867\" srcset=\"https:\/\/rotary.zamosc.pl\/wp-content\/uploads\/2024\/10\/Jubileusz-30-lecia-RC-Zamosc.-Obiecana-relacja-fotograficzna-c.d-73-700x1050.jpg 700w, https:\/\/rotary.zamosc.pl\/wp-content\/uploads\/2024\/10\/Jubileusz-30-lecia-RC-Zamosc.-Obiecana-relacja-fotograficzna-c.d-73-200x300.jpg 200w, https:\/\/rotary.zamosc.pl\/wp-content\/uploads\/2024\/10\/Jubileusz-30-lecia-RC-Zamosc.-Obiecana-relacja-fotograficzna-c.d-73-768x1152.jpg 768w, https:\/\/rotary.zamosc.pl\/wp-content\/uploads\/2024\/10\/Jubileusz-30-lecia-RC-Zamosc.-Obiecana-relacja-fotograficzna-c.d-73-1024x1536.jpg 1024w, https:\/\/rotary.zamosc.pl\/wp-content\/uploads\/2024\/10\/Jubileusz-30-lecia-RC-Zamosc.-Obiecana-relacja-fotograficzna-c.d-73-800x1200.jpg 800w, https:\/\/rotary.zamosc.pl\/wp-content\/uploads\/2024\/10\/Jubileusz-30-lecia-RC-Zamosc.-Obiecana-relacja-fotograficzna-c.d-73.jpg 1365w\" sizes=\"(max-width: 700px) 100vw, 700px\" \/><\/figure>\n\n\n\n<figure class=\"wp-block-image size-large\"><img loading=\"lazy\" decoding=\"async\" width=\"700\" height=\"467\" data-id=\"4861\" src=\"https:\/\/rotary.zamosc.pl\/wp-content\/uploads\/2024\/10\/Jubileusz-30-lecia-RC-Zamosc.-Obiecana-relacja-fotograficzna-c.d-67-700x467.jpg\" alt=\"\" class=\"wp-image-4861\" srcset=\"https:\/\/rotary.zamosc.pl\/wp-content\/uploads\/2024\/10\/Jubileusz-30-lecia-RC-Zamosc.-Obiecana-relacja-fotograficzna-c.d-67-700x467.jpg 700w, https:\/\/rotary.zamosc.pl\/wp-content\/uploads\/2024\/10\/Jubileusz-30-lecia-RC-Zamosc.-Obiecana-relacja-fotograficzna-c.d-67-300x200.jpg 300w, https:\/\/rotary.zamosc.pl\/wp-content\/uploads\/2024\/10\/Jubileusz-30-lecia-RC-Zamosc.-Obiecana-relacja-fotograficzna-c.d-67-768x512.jpg 768w, https:\/\/rotary.zamosc.pl\/wp-content\/uploads\/2024\/10\/Jubileusz-30-lecia-RC-Zamosc.-Obiecana-relacja-fotograficzna-c.d-67-1536x1024.jpg 1536w, https:\/\/rotary.zamosc.pl\/wp-content\/uploads\/2024\/10\/Jubileusz-30-lecia-RC-Zamosc.-Obiecana-relacja-fotograficzna-c.d-67-800x533.jpg 800w, https:\/\/rotary.zamosc.pl\/wp-content\/uploads\/2024\/10\/Jubileusz-30-lecia-RC-Zamosc.-Obiecana-relacja-fotograficzna-c.d-67-272x182.jpg 272w, https:\/\/rotary.zamosc.pl\/wp-content\/uploads\/2024\/10\/Jubileusz-30-lecia-RC-Zamosc.-Obiecana-relacja-fotograficzna-c.d-67.jpg 2048w\" sizes=\"(max-width: 700px) 100vw, 700px\" \/><\/figure>\n\n\n\n<figure class=\"wp-block-image size-large\"><img loading=\"lazy\" decoding=\"async\" width=\"700\" height=\"467\" data-id=\"4862\" src=\"https:\/\/rotary.zamosc.pl\/wp-content\/uploads\/2024\/10\/Jubileusz-30-lecia-RC-Zamosc.-Obiecana-relacja-fotograficzna-c.d-68-700x467.jpg\" alt=\"\" class=\"wp-image-4862\" srcset=\"https:\/\/rotary.zamosc.pl\/wp-content\/uploads\/2024\/10\/Jubileusz-30-lecia-RC-Zamosc.-Obiecana-relacja-fotograficzna-c.d-68-700x467.jpg 700w, https:\/\/rotary.zamosc.pl\/wp-content\/uploads\/2024\/10\/Jubileusz-30-lecia-RC-Zamosc.-Obiecana-relacja-fotograficzna-c.d-68-300x200.jpg 300w, https:\/\/rotary.zamosc.pl\/wp-content\/uploads\/2024\/10\/Jubileusz-30-lecia-RC-Zamosc.-Obiecana-relacja-fotograficzna-c.d-68-768x512.jpg 768w, https:\/\/rotary.zamosc.pl\/wp-content\/uploads\/2024\/10\/Jubileusz-30-lecia-RC-Zamosc.-Obiecana-relacja-fotograficzna-c.d-68-1536x1024.jpg 1536w, https:\/\/rotary.zamosc.pl\/wp-content\/uploads\/2024\/10\/Jubileusz-30-lecia-RC-Zamosc.-Obiecana-relacja-fotograficzna-c.d-68-800x533.jpg 800w, https:\/\/rotary.zamosc.pl\/wp-content\/uploads\/2024\/10\/Jubileusz-30-lecia-RC-Zamosc.-Obiecana-relacja-fotograficzna-c.d-68-272x182.jpg 272w, https:\/\/rotary.zamosc.pl\/wp-content\/uploads\/2024\/10\/Jubileusz-30-lecia-RC-Zamosc.-Obiecana-relacja-fotograficzna-c.d-68.jpg 2048w\" sizes=\"(max-width: 700px) 100vw, 700px\" \/><\/figure>\n\n\n\n<figure class=\"wp-block-image size-large\"><img loading=\"lazy\" decoding=\"async\" width=\"700\" height=\"467\" data-id=\"4863\" src=\"https:\/\/rotary.zamosc.pl\/wp-content\/uploads\/2024\/10\/Jubileusz-30-lecia-RC-Zamosc.-Obiecana-relacja-fotograficzna-c.d-69-700x467.jpg\" alt=\"\" class=\"wp-image-4863\" srcset=\"https:\/\/rotary.zamosc.pl\/wp-content\/uploads\/2024\/10\/Jubileusz-30-lecia-RC-Zamosc.-Obiecana-relacja-fotograficzna-c.d-69-700x467.jpg 700w, https:\/\/rotary.zamosc.pl\/wp-content\/uploads\/2024\/10\/Jubileusz-30-lecia-RC-Zamosc.-Obiecana-relacja-fotograficzna-c.d-69-300x200.jpg 300w, https:\/\/rotary.zamosc.pl\/wp-content\/uploads\/2024\/10\/Jubileusz-30-lecia-RC-Zamosc.-Obiecana-relacja-fotograficzna-c.d-69-768x512.jpg 768w, https:\/\/rotary.zamosc.pl\/wp-content\/uploads\/2024\/10\/Jubileusz-30-lecia-RC-Zamosc.-Obiecana-relacja-fotograficzna-c.d-69-1536x1024.jpg 1536w, https:\/\/rotary.zamosc.pl\/wp-content\/uploads\/2024\/10\/Jubileusz-30-lecia-RC-Zamosc.-Obiecana-relacja-fotograficzna-c.d-69-800x533.jpg 800w, https:\/\/rotary.zamosc.pl\/wp-content\/uploads\/2024\/10\/Jubileusz-30-lecia-RC-Zamosc.-Obiecana-relacja-fotograficzna-c.d-69-272x182.jpg 272w, https:\/\/rotary.zamosc.pl\/wp-content\/uploads\/2024\/10\/Jubileusz-30-lecia-RC-Zamosc.-Obiecana-relacja-fotograficzna-c.d-69.jpg 2048w\" sizes=\"(max-width: 700px) 100vw, 700px\" \/><\/figure>\n\n\n\n<figure class=\"wp-block-image size-large\"><img loading=\"lazy\" decoding=\"async\" width=\"700\" height=\"467\" data-id=\"4864\" src=\"https:\/\/rotary.zamosc.pl\/wp-content\/uploads\/2024\/10\/Jubileusz-30-lecia-RC-Zamosc.-Obiecana-relacja-fotograficzna-c.d-70-700x467.jpg\" alt=\"\" class=\"wp-image-4864\" srcset=\"https:\/\/rotary.zamosc.pl\/wp-content\/uploads\/2024\/10\/Jubileusz-30-lecia-RC-Zamosc.-Obiecana-relacja-fotograficzna-c.d-70-700x467.jpg 700w, https:\/\/rotary.zamosc.pl\/wp-content\/uploads\/2024\/10\/Jubileusz-30-lecia-RC-Zamosc.-Obiecana-relacja-fotograficzna-c.d-70-300x200.jpg 300w, https:\/\/rotary.zamosc.pl\/wp-content\/uploads\/2024\/10\/Jubileusz-30-lecia-RC-Zamosc.-Obiecana-relacja-fotograficzna-c.d-70-768x512.jpg 768w, https:\/\/rotary.zamosc.pl\/wp-content\/uploads\/2024\/10\/Jubileusz-30-lecia-RC-Zamosc.-Obiecana-relacja-fotograficzna-c.d-70-1536x1024.jpg 1536w, https:\/\/rotary.zamosc.pl\/wp-content\/uploads\/2024\/10\/Jubileusz-30-lecia-RC-Zamosc.-Obiecana-relacja-fotograficzna-c.d-70-800x533.jpg 800w, https:\/\/rotary.zamosc.pl\/wp-content\/uploads\/2024\/10\/Jubileusz-30-lecia-RC-Zamosc.-Obiecana-relacja-fotograficzna-c.d-70-272x182.jpg 272w, https:\/\/rotary.zamosc.pl\/wp-content\/uploads\/2024\/10\/Jubileusz-30-lecia-RC-Zamosc.-Obiecana-relacja-fotograficzna-c.d-70.jpg 2048w\" sizes=\"(max-width: 700px) 100vw, 700px\" \/><\/figure>\n\n\n\n<figure class=\"wp-block-image size-large\"><img loading=\"lazy\" decoding=\"async\" width=\"700\" height=\"467\" data-id=\"4865\" src=\"https:\/\/rotary.zamosc.pl\/wp-content\/uploads\/2024\/10\/Jubileusz-30-lecia-RC-Zamosc.-Obiecana-relacja-fotograficzna-c.d-71-700x467.jpg\" alt=\"\" class=\"wp-image-4865\" srcset=\"https:\/\/rotary.zamosc.pl\/wp-content\/uploads\/2024\/10\/Jubileusz-30-lecia-RC-Zamosc.-Obiecana-relacja-fotograficzna-c.d-71-700x467.jpg 700w, https:\/\/rotary.zamosc.pl\/wp-content\/uploads\/2024\/10\/Jubileusz-30-lecia-RC-Zamosc.-Obiecana-relacja-fotograficzna-c.d-71-300x200.jpg 300w, https:\/\/rotary.zamosc.pl\/wp-content\/uploads\/2024\/10\/Jubileusz-30-lecia-RC-Zamosc.-Obiecana-relacja-fotograficzna-c.d-71-768x512.jpg 768w, https:\/\/rotary.zamosc.pl\/wp-content\/uploads\/2024\/10\/Jubileusz-30-lecia-RC-Zamosc.-Obiecana-relacja-fotograficzna-c.d-71-1536x1024.jpg 1536w, https:\/\/rotary.zamosc.pl\/wp-content\/uploads\/2024\/10\/Jubileusz-30-lecia-RC-Zamosc.-Obiecana-relacja-fotograficzna-c.d-71-800x533.jpg 800w, https:\/\/rotary.zamosc.pl\/wp-content\/uploads\/2024\/10\/Jubileusz-30-lecia-RC-Zamosc.-Obiecana-relacja-fotograficzna-c.d-71-272x182.jpg 272w, https:\/\/rotary.zamosc.pl\/wp-content\/uploads\/2024\/10\/Jubileusz-30-lecia-RC-Zamosc.-Obiecana-relacja-fotograficzna-c.d-71.jpg 2048w\" sizes=\"(max-width: 700px) 100vw, 700px\" \/><\/figure>\n\n\n\n<figure class=\"wp-block-image size-large\"><img loading=\"lazy\" decoding=\"async\" width=\"700\" height=\"1050\" data-id=\"4866\" src=\"https:\/\/rotary.zamosc.pl\/wp-content\/uploads\/2024\/10\/Jubileusz-30-lecia-RC-Zamosc.-Obiecana-relacja-fotograficzna-c.d-72-700x1050.jpg\" alt=\"\" class=\"wp-image-4866\" srcset=\"https:\/\/rotary.zamosc.pl\/wp-content\/uploads\/2024\/10\/Jubileusz-30-lecia-RC-Zamosc.-Obiecana-relacja-fotograficzna-c.d-72-700x1050.jpg 700w, https:\/\/rotary.zamosc.pl\/wp-content\/uploads\/2024\/10\/Jubileusz-30-lecia-RC-Zamosc.-Obiecana-relacja-fotograficzna-c.d-72-200x300.jpg 200w, https:\/\/rotary.zamosc.pl\/wp-content\/uploads\/2024\/10\/Jubileusz-30-lecia-RC-Zamosc.-Obiecana-relacja-fotograficzna-c.d-72-768x1152.jpg 768w, https:\/\/rotary.zamosc.pl\/wp-content\/uploads\/2024\/10\/Jubileusz-30-lecia-RC-Zamosc.-Obiecana-relacja-fotograficzna-c.d-72-1024x1536.jpg 1024w, https:\/\/rotary.zamosc.pl\/wp-content\/uploads\/2024\/10\/Jubileusz-30-lecia-RC-Zamosc.-Obiecana-relacja-fotograficzna-c.d-72-800x1200.jpg 800w, https:\/\/rotary.zamosc.pl\/wp-content\/uploads\/2024\/10\/Jubileusz-30-lecia-RC-Zamosc.-Obiecana-relacja-fotograficzna-c.d-72.jpg 1365w\" sizes=\"(max-width: 700px) 100vw, 700px\" \/><\/figure>\n\n\n\n<figure class=\"wp-block-image size-large\"><img loading=\"lazy\" decoding=\"async\" width=\"700\" height=\"467\" data-id=\"4860\" src=\"https:\/\/rotary.zamosc.pl\/wp-content\/uploads\/2024\/10\/Jubileusz-30-lecia-RC-Zamosc.-Obiecana-relacja-fotograficzna-c.d-66-700x467.jpg\" alt=\"\" class=\"wp-image-4860\" srcset=\"https:\/\/rotary.zamosc.pl\/wp-content\/uploads\/2024\/10\/Jubileusz-30-lecia-RC-Zamosc.-Obiecana-relacja-fotograficzna-c.d-66-700x467.jpg 700w, https:\/\/rotary.zamosc.pl\/wp-content\/uploads\/2024\/10\/Jubileusz-30-lecia-RC-Zamosc.-Obiecana-relacja-fotograficzna-c.d-66-300x200.jpg 300w, https:\/\/rotary.zamosc.pl\/wp-content\/uploads\/2024\/10\/Jubileusz-30-lecia-RC-Zamosc.-Obiecana-relacja-fotograficzna-c.d-66-768x512.jpg 768w, https:\/\/rotary.zamosc.pl\/wp-content\/uploads\/2024\/10\/Jubileusz-30-lecia-RC-Zamosc.-Obiecana-relacja-fotograficzna-c.d-66-1536x1024.jpg 1536w, https:\/\/rotary.zamosc.pl\/wp-content\/uploads\/2024\/10\/Jubileusz-30-lecia-RC-Zamosc.-Obiecana-relacja-fotograficzna-c.d-66-800x533.jpg 800w, https:\/\/rotary.zamosc.pl\/wp-content\/uploads\/2024\/10\/Jubileusz-30-lecia-RC-Zamosc.-Obiecana-relacja-fotograficzna-c.d-66-272x182.jpg 272w, https:\/\/rotary.zamosc.pl\/wp-content\/uploads\/2024\/10\/Jubileusz-30-lecia-RC-Zamosc.-Obiecana-relacja-fotograficzna-c.d-66.jpg 2048w\" sizes=\"(max-width: 700px) 100vw, 700px\" \/><\/figure>\n\n\n\n<figure class=\"wp-block-image size-large\"><img loading=\"lazy\" decoding=\"async\" width=\"700\" height=\"467\" data-id=\"4859\" src=\"https:\/\/rotary.zamosc.pl\/wp-content\/uploads\/2024\/10\/Jubileusz-30-lecia-RC-Zamosc.-Obiecana-relacja-fotograficzna-c.d-65-700x467.jpg\" alt=\"\" class=\"wp-image-4859\" srcset=\"https:\/\/rotary.zamosc.pl\/wp-content\/uploads\/2024\/10\/Jubileusz-30-lecia-RC-Zamosc.-Obiecana-relacja-fotograficzna-c.d-65-700x467.jpg 700w, https:\/\/rotary.zamosc.pl\/wp-content\/uploads\/2024\/10\/Jubileusz-30-lecia-RC-Zamosc.-Obiecana-relacja-fotograficzna-c.d-65-300x200.jpg 300w, https:\/\/rotary.zamosc.pl\/wp-content\/uploads\/2024\/10\/Jubileusz-30-lecia-RC-Zamosc.-Obiecana-relacja-fotograficzna-c.d-65-768x512.jpg 768w, https:\/\/rotary.zamosc.pl\/wp-content\/uploads\/2024\/10\/Jubileusz-30-lecia-RC-Zamosc.-Obiecana-relacja-fotograficzna-c.d-65-1536x1024.jpg 1536w, https:\/\/rotary.zamosc.pl\/wp-content\/uploads\/2024\/10\/Jubileusz-30-lecia-RC-Zamosc.-Obiecana-relacja-fotograficzna-c.d-65-800x533.jpg 800w, https:\/\/rotary.zamosc.pl\/wp-content\/uploads\/2024\/10\/Jubileusz-30-lecia-RC-Zamosc.-Obiecana-relacja-fotograficzna-c.d-65-272x182.jpg 272w, https:\/\/rotary.zamosc.pl\/wp-content\/uploads\/2024\/10\/Jubileusz-30-lecia-RC-Zamosc.-Obiecana-relacja-fotograficzna-c.d-65.jpg 2048w\" sizes=\"(max-width: 700px) 100vw, 700px\" \/><\/figure>\n\n\n\n<figure class=\"wp-block-image size-large\"><img loading=\"lazy\" decoding=\"async\" width=\"700\" height=\"467\" data-id=\"4858\" src=\"https:\/\/rotary.zamosc.pl\/wp-content\/uploads\/2024\/10\/Jubileusz-30-lecia-RC-Zamosc.-Obiecana-relacja-fotograficzna-c.d-64-700x467.jpg\" alt=\"\" class=\"wp-image-4858\" srcset=\"https:\/\/rotary.zamosc.pl\/wp-content\/uploads\/2024\/10\/Jubileusz-30-lecia-RC-Zamosc.-Obiecana-relacja-fotograficzna-c.d-64-700x467.jpg 700w, https:\/\/rotary.zamosc.pl\/wp-content\/uploads\/2024\/10\/Jubileusz-30-lecia-RC-Zamosc.-Obiecana-relacja-fotograficzna-c.d-64-300x200.jpg 300w, https:\/\/rotary.zamosc.pl\/wp-content\/uploads\/2024\/10\/Jubileusz-30-lecia-RC-Zamosc.-Obiecana-relacja-fotograficzna-c.d-64-768x512.jpg 768w, https:\/\/rotary.zamosc.pl\/wp-content\/uploads\/2024\/10\/Jubileusz-30-lecia-RC-Zamosc.-Obiecana-relacja-fotograficzna-c.d-64-1536x1024.jpg 1536w, https:\/\/rotary.zamosc.pl\/wp-content\/uploads\/2024\/10\/Jubileusz-30-lecia-RC-Zamosc.-Obiecana-relacja-fotograficzna-c.d-64-800x533.jpg 800w, https:\/\/rotary.zamosc.pl\/wp-content\/uploads\/2024\/10\/Jubileusz-30-lecia-RC-Zamosc.-Obiecana-relacja-fotograficzna-c.d-64-272x182.jpg 272w, https:\/\/rotary.zamosc.pl\/wp-content\/uploads\/2024\/10\/Jubileusz-30-lecia-RC-Zamosc.-Obiecana-relacja-fotograficzna-c.d-64.jpg 2048w\" sizes=\"(max-width: 700px) 100vw, 700px\" \/><\/figure>\n\n\n\n<figure class=\"wp-block-image size-large\"><img loading=\"lazy\" decoding=\"async\" width=\"700\" height=\"467\" data-id=\"4857\" src=\"https:\/\/rotary.zamosc.pl\/wp-content\/uploads\/2024\/10\/Jubileusz-30-lecia-RC-Zamosc.-Obiecana-relacja-fotograficzna-c.d-63-700x467.jpg\" alt=\"\" class=\"wp-image-4857\" srcset=\"https:\/\/rotary.zamosc.pl\/wp-content\/uploads\/2024\/10\/Jubileusz-30-lecia-RC-Zamosc.-Obiecana-relacja-fotograficzna-c.d-63-700x467.jpg 700w, https:\/\/rotary.zamosc.pl\/wp-content\/uploads\/2024\/10\/Jubileusz-30-lecia-RC-Zamosc.-Obiecana-relacja-fotograficzna-c.d-63-300x200.jpg 300w, https:\/\/rotary.zamosc.pl\/wp-content\/uploads\/2024\/10\/Jubileusz-30-lecia-RC-Zamosc.-Obiecana-relacja-fotograficzna-c.d-63-768x512.jpg 768w, https:\/\/rotary.zamosc.pl\/wp-content\/uploads\/2024\/10\/Jubileusz-30-lecia-RC-Zamosc.-Obiecana-relacja-fotograficzna-c.d-63-1536x1024.jpg 1536w, https:\/\/rotary.zamosc.pl\/wp-content\/uploads\/2024\/10\/Jubileusz-30-lecia-RC-Zamosc.-Obiecana-relacja-fotograficzna-c.d-63-800x533.jpg 800w, https:\/\/rotary.zamosc.pl\/wp-content\/uploads\/2024\/10\/Jubileusz-30-lecia-RC-Zamosc.-Obiecana-relacja-fotograficzna-c.d-63-272x182.jpg 272w, https:\/\/rotary.zamosc.pl\/wp-content\/uploads\/2024\/10\/Jubileusz-30-lecia-RC-Zamosc.-Obiecana-relacja-fotograficzna-c.d-63.jpg 2048w\" sizes=\"(max-width: 700px) 100vw, 700px\" \/><\/figure>\n\n\n\n<figure class=\"wp-block-image size-large\"><img loading=\"lazy\" decoding=\"async\" width=\"700\" height=\"467\" data-id=\"4856\" src=\"https:\/\/rotary.zamosc.pl\/wp-content\/uploads\/2024\/10\/Jubileusz-30-lecia-RC-Zamosc.-Obiecana-relacja-fotograficzna-c.d-62-700x467.jpg\" alt=\"\" class=\"wp-image-4856\" srcset=\"https:\/\/rotary.zamosc.pl\/wp-content\/uploads\/2024\/10\/Jubileusz-30-lecia-RC-Zamosc.-Obiecana-relacja-fotograficzna-c.d-62-700x467.jpg 700w, https:\/\/rotary.zamosc.pl\/wp-content\/uploads\/2024\/10\/Jubileusz-30-lecia-RC-Zamosc.-Obiecana-relacja-fotograficzna-c.d-62-300x200.jpg 300w, https:\/\/rotary.zamosc.pl\/wp-content\/uploads\/2024\/10\/Jubileusz-30-lecia-RC-Zamosc.-Obiecana-relacja-fotograficzna-c.d-62-768x512.jpg 768w, https:\/\/rotary.zamosc.pl\/wp-content\/uploads\/2024\/10\/Jubileusz-30-lecia-RC-Zamosc.-Obiecana-relacja-fotograficzna-c.d-62-1536x1024.jpg 1536w, https:\/\/rotary.zamosc.pl\/wp-content\/uploads\/2024\/10\/Jubileusz-30-lecia-RC-Zamosc.-Obiecana-relacja-fotograficzna-c.d-62-800x533.jpg 800w, https:\/\/rotary.zamosc.pl\/wp-content\/uploads\/2024\/10\/Jubileusz-30-lecia-RC-Zamosc.-Obiecana-relacja-fotograficzna-c.d-62-272x182.jpg 272w, https:\/\/rotary.zamosc.pl\/wp-content\/uploads\/2024\/10\/Jubileusz-30-lecia-RC-Zamosc.-Obiecana-relacja-fotograficzna-c.d-62.jpg 2048w\" sizes=\"(max-width: 700px) 100vw, 700px\" \/><\/figure>\n\n\n\n<figure class=\"wp-block-image size-large\"><img loading=\"lazy\" decoding=\"async\" width=\"700\" height=\"467\" data-id=\"4855\" src=\"https:\/\/rotary.zamosc.pl\/wp-content\/uploads\/2024\/10\/Jubileusz-30-lecia-RC-Zamosc.-Obiecana-relacja-fotograficzna-c.d-61-700x467.jpg\" alt=\"\" class=\"wp-image-4855\" srcset=\"https:\/\/rotary.zamosc.pl\/wp-content\/uploads\/2024\/10\/Jubileusz-30-lecia-RC-Zamosc.-Obiecana-relacja-fotograficzna-c.d-61-700x467.jpg 700w, https:\/\/rotary.zamosc.pl\/wp-content\/uploads\/2024\/10\/Jubileusz-30-lecia-RC-Zamosc.-Obiecana-relacja-fotograficzna-c.d-61-300x200.jpg 300w, https:\/\/rotary.zamosc.pl\/wp-content\/uploads\/2024\/10\/Jubileusz-30-lecia-RC-Zamosc.-Obiecana-relacja-fotograficzna-c.d-61-768x512.jpg 768w, https:\/\/rotary.zamosc.pl\/wp-content\/uploads\/2024\/10\/Jubileusz-30-lecia-RC-Zamosc.-Obiecana-relacja-fotograficzna-c.d-61-1536x1024.jpg 1536w, https:\/\/rotary.zamosc.pl\/wp-content\/uploads\/2024\/10\/Jubileusz-30-lecia-RC-Zamosc.-Obiecana-relacja-fotograficzna-c.d-61-800x533.jpg 800w, https:\/\/rotary.zamosc.pl\/wp-content\/uploads\/2024\/10\/Jubileusz-30-lecia-RC-Zamosc.-Obiecana-relacja-fotograficzna-c.d-61-272x182.jpg 272w, https:\/\/rotary.zamosc.pl\/wp-content\/uploads\/2024\/10\/Jubileusz-30-lecia-RC-Zamosc.-Obiecana-relacja-fotograficzna-c.d-61.jpg 2048w\" sizes=\"(max-width: 700px) 100vw, 700px\" \/><\/figure>\n\n\n\n<figure class=\"wp-block-image size-large\"><img loading=\"lazy\" decoding=\"async\" width=\"700\" height=\"467\" data-id=\"4849\" src=\"https:\/\/rotary.zamosc.pl\/wp-content\/uploads\/2024\/10\/Jubileusz-30-lecia-RC-Zamosc.-Obiecana-relacja-fotograficzna-c.d-55-700x467.jpg\" alt=\"\" class=\"wp-image-4849\" srcset=\"https:\/\/rotary.zamosc.pl\/wp-content\/uploads\/2024\/10\/Jubileusz-30-lecia-RC-Zamosc.-Obiecana-relacja-fotograficzna-c.d-55-700x467.jpg 700w, https:\/\/rotary.zamosc.pl\/wp-content\/uploads\/2024\/10\/Jubileusz-30-lecia-RC-Zamosc.-Obiecana-relacja-fotograficzna-c.d-55-300x200.jpg 300w, https:\/\/rotary.zamosc.pl\/wp-content\/uploads\/2024\/10\/Jubileusz-30-lecia-RC-Zamosc.-Obiecana-relacja-fotograficzna-c.d-55-768x512.jpg 768w, https:\/\/rotary.zamosc.pl\/wp-content\/uploads\/2024\/10\/Jubileusz-30-lecia-RC-Zamosc.-Obiecana-relacja-fotograficzna-c.d-55-1536x1024.jpg 1536w, https:\/\/rotary.zamosc.pl\/wp-content\/uploads\/2024\/10\/Jubileusz-30-lecia-RC-Zamosc.-Obiecana-relacja-fotograficzna-c.d-55-800x533.jpg 800w, https:\/\/rotary.zamosc.pl\/wp-content\/uploads\/2024\/10\/Jubileusz-30-lecia-RC-Zamosc.-Obiecana-relacja-fotograficzna-c.d-55-272x182.jpg 272w, https:\/\/rotary.zamosc.pl\/wp-content\/uploads\/2024\/10\/Jubileusz-30-lecia-RC-Zamosc.-Obiecana-relacja-fotograficzna-c.d-55.jpg 2048w\" sizes=\"(max-width: 700px) 100vw, 700px\" \/><\/figure>\n\n\n\n<figure class=\"wp-block-image size-large\"><img loading=\"lazy\" decoding=\"async\" width=\"700\" height=\"467\" data-id=\"4850\" src=\"https:\/\/rotary.zamosc.pl\/wp-content\/uploads\/2024\/10\/Jubileusz-30-lecia-RC-Zamosc.-Obiecana-relacja-fotograficzna-c.d-56-700x467.jpg\" alt=\"\" class=\"wp-image-4850\" srcset=\"https:\/\/rotary.zamosc.pl\/wp-content\/uploads\/2024\/10\/Jubileusz-30-lecia-RC-Zamosc.-Obiecana-relacja-fotograficzna-c.d-56-700x467.jpg 700w, https:\/\/rotary.zamosc.pl\/wp-content\/uploads\/2024\/10\/Jubileusz-30-lecia-RC-Zamosc.-Obiecana-relacja-fotograficzna-c.d-56-300x200.jpg 300w, https:\/\/rotary.zamosc.pl\/wp-content\/uploads\/2024\/10\/Jubileusz-30-lecia-RC-Zamosc.-Obiecana-relacja-fotograficzna-c.d-56-768x512.jpg 768w, https:\/\/rotary.zamosc.pl\/wp-content\/uploads\/2024\/10\/Jubileusz-30-lecia-RC-Zamosc.-Obiecana-relacja-fotograficzna-c.d-56-1536x1024.jpg 1536w, https:\/\/rotary.zamosc.pl\/wp-content\/uploads\/2024\/10\/Jubileusz-30-lecia-RC-Zamosc.-Obiecana-relacja-fotograficzna-c.d-56-800x533.jpg 800w, https:\/\/rotary.zamosc.pl\/wp-content\/uploads\/2024\/10\/Jubileusz-30-lecia-RC-Zamosc.-Obiecana-relacja-fotograficzna-c.d-56-272x182.jpg 272w, https:\/\/rotary.zamosc.pl\/wp-content\/uploads\/2024\/10\/Jubileusz-30-lecia-RC-Zamosc.-Obiecana-relacja-fotograficzna-c.d-56.jpg 2048w\" sizes=\"(max-width: 700px) 100vw, 700px\" \/><\/figure>\n\n\n\n<figure class=\"wp-block-image size-large\"><img loading=\"lazy\" decoding=\"async\" width=\"700\" height=\"1050\" data-id=\"4852\" src=\"https:\/\/rotary.zamosc.pl\/wp-content\/uploads\/2024\/10\/Jubileusz-30-lecia-RC-Zamosc.-Obiecana-relacja-fotograficzna-c.d-58-700x1050.jpg\" alt=\"\" class=\"wp-image-4852\" srcset=\"https:\/\/rotary.zamosc.pl\/wp-content\/uploads\/2024\/10\/Jubileusz-30-lecia-RC-Zamosc.-Obiecana-relacja-fotograficzna-c.d-58-700x1050.jpg 700w, https:\/\/rotary.zamosc.pl\/wp-content\/uploads\/2024\/10\/Jubileusz-30-lecia-RC-Zamosc.-Obiecana-relacja-fotograficzna-c.d-58-200x300.jpg 200w, https:\/\/rotary.zamosc.pl\/wp-content\/uploads\/2024\/10\/Jubileusz-30-lecia-RC-Zamosc.-Obiecana-relacja-fotograficzna-c.d-58-768x1152.jpg 768w, https:\/\/rotary.zamosc.pl\/wp-content\/uploads\/2024\/10\/Jubileusz-30-lecia-RC-Zamosc.-Obiecana-relacja-fotograficzna-c.d-58-1024x1536.jpg 1024w, https:\/\/rotary.zamosc.pl\/wp-content\/uploads\/2024\/10\/Jubileusz-30-lecia-RC-Zamosc.-Obiecana-relacja-fotograficzna-c.d-58-800x1200.jpg 800w, https:\/\/rotary.zamosc.pl\/wp-content\/uploads\/2024\/10\/Jubileusz-30-lecia-RC-Zamosc.-Obiecana-relacja-fotograficzna-c.d-58.jpg 1365w\" sizes=\"(max-width: 700px) 100vw, 700px\" \/><\/figure>\n\n\n\n<figure class=\"wp-block-image size-large\"><img loading=\"lazy\" decoding=\"async\" width=\"700\" height=\"467\" data-id=\"4851\" src=\"https:\/\/rotary.zamosc.pl\/wp-content\/uploads\/2024\/10\/Jubileusz-30-lecia-RC-Zamosc.-Obiecana-relacja-fotograficzna-c.d-57-700x467.jpg\" alt=\"\" class=\"wp-image-4851\" srcset=\"https:\/\/rotary.zamosc.pl\/wp-content\/uploads\/2024\/10\/Jubileusz-30-lecia-RC-Zamosc.-Obiecana-relacja-fotograficzna-c.d-57-700x467.jpg 700w, https:\/\/rotary.zamosc.pl\/wp-content\/uploads\/2024\/10\/Jubileusz-30-lecia-RC-Zamosc.-Obiecana-relacja-fotograficzna-c.d-57-300x200.jpg 300w, https:\/\/rotary.zamosc.pl\/wp-content\/uploads\/2024\/10\/Jubileusz-30-lecia-RC-Zamosc.-Obiecana-relacja-fotograficzna-c.d-57-768x512.jpg 768w, https:\/\/rotary.zamosc.pl\/wp-content\/uploads\/2024\/10\/Jubileusz-30-lecia-RC-Zamosc.-Obiecana-relacja-fotograficzna-c.d-57-1536x1024.jpg 1536w, https:\/\/rotary.zamosc.pl\/wp-content\/uploads\/2024\/10\/Jubileusz-30-lecia-RC-Zamosc.-Obiecana-relacja-fotograficzna-c.d-57-800x533.jpg 800w, https:\/\/rotary.zamosc.pl\/wp-content\/uploads\/2024\/10\/Jubileusz-30-lecia-RC-Zamosc.-Obiecana-relacja-fotograficzna-c.d-57-272x182.jpg 272w, https:\/\/rotary.zamosc.pl\/wp-content\/uploads\/2024\/10\/Jubileusz-30-lecia-RC-Zamosc.-Obiecana-relacja-fotograficzna-c.d-57.jpg 2048w\" sizes=\"(max-width: 700px) 100vw, 700px\" \/><\/figure>\n\n\n\n<figure class=\"wp-block-image size-large\"><img loading=\"lazy\" decoding=\"async\" width=\"700\" height=\"467\" data-id=\"4853\" src=\"https:\/\/rotary.zamosc.pl\/wp-content\/uploads\/2024\/10\/Jubileusz-30-lecia-RC-Zamosc.-Obiecana-relacja-fotograficzna-c.d-59-700x467.jpg\" alt=\"\" class=\"wp-image-4853\" srcset=\"https:\/\/rotary.zamosc.pl\/wp-content\/uploads\/2024\/10\/Jubileusz-30-lecia-RC-Zamosc.-Obiecana-relacja-fotograficzna-c.d-59-700x467.jpg 700w, https:\/\/rotary.zamosc.pl\/wp-content\/uploads\/2024\/10\/Jubileusz-30-lecia-RC-Zamosc.-Obiecana-relacja-fotograficzna-c.d-59-300x200.jpg 300w, https:\/\/rotary.zamosc.pl\/wp-content\/uploads\/2024\/10\/Jubileusz-30-lecia-RC-Zamosc.-Obiecana-relacja-fotograficzna-c.d-59-768x512.jpg 768w, https:\/\/rotary.zamosc.pl\/wp-content\/uploads\/2024\/10\/Jubileusz-30-lecia-RC-Zamosc.-Obiecana-relacja-fotograficzna-c.d-59-1536x1024.jpg 1536w, https:\/\/rotary.zamosc.pl\/wp-content\/uploads\/2024\/10\/Jubileusz-30-lecia-RC-Zamosc.-Obiecana-relacja-fotograficzna-c.d-59-800x533.jpg 800w, https:\/\/rotary.zamosc.pl\/wp-content\/uploads\/2024\/10\/Jubileusz-30-lecia-RC-Zamosc.-Obiecana-relacja-fotograficzna-c.d-59-272x182.jpg 272w, https:\/\/rotary.zamosc.pl\/wp-content\/uploads\/2024\/10\/Jubileusz-30-lecia-RC-Zamosc.-Obiecana-relacja-fotograficzna-c.d-59.jpg 2048w\" sizes=\"(max-width: 700px) 100vw, 700px\" \/><\/figure>\n\n\n\n<figure class=\"wp-block-image size-large\"><img loading=\"lazy\" decoding=\"async\" width=\"700\" height=\"467\" data-id=\"4854\" src=\"https:\/\/rotary.zamosc.pl\/wp-content\/uploads\/2024\/10\/Jubileusz-30-lecia-RC-Zamosc.-Obiecana-relacja-fotograficzna-c.d-60-700x467.jpg\" alt=\"\" class=\"wp-image-4854\" srcset=\"https:\/\/rotary.zamosc.pl\/wp-content\/uploads\/2024\/10\/Jubileusz-30-lecia-RC-Zamosc.-Obiecana-relacja-fotograficzna-c.d-60-700x467.jpg 700w, https:\/\/rotary.zamosc.pl\/wp-content\/uploads\/2024\/10\/Jubileusz-30-lecia-RC-Zamosc.-Obiecana-relacja-fotograficzna-c.d-60-300x200.jpg 300w, https:\/\/rotary.zamosc.pl\/wp-content\/uploads\/2024\/10\/Jubileusz-30-lecia-RC-Zamosc.-Obiecana-relacja-fotograficzna-c.d-60-768x512.jpg 768w, https:\/\/rotary.zamosc.pl\/wp-content\/uploads\/2024\/10\/Jubileusz-30-lecia-RC-Zamosc.-Obiecana-relacja-fotograficzna-c.d-60-1536x1024.jpg 1536w, https:\/\/rotary.zamosc.pl\/wp-content\/uploads\/2024\/10\/Jubileusz-30-lecia-RC-Zamosc.-Obiecana-relacja-fotograficzna-c.d-60-800x533.jpg 800w, https:\/\/rotary.zamosc.pl\/wp-content\/uploads\/2024\/10\/Jubileusz-30-lecia-RC-Zamosc.-Obiecana-relacja-fotograficzna-c.d-60-272x182.jpg 272w, https:\/\/rotary.zamosc.pl\/wp-content\/uploads\/2024\/10\/Jubileusz-30-lecia-RC-Zamosc.-Obiecana-relacja-fotograficzna-c.d-60.jpg 2048w\" sizes=\"(max-width: 700px) 100vw, 700px\" \/><\/figure>\n\n\n\n<figure class=\"wp-block-image size-large\"><img loading=\"lazy\" decoding=\"async\" width=\"700\" height=\"467\" data-id=\"4848\" src=\"https:\/\/rotary.zamosc.pl\/wp-content\/uploads\/2024\/10\/Jubileusz-30-lecia-RC-Zamosc.-Obiecana-relacja-fotograficzna-c.d-54-700x467.jpg\" alt=\"\" class=\"wp-image-4848\" srcset=\"https:\/\/rotary.zamosc.pl\/wp-content\/uploads\/2024\/10\/Jubileusz-30-lecia-RC-Zamosc.-Obiecana-relacja-fotograficzna-c.d-54-700x467.jpg 700w, https:\/\/rotary.zamosc.pl\/wp-content\/uploads\/2024\/10\/Jubileusz-30-lecia-RC-Zamosc.-Obiecana-relacja-fotograficzna-c.d-54-300x200.jpg 300w, https:\/\/rotary.zamosc.pl\/wp-content\/uploads\/2024\/10\/Jubileusz-30-lecia-RC-Zamosc.-Obiecana-relacja-fotograficzna-c.d-54-768x512.jpg 768w, https:\/\/rotary.zamosc.pl\/wp-content\/uploads\/2024\/10\/Jubileusz-30-lecia-RC-Zamosc.-Obiecana-relacja-fotograficzna-c.d-54-1536x1024.jpg 1536w, https:\/\/rotary.zamosc.pl\/wp-content\/uploads\/2024\/10\/Jubileusz-30-lecia-RC-Zamosc.-Obiecana-relacja-fotograficzna-c.d-54-800x533.jpg 800w, https:\/\/rotary.zamosc.pl\/wp-content\/uploads\/2024\/10\/Jubileusz-30-lecia-RC-Zamosc.-Obiecana-relacja-fotograficzna-c.d-54-272x182.jpg 272w, https:\/\/rotary.zamosc.pl\/wp-content\/uploads\/2024\/10\/Jubileusz-30-lecia-RC-Zamosc.-Obiecana-relacja-fotograficzna-c.d-54.jpg 2048w\" sizes=\"(max-width: 700px) 100vw, 700px\" \/><\/figure>\n\n\n\n<figure class=\"wp-block-image size-large\"><img loading=\"lazy\" decoding=\"async\" width=\"700\" height=\"467\" data-id=\"4847\" src=\"https:\/\/rotary.zamosc.pl\/wp-content\/uploads\/2024\/10\/Jubileusz-30-lecia-RC-Zamosc.-Obiecana-relacja-fotograficzna-c.d-53-700x467.jpg\" alt=\"\" class=\"wp-image-4847\" srcset=\"https:\/\/rotary.zamosc.pl\/wp-content\/uploads\/2024\/10\/Jubileusz-30-lecia-RC-Zamosc.-Obiecana-relacja-fotograficzna-c.d-53-700x467.jpg 700w, https:\/\/rotary.zamosc.pl\/wp-content\/uploads\/2024\/10\/Jubileusz-30-lecia-RC-Zamosc.-Obiecana-relacja-fotograficzna-c.d-53-300x200.jpg 300w, https:\/\/rotary.zamosc.pl\/wp-content\/uploads\/2024\/10\/Jubileusz-30-lecia-RC-Zamosc.-Obiecana-relacja-fotograficzna-c.d-53-768x512.jpg 768w, https:\/\/rotary.zamosc.pl\/wp-content\/uploads\/2024\/10\/Jubileusz-30-lecia-RC-Zamosc.-Obiecana-relacja-fotograficzna-c.d-53-1536x1024.jpg 1536w, https:\/\/rotary.zamosc.pl\/wp-content\/uploads\/2024\/10\/Jubileusz-30-lecia-RC-Zamosc.-Obiecana-relacja-fotograficzna-c.d-53-800x533.jpg 800w, https:\/\/rotary.zamosc.pl\/wp-content\/uploads\/2024\/10\/Jubileusz-30-lecia-RC-Zamosc.-Obiecana-relacja-fotograficzna-c.d-53-272x182.jpg 272w, https:\/\/rotary.zamosc.pl\/wp-content\/uploads\/2024\/10\/Jubileusz-30-lecia-RC-Zamosc.-Obiecana-relacja-fotograficzna-c.d-53.jpg 2048w\" sizes=\"(max-width: 700px) 100vw, 700px\" \/><\/figure>\n\n\n\n<figure class=\"wp-block-image size-large\"><img loading=\"lazy\" decoding=\"async\" width=\"700\" height=\"467\" data-id=\"4846\" src=\"https:\/\/rotary.zamosc.pl\/wp-content\/uploads\/2024\/10\/Jubileusz-30-lecia-RC-Zamosc.-Obiecana-relacja-fotograficzna-c.d-52-700x467.jpg\" alt=\"\" class=\"wp-image-4846\" srcset=\"https:\/\/rotary.zamosc.pl\/wp-content\/uploads\/2024\/10\/Jubileusz-30-lecia-RC-Zamosc.-Obiecana-relacja-fotograficzna-c.d-52-700x467.jpg 700w, https:\/\/rotary.zamosc.pl\/wp-content\/uploads\/2024\/10\/Jubileusz-30-lecia-RC-Zamosc.-Obiecana-relacja-fotograficzna-c.d-52-300x200.jpg 300w, https:\/\/rotary.zamosc.pl\/wp-content\/uploads\/2024\/10\/Jubileusz-30-lecia-RC-Zamosc.-Obiecana-relacja-fotograficzna-c.d-52-768x512.jpg 768w, https:\/\/rotary.zamosc.pl\/wp-content\/uploads\/2024\/10\/Jubileusz-30-lecia-RC-Zamosc.-Obiecana-relacja-fotograficzna-c.d-52-1536x1024.jpg 1536w, https:\/\/rotary.zamosc.pl\/wp-content\/uploads\/2024\/10\/Jubileusz-30-lecia-RC-Zamosc.-Obiecana-relacja-fotograficzna-c.d-52-800x533.jpg 800w, https:\/\/rotary.zamosc.pl\/wp-content\/uploads\/2024\/10\/Jubileusz-30-lecia-RC-Zamosc.-Obiecana-relacja-fotograficzna-c.d-52-272x182.jpg 272w, https:\/\/rotary.zamosc.pl\/wp-content\/uploads\/2024\/10\/Jubileusz-30-lecia-RC-Zamosc.-Obiecana-relacja-fotograficzna-c.d-52.jpg 2048w\" sizes=\"(max-width: 700px) 100vw, 700px\" \/><\/figure>\n\n\n\n<figure class=\"wp-block-image size-large\"><img loading=\"lazy\" decoding=\"async\" width=\"700\" height=\"467\" data-id=\"4845\" src=\"https:\/\/rotary.zamosc.pl\/wp-content\/uploads\/2024\/10\/Jubileusz-30-lecia-RC-Zamosc.-Obiecana-relacja-fotograficzna-c.d-51-700x467.jpg\" alt=\"\" class=\"wp-image-4845\" srcset=\"https:\/\/rotary.zamosc.pl\/wp-content\/uploads\/2024\/10\/Jubileusz-30-lecia-RC-Zamosc.-Obiecana-relacja-fotograficzna-c.d-51-700x467.jpg 700w, https:\/\/rotary.zamosc.pl\/wp-content\/uploads\/2024\/10\/Jubileusz-30-lecia-RC-Zamosc.-Obiecana-relacja-fotograficzna-c.d-51-300x200.jpg 300w, https:\/\/rotary.zamosc.pl\/wp-content\/uploads\/2024\/10\/Jubileusz-30-lecia-RC-Zamosc.-Obiecana-relacja-fotograficzna-c.d-51-768x512.jpg 768w, https:\/\/rotary.zamosc.pl\/wp-content\/uploads\/2024\/10\/Jubileusz-30-lecia-RC-Zamosc.-Obiecana-relacja-fotograficzna-c.d-51-1536x1024.jpg 1536w, https:\/\/rotary.zamosc.pl\/wp-content\/uploads\/2024\/10\/Jubileusz-30-lecia-RC-Zamosc.-Obiecana-relacja-fotograficzna-c.d-51-800x533.jpg 800w, https:\/\/rotary.zamosc.pl\/wp-content\/uploads\/2024\/10\/Jubileusz-30-lecia-RC-Zamosc.-Obiecana-relacja-fotograficzna-c.d-51-272x182.jpg 272w, https:\/\/rotary.zamosc.pl\/wp-content\/uploads\/2024\/10\/Jubileusz-30-lecia-RC-Zamosc.-Obiecana-relacja-fotograficzna-c.d-51.jpg 2048w\" sizes=\"(max-width: 700px) 100vw, 700px\" \/><\/figure>\n\n\n\n<figure class=\"wp-block-image size-large\"><img loading=\"lazy\" decoding=\"async\" width=\"700\" height=\"467\" data-id=\"4844\" src=\"https:\/\/rotary.zamosc.pl\/wp-content\/uploads\/2024\/10\/Jubileusz-30-lecia-RC-Zamosc.-Obiecana-relacja-fotograficzna-c.d-50-700x467.jpg\" alt=\"\" class=\"wp-image-4844\" srcset=\"https:\/\/rotary.zamosc.pl\/wp-content\/uploads\/2024\/10\/Jubileusz-30-lecia-RC-Zamosc.-Obiecana-relacja-fotograficzna-c.d-50-700x467.jpg 700w, https:\/\/rotary.zamosc.pl\/wp-content\/uploads\/2024\/10\/Jubileusz-30-lecia-RC-Zamosc.-Obiecana-relacja-fotograficzna-c.d-50-300x200.jpg 300w, https:\/\/rotary.zamosc.pl\/wp-content\/uploads\/2024\/10\/Jubileusz-30-lecia-RC-Zamosc.-Obiecana-relacja-fotograficzna-c.d-50-768x512.jpg 768w, https:\/\/rotary.zamosc.pl\/wp-content\/uploads\/2024\/10\/Jubileusz-30-lecia-RC-Zamosc.-Obiecana-relacja-fotograficzna-c.d-50-1536x1024.jpg 1536w, https:\/\/rotary.zamosc.pl\/wp-content\/uploads\/2024\/10\/Jubileusz-30-lecia-RC-Zamosc.-Obiecana-relacja-fotograficzna-c.d-50-800x533.jpg 800w, https:\/\/rotary.zamosc.pl\/wp-content\/uploads\/2024\/10\/Jubileusz-30-lecia-RC-Zamosc.-Obiecana-relacja-fotograficzna-c.d-50-272x182.jpg 272w, https:\/\/rotary.zamosc.pl\/wp-content\/uploads\/2024\/10\/Jubileusz-30-lecia-RC-Zamosc.-Obiecana-relacja-fotograficzna-c.d-50.jpg 2048w\" sizes=\"(max-width: 700px) 100vw, 700px\" \/><\/figure>\n\n\n\n<figure class=\"wp-block-image size-large\"><img loading=\"lazy\" decoding=\"async\" width=\"700\" height=\"467\" data-id=\"4843\" src=\"https:\/\/rotary.zamosc.pl\/wp-content\/uploads\/2024\/10\/Jubileusz-30-lecia-RC-Zamosc.-Obiecana-relacja-fotograficzna-c.d-49-700x467.jpg\" alt=\"\" class=\"wp-image-4843\" srcset=\"https:\/\/rotary.zamosc.pl\/wp-content\/uploads\/2024\/10\/Jubileusz-30-lecia-RC-Zamosc.-Obiecana-relacja-fotograficzna-c.d-49-700x467.jpg 700w, https:\/\/rotary.zamosc.pl\/wp-content\/uploads\/2024\/10\/Jubileusz-30-lecia-RC-Zamosc.-Obiecana-relacja-fotograficzna-c.d-49-300x200.jpg 300w, https:\/\/rotary.zamosc.pl\/wp-content\/uploads\/2024\/10\/Jubileusz-30-lecia-RC-Zamosc.-Obiecana-relacja-fotograficzna-c.d-49-768x512.jpg 768w, https:\/\/rotary.zamosc.pl\/wp-content\/uploads\/2024\/10\/Jubileusz-30-lecia-RC-Zamosc.-Obiecana-relacja-fotograficzna-c.d-49-1536x1024.jpg 1536w, https:\/\/rotary.zamosc.pl\/wp-content\/uploads\/2024\/10\/Jubileusz-30-lecia-RC-Zamosc.-Obiecana-relacja-fotograficzna-c.d-49-800x533.jpg 800w, https:\/\/rotary.zamosc.pl\/wp-content\/uploads\/2024\/10\/Jubileusz-30-lecia-RC-Zamosc.-Obiecana-relacja-fotograficzna-c.d-49-272x182.jpg 272w, https:\/\/rotary.zamosc.pl\/wp-content\/uploads\/2024\/10\/Jubileusz-30-lecia-RC-Zamosc.-Obiecana-relacja-fotograficzna-c.d-49.jpg 2048w\" sizes=\"(max-width: 700px) 100vw, 700px\" \/><\/figure>\n\n\n\n<figure class=\"wp-block-image size-large\"><img loading=\"lazy\" decoding=\"async\" width=\"700\" height=\"467\" data-id=\"4837\" src=\"https:\/\/rotary.zamosc.pl\/wp-content\/uploads\/2024\/10\/Jubileusz-30-lecia-RC-Zamosc.-Obiecana-relacja-fotograficzna-c.d-43-700x467.jpg\" alt=\"\" class=\"wp-image-4837\" srcset=\"https:\/\/rotary.zamosc.pl\/wp-content\/uploads\/2024\/10\/Jubileusz-30-lecia-RC-Zamosc.-Obiecana-relacja-fotograficzna-c.d-43-700x467.jpg 700w, https:\/\/rotary.zamosc.pl\/wp-content\/uploads\/2024\/10\/Jubileusz-30-lecia-RC-Zamosc.-Obiecana-relacja-fotograficzna-c.d-43-300x200.jpg 300w, https:\/\/rotary.zamosc.pl\/wp-content\/uploads\/2024\/10\/Jubileusz-30-lecia-RC-Zamosc.-Obiecana-relacja-fotograficzna-c.d-43-768x512.jpg 768w, https:\/\/rotary.zamosc.pl\/wp-content\/uploads\/2024\/10\/Jubileusz-30-lecia-RC-Zamosc.-Obiecana-relacja-fotograficzna-c.d-43-1536x1024.jpg 1536w, https:\/\/rotary.zamosc.pl\/wp-content\/uploads\/2024\/10\/Jubileusz-30-lecia-RC-Zamosc.-Obiecana-relacja-fotograficzna-c.d-43-800x533.jpg 800w, https:\/\/rotary.zamosc.pl\/wp-content\/uploads\/2024\/10\/Jubileusz-30-lecia-RC-Zamosc.-Obiecana-relacja-fotograficzna-c.d-43-272x182.jpg 272w, https:\/\/rotary.zamosc.pl\/wp-content\/uploads\/2024\/10\/Jubileusz-30-lecia-RC-Zamosc.-Obiecana-relacja-fotograficzna-c.d-43.jpg 2048w\" sizes=\"(max-width: 700px) 100vw, 700px\" \/><\/figure>\n\n\n\n<figure class=\"wp-block-image size-large\"><img loading=\"lazy\" decoding=\"async\" width=\"700\" height=\"467\" data-id=\"4838\" src=\"https:\/\/rotary.zamosc.pl\/wp-content\/uploads\/2024\/10\/Jubileusz-30-lecia-RC-Zamosc.-Obiecana-relacja-fotograficzna-c.d-44-700x467.jpg\" alt=\"\" class=\"wp-image-4838\" srcset=\"https:\/\/rotary.zamosc.pl\/wp-content\/uploads\/2024\/10\/Jubileusz-30-lecia-RC-Zamosc.-Obiecana-relacja-fotograficzna-c.d-44-700x467.jpg 700w, https:\/\/rotary.zamosc.pl\/wp-content\/uploads\/2024\/10\/Jubileusz-30-lecia-RC-Zamosc.-Obiecana-relacja-fotograficzna-c.d-44-300x200.jpg 300w, https:\/\/rotary.zamosc.pl\/wp-content\/uploads\/2024\/10\/Jubileusz-30-lecia-RC-Zamosc.-Obiecana-relacja-fotograficzna-c.d-44-768x512.jpg 768w, https:\/\/rotary.zamosc.pl\/wp-content\/uploads\/2024\/10\/Jubileusz-30-lecia-RC-Zamosc.-Obiecana-relacja-fotograficzna-c.d-44-1536x1024.jpg 1536w, https:\/\/rotary.zamosc.pl\/wp-content\/uploads\/2024\/10\/Jubileusz-30-lecia-RC-Zamosc.-Obiecana-relacja-fotograficzna-c.d-44-800x533.jpg 800w, https:\/\/rotary.zamosc.pl\/wp-content\/uploads\/2024\/10\/Jubileusz-30-lecia-RC-Zamosc.-Obiecana-relacja-fotograficzna-c.d-44-272x182.jpg 272w, https:\/\/rotary.zamosc.pl\/wp-content\/uploads\/2024\/10\/Jubileusz-30-lecia-RC-Zamosc.-Obiecana-relacja-fotograficzna-c.d-44.jpg 2048w\" sizes=\"(max-width: 700px) 100vw, 700px\" \/><\/figure>\n\n\n\n<figure class=\"wp-block-image size-large\"><img loading=\"lazy\" decoding=\"async\" width=\"700\" height=\"467\" data-id=\"4839\" src=\"https:\/\/rotary.zamosc.pl\/wp-content\/uploads\/2024\/10\/Jubileusz-30-lecia-RC-Zamosc.-Obiecana-relacja-fotograficzna-c.d-45-700x467.jpg\" alt=\"\" class=\"wp-image-4839\" srcset=\"https:\/\/rotary.zamosc.pl\/wp-content\/uploads\/2024\/10\/Jubileusz-30-lecia-RC-Zamosc.-Obiecana-relacja-fotograficzna-c.d-45-700x467.jpg 700w, https:\/\/rotary.zamosc.pl\/wp-content\/uploads\/2024\/10\/Jubileusz-30-lecia-RC-Zamosc.-Obiecana-relacja-fotograficzna-c.d-45-300x200.jpg 300w, https:\/\/rotary.zamosc.pl\/wp-content\/uploads\/2024\/10\/Jubileusz-30-lecia-RC-Zamosc.-Obiecana-relacja-fotograficzna-c.d-45-768x512.jpg 768w, https:\/\/rotary.zamosc.pl\/wp-content\/uploads\/2024\/10\/Jubileusz-30-lecia-RC-Zamosc.-Obiecana-relacja-fotograficzna-c.d-45-1536x1024.jpg 1536w, https:\/\/rotary.zamosc.pl\/wp-content\/uploads\/2024\/10\/Jubileusz-30-lecia-RC-Zamosc.-Obiecana-relacja-fotograficzna-c.d-45-800x533.jpg 800w, https:\/\/rotary.zamosc.pl\/wp-content\/uploads\/2024\/10\/Jubileusz-30-lecia-RC-Zamosc.-Obiecana-relacja-fotograficzna-c.d-45-272x182.jpg 272w, https:\/\/rotary.zamosc.pl\/wp-content\/uploads\/2024\/10\/Jubileusz-30-lecia-RC-Zamosc.-Obiecana-relacja-fotograficzna-c.d-45.jpg 2048w\" sizes=\"(max-width: 700px) 100vw, 700px\" \/><\/figure>\n\n\n\n<figure class=\"wp-block-image size-large\"><img loading=\"lazy\" decoding=\"async\" width=\"700\" height=\"467\" data-id=\"4840\" src=\"https:\/\/rotary.zamosc.pl\/wp-content\/uploads\/2024\/10\/Jubileusz-30-lecia-RC-Zamosc.-Obiecana-relacja-fotograficzna-c.d-46-700x467.jpg\" alt=\"\" class=\"wp-image-4840\" srcset=\"https:\/\/rotary.zamosc.pl\/wp-content\/uploads\/2024\/10\/Jubileusz-30-lecia-RC-Zamosc.-Obiecana-relacja-fotograficzna-c.d-46-700x467.jpg 700w, https:\/\/rotary.zamosc.pl\/wp-content\/uploads\/2024\/10\/Jubileusz-30-lecia-RC-Zamosc.-Obiecana-relacja-fotograficzna-c.d-46-300x200.jpg 300w, https:\/\/rotary.zamosc.pl\/wp-content\/uploads\/2024\/10\/Jubileusz-30-lecia-RC-Zamosc.-Obiecana-relacja-fotograficzna-c.d-46-768x512.jpg 768w, https:\/\/rotary.zamosc.pl\/wp-content\/uploads\/2024\/10\/Jubileusz-30-lecia-RC-Zamosc.-Obiecana-relacja-fotograficzna-c.d-46-1536x1024.jpg 1536w, https:\/\/rotary.zamosc.pl\/wp-content\/uploads\/2024\/10\/Jubileusz-30-lecia-RC-Zamosc.-Obiecana-relacja-fotograficzna-c.d-46-800x533.jpg 800w, https:\/\/rotary.zamosc.pl\/wp-content\/uploads\/2024\/10\/Jubileusz-30-lecia-RC-Zamosc.-Obiecana-relacja-fotograficzna-c.d-46-272x182.jpg 272w, https:\/\/rotary.zamosc.pl\/wp-content\/uploads\/2024\/10\/Jubileusz-30-lecia-RC-Zamosc.-Obiecana-relacja-fotograficzna-c.d-46.jpg 2048w\" sizes=\"(max-width: 700px) 100vw, 700px\" \/><\/figure>\n\n\n\n<figure class=\"wp-block-image size-large\"><img loading=\"lazy\" decoding=\"async\" width=\"700\" height=\"467\" data-id=\"4841\" src=\"https:\/\/rotary.zamosc.pl\/wp-content\/uploads\/2024\/10\/Jubileusz-30-lecia-RC-Zamosc.-Obiecana-relacja-fotograficzna-c.d-47-700x467.jpg\" alt=\"\" class=\"wp-image-4841\" srcset=\"https:\/\/rotary.zamosc.pl\/wp-content\/uploads\/2024\/10\/Jubileusz-30-lecia-RC-Zamosc.-Obiecana-relacja-fotograficzna-c.d-47-700x467.jpg 700w, https:\/\/rotary.zamosc.pl\/wp-content\/uploads\/2024\/10\/Jubileusz-30-lecia-RC-Zamosc.-Obiecana-relacja-fotograficzna-c.d-47-300x200.jpg 300w, https:\/\/rotary.zamosc.pl\/wp-content\/uploads\/2024\/10\/Jubileusz-30-lecia-RC-Zamosc.-Obiecana-relacja-fotograficzna-c.d-47-768x512.jpg 768w, https:\/\/rotary.zamosc.pl\/wp-content\/uploads\/2024\/10\/Jubileusz-30-lecia-RC-Zamosc.-Obiecana-relacja-fotograficzna-c.d-47-1536x1024.jpg 1536w, https:\/\/rotary.zamosc.pl\/wp-content\/uploads\/2024\/10\/Jubileusz-30-lecia-RC-Zamosc.-Obiecana-relacja-fotograficzna-c.d-47-800x533.jpg 800w, https:\/\/rotary.zamosc.pl\/wp-content\/uploads\/2024\/10\/Jubileusz-30-lecia-RC-Zamosc.-Obiecana-relacja-fotograficzna-c.d-47-272x182.jpg 272w, https:\/\/rotary.zamosc.pl\/wp-content\/uploads\/2024\/10\/Jubileusz-30-lecia-RC-Zamosc.-Obiecana-relacja-fotograficzna-c.d-47.jpg 2048w\" sizes=\"(max-width: 700px) 100vw, 700px\" \/><\/figure>\n\n\n\n<figure class=\"wp-block-image size-large\"><img loading=\"lazy\" decoding=\"async\" width=\"700\" height=\"467\" data-id=\"4842\" src=\"https:\/\/rotary.zamosc.pl\/wp-content\/uploads\/2024\/10\/Jubileusz-30-lecia-RC-Zamosc.-Obiecana-relacja-fotograficzna-c.d-48-700x467.jpg\" alt=\"\" class=\"wp-image-4842\" srcset=\"https:\/\/rotary.zamosc.pl\/wp-content\/uploads\/2024\/10\/Jubileusz-30-lecia-RC-Zamosc.-Obiecana-relacja-fotograficzna-c.d-48-700x467.jpg 700w, https:\/\/rotary.zamosc.pl\/wp-content\/uploads\/2024\/10\/Jubileusz-30-lecia-RC-Zamosc.-Obiecana-relacja-fotograficzna-c.d-48-300x200.jpg 300w, https:\/\/rotary.zamosc.pl\/wp-content\/uploads\/2024\/10\/Jubileusz-30-lecia-RC-Zamosc.-Obiecana-relacja-fotograficzna-c.d-48-768x512.jpg 768w, https:\/\/rotary.zamosc.pl\/wp-content\/uploads\/2024\/10\/Jubileusz-30-lecia-RC-Zamosc.-Obiecana-relacja-fotograficzna-c.d-48-1536x1024.jpg 1536w, https:\/\/rotary.zamosc.pl\/wp-content\/uploads\/2024\/10\/Jubileusz-30-lecia-RC-Zamosc.-Obiecana-relacja-fotograficzna-c.d-48-800x533.jpg 800w, https:\/\/rotary.zamosc.pl\/wp-content\/uploads\/2024\/10\/Jubileusz-30-lecia-RC-Zamosc.-Obiecana-relacja-fotograficzna-c.d-48-272x182.jpg 272w, https:\/\/rotary.zamosc.pl\/wp-content\/uploads\/2024\/10\/Jubileusz-30-lecia-RC-Zamosc.-Obiecana-relacja-fotograficzna-c.d-48.jpg 2048w\" sizes=\"(max-width: 700px) 100vw, 700px\" \/><\/figure>\n\n\n\n<figure class=\"wp-block-image size-large\"><img loading=\"lazy\" decoding=\"async\" width=\"700\" height=\"467\" data-id=\"4836\" src=\"https:\/\/rotary.zamosc.pl\/wp-content\/uploads\/2024\/10\/Jubileusz-30-lecia-RC-Zamosc.-Obiecana-relacja-fotograficzna-c.d-42-700x467.jpg\" alt=\"\" class=\"wp-image-4836\" srcset=\"https:\/\/rotary.zamosc.pl\/wp-content\/uploads\/2024\/10\/Jubileusz-30-lecia-RC-Zamosc.-Obiecana-relacja-fotograficzna-c.d-42-700x467.jpg 700w, https:\/\/rotary.zamosc.pl\/wp-content\/uploads\/2024\/10\/Jubileusz-30-lecia-RC-Zamosc.-Obiecana-relacja-fotograficzna-c.d-42-300x200.jpg 300w, https:\/\/rotary.zamosc.pl\/wp-content\/uploads\/2024\/10\/Jubileusz-30-lecia-RC-Zamosc.-Obiecana-relacja-fotograficzna-c.d-42-768x512.jpg 768w, https:\/\/rotary.zamosc.pl\/wp-content\/uploads\/2024\/10\/Jubileusz-30-lecia-RC-Zamosc.-Obiecana-relacja-fotograficzna-c.d-42-1536x1024.jpg 1536w, https:\/\/rotary.zamosc.pl\/wp-content\/uploads\/2024\/10\/Jubileusz-30-lecia-RC-Zamosc.-Obiecana-relacja-fotograficzna-c.d-42-800x533.jpg 800w, https:\/\/rotary.zamosc.pl\/wp-content\/uploads\/2024\/10\/Jubileusz-30-lecia-RC-Zamosc.-Obiecana-relacja-fotograficzna-c.d-42-272x182.jpg 272w, https:\/\/rotary.zamosc.pl\/wp-content\/uploads\/2024\/10\/Jubileusz-30-lecia-RC-Zamosc.-Obiecana-relacja-fotograficzna-c.d-42.jpg 2048w\" sizes=\"(max-width: 700px) 100vw, 700px\" \/><\/figure>\n\n\n\n<figure class=\"wp-block-image size-large\"><img loading=\"lazy\" decoding=\"async\" width=\"700\" height=\"467\" data-id=\"4835\" src=\"https:\/\/rotary.zamosc.pl\/wp-content\/uploads\/2024\/10\/Jubileusz-30-lecia-RC-Zamosc.-Obiecana-relacja-fotograficzna-c.d-41-700x467.jpg\" alt=\"\" class=\"wp-image-4835\" srcset=\"https:\/\/rotary.zamosc.pl\/wp-content\/uploads\/2024\/10\/Jubileusz-30-lecia-RC-Zamosc.-Obiecana-relacja-fotograficzna-c.d-41-700x467.jpg 700w, https:\/\/rotary.zamosc.pl\/wp-content\/uploads\/2024\/10\/Jubileusz-30-lecia-RC-Zamosc.-Obiecana-relacja-fotograficzna-c.d-41-300x200.jpg 300w, https:\/\/rotary.zamosc.pl\/wp-content\/uploads\/2024\/10\/Jubileusz-30-lecia-RC-Zamosc.-Obiecana-relacja-fotograficzna-c.d-41-768x512.jpg 768w, https:\/\/rotary.zamosc.pl\/wp-content\/uploads\/2024\/10\/Jubileusz-30-lecia-RC-Zamosc.-Obiecana-relacja-fotograficzna-c.d-41-1536x1024.jpg 1536w, https:\/\/rotary.zamosc.pl\/wp-content\/uploads\/2024\/10\/Jubileusz-30-lecia-RC-Zamosc.-Obiecana-relacja-fotograficzna-c.d-41-800x533.jpg 800w, https:\/\/rotary.zamosc.pl\/wp-content\/uploads\/2024\/10\/Jubileusz-30-lecia-RC-Zamosc.-Obiecana-relacja-fotograficzna-c.d-41-272x182.jpg 272w, https:\/\/rotary.zamosc.pl\/wp-content\/uploads\/2024\/10\/Jubileusz-30-lecia-RC-Zamosc.-Obiecana-relacja-fotograficzna-c.d-41.jpg 2048w\" sizes=\"(max-width: 700px) 100vw, 700px\" \/><\/figure>\n\n\n\n<figure class=\"wp-block-image size-large\"><img loading=\"lazy\" decoding=\"async\" width=\"700\" height=\"467\" data-id=\"4834\" src=\"https:\/\/rotary.zamosc.pl\/wp-content\/uploads\/2024\/10\/Jubileusz-30-lecia-RC-Zamosc.-Obiecana-relacja-fotograficzna-c.d-40-700x467.jpg\" alt=\"\" class=\"wp-image-4834\" srcset=\"https:\/\/rotary.zamosc.pl\/wp-content\/uploads\/2024\/10\/Jubileusz-30-lecia-RC-Zamosc.-Obiecana-relacja-fotograficzna-c.d-40-700x467.jpg 700w, https:\/\/rotary.zamosc.pl\/wp-content\/uploads\/2024\/10\/Jubileusz-30-lecia-RC-Zamosc.-Obiecana-relacja-fotograficzna-c.d-40-300x200.jpg 300w, https:\/\/rotary.zamosc.pl\/wp-content\/uploads\/2024\/10\/Jubileusz-30-lecia-RC-Zamosc.-Obiecana-relacja-fotograficzna-c.d-40-768x512.jpg 768w, https:\/\/rotary.zamosc.pl\/wp-content\/uploads\/2024\/10\/Jubileusz-30-lecia-RC-Zamosc.-Obiecana-relacja-fotograficzna-c.d-40-1536x1024.jpg 1536w, https:\/\/rotary.zamosc.pl\/wp-content\/uploads\/2024\/10\/Jubileusz-30-lecia-RC-Zamosc.-Obiecana-relacja-fotograficzna-c.d-40-800x533.jpg 800w, https:\/\/rotary.zamosc.pl\/wp-content\/uploads\/2024\/10\/Jubileusz-30-lecia-RC-Zamosc.-Obiecana-relacja-fotograficzna-c.d-40-272x182.jpg 272w, https:\/\/rotary.zamosc.pl\/wp-content\/uploads\/2024\/10\/Jubileusz-30-lecia-RC-Zamosc.-Obiecana-relacja-fotograficzna-c.d-40.jpg 2048w\" sizes=\"(max-width: 700px) 100vw, 700px\" \/><\/figure>\n\n\n\n<figure class=\"wp-block-image size-large\"><img loading=\"lazy\" decoding=\"async\" width=\"700\" height=\"467\" data-id=\"4833\" src=\"https:\/\/rotary.zamosc.pl\/wp-content\/uploads\/2024\/10\/Jubileusz-30-lecia-RC-Zamosc.-Obiecana-relacja-fotograficzna-c.d-39-700x467.jpg\" alt=\"\" class=\"wp-image-4833\" srcset=\"https:\/\/rotary.zamosc.pl\/wp-content\/uploads\/2024\/10\/Jubileusz-30-lecia-RC-Zamosc.-Obiecana-relacja-fotograficzna-c.d-39-700x467.jpg 700w, https:\/\/rotary.zamosc.pl\/wp-content\/uploads\/2024\/10\/Jubileusz-30-lecia-RC-Zamosc.-Obiecana-relacja-fotograficzna-c.d-39-300x200.jpg 300w, https:\/\/rotary.zamosc.pl\/wp-content\/uploads\/2024\/10\/Jubileusz-30-lecia-RC-Zamosc.-Obiecana-relacja-fotograficzna-c.d-39-768x512.jpg 768w, https:\/\/rotary.zamosc.pl\/wp-content\/uploads\/2024\/10\/Jubileusz-30-lecia-RC-Zamosc.-Obiecana-relacja-fotograficzna-c.d-39-1536x1024.jpg 1536w, https:\/\/rotary.zamosc.pl\/wp-content\/uploads\/2024\/10\/Jubileusz-30-lecia-RC-Zamosc.-Obiecana-relacja-fotograficzna-c.d-39-800x533.jpg 800w, https:\/\/rotary.zamosc.pl\/wp-content\/uploads\/2024\/10\/Jubileusz-30-lecia-RC-Zamosc.-Obiecana-relacja-fotograficzna-c.d-39-272x182.jpg 272w, https:\/\/rotary.zamosc.pl\/wp-content\/uploads\/2024\/10\/Jubileusz-30-lecia-RC-Zamosc.-Obiecana-relacja-fotograficzna-c.d-39.jpg 2048w\" sizes=\"(max-width: 700px) 100vw, 700px\" \/><\/figure>\n\n\n\n<figure class=\"wp-block-image size-large\"><img loading=\"lazy\" decoding=\"async\" width=\"700\" height=\"467\" data-id=\"4832\" src=\"https:\/\/rotary.zamosc.pl\/wp-content\/uploads\/2024\/10\/Jubileusz-30-lecia-RC-Zamosc.-Obiecana-relacja-fotograficzna-c.d-38-700x467.jpg\" alt=\"\" class=\"wp-image-4832\" srcset=\"https:\/\/rotary.zamosc.pl\/wp-content\/uploads\/2024\/10\/Jubileusz-30-lecia-RC-Zamosc.-Obiecana-relacja-fotograficzna-c.d-38-700x467.jpg 700w, https:\/\/rotary.zamosc.pl\/wp-content\/uploads\/2024\/10\/Jubileusz-30-lecia-RC-Zamosc.-Obiecana-relacja-fotograficzna-c.d-38-300x200.jpg 300w, https:\/\/rotary.zamosc.pl\/wp-content\/uploads\/2024\/10\/Jubileusz-30-lecia-RC-Zamosc.-Obiecana-relacja-fotograficzna-c.d-38-768x512.jpg 768w, https:\/\/rotary.zamosc.pl\/wp-content\/uploads\/2024\/10\/Jubileusz-30-lecia-RC-Zamosc.-Obiecana-relacja-fotograficzna-c.d-38-1536x1024.jpg 1536w, https:\/\/rotary.zamosc.pl\/wp-content\/uploads\/2024\/10\/Jubileusz-30-lecia-RC-Zamosc.-Obiecana-relacja-fotograficzna-c.d-38-800x533.jpg 800w, https:\/\/rotary.zamosc.pl\/wp-content\/uploads\/2024\/10\/Jubileusz-30-lecia-RC-Zamosc.-Obiecana-relacja-fotograficzna-c.d-38-272x182.jpg 272w, https:\/\/rotary.zamosc.pl\/wp-content\/uploads\/2024\/10\/Jubileusz-30-lecia-RC-Zamosc.-Obiecana-relacja-fotograficzna-c.d-38.jpg 2048w\" sizes=\"(max-width: 700px) 100vw, 700px\" \/><\/figure>\n\n\n\n<figure class=\"wp-block-image size-large\"><img loading=\"lazy\" decoding=\"async\" width=\"700\" height=\"467\" data-id=\"4830\" src=\"https:\/\/rotary.zamosc.pl\/wp-content\/uploads\/2024\/10\/Jubileusz-30-lecia-RC-Zamosc.-Obiecana-relacja-fotograficzna-c.d-37-700x467.jpg\" alt=\"\" class=\"wp-image-4830\" srcset=\"https:\/\/rotary.zamosc.pl\/wp-content\/uploads\/2024\/10\/Jubileusz-30-lecia-RC-Zamosc.-Obiecana-relacja-fotograficzna-c.d-37-700x467.jpg 700w, https:\/\/rotary.zamosc.pl\/wp-content\/uploads\/2024\/10\/Jubileusz-30-lecia-RC-Zamosc.-Obiecana-relacja-fotograficzna-c.d-37-300x200.jpg 300w, https:\/\/rotary.zamosc.pl\/wp-content\/uploads\/2024\/10\/Jubileusz-30-lecia-RC-Zamosc.-Obiecana-relacja-fotograficzna-c.d-37-768x512.jpg 768w, https:\/\/rotary.zamosc.pl\/wp-content\/uploads\/2024\/10\/Jubileusz-30-lecia-RC-Zamosc.-Obiecana-relacja-fotograficzna-c.d-37-1536x1024.jpg 1536w, https:\/\/rotary.zamosc.pl\/wp-content\/uploads\/2024\/10\/Jubileusz-30-lecia-RC-Zamosc.-Obiecana-relacja-fotograficzna-c.d-37-800x533.jpg 800w, https:\/\/rotary.zamosc.pl\/wp-content\/uploads\/2024\/10\/Jubileusz-30-lecia-RC-Zamosc.-Obiecana-relacja-fotograficzna-c.d-37-272x182.jpg 272w, https:\/\/rotary.zamosc.pl\/wp-content\/uploads\/2024\/10\/Jubileusz-30-lecia-RC-Zamosc.-Obiecana-relacja-fotograficzna-c.d-37.jpg 2048w\" sizes=\"(max-width: 700px) 100vw, 700px\" \/><\/figure>\n\n\n\n<figure class=\"wp-block-image size-large\"><img loading=\"lazy\" decoding=\"async\" width=\"700\" height=\"467\" data-id=\"4824\" src=\"https:\/\/rotary.zamosc.pl\/wp-content\/uploads\/2024\/10\/Jubileusz-30-lecia-RC-Zamosc.-Obiecana-relacja-fotograficzna-c.d-31-700x467.jpg\" alt=\"\" class=\"wp-image-4824\" srcset=\"https:\/\/rotary.zamosc.pl\/wp-content\/uploads\/2024\/10\/Jubileusz-30-lecia-RC-Zamosc.-Obiecana-relacja-fotograficzna-c.d-31-700x467.jpg 700w, https:\/\/rotary.zamosc.pl\/wp-content\/uploads\/2024\/10\/Jubileusz-30-lecia-RC-Zamosc.-Obiecana-relacja-fotograficzna-c.d-31-300x200.jpg 300w, https:\/\/rotary.zamosc.pl\/wp-content\/uploads\/2024\/10\/Jubileusz-30-lecia-RC-Zamosc.-Obiecana-relacja-fotograficzna-c.d-31-768x512.jpg 768w, https:\/\/rotary.zamosc.pl\/wp-content\/uploads\/2024\/10\/Jubileusz-30-lecia-RC-Zamosc.-Obiecana-relacja-fotograficzna-c.d-31-1536x1024.jpg 1536w, https:\/\/rotary.zamosc.pl\/wp-content\/uploads\/2024\/10\/Jubileusz-30-lecia-RC-Zamosc.-Obiecana-relacja-fotograficzna-c.d-31-800x533.jpg 800w, https:\/\/rotary.zamosc.pl\/wp-content\/uploads\/2024\/10\/Jubileusz-30-lecia-RC-Zamosc.-Obiecana-relacja-fotograficzna-c.d-31-272x182.jpg 272w, https:\/\/rotary.zamosc.pl\/wp-content\/uploads\/2024\/10\/Jubileusz-30-lecia-RC-Zamosc.-Obiecana-relacja-fotograficzna-c.d-31.jpg 2048w\" sizes=\"(max-width: 700px) 100vw, 700px\" \/><\/figure>\n\n\n\n<figure class=\"wp-block-image size-large\"><img loading=\"lazy\" decoding=\"async\" width=\"700\" height=\"467\" data-id=\"4825\" src=\"https:\/\/rotary.zamosc.pl\/wp-content\/uploads\/2024\/10\/Jubileusz-30-lecia-RC-Zamosc.-Obiecana-relacja-fotograficzna-c.d-32-700x467.jpg\" alt=\"\" class=\"wp-image-4825\" srcset=\"https:\/\/rotary.zamosc.pl\/wp-content\/uploads\/2024\/10\/Jubileusz-30-lecia-RC-Zamosc.-Obiecana-relacja-fotograficzna-c.d-32-700x467.jpg 700w, https:\/\/rotary.zamosc.pl\/wp-content\/uploads\/2024\/10\/Jubileusz-30-lecia-RC-Zamosc.-Obiecana-relacja-fotograficzna-c.d-32-300x200.jpg 300w, https:\/\/rotary.zamosc.pl\/wp-content\/uploads\/2024\/10\/Jubileusz-30-lecia-RC-Zamosc.-Obiecana-relacja-fotograficzna-c.d-32-768x512.jpg 768w, https:\/\/rotary.zamosc.pl\/wp-content\/uploads\/2024\/10\/Jubileusz-30-lecia-RC-Zamosc.-Obiecana-relacja-fotograficzna-c.d-32-1536x1024.jpg 1536w, https:\/\/rotary.zamosc.pl\/wp-content\/uploads\/2024\/10\/Jubileusz-30-lecia-RC-Zamosc.-Obiecana-relacja-fotograficzna-c.d-32-800x533.jpg 800w, https:\/\/rotary.zamosc.pl\/wp-content\/uploads\/2024\/10\/Jubileusz-30-lecia-RC-Zamosc.-Obiecana-relacja-fotograficzna-c.d-32-272x182.jpg 272w, https:\/\/rotary.zamosc.pl\/wp-content\/uploads\/2024\/10\/Jubileusz-30-lecia-RC-Zamosc.-Obiecana-relacja-fotograficzna-c.d-32.jpg 2048w\" sizes=\"(max-width: 700px) 100vw, 700px\" \/><\/figure>\n\n\n\n<figure class=\"wp-block-image size-large\"><img loading=\"lazy\" decoding=\"async\" width=\"700\" height=\"467\" data-id=\"4826\" src=\"https:\/\/rotary.zamosc.pl\/wp-content\/uploads\/2024\/10\/Jubileusz-30-lecia-RC-Zamosc.-Obiecana-relacja-fotograficzna-c.d-33-700x467.jpg\" alt=\"\" class=\"wp-image-4826\" srcset=\"https:\/\/rotary.zamosc.pl\/wp-content\/uploads\/2024\/10\/Jubileusz-30-lecia-RC-Zamosc.-Obiecana-relacja-fotograficzna-c.d-33-700x467.jpg 700w, https:\/\/rotary.zamosc.pl\/wp-content\/uploads\/2024\/10\/Jubileusz-30-lecia-RC-Zamosc.-Obiecana-relacja-fotograficzna-c.d-33-300x200.jpg 300w, https:\/\/rotary.zamosc.pl\/wp-content\/uploads\/2024\/10\/Jubileusz-30-lecia-RC-Zamosc.-Obiecana-relacja-fotograficzna-c.d-33-768x512.jpg 768w, https:\/\/rotary.zamosc.pl\/wp-content\/uploads\/2024\/10\/Jubileusz-30-lecia-RC-Zamosc.-Obiecana-relacja-fotograficzna-c.d-33-1536x1024.jpg 1536w, https:\/\/rotary.zamosc.pl\/wp-content\/uploads\/2024\/10\/Jubileusz-30-lecia-RC-Zamosc.-Obiecana-relacja-fotograficzna-c.d-33-800x533.jpg 800w, https:\/\/rotary.zamosc.pl\/wp-content\/uploads\/2024\/10\/Jubileusz-30-lecia-RC-Zamosc.-Obiecana-relacja-fotograficzna-c.d-33-272x182.jpg 272w, https:\/\/rotary.zamosc.pl\/wp-content\/uploads\/2024\/10\/Jubileusz-30-lecia-RC-Zamosc.-Obiecana-relacja-fotograficzna-c.d-33.jpg 2048w\" sizes=\"(max-width: 700px) 100vw, 700px\" \/><\/figure>\n\n\n\n<figure class=\"wp-block-image size-large\"><img loading=\"lazy\" decoding=\"async\" width=\"700\" height=\"1050\" data-id=\"4827\" src=\"https:\/\/rotary.zamosc.pl\/wp-content\/uploads\/2024\/10\/Jubileusz-30-lecia-RC-Zamosc.-Obiecana-relacja-fotograficzna-c.d-34-700x1050.jpg\" alt=\"\" class=\"wp-image-4827\" srcset=\"https:\/\/rotary.zamosc.pl\/wp-content\/uploads\/2024\/10\/Jubileusz-30-lecia-RC-Zamosc.-Obiecana-relacja-fotograficzna-c.d-34-700x1050.jpg 700w, https:\/\/rotary.zamosc.pl\/wp-content\/uploads\/2024\/10\/Jubileusz-30-lecia-RC-Zamosc.-Obiecana-relacja-fotograficzna-c.d-34-200x300.jpg 200w, https:\/\/rotary.zamosc.pl\/wp-content\/uploads\/2024\/10\/Jubileusz-30-lecia-RC-Zamosc.-Obiecana-relacja-fotograficzna-c.d-34-768x1152.jpg 768w, https:\/\/rotary.zamosc.pl\/wp-content\/uploads\/2024\/10\/Jubileusz-30-lecia-RC-Zamosc.-Obiecana-relacja-fotograficzna-c.d-34-1024x1536.jpg 1024w, https:\/\/rotary.zamosc.pl\/wp-content\/uploads\/2024\/10\/Jubileusz-30-lecia-RC-Zamosc.-Obiecana-relacja-fotograficzna-c.d-34-800x1200.jpg 800w, https:\/\/rotary.zamosc.pl\/wp-content\/uploads\/2024\/10\/Jubileusz-30-lecia-RC-Zamosc.-Obiecana-relacja-fotograficzna-c.d-34.jpg 1365w\" sizes=\"(max-width: 700px) 100vw, 700px\" \/><\/figure>\n\n\n\n<figure class=\"wp-block-image size-large\"><img loading=\"lazy\" decoding=\"async\" width=\"700\" height=\"1050\" data-id=\"4829\" src=\"https:\/\/rotary.zamosc.pl\/wp-content\/uploads\/2024\/10\/Jubileusz-30-lecia-RC-Zamosc.-Obiecana-relacja-fotograficzna-c.d-36-700x1050.jpg\" alt=\"\" class=\"wp-image-4829\" srcset=\"https:\/\/rotary.zamosc.pl\/wp-content\/uploads\/2024\/10\/Jubileusz-30-lecia-RC-Zamosc.-Obiecana-relacja-fotograficzna-c.d-36-700x1050.jpg 700w, https:\/\/rotary.zamosc.pl\/wp-content\/uploads\/2024\/10\/Jubileusz-30-lecia-RC-Zamosc.-Obiecana-relacja-fotograficzna-c.d-36-200x300.jpg 200w, https:\/\/rotary.zamosc.pl\/wp-content\/uploads\/2024\/10\/Jubileusz-30-lecia-RC-Zamosc.-Obiecana-relacja-fotograficzna-c.d-36-768x1152.jpg 768w, https:\/\/rotary.zamosc.pl\/wp-content\/uploads\/2024\/10\/Jubileusz-30-lecia-RC-Zamosc.-Obiecana-relacja-fotograficzna-c.d-36-1024x1536.jpg 1024w, https:\/\/rotary.zamosc.pl\/wp-content\/uploads\/2024\/10\/Jubileusz-30-lecia-RC-Zamosc.-Obiecana-relacja-fotograficzna-c.d-36-800x1200.jpg 800w, https:\/\/rotary.zamosc.pl\/wp-content\/uploads\/2024\/10\/Jubileusz-30-lecia-RC-Zamosc.-Obiecana-relacja-fotograficzna-c.d-36.jpg 1365w\" sizes=\"(max-width: 700px) 100vw, 700px\" \/><\/figure>\n\n\n\n<figure class=\"wp-block-image size-large\"><img loading=\"lazy\" decoding=\"async\" width=\"700\" height=\"467\" data-id=\"4823\" src=\"https:\/\/rotary.zamosc.pl\/wp-content\/uploads\/2024\/10\/Jubileusz-30-lecia-RC-Zamosc.-Obiecana-relacja-fotograficzna-c.d-30-700x467.jpg\" alt=\"\" class=\"wp-image-4823\" srcset=\"https:\/\/rotary.zamosc.pl\/wp-content\/uploads\/2024\/10\/Jubileusz-30-lecia-RC-Zamosc.-Obiecana-relacja-fotograficzna-c.d-30-700x467.jpg 700w, https:\/\/rotary.zamosc.pl\/wp-content\/uploads\/2024\/10\/Jubileusz-30-lecia-RC-Zamosc.-Obiecana-relacja-fotograficzna-c.d-30-300x200.jpg 300w, https:\/\/rotary.zamosc.pl\/wp-content\/uploads\/2024\/10\/Jubileusz-30-lecia-RC-Zamosc.-Obiecana-relacja-fotograficzna-c.d-30-768x512.jpg 768w, https:\/\/rotary.zamosc.pl\/wp-content\/uploads\/2024\/10\/Jubileusz-30-lecia-RC-Zamosc.-Obiecana-relacja-fotograficzna-c.d-30-1536x1024.jpg 1536w, https:\/\/rotary.zamosc.pl\/wp-content\/uploads\/2024\/10\/Jubileusz-30-lecia-RC-Zamosc.-Obiecana-relacja-fotograficzna-c.d-30-800x533.jpg 800w, https:\/\/rotary.zamosc.pl\/wp-content\/uploads\/2024\/10\/Jubileusz-30-lecia-RC-Zamosc.-Obiecana-relacja-fotograficzna-c.d-30-272x182.jpg 272w, https:\/\/rotary.zamosc.pl\/wp-content\/uploads\/2024\/10\/Jubileusz-30-lecia-RC-Zamosc.-Obiecana-relacja-fotograficzna-c.d-30.jpg 2048w\" sizes=\"(max-width: 700px) 100vw, 700px\" \/><\/figure>\n\n\n\n<figure class=\"wp-block-image size-large\"><img loading=\"lazy\" decoding=\"async\" width=\"700\" height=\"467\" data-id=\"4822\" src=\"https:\/\/rotary.zamosc.pl\/wp-content\/uploads\/2024\/10\/Jubileusz-30-lecia-RC-Zamosc.-Obiecana-relacja-fotograficzna-c.d-29-700x467.jpg\" alt=\"\" class=\"wp-image-4822\" srcset=\"https:\/\/rotary.zamosc.pl\/wp-content\/uploads\/2024\/10\/Jubileusz-30-lecia-RC-Zamosc.-Obiecana-relacja-fotograficzna-c.d-29-700x467.jpg 700w, https:\/\/rotary.zamosc.pl\/wp-content\/uploads\/2024\/10\/Jubileusz-30-lecia-RC-Zamosc.-Obiecana-relacja-fotograficzna-c.d-29-300x200.jpg 300w, https:\/\/rotary.zamosc.pl\/wp-content\/uploads\/2024\/10\/Jubileusz-30-lecia-RC-Zamosc.-Obiecana-relacja-fotograficzna-c.d-29-768x512.jpg 768w, https:\/\/rotary.zamosc.pl\/wp-content\/uploads\/2024\/10\/Jubileusz-30-lecia-RC-Zamosc.-Obiecana-relacja-fotograficzna-c.d-29-1536x1024.jpg 1536w, https:\/\/rotary.zamosc.pl\/wp-content\/uploads\/2024\/10\/Jubileusz-30-lecia-RC-Zamosc.-Obiecana-relacja-fotograficzna-c.d-29-800x533.jpg 800w, https:\/\/rotary.zamosc.pl\/wp-content\/uploads\/2024\/10\/Jubileusz-30-lecia-RC-Zamosc.-Obiecana-relacja-fotograficzna-c.d-29-272x182.jpg 272w, https:\/\/rotary.zamosc.pl\/wp-content\/uploads\/2024\/10\/Jubileusz-30-lecia-RC-Zamosc.-Obiecana-relacja-fotograficzna-c.d-29.jpg 2048w\" sizes=\"(max-width: 700px) 100vw, 700px\" \/><\/figure>\n\n\n\n<figure class=\"wp-block-image size-large\"><img loading=\"lazy\" decoding=\"async\" width=\"700\" height=\"467\" data-id=\"4821\" src=\"https:\/\/rotary.zamosc.pl\/wp-content\/uploads\/2024\/10\/Jubileusz-30-lecia-RC-Zamosc.-Obiecana-relacja-fotograficzna-c.d-28-700x467.jpg\" alt=\"\" class=\"wp-image-4821\" srcset=\"https:\/\/rotary.zamosc.pl\/wp-content\/uploads\/2024\/10\/Jubileusz-30-lecia-RC-Zamosc.-Obiecana-relacja-fotograficzna-c.d-28-700x467.jpg 700w, https:\/\/rotary.zamosc.pl\/wp-content\/uploads\/2024\/10\/Jubileusz-30-lecia-RC-Zamosc.-Obiecana-relacja-fotograficzna-c.d-28-300x200.jpg 300w, https:\/\/rotary.zamosc.pl\/wp-content\/uploads\/2024\/10\/Jubileusz-30-lecia-RC-Zamosc.-Obiecana-relacja-fotograficzna-c.d-28-768x512.jpg 768w, https:\/\/rotary.zamosc.pl\/wp-content\/uploads\/2024\/10\/Jubileusz-30-lecia-RC-Zamosc.-Obiecana-relacja-fotograficzna-c.d-28-1536x1024.jpg 1536w, https:\/\/rotary.zamosc.pl\/wp-content\/uploads\/2024\/10\/Jubileusz-30-lecia-RC-Zamosc.-Obiecana-relacja-fotograficzna-c.d-28-800x533.jpg 800w, https:\/\/rotary.zamosc.pl\/wp-content\/uploads\/2024\/10\/Jubileusz-30-lecia-RC-Zamosc.-Obiecana-relacja-fotograficzna-c.d-28-272x182.jpg 272w, https:\/\/rotary.zamosc.pl\/wp-content\/uploads\/2024\/10\/Jubileusz-30-lecia-RC-Zamosc.-Obiecana-relacja-fotograficzna-c.d-28.jpg 2048w\" sizes=\"(max-width: 700px) 100vw, 700px\" \/><\/figure>\n\n\n\n<figure class=\"wp-block-image size-large\"><img loading=\"lazy\" decoding=\"async\" width=\"700\" height=\"1050\" data-id=\"4820\" src=\"https:\/\/rotary.zamosc.pl\/wp-content\/uploads\/2024\/10\/Jubileusz-30-lecia-RC-Zamosc.-Obiecana-relacja-fotograficzna-c.d-27-700x1050.jpg\" alt=\"\" class=\"wp-image-4820\" srcset=\"https:\/\/rotary.zamosc.pl\/wp-content\/uploads\/2024\/10\/Jubileusz-30-lecia-RC-Zamosc.-Obiecana-relacja-fotograficzna-c.d-27-700x1050.jpg 700w, https:\/\/rotary.zamosc.pl\/wp-content\/uploads\/2024\/10\/Jubileusz-30-lecia-RC-Zamosc.-Obiecana-relacja-fotograficzna-c.d-27-200x300.jpg 200w, https:\/\/rotary.zamosc.pl\/wp-content\/uploads\/2024\/10\/Jubileusz-30-lecia-RC-Zamosc.-Obiecana-relacja-fotograficzna-c.d-27-768x1152.jpg 768w, https:\/\/rotary.zamosc.pl\/wp-content\/uploads\/2024\/10\/Jubileusz-30-lecia-RC-Zamosc.-Obiecana-relacja-fotograficzna-c.d-27-1024x1536.jpg 1024w, https:\/\/rotary.zamosc.pl\/wp-content\/uploads\/2024\/10\/Jubileusz-30-lecia-RC-Zamosc.-Obiecana-relacja-fotograficzna-c.d-27-800x1200.jpg 800w, https:\/\/rotary.zamosc.pl\/wp-content\/uploads\/2024\/10\/Jubileusz-30-lecia-RC-Zamosc.-Obiecana-relacja-fotograficzna-c.d-27.jpg 1365w\" sizes=\"(max-width: 700px) 100vw, 700px\" \/><\/figure>\n\n\n\n<figure class=\"wp-block-image size-large\"><img loading=\"lazy\" decoding=\"async\" width=\"700\" height=\"1050\" data-id=\"4819\" src=\"https:\/\/rotary.zamosc.pl\/wp-content\/uploads\/2024\/10\/Jubileusz-30-lecia-RC-Zamosc.-Obiecana-relacja-fotograficzna-c.d-26-700x1050.jpg\" alt=\"\" class=\"wp-image-4819\" srcset=\"https:\/\/rotary.zamosc.pl\/wp-content\/uploads\/2024\/10\/Jubileusz-30-lecia-RC-Zamosc.-Obiecana-relacja-fotograficzna-c.d-26-700x1050.jpg 700w, https:\/\/rotary.zamosc.pl\/wp-content\/uploads\/2024\/10\/Jubileusz-30-lecia-RC-Zamosc.-Obiecana-relacja-fotograficzna-c.d-26-200x300.jpg 200w, https:\/\/rotary.zamosc.pl\/wp-content\/uploads\/2024\/10\/Jubileusz-30-lecia-RC-Zamosc.-Obiecana-relacja-fotograficzna-c.d-26-768x1152.jpg 768w, https:\/\/rotary.zamosc.pl\/wp-content\/uploads\/2024\/10\/Jubileusz-30-lecia-RC-Zamosc.-Obiecana-relacja-fotograficzna-c.d-26-1024x1536.jpg 1024w, https:\/\/rotary.zamosc.pl\/wp-content\/uploads\/2024\/10\/Jubileusz-30-lecia-RC-Zamosc.-Obiecana-relacja-fotograficzna-c.d-26-800x1200.jpg 800w, https:\/\/rotary.zamosc.pl\/wp-content\/uploads\/2024\/10\/Jubileusz-30-lecia-RC-Zamosc.-Obiecana-relacja-fotograficzna-c.d-26.jpg 1365w\" sizes=\"(max-width: 700px) 100vw, 700px\" \/><\/figure>\n\n\n\n<figure class=\"wp-block-image size-large\"><img loading=\"lazy\" decoding=\"async\" width=\"700\" height=\"467\" data-id=\"4818\" src=\"https:\/\/rotary.zamosc.pl\/wp-content\/uploads\/2024\/10\/Jubileusz-30-lecia-RC-Zamosc.-Obiecana-relacja-fotograficzna-c.d-25-700x467.jpg\" alt=\"\" class=\"wp-image-4818\" srcset=\"https:\/\/rotary.zamosc.pl\/wp-content\/uploads\/2024\/10\/Jubileusz-30-lecia-RC-Zamosc.-Obiecana-relacja-fotograficzna-c.d-25-700x467.jpg 700w, https:\/\/rotary.zamosc.pl\/wp-content\/uploads\/2024\/10\/Jubileusz-30-lecia-RC-Zamosc.-Obiecana-relacja-fotograficzna-c.d-25-300x200.jpg 300w, https:\/\/rotary.zamosc.pl\/wp-content\/uploads\/2024\/10\/Jubileusz-30-lecia-RC-Zamosc.-Obiecana-relacja-fotograficzna-c.d-25-768x512.jpg 768w, https:\/\/rotary.zamosc.pl\/wp-content\/uploads\/2024\/10\/Jubileusz-30-lecia-RC-Zamosc.-Obiecana-relacja-fotograficzna-c.d-25-1536x1024.jpg 1536w, https:\/\/rotary.zamosc.pl\/wp-content\/uploads\/2024\/10\/Jubileusz-30-lecia-RC-Zamosc.-Obiecana-relacja-fotograficzna-c.d-25-800x533.jpg 800w, https:\/\/rotary.zamosc.pl\/wp-content\/uploads\/2024\/10\/Jubileusz-30-lecia-RC-Zamosc.-Obiecana-relacja-fotograficzna-c.d-25-272x182.jpg 272w, https:\/\/rotary.zamosc.pl\/wp-content\/uploads\/2024\/10\/Jubileusz-30-lecia-RC-Zamosc.-Obiecana-relacja-fotograficzna-c.d-25.jpg 2048w\" sizes=\"(max-width: 700px) 100vw, 700px\" \/><\/figure>\n\n\n\n<figure class=\"wp-block-image size-large\"><img loading=\"lazy\" decoding=\"async\" width=\"700\" height=\"467\" data-id=\"4812\" src=\"https:\/\/rotary.zamosc.pl\/wp-content\/uploads\/2024\/10\/Jubileusz-30-lecia-RC-Zamosc.-Obiecana-relacja-fotograficzna-c.d-19-700x467.jpg\" alt=\"\" class=\"wp-image-4812\" srcset=\"https:\/\/rotary.zamosc.pl\/wp-content\/uploads\/2024\/10\/Jubileusz-30-lecia-RC-Zamosc.-Obiecana-relacja-fotograficzna-c.d-19-700x467.jpg 700w, https:\/\/rotary.zamosc.pl\/wp-content\/uploads\/2024\/10\/Jubileusz-30-lecia-RC-Zamosc.-Obiecana-relacja-fotograficzna-c.d-19-300x200.jpg 300w, https:\/\/rotary.zamosc.pl\/wp-content\/uploads\/2024\/10\/Jubileusz-30-lecia-RC-Zamosc.-Obiecana-relacja-fotograficzna-c.d-19-768x512.jpg 768w, https:\/\/rotary.zamosc.pl\/wp-content\/uploads\/2024\/10\/Jubileusz-30-lecia-RC-Zamosc.-Obiecana-relacja-fotograficzna-c.d-19-1536x1024.jpg 1536w, https:\/\/rotary.zamosc.pl\/wp-content\/uploads\/2024\/10\/Jubileusz-30-lecia-RC-Zamosc.-Obiecana-relacja-fotograficzna-c.d-19-800x533.jpg 800w, https:\/\/rotary.zamosc.pl\/wp-content\/uploads\/2024\/10\/Jubileusz-30-lecia-RC-Zamosc.-Obiecana-relacja-fotograficzna-c.d-19-272x182.jpg 272w, https:\/\/rotary.zamosc.pl\/wp-content\/uploads\/2024\/10\/Jubileusz-30-lecia-RC-Zamosc.-Obiecana-relacja-fotograficzna-c.d-19.jpg 2048w\" sizes=\"(max-width: 700px) 100vw, 700px\" \/><\/figure>\n\n\n\n<figure class=\"wp-block-image size-large\"><img loading=\"lazy\" decoding=\"async\" width=\"700\" height=\"467\" data-id=\"4813\" src=\"https:\/\/rotary.zamosc.pl\/wp-content\/uploads\/2024\/10\/Jubileusz-30-lecia-RC-Zamosc.-Obiecana-relacja-fotograficzna-c.d-20-700x467.jpg\" alt=\"\" class=\"wp-image-4813\" srcset=\"https:\/\/rotary.zamosc.pl\/wp-content\/uploads\/2024\/10\/Jubileusz-30-lecia-RC-Zamosc.-Obiecana-relacja-fotograficzna-c.d-20-700x467.jpg 700w, https:\/\/rotary.zamosc.pl\/wp-content\/uploads\/2024\/10\/Jubileusz-30-lecia-RC-Zamosc.-Obiecana-relacja-fotograficzna-c.d-20-300x200.jpg 300w, https:\/\/rotary.zamosc.pl\/wp-content\/uploads\/2024\/10\/Jubileusz-30-lecia-RC-Zamosc.-Obiecana-relacja-fotograficzna-c.d-20-768x512.jpg 768w, https:\/\/rotary.zamosc.pl\/wp-content\/uploads\/2024\/10\/Jubileusz-30-lecia-RC-Zamosc.-Obiecana-relacja-fotograficzna-c.d-20-1536x1024.jpg 1536w, https:\/\/rotary.zamosc.pl\/wp-content\/uploads\/2024\/10\/Jubileusz-30-lecia-RC-Zamosc.-Obiecana-relacja-fotograficzna-c.d-20-800x533.jpg 800w, https:\/\/rotary.zamosc.pl\/wp-content\/uploads\/2024\/10\/Jubileusz-30-lecia-RC-Zamosc.-Obiecana-relacja-fotograficzna-c.d-20-272x182.jpg 272w, https:\/\/rotary.zamosc.pl\/wp-content\/uploads\/2024\/10\/Jubileusz-30-lecia-RC-Zamosc.-Obiecana-relacja-fotograficzna-c.d-20.jpg 2048w\" sizes=\"(max-width: 700px) 100vw, 700px\" \/><\/figure>\n\n\n\n<figure class=\"wp-block-image size-large\"><img loading=\"lazy\" decoding=\"async\" width=\"700\" height=\"467\" data-id=\"4814\" src=\"https:\/\/rotary.zamosc.pl\/wp-content\/uploads\/2024\/10\/Jubileusz-30-lecia-RC-Zamosc.-Obiecana-relacja-fotograficzna-c.d-21-700x467.jpg\" alt=\"\" class=\"wp-image-4814\" srcset=\"https:\/\/rotary.zamosc.pl\/wp-content\/uploads\/2024\/10\/Jubileusz-30-lecia-RC-Zamosc.-Obiecana-relacja-fotograficzna-c.d-21-700x467.jpg 700w, https:\/\/rotary.zamosc.pl\/wp-content\/uploads\/2024\/10\/Jubileusz-30-lecia-RC-Zamosc.-Obiecana-relacja-fotograficzna-c.d-21-300x200.jpg 300w, https:\/\/rotary.zamosc.pl\/wp-content\/uploads\/2024\/10\/Jubileusz-30-lecia-RC-Zamosc.-Obiecana-relacja-fotograficzna-c.d-21-768x512.jpg 768w, https:\/\/rotary.zamosc.pl\/wp-content\/uploads\/2024\/10\/Jubileusz-30-lecia-RC-Zamosc.-Obiecana-relacja-fotograficzna-c.d-21-1536x1024.jpg 1536w, https:\/\/rotary.zamosc.pl\/wp-content\/uploads\/2024\/10\/Jubileusz-30-lecia-RC-Zamosc.-Obiecana-relacja-fotograficzna-c.d-21-800x533.jpg 800w, https:\/\/rotary.zamosc.pl\/wp-content\/uploads\/2024\/10\/Jubileusz-30-lecia-RC-Zamosc.-Obiecana-relacja-fotograficzna-c.d-21-272x182.jpg 272w, https:\/\/rotary.zamosc.pl\/wp-content\/uploads\/2024\/10\/Jubileusz-30-lecia-RC-Zamosc.-Obiecana-relacja-fotograficzna-c.d-21.jpg 2048w\" sizes=\"(max-width: 700px) 100vw, 700px\" \/><\/figure>\n\n\n\n<figure class=\"wp-block-image size-large\"><img loading=\"lazy\" decoding=\"async\" width=\"700\" height=\"467\" data-id=\"4815\" src=\"https:\/\/rotary.zamosc.pl\/wp-content\/uploads\/2024\/10\/Jubileusz-30-lecia-RC-Zamosc.-Obiecana-relacja-fotograficzna-c.d-22-700x467.jpg\" alt=\"\" class=\"wp-image-4815\" srcset=\"https:\/\/rotary.zamosc.pl\/wp-content\/uploads\/2024\/10\/Jubileusz-30-lecia-RC-Zamosc.-Obiecana-relacja-fotograficzna-c.d-22-700x467.jpg 700w, https:\/\/rotary.zamosc.pl\/wp-content\/uploads\/2024\/10\/Jubileusz-30-lecia-RC-Zamosc.-Obiecana-relacja-fotograficzna-c.d-22-300x200.jpg 300w, https:\/\/rotary.zamosc.pl\/wp-content\/uploads\/2024\/10\/Jubileusz-30-lecia-RC-Zamosc.-Obiecana-relacja-fotograficzna-c.d-22-768x512.jpg 768w, https:\/\/rotary.zamosc.pl\/wp-content\/uploads\/2024\/10\/Jubileusz-30-lecia-RC-Zamosc.-Obiecana-relacja-fotograficzna-c.d-22-1536x1024.jpg 1536w, https:\/\/rotary.zamosc.pl\/wp-content\/uploads\/2024\/10\/Jubileusz-30-lecia-RC-Zamosc.-Obiecana-relacja-fotograficzna-c.d-22-800x533.jpg 800w, https:\/\/rotary.zamosc.pl\/wp-content\/uploads\/2024\/10\/Jubileusz-30-lecia-RC-Zamosc.-Obiecana-relacja-fotograficzna-c.d-22-272x182.jpg 272w, https:\/\/rotary.zamosc.pl\/wp-content\/uploads\/2024\/10\/Jubileusz-30-lecia-RC-Zamosc.-Obiecana-relacja-fotograficzna-c.d-22.jpg 2048w\" sizes=\"(max-width: 700px) 100vw, 700px\" \/><\/figure>\n\n\n\n<figure class=\"wp-block-image size-large\"><img loading=\"lazy\" decoding=\"async\" width=\"700\" height=\"467\" data-id=\"4816\" src=\"https:\/\/rotary.zamosc.pl\/wp-content\/uploads\/2024\/10\/Jubileusz-30-lecia-RC-Zamosc.-Obiecana-relacja-fotograficzna-c.d-23-700x467.jpg\" alt=\"\" class=\"wp-image-4816\" srcset=\"https:\/\/rotary.zamosc.pl\/wp-content\/uploads\/2024\/10\/Jubileusz-30-lecia-RC-Zamosc.-Obiecana-relacja-fotograficzna-c.d-23-700x467.jpg 700w, https:\/\/rotary.zamosc.pl\/wp-content\/uploads\/2024\/10\/Jubileusz-30-lecia-RC-Zamosc.-Obiecana-relacja-fotograficzna-c.d-23-300x200.jpg 300w, https:\/\/rotary.zamosc.pl\/wp-content\/uploads\/2024\/10\/Jubileusz-30-lecia-RC-Zamosc.-Obiecana-relacja-fotograficzna-c.d-23-768x512.jpg 768w, https:\/\/rotary.zamosc.pl\/wp-content\/uploads\/2024\/10\/Jubileusz-30-lecia-RC-Zamosc.-Obiecana-relacja-fotograficzna-c.d-23-1536x1024.jpg 1536w, https:\/\/rotary.zamosc.pl\/wp-content\/uploads\/2024\/10\/Jubileusz-30-lecia-RC-Zamosc.-Obiecana-relacja-fotograficzna-c.d-23-800x533.jpg 800w, https:\/\/rotary.zamosc.pl\/wp-content\/uploads\/2024\/10\/Jubileusz-30-lecia-RC-Zamosc.-Obiecana-relacja-fotograficzna-c.d-23-272x182.jpg 272w, https:\/\/rotary.zamosc.pl\/wp-content\/uploads\/2024\/10\/Jubileusz-30-lecia-RC-Zamosc.-Obiecana-relacja-fotograficzna-c.d-23.jpg 2048w\" sizes=\"(max-width: 700px) 100vw, 700px\" \/><\/figure>\n\n\n\n<figure class=\"wp-block-image size-large\"><img loading=\"lazy\" decoding=\"async\" width=\"700\" height=\"467\" data-id=\"4817\" src=\"https:\/\/rotary.zamosc.pl\/wp-content\/uploads\/2024\/10\/Jubileusz-30-lecia-RC-Zamosc.-Obiecana-relacja-fotograficzna-c.d-24-700x467.jpg\" alt=\"\" class=\"wp-image-4817\" srcset=\"https:\/\/rotary.zamosc.pl\/wp-content\/uploads\/2024\/10\/Jubileusz-30-lecia-RC-Zamosc.-Obiecana-relacja-fotograficzna-c.d-24-700x467.jpg 700w, https:\/\/rotary.zamosc.pl\/wp-content\/uploads\/2024\/10\/Jubileusz-30-lecia-RC-Zamosc.-Obiecana-relacja-fotograficzna-c.d-24-300x200.jpg 300w, https:\/\/rotary.zamosc.pl\/wp-content\/uploads\/2024\/10\/Jubileusz-30-lecia-RC-Zamosc.-Obiecana-relacja-fotograficzna-c.d-24-768x512.jpg 768w, https:\/\/rotary.zamosc.pl\/wp-content\/uploads\/2024\/10\/Jubileusz-30-lecia-RC-Zamosc.-Obiecana-relacja-fotograficzna-c.d-24-1536x1024.jpg 1536w, https:\/\/rotary.zamosc.pl\/wp-content\/uploads\/2024\/10\/Jubileusz-30-lecia-RC-Zamosc.-Obiecana-relacja-fotograficzna-c.d-24-800x533.jpg 800w, https:\/\/rotary.zamosc.pl\/wp-content\/uploads\/2024\/10\/Jubileusz-30-lecia-RC-Zamosc.-Obiecana-relacja-fotograficzna-c.d-24-272x182.jpg 272w, https:\/\/rotary.zamosc.pl\/wp-content\/uploads\/2024\/10\/Jubileusz-30-lecia-RC-Zamosc.-Obiecana-relacja-fotograficzna-c.d-24.jpg 2048w\" sizes=\"(max-width: 700px) 100vw, 700px\" \/><\/figure>\n\n\n\n<figure class=\"wp-block-image size-large\"><img loading=\"lazy\" decoding=\"async\" width=\"700\" height=\"467\" data-id=\"4811\" src=\"https:\/\/rotary.zamosc.pl\/wp-content\/uploads\/2024\/10\/Jubileusz-30-lecia-RC-Zamosc.-Obiecana-relacja-fotograficzna-c.d-18-700x467.jpg\" alt=\"\" class=\"wp-image-4811\" srcset=\"https:\/\/rotary.zamosc.pl\/wp-content\/uploads\/2024\/10\/Jubileusz-30-lecia-RC-Zamosc.-Obiecana-relacja-fotograficzna-c.d-18-700x467.jpg 700w, https:\/\/rotary.zamosc.pl\/wp-content\/uploads\/2024\/10\/Jubileusz-30-lecia-RC-Zamosc.-Obiecana-relacja-fotograficzna-c.d-18-300x200.jpg 300w, https:\/\/rotary.zamosc.pl\/wp-content\/uploads\/2024\/10\/Jubileusz-30-lecia-RC-Zamosc.-Obiecana-relacja-fotograficzna-c.d-18-768x512.jpg 768w, https:\/\/rotary.zamosc.pl\/wp-content\/uploads\/2024\/10\/Jubileusz-30-lecia-RC-Zamosc.-Obiecana-relacja-fotograficzna-c.d-18-1536x1025.jpg 1536w, https:\/\/rotary.zamosc.pl\/wp-content\/uploads\/2024\/10\/Jubileusz-30-lecia-RC-Zamosc.-Obiecana-relacja-fotograficzna-c.d-18-800x534.jpg 800w, https:\/\/rotary.zamosc.pl\/wp-content\/uploads\/2024\/10\/Jubileusz-30-lecia-RC-Zamosc.-Obiecana-relacja-fotograficzna-c.d-18-272x182.jpg 272w, https:\/\/rotary.zamosc.pl\/wp-content\/uploads\/2024\/10\/Jubileusz-30-lecia-RC-Zamosc.-Obiecana-relacja-fotograficzna-c.d-18.jpg 2048w\" sizes=\"(max-width: 700px) 100vw, 700px\" \/><\/figure>\n\n\n\n<figure class=\"wp-block-image size-large\"><img loading=\"lazy\" decoding=\"async\" width=\"700\" height=\"467\" data-id=\"4810\" src=\"https:\/\/rotary.zamosc.pl\/wp-content\/uploads\/2024\/10\/Jubileusz-30-lecia-RC-Zamosc.-Obiecana-relacja-fotograficzna-c.d-17-700x467.jpg\" alt=\"\" class=\"wp-image-4810\" srcset=\"https:\/\/rotary.zamosc.pl\/wp-content\/uploads\/2024\/10\/Jubileusz-30-lecia-RC-Zamosc.-Obiecana-relacja-fotograficzna-c.d-17-700x467.jpg 700w, https:\/\/rotary.zamosc.pl\/wp-content\/uploads\/2024\/10\/Jubileusz-30-lecia-RC-Zamosc.-Obiecana-relacja-fotograficzna-c.d-17-300x200.jpg 300w, https:\/\/rotary.zamosc.pl\/wp-content\/uploads\/2024\/10\/Jubileusz-30-lecia-RC-Zamosc.-Obiecana-relacja-fotograficzna-c.d-17-768x512.jpg 768w, https:\/\/rotary.zamosc.pl\/wp-content\/uploads\/2024\/10\/Jubileusz-30-lecia-RC-Zamosc.-Obiecana-relacja-fotograficzna-c.d-17-1536x1024.jpg 1536w, https:\/\/rotary.zamosc.pl\/wp-content\/uploads\/2024\/10\/Jubileusz-30-lecia-RC-Zamosc.-Obiecana-relacja-fotograficzna-c.d-17-800x533.jpg 800w, https:\/\/rotary.zamosc.pl\/wp-content\/uploads\/2024\/10\/Jubileusz-30-lecia-RC-Zamosc.-Obiecana-relacja-fotograficzna-c.d-17-272x182.jpg 272w, https:\/\/rotary.zamosc.pl\/wp-content\/uploads\/2024\/10\/Jubileusz-30-lecia-RC-Zamosc.-Obiecana-relacja-fotograficzna-c.d-17.jpg 2048w\" sizes=\"(max-width: 700px) 100vw, 700px\" \/><\/figure>\n\n\n\n<figure class=\"wp-block-image size-large\"><img loading=\"lazy\" decoding=\"async\" width=\"700\" height=\"467\" data-id=\"4809\" src=\"https:\/\/rotary.zamosc.pl\/wp-content\/uploads\/2024\/10\/Jubileusz-30-lecia-RC-Zamosc.-Obiecana-relacja-fotograficzna-c.d-16-700x467.jpg\" alt=\"\" class=\"wp-image-4809\" srcset=\"https:\/\/rotary.zamosc.pl\/wp-content\/uploads\/2024\/10\/Jubileusz-30-lecia-RC-Zamosc.-Obiecana-relacja-fotograficzna-c.d-16-700x467.jpg 700w, https:\/\/rotary.zamosc.pl\/wp-content\/uploads\/2024\/10\/Jubileusz-30-lecia-RC-Zamosc.-Obiecana-relacja-fotograficzna-c.d-16-300x200.jpg 300w, https:\/\/rotary.zamosc.pl\/wp-content\/uploads\/2024\/10\/Jubileusz-30-lecia-RC-Zamosc.-Obiecana-relacja-fotograficzna-c.d-16-768x512.jpg 768w, https:\/\/rotary.zamosc.pl\/wp-content\/uploads\/2024\/10\/Jubileusz-30-lecia-RC-Zamosc.-Obiecana-relacja-fotograficzna-c.d-16-1536x1024.jpg 1536w, https:\/\/rotary.zamosc.pl\/wp-content\/uploads\/2024\/10\/Jubileusz-30-lecia-RC-Zamosc.-Obiecana-relacja-fotograficzna-c.d-16-800x533.jpg 800w, https:\/\/rotary.zamosc.pl\/wp-content\/uploads\/2024\/10\/Jubileusz-30-lecia-RC-Zamosc.-Obiecana-relacja-fotograficzna-c.d-16-272x182.jpg 272w, https:\/\/rotary.zamosc.pl\/wp-content\/uploads\/2024\/10\/Jubileusz-30-lecia-RC-Zamosc.-Obiecana-relacja-fotograficzna-c.d-16.jpg 2048w\" sizes=\"(max-width: 700px) 100vw, 700px\" \/><\/figure>\n\n\n\n<figure class=\"wp-block-image size-large\"><img loading=\"lazy\" decoding=\"async\" width=\"700\" height=\"467\" data-id=\"4808\" src=\"https:\/\/rotary.zamosc.pl\/wp-content\/uploads\/2024\/10\/Jubileusz-30-lecia-RC-Zamosc.-Obiecana-relacja-fotograficzna-c.d-15-700x467.jpg\" alt=\"\" class=\"wp-image-4808\" srcset=\"https:\/\/rotary.zamosc.pl\/wp-content\/uploads\/2024\/10\/Jubileusz-30-lecia-RC-Zamosc.-Obiecana-relacja-fotograficzna-c.d-15-700x467.jpg 700w, https:\/\/rotary.zamosc.pl\/wp-content\/uploads\/2024\/10\/Jubileusz-30-lecia-RC-Zamosc.-Obiecana-relacja-fotograficzna-c.d-15-300x200.jpg 300w, https:\/\/rotary.zamosc.pl\/wp-content\/uploads\/2024\/10\/Jubileusz-30-lecia-RC-Zamosc.-Obiecana-relacja-fotograficzna-c.d-15-768x512.jpg 768w, https:\/\/rotary.zamosc.pl\/wp-content\/uploads\/2024\/10\/Jubileusz-30-lecia-RC-Zamosc.-Obiecana-relacja-fotograficzna-c.d-15-1536x1024.jpg 1536w, https:\/\/rotary.zamosc.pl\/wp-content\/uploads\/2024\/10\/Jubileusz-30-lecia-RC-Zamosc.-Obiecana-relacja-fotograficzna-c.d-15-800x533.jpg 800w, https:\/\/rotary.zamosc.pl\/wp-content\/uploads\/2024\/10\/Jubileusz-30-lecia-RC-Zamosc.-Obiecana-relacja-fotograficzna-c.d-15-272x182.jpg 272w, https:\/\/rotary.zamosc.pl\/wp-content\/uploads\/2024\/10\/Jubileusz-30-lecia-RC-Zamosc.-Obiecana-relacja-fotograficzna-c.d-15.jpg 2048w\" sizes=\"(max-width: 700px) 100vw, 700px\" \/><\/figure>\n\n\n\n<figure class=\"wp-block-image size-large\"><img loading=\"lazy\" decoding=\"async\" width=\"700\" height=\"467\" data-id=\"4807\" src=\"https:\/\/rotary.zamosc.pl\/wp-content\/uploads\/2024\/10\/Jubileusz-30-lecia-RC-Zamosc.-Obiecana-relacja-fotograficzna-c.d-14-700x467.jpg\" alt=\"\" class=\"wp-image-4807\" srcset=\"https:\/\/rotary.zamosc.pl\/wp-content\/uploads\/2024\/10\/Jubileusz-30-lecia-RC-Zamosc.-Obiecana-relacja-fotograficzna-c.d-14-700x467.jpg 700w, https:\/\/rotary.zamosc.pl\/wp-content\/uploads\/2024\/10\/Jubileusz-30-lecia-RC-Zamosc.-Obiecana-relacja-fotograficzna-c.d-14-300x200.jpg 300w, https:\/\/rotary.zamosc.pl\/wp-content\/uploads\/2024\/10\/Jubileusz-30-lecia-RC-Zamosc.-Obiecana-relacja-fotograficzna-c.d-14-768x512.jpg 768w, https:\/\/rotary.zamosc.pl\/wp-content\/uploads\/2024\/10\/Jubileusz-30-lecia-RC-Zamosc.-Obiecana-relacja-fotograficzna-c.d-14-1536x1024.jpg 1536w, https:\/\/rotary.zamosc.pl\/wp-content\/uploads\/2024\/10\/Jubileusz-30-lecia-RC-Zamosc.-Obiecana-relacja-fotograficzna-c.d-14-800x533.jpg 800w, https:\/\/rotary.zamosc.pl\/wp-content\/uploads\/2024\/10\/Jubileusz-30-lecia-RC-Zamosc.-Obiecana-relacja-fotograficzna-c.d-14-272x182.jpg 272w, https:\/\/rotary.zamosc.pl\/wp-content\/uploads\/2024\/10\/Jubileusz-30-lecia-RC-Zamosc.-Obiecana-relacja-fotograficzna-c.d-14.jpg 2048w\" sizes=\"(max-width: 700px) 100vw, 700px\" \/><\/figure>\n\n\n\n<figure class=\"wp-block-image size-large\"><img loading=\"lazy\" decoding=\"async\" width=\"700\" height=\"467\" data-id=\"4806\" src=\"https:\/\/rotary.zamosc.pl\/wp-content\/uploads\/2024\/10\/Jubileusz-30-lecia-RC-Zamosc.-Obiecana-relacja-fotograficzna-c.d-13-700x467.jpg\" alt=\"\" class=\"wp-image-4806\" srcset=\"https:\/\/rotary.zamosc.pl\/wp-content\/uploads\/2024\/10\/Jubileusz-30-lecia-RC-Zamosc.-Obiecana-relacja-fotograficzna-c.d-13-700x467.jpg 700w, https:\/\/rotary.zamosc.pl\/wp-content\/uploads\/2024\/10\/Jubileusz-30-lecia-RC-Zamosc.-Obiecana-relacja-fotograficzna-c.d-13-300x200.jpg 300w, https:\/\/rotary.zamosc.pl\/wp-content\/uploads\/2024\/10\/Jubileusz-30-lecia-RC-Zamosc.-Obiecana-relacja-fotograficzna-c.d-13-768x512.jpg 768w, https:\/\/rotary.zamosc.pl\/wp-content\/uploads\/2024\/10\/Jubileusz-30-lecia-RC-Zamosc.-Obiecana-relacja-fotograficzna-c.d-13-1536x1024.jpg 1536w, https:\/\/rotary.zamosc.pl\/wp-content\/uploads\/2024\/10\/Jubileusz-30-lecia-RC-Zamosc.-Obiecana-relacja-fotograficzna-c.d-13-800x533.jpg 800w, https:\/\/rotary.zamosc.pl\/wp-content\/uploads\/2024\/10\/Jubileusz-30-lecia-RC-Zamosc.-Obiecana-relacja-fotograficzna-c.d-13-272x182.jpg 272w, https:\/\/rotary.zamosc.pl\/wp-content\/uploads\/2024\/10\/Jubileusz-30-lecia-RC-Zamosc.-Obiecana-relacja-fotograficzna-c.d-13.jpg 2048w\" sizes=\"(max-width: 700px) 100vw, 700px\" \/><\/figure>\n\n\n\n<figure class=\"wp-block-image size-large\"><img loading=\"lazy\" decoding=\"async\" width=\"700\" height=\"467\" data-id=\"4800\" src=\"https:\/\/rotary.zamosc.pl\/wp-content\/uploads\/2024\/10\/Jubileusz-30-lecia-RC-Zamosc.-Obiecana-relacja-fotograficzna-c.d-7-700x467.jpg\" alt=\"\" class=\"wp-image-4800\" srcset=\"https:\/\/rotary.zamosc.pl\/wp-content\/uploads\/2024\/10\/Jubileusz-30-lecia-RC-Zamosc.-Obiecana-relacja-fotograficzna-c.d-7-700x467.jpg 700w, https:\/\/rotary.zamosc.pl\/wp-content\/uploads\/2024\/10\/Jubileusz-30-lecia-RC-Zamosc.-Obiecana-relacja-fotograficzna-c.d-7-300x200.jpg 300w, https:\/\/rotary.zamosc.pl\/wp-content\/uploads\/2024\/10\/Jubileusz-30-lecia-RC-Zamosc.-Obiecana-relacja-fotograficzna-c.d-7-768x512.jpg 768w, https:\/\/rotary.zamosc.pl\/wp-content\/uploads\/2024\/10\/Jubileusz-30-lecia-RC-Zamosc.-Obiecana-relacja-fotograficzna-c.d-7-1536x1024.jpg 1536w, https:\/\/rotary.zamosc.pl\/wp-content\/uploads\/2024\/10\/Jubileusz-30-lecia-RC-Zamosc.-Obiecana-relacja-fotograficzna-c.d-7-800x533.jpg 800w, https:\/\/rotary.zamosc.pl\/wp-content\/uploads\/2024\/10\/Jubileusz-30-lecia-RC-Zamosc.-Obiecana-relacja-fotograficzna-c.d-7-272x182.jpg 272w, https:\/\/rotary.zamosc.pl\/wp-content\/uploads\/2024\/10\/Jubileusz-30-lecia-RC-Zamosc.-Obiecana-relacja-fotograficzna-c.d-7.jpg 2048w\" sizes=\"(max-width: 700px) 100vw, 700px\" \/><\/figure>\n\n\n\n<figure class=\"wp-block-image size-large\"><img loading=\"lazy\" decoding=\"async\" width=\"700\" height=\"467\" data-id=\"4801\" src=\"https:\/\/rotary.zamosc.pl\/wp-content\/uploads\/2024\/10\/Jubileusz-30-lecia-RC-Zamosc.-Obiecana-relacja-fotograficzna-c.d-8-700x467.jpg\" alt=\"\" class=\"wp-image-4801\" srcset=\"https:\/\/rotary.zamosc.pl\/wp-content\/uploads\/2024\/10\/Jubileusz-30-lecia-RC-Zamosc.-Obiecana-relacja-fotograficzna-c.d-8-700x467.jpg 700w, https:\/\/rotary.zamosc.pl\/wp-content\/uploads\/2024\/10\/Jubileusz-30-lecia-RC-Zamosc.-Obiecana-relacja-fotograficzna-c.d-8-300x200.jpg 300w, https:\/\/rotary.zamosc.pl\/wp-content\/uploads\/2024\/10\/Jubileusz-30-lecia-RC-Zamosc.-Obiecana-relacja-fotograficzna-c.d-8-768x512.jpg 768w, https:\/\/rotary.zamosc.pl\/wp-content\/uploads\/2024\/10\/Jubileusz-30-lecia-RC-Zamosc.-Obiecana-relacja-fotograficzna-c.d-8-1536x1024.jpg 1536w, https:\/\/rotary.zamosc.pl\/wp-content\/uploads\/2024\/10\/Jubileusz-30-lecia-RC-Zamosc.-Obiecana-relacja-fotograficzna-c.d-8-800x533.jpg 800w, https:\/\/rotary.zamosc.pl\/wp-content\/uploads\/2024\/10\/Jubileusz-30-lecia-RC-Zamosc.-Obiecana-relacja-fotograficzna-c.d-8-272x182.jpg 272w, https:\/\/rotary.zamosc.pl\/wp-content\/uploads\/2024\/10\/Jubileusz-30-lecia-RC-Zamosc.-Obiecana-relacja-fotograficzna-c.d-8.jpg 2048w\" sizes=\"(max-width: 700px) 100vw, 700px\" \/><\/figure>\n\n\n\n<figure class=\"wp-block-image size-large\"><img loading=\"lazy\" decoding=\"async\" width=\"700\" height=\"467\" data-id=\"4802\" src=\"https:\/\/rotary.zamosc.pl\/wp-content\/uploads\/2024\/10\/Jubileusz-30-lecia-RC-Zamosc.-Obiecana-relacja-fotograficzna-c.d-9-700x467.jpg\" alt=\"\" class=\"wp-image-4802\" srcset=\"https:\/\/rotary.zamosc.pl\/wp-content\/uploads\/2024\/10\/Jubileusz-30-lecia-RC-Zamosc.-Obiecana-relacja-fotograficzna-c.d-9-700x467.jpg 700w, https:\/\/rotary.zamosc.pl\/wp-content\/uploads\/2024\/10\/Jubileusz-30-lecia-RC-Zamosc.-Obiecana-relacja-fotograficzna-c.d-9-300x200.jpg 300w, https:\/\/rotary.zamosc.pl\/wp-content\/uploads\/2024\/10\/Jubileusz-30-lecia-RC-Zamosc.-Obiecana-relacja-fotograficzna-c.d-9-768x512.jpg 768w, https:\/\/rotary.zamosc.pl\/wp-content\/uploads\/2024\/10\/Jubileusz-30-lecia-RC-Zamosc.-Obiecana-relacja-fotograficzna-c.d-9-1536x1024.jpg 1536w, https:\/\/rotary.zamosc.pl\/wp-content\/uploads\/2024\/10\/Jubileusz-30-lecia-RC-Zamosc.-Obiecana-relacja-fotograficzna-c.d-9-800x533.jpg 800w, https:\/\/rotary.zamosc.pl\/wp-content\/uploads\/2024\/10\/Jubileusz-30-lecia-RC-Zamosc.-Obiecana-relacja-fotograficzna-c.d-9-272x182.jpg 272w, https:\/\/rotary.zamosc.pl\/wp-content\/uploads\/2024\/10\/Jubileusz-30-lecia-RC-Zamosc.-Obiecana-relacja-fotograficzna-c.d-9.jpg 2048w\" sizes=\"(max-width: 700px) 100vw, 700px\" \/><\/figure>\n\n\n\n<figure class=\"wp-block-image size-large\"><img loading=\"lazy\" decoding=\"async\" width=\"700\" height=\"467\" data-id=\"4803\" src=\"https:\/\/rotary.zamosc.pl\/wp-content\/uploads\/2024\/10\/Jubileusz-30-lecia-RC-Zamosc.-Obiecana-relacja-fotograficzna-c.d-10-700x467.jpg\" alt=\"\" class=\"wp-image-4803\" srcset=\"https:\/\/rotary.zamosc.pl\/wp-content\/uploads\/2024\/10\/Jubileusz-30-lecia-RC-Zamosc.-Obiecana-relacja-fotograficzna-c.d-10-700x467.jpg 700w, https:\/\/rotary.zamosc.pl\/wp-content\/uploads\/2024\/10\/Jubileusz-30-lecia-RC-Zamosc.-Obiecana-relacja-fotograficzna-c.d-10-300x200.jpg 300w, https:\/\/rotary.zamosc.pl\/wp-content\/uploads\/2024\/10\/Jubileusz-30-lecia-RC-Zamosc.-Obiecana-relacja-fotograficzna-c.d-10-768x512.jpg 768w, https:\/\/rotary.zamosc.pl\/wp-content\/uploads\/2024\/10\/Jubileusz-30-lecia-RC-Zamosc.-Obiecana-relacja-fotograficzna-c.d-10-1536x1024.jpg 1536w, https:\/\/rotary.zamosc.pl\/wp-content\/uploads\/2024\/10\/Jubileusz-30-lecia-RC-Zamosc.-Obiecana-relacja-fotograficzna-c.d-10-800x533.jpg 800w, https:\/\/rotary.zamosc.pl\/wp-content\/uploads\/2024\/10\/Jubileusz-30-lecia-RC-Zamosc.-Obiecana-relacja-fotograficzna-c.d-10-272x182.jpg 272w, https:\/\/rotary.zamosc.pl\/wp-content\/uploads\/2024\/10\/Jubileusz-30-lecia-RC-Zamosc.-Obiecana-relacja-fotograficzna-c.d-10.jpg 2048w\" sizes=\"(max-width: 700px) 100vw, 700px\" \/><\/figure>\n\n\n\n<figure class=\"wp-block-image size-large\"><img loading=\"lazy\" decoding=\"async\" width=\"700\" height=\"1050\" data-id=\"4804\" src=\"https:\/\/rotary.zamosc.pl\/wp-content\/uploads\/2024\/10\/Jubileusz-30-lecia-RC-Zamosc.-Obiecana-relacja-fotograficzna-c.d-11-700x1050.jpg\" alt=\"\" class=\"wp-image-4804\" srcset=\"https:\/\/rotary.zamosc.pl\/wp-content\/uploads\/2024\/10\/Jubileusz-30-lecia-RC-Zamosc.-Obiecana-relacja-fotograficzna-c.d-11-700x1050.jpg 700w, https:\/\/rotary.zamosc.pl\/wp-content\/uploads\/2024\/10\/Jubileusz-30-lecia-RC-Zamosc.-Obiecana-relacja-fotograficzna-c.d-11-200x300.jpg 200w, https:\/\/rotary.zamosc.pl\/wp-content\/uploads\/2024\/10\/Jubileusz-30-lecia-RC-Zamosc.-Obiecana-relacja-fotograficzna-c.d-11-768x1152.jpg 768w, https:\/\/rotary.zamosc.pl\/wp-content\/uploads\/2024\/10\/Jubileusz-30-lecia-RC-Zamosc.-Obiecana-relacja-fotograficzna-c.d-11-1024x1536.jpg 1024w, https:\/\/rotary.zamosc.pl\/wp-content\/uploads\/2024\/10\/Jubileusz-30-lecia-RC-Zamosc.-Obiecana-relacja-fotograficzna-c.d-11-800x1200.jpg 800w, https:\/\/rotary.zamosc.pl\/wp-content\/uploads\/2024\/10\/Jubileusz-30-lecia-RC-Zamosc.-Obiecana-relacja-fotograficzna-c.d-11.jpg 1365w\" sizes=\"(max-width: 700px) 100vw, 700px\" \/><\/figure>\n\n\n\n<figure class=\"wp-block-image size-large\"><img loading=\"lazy\" decoding=\"async\" width=\"700\" height=\"467\" data-id=\"4805\" src=\"https:\/\/rotary.zamosc.pl\/wp-content\/uploads\/2024\/10\/Jubileusz-30-lecia-RC-Zamosc.-Obiecana-relacja-fotograficzna-c.d-12-700x467.jpg\" alt=\"\" class=\"wp-image-4805\" srcset=\"https:\/\/rotary.zamosc.pl\/wp-content\/uploads\/2024\/10\/Jubileusz-30-lecia-RC-Zamosc.-Obiecana-relacja-fotograficzna-c.d-12-700x467.jpg 700w, https:\/\/rotary.zamosc.pl\/wp-content\/uploads\/2024\/10\/Jubileusz-30-lecia-RC-Zamosc.-Obiecana-relacja-fotograficzna-c.d-12-300x200.jpg 300w, https:\/\/rotary.zamosc.pl\/wp-content\/uploads\/2024\/10\/Jubileusz-30-lecia-RC-Zamosc.-Obiecana-relacja-fotograficzna-c.d-12-768x512.jpg 768w, https:\/\/rotary.zamosc.pl\/wp-content\/uploads\/2024\/10\/Jubileusz-30-lecia-RC-Zamosc.-Obiecana-relacja-fotograficzna-c.d-12-1536x1024.jpg 1536w, https:\/\/rotary.zamosc.pl\/wp-content\/uploads\/2024\/10\/Jubileusz-30-lecia-RC-Zamosc.-Obiecana-relacja-fotograficzna-c.d-12-800x533.jpg 800w, https:\/\/rotary.zamosc.pl\/wp-content\/uploads\/2024\/10\/Jubileusz-30-lecia-RC-Zamosc.-Obiecana-relacja-fotograficzna-c.d-12-272x182.jpg 272w, https:\/\/rotary.zamosc.pl\/wp-content\/uploads\/2024\/10\/Jubileusz-30-lecia-RC-Zamosc.-Obiecana-relacja-fotograficzna-c.d-12.jpg 2048w\" sizes=\"(max-width: 700px) 100vw, 700px\" \/><\/figure>\n\n\n\n<figure class=\"wp-block-image size-large\"><img loading=\"lazy\" decoding=\"async\" width=\"700\" height=\"467\" data-id=\"4799\" src=\"https:\/\/rotary.zamosc.pl\/wp-content\/uploads\/2024\/10\/Jubileusz-30-lecia-RC-Zamosc.-Obiecana-relacja-fotograficzna-c.d-6-700x467.jpg\" alt=\"\" class=\"wp-image-4799\" srcset=\"https:\/\/rotary.zamosc.pl\/wp-content\/uploads\/2024\/10\/Jubileusz-30-lecia-RC-Zamosc.-Obiecana-relacja-fotograficzna-c.d-6-700x467.jpg 700w, https:\/\/rotary.zamosc.pl\/wp-content\/uploads\/2024\/10\/Jubileusz-30-lecia-RC-Zamosc.-Obiecana-relacja-fotograficzna-c.d-6-300x200.jpg 300w, https:\/\/rotary.zamosc.pl\/wp-content\/uploads\/2024\/10\/Jubileusz-30-lecia-RC-Zamosc.-Obiecana-relacja-fotograficzna-c.d-6-768x512.jpg 768w, https:\/\/rotary.zamosc.pl\/wp-content\/uploads\/2024\/10\/Jubileusz-30-lecia-RC-Zamosc.-Obiecana-relacja-fotograficzna-c.d-6-1536x1024.jpg 1536w, https:\/\/rotary.zamosc.pl\/wp-content\/uploads\/2024\/10\/Jubileusz-30-lecia-RC-Zamosc.-Obiecana-relacja-fotograficzna-c.d-6-800x533.jpg 800w, https:\/\/rotary.zamosc.pl\/wp-content\/uploads\/2024\/10\/Jubileusz-30-lecia-RC-Zamosc.-Obiecana-relacja-fotograficzna-c.d-6-272x182.jpg 272w, https:\/\/rotary.zamosc.pl\/wp-content\/uploads\/2024\/10\/Jubileusz-30-lecia-RC-Zamosc.-Obiecana-relacja-fotograficzna-c.d-6.jpg 2048w\" sizes=\"(max-width: 700px) 100vw, 700px\" \/><\/figure>\n\n\n\n<figure class=\"wp-block-image size-large\"><img loading=\"lazy\" decoding=\"async\" width=\"700\" height=\"467\" data-id=\"4798\" src=\"https:\/\/rotary.zamosc.pl\/wp-content\/uploads\/2024\/10\/Jubileusz-30-lecia-RC-Zamosc.-Obiecana-relacja-fotograficzna-c.d-5-700x467.jpg\" alt=\"\" class=\"wp-image-4798\" srcset=\"https:\/\/rotary.zamosc.pl\/wp-content\/uploads\/2024\/10\/Jubileusz-30-lecia-RC-Zamosc.-Obiecana-relacja-fotograficzna-c.d-5-700x467.jpg 700w, https:\/\/rotary.zamosc.pl\/wp-content\/uploads\/2024\/10\/Jubileusz-30-lecia-RC-Zamosc.-Obiecana-relacja-fotograficzna-c.d-5-300x200.jpg 300w, https:\/\/rotary.zamosc.pl\/wp-content\/uploads\/2024\/10\/Jubileusz-30-lecia-RC-Zamosc.-Obiecana-relacja-fotograficzna-c.d-5-768x512.jpg 768w, https:\/\/rotary.zamosc.pl\/wp-content\/uploads\/2024\/10\/Jubileusz-30-lecia-RC-Zamosc.-Obiecana-relacja-fotograficzna-c.d-5-1536x1024.jpg 1536w, https:\/\/rotary.zamosc.pl\/wp-content\/uploads\/2024\/10\/Jubileusz-30-lecia-RC-Zamosc.-Obiecana-relacja-fotograficzna-c.d-5-800x533.jpg 800w, https:\/\/rotary.zamosc.pl\/wp-content\/uploads\/2024\/10\/Jubileusz-30-lecia-RC-Zamosc.-Obiecana-relacja-fotograficzna-c.d-5-272x182.jpg 272w, https:\/\/rotary.zamosc.pl\/wp-content\/uploads\/2024\/10\/Jubileusz-30-lecia-RC-Zamosc.-Obiecana-relacja-fotograficzna-c.d-5.jpg 2048w\" sizes=\"(max-width: 700px) 100vw, 700px\" \/><\/figure>\n<\/figure>\n","protected":false},"excerpt":{"rendered":"<p>27 wrze\u015bnia w Hotelu Koronnym w Zamo\u015bciu RC Zamo\u015b\u0107 obchodzi\u0142 30-lecie dzia\u0142alno\u015bci. Nasz klub powsta\u0142 w 1994 roku, obecnie zrzesza 24 cz\u0142onk\u00f3w, kt\u00f3rzy w my\u015bl motta Rotary International &#8222;Service above self&#8221; (s\u0142u\u017cba ponad w\u0142asne interesy) po\u015bwi\u0119caj\u0105 sw\u00f3j wolny czas na bezinteresown\u0105 pomoc r\u00f3\u017cnym spo\u0142eczno\u015bciom, organizacjom i osobom indywidualnym, a tak\u017ce w ostatnich dw\u00f3ch latach, po&#8230;<\/p>\n","protected":false},"author":1,"featured_media":4832,"comment_status":"open","ping_status":"open","sticky":false,"template":"","format":"standard","meta":{"footnotes":""},"categories":[10],"tags":[],"class_list":["post-6406","post","type-post","status-publish","format-standard","has-post-thumbnail","hentry","category-10"],"rttpg_featured_image_url":{"full":["https:\/\/rotary.zamosc.pl\/wp-content\/uploads\/2024\/10\/Jubileusz-30-lecia-RC-Zamosc.-Obiecana-relacja-fotograficzna-c.d-38.jpg",2048,1365,false],"landscape":["https:\/\/rotary.zamosc.pl\/wp-content\/uploads\/2024\/10\/Jubileusz-30-lecia-RC-Zamosc.-Obiecana-relacja-fotograficzna-c.d-38.jpg",2048,1365,false],"portraits":["https:\/\/rotary.zamosc.pl\/wp-content\/uploads\/2024\/10\/Jubileusz-30-lecia-RC-Zamosc.-Obiecana-relacja-fotograficzna-c.d-38.jpg",2048,1365,false],"thumbnail":["https:\/\/rotary.zamosc.pl\/wp-content\/uploads\/2024\/10\/Jubileusz-30-lecia-RC-Zamosc.-Obiecana-relacja-fotograficzna-c.d-38-150x150.jpg",150,150,true],"medium":["https:\/\/rotary.zamosc.pl\/wp-content\/uploads\/2024\/10\/Jubileusz-30-lecia-RC-Zamosc.-Obiecana-relacja-fotograficzna-c.d-38-300x200.jpg",300,200,true],"large":["https:\/\/rotary.zamosc.pl\/wp-content\/uploads\/2024\/10\/Jubileusz-30-lecia-RC-Zamosc.-Obiecana-relacja-fotograficzna-c.d-38-700x467.jpg",700,467,true],"1536x1536":["https:\/\/rotary.zamosc.pl\/wp-content\/uploads\/2024\/10\/Jubileusz-30-lecia-RC-Zamosc.-Obiecana-relacja-fotograficzna-c.d-38-1536x1024.jpg",1536,1024,true],"2048x2048":["https:\/\/rotary.zamosc.pl\/wp-content\/uploads\/2024\/10\/Jubileusz-30-lecia-RC-Zamosc.-Obiecana-relacja-fotograficzna-c.d-38.jpg",2048,1365,false],"post-thumbnail":["https:\/\/rotary.zamosc.pl\/wp-content\/uploads\/2024\/10\/Jubileusz-30-lecia-RC-Zamosc.-Obiecana-relacja-fotograficzna-c.d-38-800x533.jpg",800,533,true],"graphy-post-thumbnail-large":["https:\/\/rotary.zamosc.pl\/wp-content\/uploads\/2024\/10\/Jubileusz-30-lecia-RC-Zamosc.-Obiecana-relacja-fotograficzna-c.d-38-1080x600.jpg",1080,600,true],"graphy-post-thumbnail-medium":["https:\/\/rotary.zamosc.pl\/wp-content\/uploads\/2024\/10\/Jubileusz-30-lecia-RC-Zamosc.-Obiecana-relacja-fotograficzna-c.d-38-482x300.jpg",482,300,true],"graphy-post-thumbnail-small":["https:\/\/rotary.zamosc.pl\/wp-content\/uploads\/2024\/10\/Jubileusz-30-lecia-RC-Zamosc.-Obiecana-relacja-fotograficzna-c.d-38-80x60.jpg",80,60,true],"graphy-page-thumbnail":["https:\/\/rotary.zamosc.pl\/wp-content\/uploads\/2024\/10\/Jubileusz-30-lecia-RC-Zamosc.-Obiecana-relacja-fotograficzna-c.d-38-1260x350.jpg",1260,350,true],"sow-carousel-default":["https:\/\/rotary.zamosc.pl\/wp-content\/uploads\/2024\/10\/Jubileusz-30-lecia-RC-Zamosc.-Obiecana-relacja-fotograficzna-c.d-38-272x182.jpg",272,182,true]},"rttpg_author":{"display_name":"rotaryzamosc","author_link":"https:\/\/rotary.zamosc.pl\/index.php\/author\/rotaryzamosc\/"},"rttpg_comment":0,"rttpg_category":"<a href=\"https:\/\/rotary.zamosc.pl\/index.php\/category\/2024\/\" rel=\"category tag\">2024<\/a>","rttpg_excerpt":"27 wrze\u015bnia w Hotelu Koronnym w Zamo\u015bciu RC Zamo\u015b\u0107 obchodzi\u0142 30-lecie dzia\u0142alno\u015bci. Nasz klub powsta\u0142 w 1994 roku, obecnie zrzesza 24 cz\u0142onk\u00f3w, kt\u00f3rzy w my\u015bl motta Rotary International &#8222;Service above self&#8221; (s\u0142u\u017cba ponad w\u0142asne interesy) po\u015bwi\u0119caj\u0105 sw\u00f3j wolny czas na bezinteresown\u0105 pomoc r\u00f3\u017cnym spo\u0142eczno\u015bciom, organizacjom i osobom indywidualnym, a tak\u017ce w ostatnich dw\u00f3ch latach, po...","_links":{"self":[{"href":"https:\/\/rotary.zamosc.pl\/index.php\/wp-json\/wp\/v2\/posts\/6406","targetHints":{"allow":["GET"]}}],"collection":[{"href":"https:\/\/rotary.zamosc.pl\/index.php\/wp-json\/wp\/v2\/posts"}],"about":[{"href":"https:\/\/rotary.zamosc.pl\/index.php\/wp-json\/wp\/v2\/types\/post"}],"author":[{"embeddable":true,"href":"https:\/\/rotary.zamosc.pl\/index.php\/wp-json\/wp\/v2\/users\/1"}],"replies":[{"embeddable":true,"href":"https:\/\/rotary.zamosc.pl\/index.php\/wp-json\/wp\/v2\/comments?post=6406"}],"version-history":[{"count":1,"href":"https:\/\/rotary.zamosc.pl\/index.php\/wp-json\/wp\/v2\/posts\/6406\/revisions"}],"predecessor-version":[{"id":6407,"href":"https:\/\/rotary.zamosc.pl\/index.php\/wp-json\/wp\/v2\/posts\/6406\/revisions\/6407"}],"wp:featuredmedia":[{"embeddable":true,"href":"https:\/\/rotary.zamosc.pl\/index.php\/wp-json\/wp\/v2\/media\/4832"}],"wp:attachment":[{"href":"https:\/\/rotary.zamosc.pl\/index.php\/wp-json\/wp\/v2\/media?parent=6406"}],"wp:term":[{"taxonomy":"category","embeddable":true,"href":"https:\/\/rotary.zamosc.pl\/index.php\/wp-json\/wp\/v2\/categories?post=6406"},{"taxonomy":"post_tag","embeddable":true,"href":"https:\/\/rotary.zamosc.pl\/index.php\/wp-json\/wp\/v2\/tags?post=6406"}],"curies":[{"name":"wp","href":"https:\/\/api.w.org\/{rel}","templated":true}]}}