{"id":6410,"date":"2024-09-18T10:20:00","date_gmt":"2024-09-18T08:20:00","guid":{"rendered":"https:\/\/rotary.zamosc.pl\/?p=6410"},"modified":"2026-03-16T10:22:45","modified_gmt":"2026-03-16T09:22:45","slug":"wieczor-poetycki-w-i-lo-w-zamosciu","status":"publish","type":"post","link":"https:\/\/rotary.zamosc.pl\/index.php\/2024\/09\/18\/wieczor-poetycki-w-i-lo-w-zamosciu\/","title":{"rendered":"Wiecz\u00f3r poetycki w I LO w Zamo\u015bciu"},"content":{"rendered":"\n<p class=\"wp-block-paragraph\">Na pocz\u0105tku wakacji informowali\u015bmy o wsparciu przez RC Zamo\u015b\u0107 Samorz\u0105du Uczniowskiego I Liceum Og\u00f3lnokszta\u0142c\u0105cego w Zamo\u015bciu w wydaniu tomiku poezji &#8222;NIE spe\u0142nieni&#8221;.<\/p>\n\n\n\n<p class=\"wp-block-paragraph\">13 wrze\u015bnia, na dziedzi\u0144cu Akademii Zamojskiej odby\u0142a si\u0119 impreza promuj\u0105ca tomik z tw\u00f3rczo\u015bci\u0105 uczni\u00f3w I LO &#8222;NIE spe\u0142nieni&#8221;, w kt\u00f3rej uczestniczyli\u015bmy.<\/p>\n\n\n\n<p class=\"wp-block-paragraph\">By\u0142a prezentacja wierszy oraz koncert Zamo\u015bcianina, cz\u0142onka zespo\u0142u Vox Dariusza Tokarzewskiego.<\/p>\n\n\n\n<p class=\"wp-block-paragraph\">Gratulujemy m\u0142odzie\u017cy i \u017cyczymy dalszych tak wspania\u0142ych inicjatyw.<\/p>\n\n\n\n<figure class=\"wp-block-gallery has-nested-images columns-1 is-cropped wp-block-gallery-1 is-layout-flex wp-block-gallery-is-layout-flex\">\n<figure class=\"wp-block-image size-large\"><img fetchpriority=\"high\" decoding=\"async\" width=\"700\" height=\"933\" data-id=\"4747\" src=\"https:\/\/rotary.zamosc.pl\/wp-content\/uploads\/2024\/10\/Wieczor-poetycki-4-700x933.jpg\" alt=\"\" class=\"wp-image-4747\" srcset=\"https:\/\/rotary.zamosc.pl\/wp-content\/uploads\/2024\/10\/Wieczor-poetycki-4-700x933.jpg 700w, https:\/\/rotary.zamosc.pl\/wp-content\/uploads\/2024\/10\/Wieczor-poetycki-4-225x300.jpg 225w, https:\/\/rotary.zamosc.pl\/wp-content\/uploads\/2024\/10\/Wieczor-poetycki-4-768x1024.jpg 768w, https:\/\/rotary.zamosc.pl\/wp-content\/uploads\/2024\/10\/Wieczor-poetycki-4-1152x1536.jpg 1152w, https:\/\/rotary.zamosc.pl\/wp-content\/uploads\/2024\/10\/Wieczor-poetycki-4-800x1067.jpg 800w, https:\/\/rotary.zamosc.pl\/wp-content\/uploads\/2024\/10\/Wieczor-poetycki-4.jpg 1536w\" sizes=\"(max-width: 700px) 100vw, 700px\" \/><\/figure>\n\n\n\n<figure class=\"wp-block-image size-large\"><img decoding=\"async\" width=\"700\" height=\"933\" data-id=\"4745\" src=\"https:\/\/rotary.zamosc.pl\/wp-content\/uploads\/2024\/10\/Wieczor-poetycki-2-700x933.jpg\" alt=\"\" class=\"wp-image-4745\" srcset=\"https:\/\/rotary.zamosc.pl\/wp-content\/uploads\/2024\/10\/Wieczor-poetycki-2-700x933.jpg 700w, https:\/\/rotary.zamosc.pl\/wp-content\/uploads\/2024\/10\/Wieczor-poetycki-2-225x300.jpg 225w, https:\/\/rotary.zamosc.pl\/wp-content\/uploads\/2024\/10\/Wieczor-poetycki-2-768x1024.jpg 768w, https:\/\/rotary.zamosc.pl\/wp-content\/uploads\/2024\/10\/Wieczor-poetycki-2-1152x1536.jpg 1152w, https:\/\/rotary.zamosc.pl\/wp-content\/uploads\/2024\/10\/Wieczor-poetycki-2-800x1067.jpg 800w, https:\/\/rotary.zamosc.pl\/wp-content\/uploads\/2024\/10\/Wieczor-poetycki-2.jpg 1536w\" sizes=\"(max-width: 700px) 100vw, 700px\" \/><\/figure>\n\n\n\n<figure class=\"wp-block-image size-large\"><img decoding=\"async\" width=\"700\" height=\"998\" data-id=\"4744\" src=\"https:\/\/rotary.zamosc.pl\/wp-content\/uploads\/2024\/10\/Wieczor-poetycki-1-700x998.jpg\" alt=\"\" class=\"wp-image-4744\" srcset=\"https:\/\/rotary.zamosc.pl\/wp-content\/uploads\/2024\/10\/Wieczor-poetycki-1-700x998.jpg 700w, https:\/\/rotary.zamosc.pl\/wp-content\/uploads\/2024\/10\/Wieczor-poetycki-1-210x300.jpg 210w, https:\/\/rotary.zamosc.pl\/wp-content\/uploads\/2024\/10\/Wieczor-poetycki-1-768x1095.jpg 768w, https:\/\/rotary.zamosc.pl\/wp-content\/uploads\/2024\/10\/Wieczor-poetycki-1-1078x1536.jpg 1078w, https:\/\/rotary.zamosc.pl\/wp-content\/uploads\/2024\/10\/Wieczor-poetycki-1-800x1140.jpg 800w, https:\/\/rotary.zamosc.pl\/wp-content\/uploads\/2024\/10\/Wieczor-poetycki-1.jpg 1437w\" sizes=\"(max-width: 700px) 100vw, 700px\" \/><\/figure>\n<\/figure>\n","protected":false},"excerpt":{"rendered":"<p>Na pocz\u0105tku wakacji informowali\u015bmy o wsparciu przez RC Zamo\u015b\u0107 Samorz\u0105du Uczniowskiego I Liceum Og\u00f3lnokszta\u0142c\u0105cego w Zamo\u015bciu w wydaniu tomiku poezji &#8222;NIE spe\u0142nieni&#8221;. 13 wrze\u015bnia, na dziedzi\u0144cu Akademii Zamojskiej odby\u0142a si\u0119 impreza promuj\u0105ca tomik z tw\u00f3rczo\u015bci\u0105 uczni\u00f3w I LO &#8222;NIE spe\u0142nieni&#8221;, w kt\u00f3rej uczestniczyli\u015bmy. By\u0142a prezentacja wierszy oraz koncert Zamo\u015bcianina, cz\u0142onka zespo\u0142u Vox Dariusza Tokarzewskiego. Gratulujemy&#8230;<\/p>\n","protected":false},"author":1,"featured_media":4746,"comment_status":"open","ping_status":"open","sticky":false,"template":"","format":"standard","meta":{"footnotes":""},"categories":[10],"tags":[],"class_list":["post-6410","post","type-post","status-publish","format-standard","has-post-thumbnail","hentry","category-10"],"rttpg_featured_image_url":{"full":["https:\/\/rotary.zamosc.pl\/wp-content\/uploads\/2024\/10\/Wieczor-poetycki-3.jpg",1600,901,false],"landscape":["https:\/\/rotary.zamosc.pl\/wp-content\/uploads\/2024\/10\/Wieczor-poetycki-3.jpg",1600,901,false],"portraits":["https:\/\/rotary.zamosc.pl\/wp-content\/uploads\/2024\/10\/Wieczor-poetycki-3.jpg",1600,901,false],"thumbnail":["https:\/\/rotary.zamosc.pl\/wp-content\/uploads\/2024\/10\/Wieczor-poetycki-3-150x150.jpg",150,150,true],"medium":["https:\/\/rotary.zamosc.pl\/wp-content\/uploads\/2024\/10\/Wieczor-poetycki-3-300x169.jpg",300,169,true],"large":["https:\/\/rotary.zamosc.pl\/wp-content\/uploads\/2024\/10\/Wieczor-poetycki-3-700x394.jpg",700,394,true],"1536x1536":["https:\/\/rotary.zamosc.pl\/wp-content\/uploads\/2024\/10\/Wieczor-poetycki-3-1536x865.jpg",1536,865,true],"2048x2048":["https:\/\/rotary.zamosc.pl\/wp-content\/uploads\/2024\/10\/Wieczor-poetycki-3.jpg",1600,901,false],"post-thumbnail":["https:\/\/rotary.zamosc.pl\/wp-content\/uploads\/2024\/10\/Wieczor-poetycki-3-800x451.jpg",800,451,true],"graphy-post-thumbnail-large":["https:\/\/rotary.zamosc.pl\/wp-content\/uploads\/2024\/10\/Wieczor-poetycki-3-1080x600.jpg",1080,600,true],"graphy-post-thumbnail-medium":["https:\/\/rotary.zamosc.pl\/wp-content\/uploads\/2024\/10\/Wieczor-poetycki-3-482x300.jpg",482,300,true],"graphy-post-thumbnail-small":["https:\/\/rotary.zamosc.pl\/wp-content\/uploads\/2024\/10\/Wieczor-poetycki-3-80x60.jpg",80,60,true],"graphy-page-thumbnail":["https:\/\/rotary.zamosc.pl\/wp-content\/uploads\/2024\/10\/Wieczor-poetycki-3-1260x350.jpg",1260,350,true],"sow-carousel-default":["https:\/\/rotary.zamosc.pl\/wp-content\/uploads\/2024\/10\/Wieczor-poetycki-3-272x182.jpg",272,182,true]},"rttpg_author":{"display_name":"rotaryzamosc","author_link":"https:\/\/rotary.zamosc.pl\/index.php\/author\/rotaryzamosc\/"},"rttpg_comment":0,"rttpg_category":"<a href=\"https:\/\/rotary.zamosc.pl\/index.php\/category\/2024\/\" rel=\"category tag\">2024<\/a>","rttpg_excerpt":"Na pocz\u0105tku wakacji informowali\u015bmy o wsparciu przez RC Zamo\u015b\u0107 Samorz\u0105du Uczniowskiego I Liceum Og\u00f3lnokszta\u0142c\u0105cego w Zamo\u015bciu w wydaniu tomiku poezji &#8222;NIE spe\u0142nieni&#8221;. 13 wrze\u015bnia, na dziedzi\u0144cu Akademii Zamojskiej odby\u0142a si\u0119 impreza promuj\u0105ca tomik z tw\u00f3rczo\u015bci\u0105 uczni\u00f3w I LO &#8222;NIE spe\u0142nieni&#8221;, w kt\u00f3rej uczestniczyli\u015bmy. By\u0142a prezentacja wierszy oraz koncert Zamo\u015bcianina, cz\u0142onka zespo\u0142u Vox Dariusza Tokarzewskiego. Gratulujemy...","_links":{"self":[{"href":"https:\/\/rotary.zamosc.pl\/index.php\/wp-json\/wp\/v2\/posts\/6410","targetHints":{"allow":["GET"]}}],"collection":[{"href":"https:\/\/rotary.zamosc.pl\/index.php\/wp-json\/wp\/v2\/posts"}],"about":[{"href":"https:\/\/rotary.zamosc.pl\/index.php\/wp-json\/wp\/v2\/types\/post"}],"author":[{"embeddable":true,"href":"https:\/\/rotary.zamosc.pl\/index.php\/wp-json\/wp\/v2\/users\/1"}],"replies":[{"embeddable":true,"href":"https:\/\/rotary.zamosc.pl\/index.php\/wp-json\/wp\/v2\/comments?post=6410"}],"version-history":[{"count":1,"href":"https:\/\/rotary.zamosc.pl\/index.php\/wp-json\/wp\/v2\/posts\/6410\/revisions"}],"predecessor-version":[{"id":6411,"href":"https:\/\/rotary.zamosc.pl\/index.php\/wp-json\/wp\/v2\/posts\/6410\/revisions\/6411"}],"wp:featuredmedia":[{"embeddable":true,"href":"https:\/\/rotary.zamosc.pl\/index.php\/wp-json\/wp\/v2\/media\/4746"}],"wp:attachment":[{"href":"https:\/\/rotary.zamosc.pl\/index.php\/wp-json\/wp\/v2\/media?parent=6410"}],"wp:term":[{"taxonomy":"category","embeddable":true,"href":"https:\/\/rotary.zamosc.pl\/index.php\/wp-json\/wp\/v2\/categories?post=6410"},{"taxonomy":"post_tag","embeddable":true,"href":"https:\/\/rotary.zamosc.pl\/index.php\/wp-json\/wp\/v2\/tags?post=6410"}],"curies":[{"name":"wp","href":"https:\/\/api.w.org\/{rel}","templated":true}]}}