{"id":6416,"date":"2024-07-01T10:27:00","date_gmt":"2024-07-01T08:27:00","guid":{"rendered":"https:\/\/rotary.zamosc.pl\/?p=6416"},"modified":"2026-03-16T10:28:32","modified_gmt":"2026-03-16T09:28:32","slug":"rc-zamosc-wsparl-samorzad-uczniowski-i-lo-w-zamosciu","status":"publish","type":"post","link":"https:\/\/rotary.zamosc.pl\/index.php\/2024\/07\/01\/rc-zamosc-wsparl-samorzad-uczniowski-i-lo-w-zamosciu\/","title":{"rendered":"RC Zamo\u015b\u0107 wspar\u0142 Samorz\u0105d Uczniowski I LO w Zamo\u015bciu"},"content":{"rendered":"\n<p class=\"wp-block-paragraph\">Niedawno na zebraniu roboczym RC Zamo\u015b\u0107 go\u015bcili\u015bmy przedstawicieli Samorz\u0105du Uczniowskiwgo z I LO w sk\u0142adzie: Mi\u0142osz Kucharski, Mi\u0142osz Stadnik, Wojciech Wilczy\u0144ski, kt\u00f3rzy zapoznali nas z tw\u00f3rczo\u015bci\u0105 poetyck\u0105 swoich koleg\u00f3w i zwr\u00f3cili si\u0119 o wsparcie wydania tomiku poezji. Promocja tego tomiku odb\u0119dzie si\u0119 na pocz\u0105tku roku szkolnego i b\u0119dzie po\u0142\u0105czona z koncertem na dziedzi\u0144cu Akademii Zamojskiej.<\/p>\n\n\n\n<p class=\"wp-block-paragraph\">Nasz klub zdecydowa\u0142, \u017ce wesprze\u0107 przedsi\u0119wzi\u0119cie kwot\u0105 1500 z\u0142otych.<\/p>\n","protected":false},"excerpt":{"rendered":"<p>Niedawno na zebraniu roboczym RC Zamo\u015b\u0107 go\u015bcili\u015bmy przedstawicieli Samorz\u0105du Uczniowskiwgo z I LO w sk\u0142adzie: Mi\u0142osz Kucharski, Mi\u0142osz Stadnik, Wojciech Wilczy\u0144ski, kt\u00f3rzy zapoznali nas z tw\u00f3rczo\u015bci\u0105 poetyck\u0105 swoich koleg\u00f3w i zwr\u00f3cili si\u0119 o wsparcie wydania tomiku poezji. Promocja tego tomiku odb\u0119dzie si\u0119 na pocz\u0105tku roku szkolnego i b\u0119dzie po\u0142\u0105czona z koncertem na dziedzi\u0144cu Akademii Zamojskiej&#8230;.<\/p>\n","protected":false},"author":1,"featured_media":6119,"comment_status":"open","ping_status":"open","sticky":false,"template":"","format":"standard","meta":{"footnotes":""},"categories":[10],"tags":[],"class_list":["post-6416","post","type-post","status-publish","format-standard","has-post-thumbnail","hentry","category-10"],"rttpg_featured_image_url":{"full":["https:\/\/rotary.zamosc.pl\/wp-content\/uploads\/2025\/12\/rotary-logos.png",900,442,false],"landscape":["https:\/\/rotary.zamosc.pl\/wp-content\/uploads\/2025\/12\/rotary-logos.png",900,442,false],"portraits":["https:\/\/rotary.zamosc.pl\/wp-content\/uploads\/2025\/12\/rotary-logos.png",900,442,false],"thumbnail":["https:\/\/rotary.zamosc.pl\/wp-content\/uploads\/2025\/12\/rotary-logos-150x150.png",150,150,true],"medium":["https:\/\/rotary.zamosc.pl\/wp-content\/uploads\/2025\/12\/rotary-logos-300x147.png",300,147,true],"large":["https:\/\/rotary.zamosc.pl\/wp-content\/uploads\/2025\/12\/rotary-logos-700x344.png",700,344,true],"1536x1536":["https:\/\/rotary.zamosc.pl\/wp-content\/uploads\/2025\/12\/rotary-logos.png",900,442,false],"2048x2048":["https:\/\/rotary.zamosc.pl\/wp-content\/uploads\/2025\/12\/rotary-logos.png",900,442,false],"post-thumbnail":["https:\/\/rotary.zamosc.pl\/wp-content\/uploads\/2025\/12\/rotary-logos-800x393.png",800,393,true],"graphy-post-thumbnail-large":["https:\/\/rotary.zamosc.pl\/wp-content\/uploads\/2025\/12\/rotary-logos.png",900,442,false],"graphy-post-thumbnail-medium":["https:\/\/rotary.zamosc.pl\/wp-content\/uploads\/2025\/12\/rotary-logos-482x300.png",482,300,true],"graphy-post-thumbnail-small":["https:\/\/rotary.zamosc.pl\/wp-content\/uploads\/2025\/12\/rotary-logos-80x60.png",80,60,true],"graphy-page-thumbnail":["https:\/\/rotary.zamosc.pl\/wp-content\/uploads\/2025\/12\/rotary-logos-900x350.png",900,350,true],"sow-carousel-default":["https:\/\/rotary.zamosc.pl\/wp-content\/uploads\/2025\/12\/rotary-logos-272x182.png",272,182,true]},"rttpg_author":{"display_name":"rotaryzamosc","author_link":"https:\/\/rotary.zamosc.pl\/index.php\/author\/rotaryzamosc\/"},"rttpg_comment":0,"rttpg_category":"<a href=\"https:\/\/rotary.zamosc.pl\/index.php\/category\/2024\/\" rel=\"category tag\">2024<\/a>","rttpg_excerpt":"Niedawno na zebraniu roboczym RC Zamo\u015b\u0107 go\u015bcili\u015bmy przedstawicieli Samorz\u0105du Uczniowskiwgo z I LO w sk\u0142adzie: Mi\u0142osz Kucharski, Mi\u0142osz Stadnik, Wojciech Wilczy\u0144ski, kt\u00f3rzy zapoznali nas z tw\u00f3rczo\u015bci\u0105 poetyck\u0105 swoich koleg\u00f3w i zwr\u00f3cili si\u0119 o wsparcie wydania tomiku poezji. Promocja tego tomiku odb\u0119dzie si\u0119 na pocz\u0105tku roku szkolnego i b\u0119dzie po\u0142\u0105czona z koncertem na dziedzi\u0144cu Akademii Zamojskiej....","_links":{"self":[{"href":"https:\/\/rotary.zamosc.pl\/index.php\/wp-json\/wp\/v2\/posts\/6416","targetHints":{"allow":["GET"]}}],"collection":[{"href":"https:\/\/rotary.zamosc.pl\/index.php\/wp-json\/wp\/v2\/posts"}],"about":[{"href":"https:\/\/rotary.zamosc.pl\/index.php\/wp-json\/wp\/v2\/types\/post"}],"author":[{"embeddable":true,"href":"https:\/\/rotary.zamosc.pl\/index.php\/wp-json\/wp\/v2\/users\/1"}],"replies":[{"embeddable":true,"href":"https:\/\/rotary.zamosc.pl\/index.php\/wp-json\/wp\/v2\/comments?post=6416"}],"version-history":[{"count":1,"href":"https:\/\/rotary.zamosc.pl\/index.php\/wp-json\/wp\/v2\/posts\/6416\/revisions"}],"predecessor-version":[{"id":6417,"href":"https:\/\/rotary.zamosc.pl\/index.php\/wp-json\/wp\/v2\/posts\/6416\/revisions\/6417"}],"wp:featuredmedia":[{"embeddable":true,"href":"https:\/\/rotary.zamosc.pl\/index.php\/wp-json\/wp\/v2\/media\/6119"}],"wp:attachment":[{"href":"https:\/\/rotary.zamosc.pl\/index.php\/wp-json\/wp\/v2\/media?parent=6416"}],"wp:term":[{"taxonomy":"category","embeddable":true,"href":"https:\/\/rotary.zamosc.pl\/index.php\/wp-json\/wp\/v2\/categories?post=6416"},{"taxonomy":"post_tag","embeddable":true,"href":"https:\/\/rotary.zamosc.pl\/index.php\/wp-json\/wp\/v2\/tags?post=6416"}],"curies":[{"name":"wp","href":"https:\/\/api.w.org\/{rel}","templated":true}]}}