{"id":6418,"date":"2024-07-01T10:28:00","date_gmt":"2024-07-01T08:28:00","guid":{"rendered":"https:\/\/rotary.zamosc.pl\/?p=6418"},"modified":"2026-03-16T10:37:27","modified_gmt":"2026-03-16T09:37:27","slug":"nagroda-im-jana-bulewicza-przyznana","status":"publish","type":"post","link":"https:\/\/rotary.zamosc.pl\/index.php\/2024\/07\/01\/nagroda-im-jana-bulewicza-przyznana\/","title":{"rendered":"Nagroda im. Jana Bulewicza przyznana"},"content":{"rendered":"\n<p class=\"wp-block-paragraph\">RC Zamo\u015b\u0107 po raz kolejny ufundowa\u0142 nagrod\u0119 im. Jana Bulewicza, zamojskiego rze\u017abiarza i kamieniarza.<\/p>\n\n\n\n<p class=\"wp-block-paragraph\">Uroczysto\u015b\u0107 odby\u0142a si\u0119 w Pa\u0144stwowym Liceum Sztuk Plastycznych w Zamo\u015bciu.<\/p>\n\n\n\n<p class=\"wp-block-paragraph\">Nagrod\u0119 w wysoko\u015bci 1500 z\u0142otych otrzyma\u0142a Sylwia Siewie\u0144 wybitnie utalentowana uczennica klasy IV w dziedzinie rze\u017aby, a wr\u0119czy\u0142 j\u0105 Past Prezydent RC Zamo\u015b\u0107 Zbigniew Gumuli\u0144ski.<\/p>\n\n\n\n<figure class=\"wp-block-gallery has-nested-images columns-1 is-cropped wp-block-gallery-1 is-layout-flex wp-block-gallery-is-layout-flex\">\n<figure class=\"wp-block-image size-large\"><img fetchpriority=\"high\" decoding=\"async\" width=\"700\" height=\"525\" data-id=\"4662\" src=\"https:\/\/rotary.zamosc.pl\/wp-content\/uploads\/2024\/07\/Nagroda-im.-Jana-Bulewicza-przyznana-3-700x525.jpg\" alt=\"\" class=\"wp-image-4662\" srcset=\"https:\/\/rotary.zamosc.pl\/wp-content\/uploads\/2024\/07\/Nagroda-im.-Jana-Bulewicza-przyznana-3-700x525.jpg 700w, https:\/\/rotary.zamosc.pl\/wp-content\/uploads\/2024\/07\/Nagroda-im.-Jana-Bulewicza-przyznana-3-300x225.jpg 300w, https:\/\/rotary.zamosc.pl\/wp-content\/uploads\/2024\/07\/Nagroda-im.-Jana-Bulewicza-przyznana-3-768x576.jpg 768w, https:\/\/rotary.zamosc.pl\/wp-content\/uploads\/2024\/07\/Nagroda-im.-Jana-Bulewicza-przyznana-3-1536x1152.jpg 1536w, https:\/\/rotary.zamosc.pl\/wp-content\/uploads\/2024\/07\/Nagroda-im.-Jana-Bulewicza-przyznana-3-800x600.jpg 800w, https:\/\/rotary.zamosc.pl\/wp-content\/uploads\/2024\/07\/Nagroda-im.-Jana-Bulewicza-przyznana-3-80x60.jpg 80w, https:\/\/rotary.zamosc.pl\/wp-content\/uploads\/2024\/07\/Nagroda-im.-Jana-Bulewicza-przyznana-3.jpg 2048w\" sizes=\"(max-width: 700px) 100vw, 700px\" \/><\/figure>\n\n\n\n<figure class=\"wp-block-image size-large\"><img decoding=\"async\" width=\"700\" height=\"525\" data-id=\"4660\" src=\"https:\/\/rotary.zamosc.pl\/wp-content\/uploads\/2024\/07\/Nagroda-im.-Jana-Bulewicza-przyznana-1-700x525.jpg\" alt=\"\" class=\"wp-image-4660\" srcset=\"https:\/\/rotary.zamosc.pl\/wp-content\/uploads\/2024\/07\/Nagroda-im.-Jana-Bulewicza-przyznana-1-700x525.jpg 700w, https:\/\/rotary.zamosc.pl\/wp-content\/uploads\/2024\/07\/Nagroda-im.-Jana-Bulewicza-przyznana-1-300x225.jpg 300w, https:\/\/rotary.zamosc.pl\/wp-content\/uploads\/2024\/07\/Nagroda-im.-Jana-Bulewicza-przyznana-1-768x576.jpg 768w, https:\/\/rotary.zamosc.pl\/wp-content\/uploads\/2024\/07\/Nagroda-im.-Jana-Bulewicza-przyznana-1-1536x1152.jpg 1536w, https:\/\/rotary.zamosc.pl\/wp-content\/uploads\/2024\/07\/Nagroda-im.-Jana-Bulewicza-przyznana-1-800x600.jpg 800w, https:\/\/rotary.zamosc.pl\/wp-content\/uploads\/2024\/07\/Nagroda-im.-Jana-Bulewicza-przyznana-1-80x60.jpg 80w, https:\/\/rotary.zamosc.pl\/wp-content\/uploads\/2024\/07\/Nagroda-im.-Jana-Bulewicza-przyznana-1.jpg 2048w\" sizes=\"(max-width: 700px) 100vw, 700px\" \/><\/figure>\n\n\n\n<figure class=\"wp-block-image size-large\"><img decoding=\"async\" width=\"700\" height=\"525\" data-id=\"3679\" src=\"https:\/\/rotary.zamosc.pl\/wp-content\/uploads\/2023\/06\/Nagroda-im.-Jana-Bulewicza-przyznana-4-700x525.jpg\" alt=\"\" class=\"wp-image-3679\" srcset=\"https:\/\/rotary.zamosc.pl\/wp-content\/uploads\/2023\/06\/Nagroda-im.-Jana-Bulewicza-przyznana-4-700x525.jpg 700w, https:\/\/rotary.zamosc.pl\/wp-content\/uploads\/2023\/06\/Nagroda-im.-Jana-Bulewicza-przyznana-4-300x225.jpg 300w, https:\/\/rotary.zamosc.pl\/wp-content\/uploads\/2023\/06\/Nagroda-im.-Jana-Bulewicza-przyznana-4-768x576.jpg 768w, https:\/\/rotary.zamosc.pl\/wp-content\/uploads\/2023\/06\/Nagroda-im.-Jana-Bulewicza-przyznana-4-1536x1152.jpg 1536w, https:\/\/rotary.zamosc.pl\/wp-content\/uploads\/2023\/06\/Nagroda-im.-Jana-Bulewicza-przyznana-4-800x600.jpg 800w, https:\/\/rotary.zamosc.pl\/wp-content\/uploads\/2023\/06\/Nagroda-im.-Jana-Bulewicza-przyznana-4-80x60.jpg 80w, https:\/\/rotary.zamosc.pl\/wp-content\/uploads\/2023\/06\/Nagroda-im.-Jana-Bulewicza-przyznana-4.jpg 1600w\" sizes=\"(max-width: 700px) 100vw, 700px\" \/><\/figure>\n\n\n\n<figure class=\"wp-block-image size-large\"><img loading=\"lazy\" decoding=\"async\" width=\"700\" height=\"525\" data-id=\"3678\" src=\"https:\/\/rotary.zamosc.pl\/wp-content\/uploads\/2023\/06\/Nagroda-im.-Jana-Bulewicza-przyznana-3-700x525.jpg\" alt=\"\" class=\"wp-image-3678\" srcset=\"https:\/\/rotary.zamosc.pl\/wp-content\/uploads\/2023\/06\/Nagroda-im.-Jana-Bulewicza-przyznana-3-700x525.jpg 700w, https:\/\/rotary.zamosc.pl\/wp-content\/uploads\/2023\/06\/Nagroda-im.-Jana-Bulewicza-przyznana-3-300x225.jpg 300w, https:\/\/rotary.zamosc.pl\/wp-content\/uploads\/2023\/06\/Nagroda-im.-Jana-Bulewicza-przyznana-3-768x576.jpg 768w, https:\/\/rotary.zamosc.pl\/wp-content\/uploads\/2023\/06\/Nagroda-im.-Jana-Bulewicza-przyznana-3-1536x1152.jpg 1536w, https:\/\/rotary.zamosc.pl\/wp-content\/uploads\/2023\/06\/Nagroda-im.-Jana-Bulewicza-przyznana-3-800x600.jpg 800w, https:\/\/rotary.zamosc.pl\/wp-content\/uploads\/2023\/06\/Nagroda-im.-Jana-Bulewicza-przyznana-3-80x60.jpg 80w, https:\/\/rotary.zamosc.pl\/wp-content\/uploads\/2023\/06\/Nagroda-im.-Jana-Bulewicza-przyznana-3.jpg 1600w\" sizes=\"(max-width: 700px) 100vw, 700px\" \/><\/figure>\n\n\n\n<figure class=\"wp-block-image size-large\"><img loading=\"lazy\" decoding=\"async\" width=\"700\" height=\"525\" data-id=\"3677\" src=\"https:\/\/rotary.zamosc.pl\/wp-content\/uploads\/2023\/06\/Nagroda-im.-Jana-Bulewicza-przyznana-2-700x525.jpg\" alt=\"\" class=\"wp-image-3677\" srcset=\"https:\/\/rotary.zamosc.pl\/wp-content\/uploads\/2023\/06\/Nagroda-im.-Jana-Bulewicza-przyznana-2-700x525.jpg 700w, https:\/\/rotary.zamosc.pl\/wp-content\/uploads\/2023\/06\/Nagroda-im.-Jana-Bulewicza-przyznana-2-300x225.jpg 300w, https:\/\/rotary.zamosc.pl\/wp-content\/uploads\/2023\/06\/Nagroda-im.-Jana-Bulewicza-przyznana-2-768x576.jpg 768w, https:\/\/rotary.zamosc.pl\/wp-content\/uploads\/2023\/06\/Nagroda-im.-Jana-Bulewicza-przyznana-2-1536x1152.jpg 1536w, https:\/\/rotary.zamosc.pl\/wp-content\/uploads\/2023\/06\/Nagroda-im.-Jana-Bulewicza-przyznana-2-800x600.jpg 800w, https:\/\/rotary.zamosc.pl\/wp-content\/uploads\/2023\/06\/Nagroda-im.-Jana-Bulewicza-przyznana-2-80x60.jpg 80w, https:\/\/rotary.zamosc.pl\/wp-content\/uploads\/2023\/06\/Nagroda-im.-Jana-Bulewicza-przyznana-2.jpg 1600w\" sizes=\"(max-width: 700px) 100vw, 700px\" \/><\/figure>\n\n\n\n<figure class=\"wp-block-image size-large\"><img loading=\"lazy\" decoding=\"async\" width=\"700\" height=\"525\" data-id=\"3676\" src=\"https:\/\/rotary.zamosc.pl\/wp-content\/uploads\/2023\/06\/Nagroda-im.-Jana-Bulewicza-przyznana-1-700x525.jpg\" alt=\"\" class=\"wp-image-3676\" srcset=\"https:\/\/rotary.zamosc.pl\/wp-content\/uploads\/2023\/06\/Nagroda-im.-Jana-Bulewicza-przyznana-1-700x525.jpg 700w, https:\/\/rotary.zamosc.pl\/wp-content\/uploads\/2023\/06\/Nagroda-im.-Jana-Bulewicza-przyznana-1-300x225.jpg 300w, https:\/\/rotary.zamosc.pl\/wp-content\/uploads\/2023\/06\/Nagroda-im.-Jana-Bulewicza-przyznana-1-768x576.jpg 768w, https:\/\/rotary.zamosc.pl\/wp-content\/uploads\/2023\/06\/Nagroda-im.-Jana-Bulewicza-przyznana-1-1536x1152.jpg 1536w, https:\/\/rotary.zamosc.pl\/wp-content\/uploads\/2023\/06\/Nagroda-im.-Jana-Bulewicza-przyznana-1-800x600.jpg 800w, https:\/\/rotary.zamosc.pl\/wp-content\/uploads\/2023\/06\/Nagroda-im.-Jana-Bulewicza-przyznana-1-80x60.jpg 80w, https:\/\/rotary.zamosc.pl\/wp-content\/uploads\/2023\/06\/Nagroda-im.-Jana-Bulewicza-przyznana-1.jpg 1600w\" sizes=\"(max-width: 700px) 100vw, 700px\" \/><\/figure>\n<\/figure>\n\n\n\n<p class=\"wp-block-paragraph\"><\/p>\n","protected":false},"excerpt":{"rendered":"<p>RC Zamo\u015b\u0107 po raz kolejny ufundowa\u0142 nagrod\u0119 im. Jana Bulewicza, zamojskiego rze\u017abiarza i kamieniarza. Uroczysto\u015b\u0107 odby\u0142a si\u0119 w Pa\u0144stwowym Liceum Sztuk Plastycznych w Zamo\u015bciu. Nagrod\u0119 w wysoko\u015bci 1500 z\u0142otych otrzyma\u0142a Sylwia Siewie\u0144 wybitnie utalentowana uczennica klasy IV w dziedzinie rze\u017aby, a wr\u0119czy\u0142 j\u0105 Past Prezydent RC Zamo\u015b\u0107 Zbigniew Gumuli\u0144ski.<\/p>\n","protected":false},"author":1,"featured_media":4661,"comment_status":"open","ping_status":"open","sticky":false,"template":"","format":"standard","meta":{"footnotes":""},"categories":[10],"tags":[],"class_list":["post-6418","post","type-post","status-publish","format-standard","has-post-thumbnail","hentry","category-10"],"rttpg_featured_image_url":{"full":["https:\/\/rotary.zamosc.pl\/wp-content\/uploads\/2024\/07\/Nagroda-im.-Jana-Bulewicza-przyznana-2.jpg",1536,2048,false],"landscape":["https:\/\/rotary.zamosc.pl\/wp-content\/uploads\/2024\/07\/Nagroda-im.-Jana-Bulewicza-przyznana-2.jpg",1536,2048,false],"portraits":["https:\/\/rotary.zamosc.pl\/wp-content\/uploads\/2024\/07\/Nagroda-im.-Jana-Bulewicza-przyznana-2.jpg",1536,2048,false],"thumbnail":["https:\/\/rotary.zamosc.pl\/wp-content\/uploads\/2024\/07\/Nagroda-im.-Jana-Bulewicza-przyznana-2-150x150.jpg",150,150,true],"medium":["https:\/\/rotary.zamosc.pl\/wp-content\/uploads\/2024\/07\/Nagroda-im.-Jana-Bulewicza-przyznana-2-225x300.jpg",225,300,true],"large":["https:\/\/rotary.zamosc.pl\/wp-content\/uploads\/2024\/07\/Nagroda-im.-Jana-Bulewicza-przyznana-2-700x933.jpg",700,933,true],"1536x1536":["https:\/\/rotary.zamosc.pl\/wp-content\/uploads\/2024\/07\/Nagroda-im.-Jana-Bulewicza-przyznana-2-1152x1536.jpg",1152,1536,true],"2048x2048":["https:\/\/rotary.zamosc.pl\/wp-content\/uploads\/2024\/07\/Nagroda-im.-Jana-Bulewicza-przyznana-2.jpg",1536,2048,false],"post-thumbnail":["https:\/\/rotary.zamosc.pl\/wp-content\/uploads\/2024\/07\/Nagroda-im.-Jana-Bulewicza-przyznana-2-800x1067.jpg",800,1067,true],"graphy-post-thumbnail-large":["https:\/\/rotary.zamosc.pl\/wp-content\/uploads\/2024\/07\/Nagroda-im.-Jana-Bulewicza-przyznana-2-1080x600.jpg",1080,600,true],"graphy-post-thumbnail-medium":["https:\/\/rotary.zamosc.pl\/wp-content\/uploads\/2024\/07\/Nagroda-im.-Jana-Bulewicza-przyznana-2-482x300.jpg",482,300,true],"graphy-post-thumbnail-small":["https:\/\/rotary.zamosc.pl\/wp-content\/uploads\/2024\/07\/Nagroda-im.-Jana-Bulewicza-przyznana-2-80x60.jpg",80,60,true],"graphy-page-thumbnail":["https:\/\/rotary.zamosc.pl\/wp-content\/uploads\/2024\/07\/Nagroda-im.-Jana-Bulewicza-przyznana-2-1260x350.jpg",1260,350,true],"sow-carousel-default":["https:\/\/rotary.zamosc.pl\/wp-content\/uploads\/2024\/07\/Nagroda-im.-Jana-Bulewicza-przyznana-2-272x182.jpg",272,182,true]},"rttpg_author":{"display_name":"rotaryzamosc","author_link":"https:\/\/rotary.zamosc.pl\/index.php\/author\/rotaryzamosc\/"},"rttpg_comment":0,"rttpg_category":"<a href=\"https:\/\/rotary.zamosc.pl\/index.php\/category\/2024\/\" rel=\"category tag\">2024<\/a>","rttpg_excerpt":"RC Zamo\u015b\u0107 po raz kolejny ufundowa\u0142 nagrod\u0119 im. Jana Bulewicza, zamojskiego rze\u017abiarza i kamieniarza. Uroczysto\u015b\u0107 odby\u0142a si\u0119 w Pa\u0144stwowym Liceum Sztuk Plastycznych w Zamo\u015bciu. Nagrod\u0119 w wysoko\u015bci 1500 z\u0142otych otrzyma\u0142a Sylwia Siewie\u0144 wybitnie utalentowana uczennica klasy IV w dziedzinie rze\u017aby, a wr\u0119czy\u0142 j\u0105 Past Prezydent RC Zamo\u015b\u0107 Zbigniew Gumuli\u0144ski.","_links":{"self":[{"href":"https:\/\/rotary.zamosc.pl\/index.php\/wp-json\/wp\/v2\/posts\/6418","targetHints":{"allow":["GET"]}}],"collection":[{"href":"https:\/\/rotary.zamosc.pl\/index.php\/wp-json\/wp\/v2\/posts"}],"about":[{"href":"https:\/\/rotary.zamosc.pl\/index.php\/wp-json\/wp\/v2\/types\/post"}],"author":[{"embeddable":true,"href":"https:\/\/rotary.zamosc.pl\/index.php\/wp-json\/wp\/v2\/users\/1"}],"replies":[{"embeddable":true,"href":"https:\/\/rotary.zamosc.pl\/index.php\/wp-json\/wp\/v2\/comments?post=6418"}],"version-history":[{"count":1,"href":"https:\/\/rotary.zamosc.pl\/index.php\/wp-json\/wp\/v2\/posts\/6418\/revisions"}],"predecessor-version":[{"id":6419,"href":"https:\/\/rotary.zamosc.pl\/index.php\/wp-json\/wp\/v2\/posts\/6418\/revisions\/6419"}],"wp:featuredmedia":[{"embeddable":true,"href":"https:\/\/rotary.zamosc.pl\/index.php\/wp-json\/wp\/v2\/media\/4661"}],"wp:attachment":[{"href":"https:\/\/rotary.zamosc.pl\/index.php\/wp-json\/wp\/v2\/media?parent=6418"}],"wp:term":[{"taxonomy":"category","embeddable":true,"href":"https:\/\/rotary.zamosc.pl\/index.php\/wp-json\/wp\/v2\/categories?post=6418"},{"taxonomy":"post_tag","embeddable":true,"href":"https:\/\/rotary.zamosc.pl\/index.php\/wp-json\/wp\/v2\/tags?post=6418"}],"curies":[{"name":"wp","href":"https:\/\/api.w.org\/{rel}","templated":true}]}}