{"id":6420,"date":"2024-06-24T10:30:00","date_gmt":"2024-06-24T08:30:00","guid":{"rendered":"https:\/\/rotary.zamosc.pl\/?p=6420"},"modified":"2026-03-16T10:32:16","modified_gmt":"2026-03-16T09:32:16","slug":"bogdan-szymanski-prezydentem-rc-zamosc-w-kadencji-2024-2025","status":"publish","type":"post","link":"https:\/\/rotary.zamosc.pl\/index.php\/2024\/06\/24\/bogdan-szymanski-prezydentem-rc-zamosc-w-kadencji-2024-2025\/","title":{"rendered":"Bogdan Szyma\u0144ski Prezydentem RC Zamo\u015b\u0107 w kadencji 2024\/2025"},"content":{"rendered":"\n<p class=\"wp-block-paragraph\">20 czerwca w Hotelu Arte odby\u0142o si\u0119 podsumowanie dzia\u0142alno\u015bci klubu w kadencji 2023\/2024 oraz przekazanie s\u0142u\u017cby rotaria\u0144skiej na kolejny rok.<\/p>\n\n\n\n<p class=\"wp-block-paragraph\">Swoj\u0105 pracowit\u0105 kadencj\u0119 zako\u0144czy\u0142 Prezydent Zbigniew Gumuli\u0144ski, kt\u00f3ry przywita\u0142 cz\u0142onk\u00f3w klubu oraz go\u015bci, po czym nast\u0105pi\u0142o przyj\u0119cie do grona RC Zamo\u015b\u0107 nowej cz\u0142onkini, Iwony Szwajkowskiej.<\/p>\n\n\n\n<p class=\"wp-block-paragraph\">Cieszymy si\u0119 z powi\u0119kszenia klubu, gratulujemy i \u017cyczymy Iwonie pe\u0142nej pasji i zaanga\u017cowania s\u0142u\u017cby rotaria\u0144skiej.<\/p>\n\n\n\n<p class=\"wp-block-paragraph\">Nast\u0119pnie Prezydent Zbigniew Gumuli\u0144ski podsumowa\u0142 swoj\u0105 prezydentur\u0119.<\/p>\n\n\n\n<p class=\"wp-block-paragraph\">By\u0142 to bardzo pracowity czas, na, kt\u00f3ry sk\u0142ada\u0142y si\u0119 m.in. konwoje humanitarne dla Ukrainy, stypendia fundowane wybitnym uczniom szk\u00f3\u0142 artystycznych w Zamo\u015bciu, udzia\u0142 w akcjach charytatywnych, np. stowarzyszenia Zamo\u015b\u0107 4&#215;4 wspieraj\u0105cego zamojsk\u0105 ortopedi\u0119, WO\u015aP, Bieg Pokoju Pami\u0119ci Dzieci Zamojszczyzny, plener dla uczni\u00f3w PLSP w Zamo\u015bciu, pomoc finansowa dla ukrai\u0144skiego \u017co\u0142nierza, kt\u00f3ry w wojnie straci\u0142 nog\u0119, dwie edycje akcji &#8222;Zielone p\u0142uca dla Zamo\u015bcia&#8221;, wsparcie dla kobiet z DPS &#8222;Dom na zawsze&#8221; w Zamo\u015bciu, wsparcie w postaci wyprawek szkolnych, ukrai\u0144skich dzieci mieszkaj\u0105cych w Rodzinnym Domu Stowarzyszenia &#8222;Krok za krokiem&#8221;przy ul. Kresowej, wsparcie ukrai\u0144skich dzieci mieszkaj\u0105cych w domkach tego\u017c stowarzyszenia w Bondyrzu, wsparcie akcji zarybiania Jeziora \u015awi\u0119tego, w Wielkopolsce, akcji zainicjowanej przez naszych przyjaci\u00f3\u0142, Rotarian z RC Wolsztyn.<\/p>\n\n\n\n<p class=\"wp-block-paragraph\">Ale najbardziej spektakularnym wydarzeniem by\u0142o zorganizowanie konferencji po\u015bwi\u0119conej zdrowiu psychicznemu dzieci i m\u0142odzie\u017cy &#8222;Jak rozpozna\u0107, jak pom\u00f3c&#8221;. W ten spos\u00f3b wyszli\u015bmy na przeciw oczekiwaniom spo\u0142ecze\u0144stwa w zwi\u0105zku ze znacz\u0105cym wzrostem zaburze\u0144 psychicznych, samookalecze\u0144 i samob\u00f3jstw w\u015br\u00f3d dzieci i m\u0142odzie\u017cy.<\/p>\n\n\n\n<p class=\"wp-block-paragraph\">Konferencja odby\u0142a si\u0119 6 marca w ZDK. Partnerem merytorycznym by\u0142 Uniwersytet Medyczny w Lublinie, a uczestniczy\u0142o w niej ponad 300 nauczycieli, wychowawc\u00f3w i pedagog\u00f3w z Zamo\u015bcia i gminy Zamo\u015b\u0107.<\/p>\n\n\n\n<p class=\"wp-block-paragraph\">Wyst\u0105pienie Prezydenta Zbigniewa Gumuli\u0144skiego zosta\u0142o nagrodzone brawami.<\/p>\n\n\n\n<p class=\"wp-block-paragraph\">Dzi\u0119kujemy ust\u0119puj\u0105cemu Prezydentowi oraz Zarz\u0105dowi za wspania\u0142\u0105, wyt\u0119\u017con\u0105 s\u0142u\u017cb\u0119 na rzecz drugiego cz\u0142owieka.<\/p>\n\n\n\n<p class=\"wp-block-paragraph\">Potem nast\u0105pi\u0142 uroczysty moment przekazania \u0142a\u0144cucha rotaria\u0144skiego Prezydentowi elektowi Bogdanowi Szyma\u0144skiemu. Tym samym rozpocz\u0105\u0142 si\u0119 nowy rok rotaria\u0144ski 2024\/2025.<\/p>\n\n\n\n<p class=\"wp-block-paragraph\">Prezydent Bogdan Szyma\u0144ski przedstawi\u0142 zarz\u0105d w sk\u0142adzie:<\/p>\n\n\n\n<p class=\"wp-block-paragraph\">Adam Budzy\u0144ski &#8211; vice prezydent<\/p>\n\n\n\n<p class=\"wp-block-paragraph\">Miros\u0142aw Piwkowski &#8211; sekretarz<\/p>\n\n\n\n<p class=\"wp-block-paragraph\">Zbigniew \u017bukowski skarbnik<\/p>\n\n\n\n<p class=\"wp-block-paragraph\">Prezydentowi Bogdanowi Szyma\u0144skiemu oraz nowemu Zarz\u0105dowi gratulujemy i \u017cyczymy owocnej wsp\u00f3\u0142pracy oraz si\u0142y i entuzjazmu w swoich dzia\u0142aniach.<\/p>\n\n\n\n<p class=\"wp-block-paragraph\">W spotkaniu uczestniczyli Rotarianie z zaprzyja\u017anionego klubu RC Wolsztyn, Aldona i Jerzy Le\u015bniewscy.<\/p>\n\n\n\n<p class=\"wp-block-paragraph\">By\u0142o nam bardzo mi\u0142o, kiedy Jurek Le\u015bniewski w imieniu RC Wolsztyn wr\u0119czy\u0142 na r\u0119ce ust\u0119puj\u0105cego Prezydenta Zb. Gumuli\u0144skiego dyplom i statuetk\u0119 w podzi\u0119kowaniu za wsp\u00f3\u0142prac\u0119 oraz zaanga\u017cowanie w akcj\u0119 zarybiania jeziora oraz wr\u0119czy\u0142 list gratulacyjny Prezydentowi Bogdanowi Szyma\u0144skiemu.<\/p>\n\n\n\n<p class=\"wp-block-paragraph\">Tu warto doda\u0107, i\u017c wsp\u00f3\u0142praca RC Zamo\u015b\u0107 i RC Wolsztyn odbywa si\u0119 na wielu p\u0142aszczyznach i bardzo to sobie cenimy. Wspieramy si\u0119, wiemy, \u017ce mo\u017cemy na siebie liczy\u0107 i bardzo dzi\u0119kujemy za t\u0119 przyja\u017a\u0144.<\/p>\n\n\n\n<p class=\"wp-block-paragraph\">By\u0142 jeszcze jeden, bardzo szczeg\u00f3lny moment naszego spotkania.<\/p>\n\n\n\n<p class=\"wp-block-paragraph\">Wspomnienie naszych Przyjaci\u00f3\u0142, Rotarian z RC Zamo\u015b\u0107, kt\u00f3rzy odeszli w tej kadencji i uczczenie minut\u0105 ciszy.<\/p>\n\n\n\n<p class=\"wp-block-paragraph\">Krzysztof Wr\u00f3blewski I Rafa\u0142 Pasieka.<\/p>\n\n\n\n<p class=\"wp-block-paragraph\">B\u0119dzie Ich nam bardzo brakowa\u0142o.<\/p>\n\n\n\n<p class=\"wp-block-paragraph\">Na zako\u0144czenie uroczysto\u015bci tradycyjnie, odby\u0142o si\u0119 spotkanie towarzyskie.<\/p>\n\n\n\n<figure class=\"wp-block-gallery has-nested-images columns-1 is-cropped wp-block-gallery-1 is-layout-flex wp-block-gallery-is-layout-flex\">\n<figure class=\"wp-block-image size-large\"><img fetchpriority=\"high\" decoding=\"async\" width=\"700\" height=\"623\" data-id=\"4629\" src=\"https:\/\/rotary.zamosc.pl\/wp-content\/uploads\/2024\/07\/Bogdan-Szymanski-Prezydentem-RC-Zamosc-w-kadencji-20242025-18-700x623.jpg\" alt=\"\" class=\"wp-image-4629\" srcset=\"https:\/\/rotary.zamosc.pl\/wp-content\/uploads\/2024\/07\/Bogdan-Szymanski-Prezydentem-RC-Zamosc-w-kadencji-20242025-18-700x623.jpg 700w, https:\/\/rotary.zamosc.pl\/wp-content\/uploads\/2024\/07\/Bogdan-Szymanski-Prezydentem-RC-Zamosc-w-kadencji-20242025-18-300x267.jpg 300w, https:\/\/rotary.zamosc.pl\/wp-content\/uploads\/2024\/07\/Bogdan-Szymanski-Prezydentem-RC-Zamosc-w-kadencji-20242025-18-768x684.jpg 768w, https:\/\/rotary.zamosc.pl\/wp-content\/uploads\/2024\/07\/Bogdan-Szymanski-Prezydentem-RC-Zamosc-w-kadencji-20242025-18-800x712.jpg 800w, https:\/\/rotary.zamosc.pl\/wp-content\/uploads\/2024\/07\/Bogdan-Szymanski-Prezydentem-RC-Zamosc-w-kadencji-20242025-18.jpg 1274w\" sizes=\"(max-width: 700px) 100vw, 700px\" \/><\/figure>\n\n\n\n<figure class=\"wp-block-image size-large\"><img decoding=\"async\" width=\"700\" height=\"975\" data-id=\"4628\" src=\"https:\/\/rotary.zamosc.pl\/wp-content\/uploads\/2024\/07\/Bogdan-Szymanski-Prezydentem-RC-Zamosc-w-kadencji-20242025-17-700x975.jpg\" alt=\"\" class=\"wp-image-4628\" srcset=\"https:\/\/rotary.zamosc.pl\/wp-content\/uploads\/2024\/07\/Bogdan-Szymanski-Prezydentem-RC-Zamosc-w-kadencji-20242025-17-700x975.jpg 700w, https:\/\/rotary.zamosc.pl\/wp-content\/uploads\/2024\/07\/Bogdan-Szymanski-Prezydentem-RC-Zamosc-w-kadencji-20242025-17-215x300.jpg 215w, https:\/\/rotary.zamosc.pl\/wp-content\/uploads\/2024\/07\/Bogdan-Szymanski-Prezydentem-RC-Zamosc-w-kadencji-20242025-17-768x1069.jpg 768w, https:\/\/rotary.zamosc.pl\/wp-content\/uploads\/2024\/07\/Bogdan-Szymanski-Prezydentem-RC-Zamosc-w-kadencji-20242025-17-1103x1536.jpg 1103w, https:\/\/rotary.zamosc.pl\/wp-content\/uploads\/2024\/07\/Bogdan-Szymanski-Prezydentem-RC-Zamosc-w-kadencji-20242025-17-800x1114.jpg 800w, https:\/\/rotary.zamosc.pl\/wp-content\/uploads\/2024\/07\/Bogdan-Szymanski-Prezydentem-RC-Zamosc-w-kadencji-20242025-17.jpg 1471w\" sizes=\"(max-width: 700px) 100vw, 700px\" \/><\/figure>\n\n\n\n<figure class=\"wp-block-image size-large\"><img decoding=\"async\" width=\"700\" height=\"525\" data-id=\"4626\" src=\"https:\/\/rotary.zamosc.pl\/wp-content\/uploads\/2024\/07\/Bogdan-Szymanski-Prezydentem-RC-Zamosc-w-kadencji-20242025-15-700x525.jpg\" alt=\"\" class=\"wp-image-4626\" srcset=\"https:\/\/rotary.zamosc.pl\/wp-content\/uploads\/2024\/07\/Bogdan-Szymanski-Prezydentem-RC-Zamosc-w-kadencji-20242025-15-700x525.jpg 700w, https:\/\/rotary.zamosc.pl\/wp-content\/uploads\/2024\/07\/Bogdan-Szymanski-Prezydentem-RC-Zamosc-w-kadencji-20242025-15-300x225.jpg 300w, https:\/\/rotary.zamosc.pl\/wp-content\/uploads\/2024\/07\/Bogdan-Szymanski-Prezydentem-RC-Zamosc-w-kadencji-20242025-15-768x576.jpg 768w, https:\/\/rotary.zamosc.pl\/wp-content\/uploads\/2024\/07\/Bogdan-Szymanski-Prezydentem-RC-Zamosc-w-kadencji-20242025-15-1536x1152.jpg 1536w, https:\/\/rotary.zamosc.pl\/wp-content\/uploads\/2024\/07\/Bogdan-Szymanski-Prezydentem-RC-Zamosc-w-kadencji-20242025-15-800x600.jpg 800w, https:\/\/rotary.zamosc.pl\/wp-content\/uploads\/2024\/07\/Bogdan-Szymanski-Prezydentem-RC-Zamosc-w-kadencji-20242025-15-80x60.jpg 80w, https:\/\/rotary.zamosc.pl\/wp-content\/uploads\/2024\/07\/Bogdan-Szymanski-Prezydentem-RC-Zamosc-w-kadencji-20242025-15.jpg 2048w\" sizes=\"(max-width: 700px) 100vw, 700px\" \/><\/figure>\n\n\n\n<figure class=\"wp-block-image size-large\"><img loading=\"lazy\" decoding=\"async\" width=\"700\" height=\"525\" data-id=\"4627\" src=\"https:\/\/rotary.zamosc.pl\/wp-content\/uploads\/2024\/07\/Bogdan-Szymanski-Prezydentem-RC-Zamosc-w-kadencji-20242025-16-700x525.jpg\" alt=\"\" class=\"wp-image-4627\" srcset=\"https:\/\/rotary.zamosc.pl\/wp-content\/uploads\/2024\/07\/Bogdan-Szymanski-Prezydentem-RC-Zamosc-w-kadencji-20242025-16-700x525.jpg 700w, https:\/\/rotary.zamosc.pl\/wp-content\/uploads\/2024\/07\/Bogdan-Szymanski-Prezydentem-RC-Zamosc-w-kadencji-20242025-16-300x225.jpg 300w, https:\/\/rotary.zamosc.pl\/wp-content\/uploads\/2024\/07\/Bogdan-Szymanski-Prezydentem-RC-Zamosc-w-kadencji-20242025-16-768x576.jpg 768w, https:\/\/rotary.zamosc.pl\/wp-content\/uploads\/2024\/07\/Bogdan-Szymanski-Prezydentem-RC-Zamosc-w-kadencji-20242025-16-1536x1152.jpg 1536w, https:\/\/rotary.zamosc.pl\/wp-content\/uploads\/2024\/07\/Bogdan-Szymanski-Prezydentem-RC-Zamosc-w-kadencji-20242025-16-800x600.jpg 800w, https:\/\/rotary.zamosc.pl\/wp-content\/uploads\/2024\/07\/Bogdan-Szymanski-Prezydentem-RC-Zamosc-w-kadencji-20242025-16-80x60.jpg 80w, https:\/\/rotary.zamosc.pl\/wp-content\/uploads\/2024\/07\/Bogdan-Szymanski-Prezydentem-RC-Zamosc-w-kadencji-20242025-16.jpg 2048w\" sizes=\"(max-width: 700px) 100vw, 700px\" \/><\/figure>\n\n\n\n<figure class=\"wp-block-image size-large\"><img loading=\"lazy\" decoding=\"async\" width=\"700\" height=\"757\" data-id=\"4625\" src=\"https:\/\/rotary.zamosc.pl\/wp-content\/uploads\/2024\/07\/Bogdan-Szymanski-Prezydentem-RC-Zamosc-w-kadencji-20242025-14-700x757.jpg\" alt=\"\" class=\"wp-image-4625\" srcset=\"https:\/\/rotary.zamosc.pl\/wp-content\/uploads\/2024\/07\/Bogdan-Szymanski-Prezydentem-RC-Zamosc-w-kadencji-20242025-14-700x757.jpg 700w, https:\/\/rotary.zamosc.pl\/wp-content\/uploads\/2024\/07\/Bogdan-Szymanski-Prezydentem-RC-Zamosc-w-kadencji-20242025-14-277x300.jpg 277w, https:\/\/rotary.zamosc.pl\/wp-content\/uploads\/2024\/07\/Bogdan-Szymanski-Prezydentem-RC-Zamosc-w-kadencji-20242025-14-768x830.jpg 768w, https:\/\/rotary.zamosc.pl\/wp-content\/uploads\/2024\/07\/Bogdan-Szymanski-Prezydentem-RC-Zamosc-w-kadencji-20242025-14-1421x1536.jpg 1421w, https:\/\/rotary.zamosc.pl\/wp-content\/uploads\/2024\/07\/Bogdan-Szymanski-Prezydentem-RC-Zamosc-w-kadencji-20242025-14-800x865.jpg 800w, https:\/\/rotary.zamosc.pl\/wp-content\/uploads\/2024\/07\/Bogdan-Szymanski-Prezydentem-RC-Zamosc-w-kadencji-20242025-14.jpg 1894w\" sizes=\"(max-width: 700px) 100vw, 700px\" \/><\/figure>\n\n\n\n<figure class=\"wp-block-image size-large\"><img loading=\"lazy\" decoding=\"async\" width=\"700\" height=\"525\" data-id=\"4624\" src=\"https:\/\/rotary.zamosc.pl\/wp-content\/uploads\/2024\/07\/Bogdan-Szymanski-Prezydentem-RC-Zamosc-w-kadencji-20242025-13-700x525.jpg\" alt=\"\" class=\"wp-image-4624\" srcset=\"https:\/\/rotary.zamosc.pl\/wp-content\/uploads\/2024\/07\/Bogdan-Szymanski-Prezydentem-RC-Zamosc-w-kadencji-20242025-13-700x525.jpg 700w, https:\/\/rotary.zamosc.pl\/wp-content\/uploads\/2024\/07\/Bogdan-Szymanski-Prezydentem-RC-Zamosc-w-kadencji-20242025-13-300x225.jpg 300w, https:\/\/rotary.zamosc.pl\/wp-content\/uploads\/2024\/07\/Bogdan-Szymanski-Prezydentem-RC-Zamosc-w-kadencji-20242025-13-768x576.jpg 768w, https:\/\/rotary.zamosc.pl\/wp-content\/uploads\/2024\/07\/Bogdan-Szymanski-Prezydentem-RC-Zamosc-w-kadencji-20242025-13-1536x1152.jpg 1536w, https:\/\/rotary.zamosc.pl\/wp-content\/uploads\/2024\/07\/Bogdan-Szymanski-Prezydentem-RC-Zamosc-w-kadencji-20242025-13-800x600.jpg 800w, https:\/\/rotary.zamosc.pl\/wp-content\/uploads\/2024\/07\/Bogdan-Szymanski-Prezydentem-RC-Zamosc-w-kadencji-20242025-13-80x60.jpg 80w, https:\/\/rotary.zamosc.pl\/wp-content\/uploads\/2024\/07\/Bogdan-Szymanski-Prezydentem-RC-Zamosc-w-kadencji-20242025-13.jpg 2048w\" sizes=\"(max-width: 700px) 100vw, 700px\" \/><\/figure>\n\n\n\n<figure class=\"wp-block-image size-large\"><img loading=\"lazy\" decoding=\"async\" width=\"700\" height=\"658\" data-id=\"4618\" src=\"https:\/\/rotary.zamosc.pl\/wp-content\/uploads\/2024\/07\/Bogdan-Szymanski-Prezydentem-RC-Zamosc-w-kadencji-20242025-7-700x658.jpg\" alt=\"\" class=\"wp-image-4618\" srcset=\"https:\/\/rotary.zamosc.pl\/wp-content\/uploads\/2024\/07\/Bogdan-Szymanski-Prezydentem-RC-Zamosc-w-kadencji-20242025-7-700x658.jpg 700w, https:\/\/rotary.zamosc.pl\/wp-content\/uploads\/2024\/07\/Bogdan-Szymanski-Prezydentem-RC-Zamosc-w-kadencji-20242025-7-300x282.jpg 300w, https:\/\/rotary.zamosc.pl\/wp-content\/uploads\/2024\/07\/Bogdan-Szymanski-Prezydentem-RC-Zamosc-w-kadencji-20242025-7-768x722.jpg 768w, https:\/\/rotary.zamosc.pl\/wp-content\/uploads\/2024\/07\/Bogdan-Szymanski-Prezydentem-RC-Zamosc-w-kadencji-20242025-7-1536x1443.jpg 1536w, https:\/\/rotary.zamosc.pl\/wp-content\/uploads\/2024\/07\/Bogdan-Szymanski-Prezydentem-RC-Zamosc-w-kadencji-20242025-7-800x752.jpg 800w, https:\/\/rotary.zamosc.pl\/wp-content\/uploads\/2024\/07\/Bogdan-Szymanski-Prezydentem-RC-Zamosc-w-kadencji-20242025-7.jpg 2048w\" sizes=\"(max-width: 700px) 100vw, 700px\" \/><\/figure>\n\n\n\n<figure class=\"wp-block-image size-large\"><img loading=\"lazy\" decoding=\"async\" width=\"700\" height=\"525\" data-id=\"4619\" src=\"https:\/\/rotary.zamosc.pl\/wp-content\/uploads\/2024\/07\/Bogdan-Szymanski-Prezydentem-RC-Zamosc-w-kadencji-20242025-8-700x525.jpg\" alt=\"\" class=\"wp-image-4619\" srcset=\"https:\/\/rotary.zamosc.pl\/wp-content\/uploads\/2024\/07\/Bogdan-Szymanski-Prezydentem-RC-Zamosc-w-kadencji-20242025-8-700x525.jpg 700w, https:\/\/rotary.zamosc.pl\/wp-content\/uploads\/2024\/07\/Bogdan-Szymanski-Prezydentem-RC-Zamosc-w-kadencji-20242025-8-300x225.jpg 300w, https:\/\/rotary.zamosc.pl\/wp-content\/uploads\/2024\/07\/Bogdan-Szymanski-Prezydentem-RC-Zamosc-w-kadencji-20242025-8-768x576.jpg 768w, https:\/\/rotary.zamosc.pl\/wp-content\/uploads\/2024\/07\/Bogdan-Szymanski-Prezydentem-RC-Zamosc-w-kadencji-20242025-8-1536x1152.jpg 1536w, https:\/\/rotary.zamosc.pl\/wp-content\/uploads\/2024\/07\/Bogdan-Szymanski-Prezydentem-RC-Zamosc-w-kadencji-20242025-8-800x600.jpg 800w, https:\/\/rotary.zamosc.pl\/wp-content\/uploads\/2024\/07\/Bogdan-Szymanski-Prezydentem-RC-Zamosc-w-kadencji-20242025-8-80x60.jpg 80w, https:\/\/rotary.zamosc.pl\/wp-content\/uploads\/2024\/07\/Bogdan-Szymanski-Prezydentem-RC-Zamosc-w-kadencji-20242025-8.jpg 2048w\" sizes=\"(max-width: 700px) 100vw, 700px\" \/><\/figure>\n\n\n\n<figure class=\"wp-block-image size-large\"><img loading=\"lazy\" decoding=\"async\" width=\"700\" height=\"736\" data-id=\"4620\" src=\"https:\/\/rotary.zamosc.pl\/wp-content\/uploads\/2024\/07\/Bogdan-Szymanski-Prezydentem-RC-Zamosc-w-kadencji-20242025-9-700x736.jpg\" alt=\"\" class=\"wp-image-4620\" srcset=\"https:\/\/rotary.zamosc.pl\/wp-content\/uploads\/2024\/07\/Bogdan-Szymanski-Prezydentem-RC-Zamosc-w-kadencji-20242025-9-700x736.jpg 700w, https:\/\/rotary.zamosc.pl\/wp-content\/uploads\/2024\/07\/Bogdan-Szymanski-Prezydentem-RC-Zamosc-w-kadencji-20242025-9-285x300.jpg 285w, https:\/\/rotary.zamosc.pl\/wp-content\/uploads\/2024\/07\/Bogdan-Szymanski-Prezydentem-RC-Zamosc-w-kadencji-20242025-9-768x807.jpg 768w, https:\/\/rotary.zamosc.pl\/wp-content\/uploads\/2024\/07\/Bogdan-Szymanski-Prezydentem-RC-Zamosc-w-kadencji-20242025-9-1462x1536.jpg 1462w, https:\/\/rotary.zamosc.pl\/wp-content\/uploads\/2024\/07\/Bogdan-Szymanski-Prezydentem-RC-Zamosc-w-kadencji-20242025-9-800x841.jpg 800w, https:\/\/rotary.zamosc.pl\/wp-content\/uploads\/2024\/07\/Bogdan-Szymanski-Prezydentem-RC-Zamosc-w-kadencji-20242025-9.jpg 1949w\" sizes=\"(max-width: 700px) 100vw, 700px\" \/><\/figure>\n\n\n\n<figure class=\"wp-block-image size-large\"><img loading=\"lazy\" decoding=\"async\" width=\"700\" height=\"446\" data-id=\"4622\" src=\"https:\/\/rotary.zamosc.pl\/wp-content\/uploads\/2024\/07\/Bogdan-Szymanski-Prezydentem-RC-Zamosc-w-kadencji-20242025-11-700x446.jpg\" alt=\"\" class=\"wp-image-4622\" srcset=\"https:\/\/rotary.zamosc.pl\/wp-content\/uploads\/2024\/07\/Bogdan-Szymanski-Prezydentem-RC-Zamosc-w-kadencji-20242025-11-700x446.jpg 700w, https:\/\/rotary.zamosc.pl\/wp-content\/uploads\/2024\/07\/Bogdan-Szymanski-Prezydentem-RC-Zamosc-w-kadencji-20242025-11-300x191.jpg 300w, https:\/\/rotary.zamosc.pl\/wp-content\/uploads\/2024\/07\/Bogdan-Szymanski-Prezydentem-RC-Zamosc-w-kadencji-20242025-11-768x489.jpg 768w, https:\/\/rotary.zamosc.pl\/wp-content\/uploads\/2024\/07\/Bogdan-Szymanski-Prezydentem-RC-Zamosc-w-kadencji-20242025-11-1536x979.jpg 1536w, https:\/\/rotary.zamosc.pl\/wp-content\/uploads\/2024\/07\/Bogdan-Szymanski-Prezydentem-RC-Zamosc-w-kadencji-20242025-11-800x510.jpg 800w, https:\/\/rotary.zamosc.pl\/wp-content\/uploads\/2024\/07\/Bogdan-Szymanski-Prezydentem-RC-Zamosc-w-kadencji-20242025-11.jpg 2048w\" sizes=\"(max-width: 700px) 100vw, 700px\" \/><\/figure>\n\n\n\n<figure class=\"wp-block-image size-large\"><img loading=\"lazy\" decoding=\"async\" width=\"700\" height=\"525\" data-id=\"4621\" src=\"https:\/\/rotary.zamosc.pl\/wp-content\/uploads\/2024\/07\/Bogdan-Szymanski-Prezydentem-RC-Zamosc-w-kadencji-20242025-10-700x525.jpg\" alt=\"\" class=\"wp-image-4621\" srcset=\"https:\/\/rotary.zamosc.pl\/wp-content\/uploads\/2024\/07\/Bogdan-Szymanski-Prezydentem-RC-Zamosc-w-kadencji-20242025-10-700x525.jpg 700w, https:\/\/rotary.zamosc.pl\/wp-content\/uploads\/2024\/07\/Bogdan-Szymanski-Prezydentem-RC-Zamosc-w-kadencji-20242025-10-300x225.jpg 300w, https:\/\/rotary.zamosc.pl\/wp-content\/uploads\/2024\/07\/Bogdan-Szymanski-Prezydentem-RC-Zamosc-w-kadencji-20242025-10-768x576.jpg 768w, https:\/\/rotary.zamosc.pl\/wp-content\/uploads\/2024\/07\/Bogdan-Szymanski-Prezydentem-RC-Zamosc-w-kadencji-20242025-10-1536x1152.jpg 1536w, https:\/\/rotary.zamosc.pl\/wp-content\/uploads\/2024\/07\/Bogdan-Szymanski-Prezydentem-RC-Zamosc-w-kadencji-20242025-10-800x600.jpg 800w, https:\/\/rotary.zamosc.pl\/wp-content\/uploads\/2024\/07\/Bogdan-Szymanski-Prezydentem-RC-Zamosc-w-kadencji-20242025-10-80x60.jpg 80w, https:\/\/rotary.zamosc.pl\/wp-content\/uploads\/2024\/07\/Bogdan-Szymanski-Prezydentem-RC-Zamosc-w-kadencji-20242025-10.jpg 2048w\" sizes=\"(max-width: 700px) 100vw, 700px\" \/><\/figure>\n\n\n\n<figure class=\"wp-block-image size-large\"><img loading=\"lazy\" decoding=\"async\" width=\"700\" height=\"1123\" data-id=\"4623\" src=\"https:\/\/rotary.zamosc.pl\/wp-content\/uploads\/2024\/07\/Bogdan-Szymanski-Prezydentem-RC-Zamosc-w-kadencji-20242025-12-700x1123.jpg\" alt=\"\" class=\"wp-image-4623\" srcset=\"https:\/\/rotary.zamosc.pl\/wp-content\/uploads\/2024\/07\/Bogdan-Szymanski-Prezydentem-RC-Zamosc-w-kadencji-20242025-12-700x1123.jpg 700w, https:\/\/rotary.zamosc.pl\/wp-content\/uploads\/2024\/07\/Bogdan-Szymanski-Prezydentem-RC-Zamosc-w-kadencji-20242025-12-187x300.jpg 187w, https:\/\/rotary.zamosc.pl\/wp-content\/uploads\/2024\/07\/Bogdan-Szymanski-Prezydentem-RC-Zamosc-w-kadencji-20242025-12-768x1232.jpg 768w, https:\/\/rotary.zamosc.pl\/wp-content\/uploads\/2024\/07\/Bogdan-Szymanski-Prezydentem-RC-Zamosc-w-kadencji-20242025-12-800x1284.jpg 800w, https:\/\/rotary.zamosc.pl\/wp-content\/uploads\/2024\/07\/Bogdan-Szymanski-Prezydentem-RC-Zamosc-w-kadencji-20242025-12.jpg 840w\" sizes=\"(max-width: 700px) 100vw, 700px\" \/><\/figure>\n\n\n\n<figure class=\"wp-block-image size-large\"><img loading=\"lazy\" decoding=\"async\" width=\"700\" height=\"868\" data-id=\"4617\" src=\"https:\/\/rotary.zamosc.pl\/wp-content\/uploads\/2024\/07\/Bogdan-Szymanski-Prezydentem-RC-Zamosc-w-kadencji-20242025-6-700x868.jpg\" alt=\"\" class=\"wp-image-4617\" srcset=\"https:\/\/rotary.zamosc.pl\/wp-content\/uploads\/2024\/07\/Bogdan-Szymanski-Prezydentem-RC-Zamosc-w-kadencji-20242025-6-700x868.jpg 700w, https:\/\/rotary.zamosc.pl\/wp-content\/uploads\/2024\/07\/Bogdan-Szymanski-Prezydentem-RC-Zamosc-w-kadencji-20242025-6-242x300.jpg 242w, https:\/\/rotary.zamosc.pl\/wp-content\/uploads\/2024\/07\/Bogdan-Szymanski-Prezydentem-RC-Zamosc-w-kadencji-20242025-6-768x952.jpg 768w, https:\/\/rotary.zamosc.pl\/wp-content\/uploads\/2024\/07\/Bogdan-Szymanski-Prezydentem-RC-Zamosc-w-kadencji-20242025-6-1239x1536.jpg 1239w, https:\/\/rotary.zamosc.pl\/wp-content\/uploads\/2024\/07\/Bogdan-Szymanski-Prezydentem-RC-Zamosc-w-kadencji-20242025-6-800x992.jpg 800w, https:\/\/rotary.zamosc.pl\/wp-content\/uploads\/2024\/07\/Bogdan-Szymanski-Prezydentem-RC-Zamosc-w-kadencji-20242025-6.jpg 1652w\" sizes=\"(max-width: 700px) 100vw, 700px\" \/><\/figure>\n\n\n\n<figure class=\"wp-block-image size-large\"><img loading=\"lazy\" decoding=\"async\" width=\"700\" height=\"933\" data-id=\"4616\" src=\"https:\/\/rotary.zamosc.pl\/wp-content\/uploads\/2024\/07\/Bogdan-Szymanski-Prezydentem-RC-Zamosc-w-kadencji-20242025-5-700x933.jpg\" alt=\"\" class=\"wp-image-4616\" srcset=\"https:\/\/rotary.zamosc.pl\/wp-content\/uploads\/2024\/07\/Bogdan-Szymanski-Prezydentem-RC-Zamosc-w-kadencji-20242025-5-700x933.jpg 700w, https:\/\/rotary.zamosc.pl\/wp-content\/uploads\/2024\/07\/Bogdan-Szymanski-Prezydentem-RC-Zamosc-w-kadencji-20242025-5-225x300.jpg 225w, https:\/\/rotary.zamosc.pl\/wp-content\/uploads\/2024\/07\/Bogdan-Szymanski-Prezydentem-RC-Zamosc-w-kadencji-20242025-5-768x1024.jpg 768w, https:\/\/rotary.zamosc.pl\/wp-content\/uploads\/2024\/07\/Bogdan-Szymanski-Prezydentem-RC-Zamosc-w-kadencji-20242025-5-1152x1536.jpg 1152w, https:\/\/rotary.zamosc.pl\/wp-content\/uploads\/2024\/07\/Bogdan-Szymanski-Prezydentem-RC-Zamosc-w-kadencji-20242025-5-800x1067.jpg 800w, https:\/\/rotary.zamosc.pl\/wp-content\/uploads\/2024\/07\/Bogdan-Szymanski-Prezydentem-RC-Zamosc-w-kadencji-20242025-5.jpg 1536w\" sizes=\"(max-width: 700px) 100vw, 700px\" \/><\/figure>\n\n\n\n<figure class=\"wp-block-image size-large\"><img loading=\"lazy\" decoding=\"async\" width=\"700\" height=\"796\" data-id=\"4613\" src=\"https:\/\/rotary.zamosc.pl\/wp-content\/uploads\/2024\/07\/Bogdan-Szymanski-Prezydentem-RC-Zamosc-w-kadencji-20242025-2-700x796.jpg\" alt=\"\" class=\"wp-image-4613\" srcset=\"https:\/\/rotary.zamosc.pl\/wp-content\/uploads\/2024\/07\/Bogdan-Szymanski-Prezydentem-RC-Zamosc-w-kadencji-20242025-2-700x796.jpg 700w, https:\/\/rotary.zamosc.pl\/wp-content\/uploads\/2024\/07\/Bogdan-Szymanski-Prezydentem-RC-Zamosc-w-kadencji-20242025-2-264x300.jpg 264w, https:\/\/rotary.zamosc.pl\/wp-content\/uploads\/2024\/07\/Bogdan-Szymanski-Prezydentem-RC-Zamosc-w-kadencji-20242025-2-768x874.jpg 768w, https:\/\/rotary.zamosc.pl\/wp-content\/uploads\/2024\/07\/Bogdan-Szymanski-Prezydentem-RC-Zamosc-w-kadencji-20242025-2-1350x1536.jpg 1350w, https:\/\/rotary.zamosc.pl\/wp-content\/uploads\/2024\/07\/Bogdan-Szymanski-Prezydentem-RC-Zamosc-w-kadencji-20242025-2-800x910.jpg 800w, https:\/\/rotary.zamosc.pl\/wp-content\/uploads\/2024\/07\/Bogdan-Szymanski-Prezydentem-RC-Zamosc-w-kadencji-20242025-2.jpg 1800w\" sizes=\"(max-width: 700px) 100vw, 700px\" \/><\/figure>\n\n\n\n<figure class=\"wp-block-image size-large\"><img loading=\"lazy\" decoding=\"async\" width=\"700\" height=\"533\" data-id=\"4614\" src=\"https:\/\/rotary.zamosc.pl\/wp-content\/uploads\/2024\/07\/Bogdan-Szymanski-Prezydentem-RC-Zamosc-w-kadencji-20242025-3-700x533.jpg\" alt=\"\" class=\"wp-image-4614\" srcset=\"https:\/\/rotary.zamosc.pl\/wp-content\/uploads\/2024\/07\/Bogdan-Szymanski-Prezydentem-RC-Zamosc-w-kadencji-20242025-3-700x533.jpg 700w, https:\/\/rotary.zamosc.pl\/wp-content\/uploads\/2024\/07\/Bogdan-Szymanski-Prezydentem-RC-Zamosc-w-kadencji-20242025-3-300x228.jpg 300w, https:\/\/rotary.zamosc.pl\/wp-content\/uploads\/2024\/07\/Bogdan-Szymanski-Prezydentem-RC-Zamosc-w-kadencji-20242025-3-768x585.jpg 768w, https:\/\/rotary.zamosc.pl\/wp-content\/uploads\/2024\/07\/Bogdan-Szymanski-Prezydentem-RC-Zamosc-w-kadencji-20242025-3-800x609.jpg 800w, https:\/\/rotary.zamosc.pl\/wp-content\/uploads\/2024\/07\/Bogdan-Szymanski-Prezydentem-RC-Zamosc-w-kadencji-20242025-3-80x60.jpg 80w, https:\/\/rotary.zamosc.pl\/wp-content\/uploads\/2024\/07\/Bogdan-Szymanski-Prezydentem-RC-Zamosc-w-kadencji-20242025-3.jpg 1490w\" sizes=\"(max-width: 700px) 100vw, 700px\" \/><\/figure>\n\n\n\n<figure class=\"wp-block-image size-large\"><img loading=\"lazy\" decoding=\"async\" width=\"700\" height=\"659\" data-id=\"4612\" src=\"https:\/\/rotary.zamosc.pl\/wp-content\/uploads\/2024\/07\/Bogdan-Szymanski-Prezydentem-RC-Zamosc-w-kadencji-20242025-1-700x659.jpg\" alt=\"\" class=\"wp-image-4612\" srcset=\"https:\/\/rotary.zamosc.pl\/wp-content\/uploads\/2024\/07\/Bogdan-Szymanski-Prezydentem-RC-Zamosc-w-kadencji-20242025-1-700x659.jpg 700w, https:\/\/rotary.zamosc.pl\/wp-content\/uploads\/2024\/07\/Bogdan-Szymanski-Prezydentem-RC-Zamosc-w-kadencji-20242025-1-300x282.jpg 300w, https:\/\/rotary.zamosc.pl\/wp-content\/uploads\/2024\/07\/Bogdan-Szymanski-Prezydentem-RC-Zamosc-w-kadencji-20242025-1-768x723.jpg 768w, https:\/\/rotary.zamosc.pl\/wp-content\/uploads\/2024\/07\/Bogdan-Szymanski-Prezydentem-RC-Zamosc-w-kadencji-20242025-1-1536x1446.jpg 1536w, https:\/\/rotary.zamosc.pl\/wp-content\/uploads\/2024\/07\/Bogdan-Szymanski-Prezydentem-RC-Zamosc-w-kadencji-20242025-1-800x753.jpg 800w, https:\/\/rotary.zamosc.pl\/wp-content\/uploads\/2024\/07\/Bogdan-Szymanski-Prezydentem-RC-Zamosc-w-kadencji-20242025-1.jpg 2048w\" sizes=\"(max-width: 700px) 100vw, 700px\" \/><\/figure>\n<\/figure>\n","protected":false},"excerpt":{"rendered":"<p>20 czerwca w Hotelu Arte odby\u0142o si\u0119 podsumowanie dzia\u0142alno\u015bci klubu w kadencji 2023\/2024 oraz przekazanie s\u0142u\u017cby rotaria\u0144skiej na kolejny rok. Swoj\u0105 pracowit\u0105 kadencj\u0119 zako\u0144czy\u0142 Prezydent Zbigniew Gumuli\u0144ski, kt\u00f3ry przywita\u0142 cz\u0142onk\u00f3w klubu oraz go\u015bci, po czym nast\u0105pi\u0142o przyj\u0119cie do grona RC Zamo\u015b\u0107 nowej cz\u0142onkini, Iwony Szwajkowskiej. Cieszymy si\u0119 z powi\u0119kszenia klubu, gratulujemy i \u017cyczymy Iwonie pe\u0142nej&#8230;<\/p>\n","protected":false},"author":1,"featured_media":4615,"comment_status":"open","ping_status":"open","sticky":false,"template":"","format":"standard","meta":{"footnotes":""},"categories":[10,21],"tags":[],"class_list":["post-6420","post","type-post","status-publish","format-standard","has-post-thumbnail","hentry","category-10","category-przekazania-wladzy"],"rttpg_featured_image_url":{"full":["https:\/\/rotary.zamosc.pl\/wp-content\/uploads\/2024\/07\/Bogdan-Szymanski-Prezydentem-RC-Zamosc-w-kadencji-20242025-4.jpg",1330,2048,false],"landscape":["https:\/\/rotary.zamosc.pl\/wp-content\/uploads\/2024\/07\/Bogdan-Szymanski-Prezydentem-RC-Zamosc-w-kadencji-20242025-4.jpg",1330,2048,false],"portraits":["https:\/\/rotary.zamosc.pl\/wp-content\/uploads\/2024\/07\/Bogdan-Szymanski-Prezydentem-RC-Zamosc-w-kadencji-20242025-4.jpg",1330,2048,false],"thumbnail":["https:\/\/rotary.zamosc.pl\/wp-content\/uploads\/2024\/07\/Bogdan-Szymanski-Prezydentem-RC-Zamosc-w-kadencji-20242025-4-150x150.jpg",150,150,true],"medium":["https:\/\/rotary.zamosc.pl\/wp-content\/uploads\/2024\/07\/Bogdan-Szymanski-Prezydentem-RC-Zamosc-w-kadencji-20242025-4-195x300.jpg",195,300,true],"large":["https:\/\/rotary.zamosc.pl\/wp-content\/uploads\/2024\/07\/Bogdan-Szymanski-Prezydentem-RC-Zamosc-w-kadencji-20242025-4-700x1078.jpg",700,1078,true],"1536x1536":["https:\/\/rotary.zamosc.pl\/wp-content\/uploads\/2024\/07\/Bogdan-Szymanski-Prezydentem-RC-Zamosc-w-kadencji-20242025-4-998x1536.jpg",998,1536,true],"2048x2048":["https:\/\/rotary.zamosc.pl\/wp-content\/uploads\/2024\/07\/Bogdan-Szymanski-Prezydentem-RC-Zamosc-w-kadencji-20242025-4.jpg",1330,2048,false],"post-thumbnail":["https:\/\/rotary.zamosc.pl\/wp-content\/uploads\/2024\/07\/Bogdan-Szymanski-Prezydentem-RC-Zamosc-w-kadencji-20242025-4-800x1232.jpg",800,1232,true],"graphy-post-thumbnail-large":["https:\/\/rotary.zamosc.pl\/wp-content\/uploads\/2024\/07\/Bogdan-Szymanski-Prezydentem-RC-Zamosc-w-kadencji-20242025-4-1080x600.jpg",1080,600,true],"graphy-post-thumbnail-medium":["https:\/\/rotary.zamosc.pl\/wp-content\/uploads\/2024\/07\/Bogdan-Szymanski-Prezydentem-RC-Zamosc-w-kadencji-20242025-4-482x300.jpg",482,300,true],"graphy-post-thumbnail-small":["https:\/\/rotary.zamosc.pl\/wp-content\/uploads\/2024\/07\/Bogdan-Szymanski-Prezydentem-RC-Zamosc-w-kadencji-20242025-4-80x60.jpg",80,60,true],"graphy-page-thumbnail":["https:\/\/rotary.zamosc.pl\/wp-content\/uploads\/2024\/07\/Bogdan-Szymanski-Prezydentem-RC-Zamosc-w-kadencji-20242025-4-1260x350.jpg",1260,350,true],"sow-carousel-default":["https:\/\/rotary.zamosc.pl\/wp-content\/uploads\/2024\/07\/Bogdan-Szymanski-Prezydentem-RC-Zamosc-w-kadencji-20242025-4-272x182.jpg",272,182,true]},"rttpg_author":{"display_name":"rotaryzamosc","author_link":"https:\/\/rotary.zamosc.pl\/index.php\/author\/rotaryzamosc\/"},"rttpg_comment":0,"rttpg_category":"<a href=\"https:\/\/rotary.zamosc.pl\/index.php\/category\/2024\/\" rel=\"category tag\">2024<\/a> <a href=\"https:\/\/rotary.zamosc.pl\/index.php\/category\/przekazania-wladzy\/\" rel=\"category tag\">Przekazania w\u0142adzy<\/a>","rttpg_excerpt":"20 czerwca w Hotelu Arte odby\u0142o si\u0119 podsumowanie dzia\u0142alno\u015bci klubu w kadencji 2023\/2024 oraz przekazanie s\u0142u\u017cby rotaria\u0144skiej na kolejny rok. Swoj\u0105 pracowit\u0105 kadencj\u0119 zako\u0144czy\u0142 Prezydent Zbigniew Gumuli\u0144ski, kt\u00f3ry przywita\u0142 cz\u0142onk\u00f3w klubu oraz go\u015bci, po czym nast\u0105pi\u0142o przyj\u0119cie do grona RC Zamo\u015b\u0107 nowej cz\u0142onkini, Iwony Szwajkowskiej. Cieszymy si\u0119 z powi\u0119kszenia klubu, gratulujemy i \u017cyczymy Iwonie pe\u0142nej...","_links":{"self":[{"href":"https:\/\/rotary.zamosc.pl\/index.php\/wp-json\/wp\/v2\/posts\/6420","targetHints":{"allow":["GET"]}}],"collection":[{"href":"https:\/\/rotary.zamosc.pl\/index.php\/wp-json\/wp\/v2\/posts"}],"about":[{"href":"https:\/\/rotary.zamosc.pl\/index.php\/wp-json\/wp\/v2\/types\/post"}],"author":[{"embeddable":true,"href":"https:\/\/rotary.zamosc.pl\/index.php\/wp-json\/wp\/v2\/users\/1"}],"replies":[{"embeddable":true,"href":"https:\/\/rotary.zamosc.pl\/index.php\/wp-json\/wp\/v2\/comments?post=6420"}],"version-history":[{"count":1,"href":"https:\/\/rotary.zamosc.pl\/index.php\/wp-json\/wp\/v2\/posts\/6420\/revisions"}],"predecessor-version":[{"id":6421,"href":"https:\/\/rotary.zamosc.pl\/index.php\/wp-json\/wp\/v2\/posts\/6420\/revisions\/6421"}],"wp:featuredmedia":[{"embeddable":true,"href":"https:\/\/rotary.zamosc.pl\/index.php\/wp-json\/wp\/v2\/media\/4615"}],"wp:attachment":[{"href":"https:\/\/rotary.zamosc.pl\/index.php\/wp-json\/wp\/v2\/media?parent=6420"}],"wp:term":[{"taxonomy":"category","embeddable":true,"href":"https:\/\/rotary.zamosc.pl\/index.php\/wp-json\/wp\/v2\/categories?post=6420"},{"taxonomy":"post_tag","embeddable":true,"href":"https:\/\/rotary.zamosc.pl\/index.php\/wp-json\/wp\/v2\/tags?post=6420"}],"curies":[{"name":"wp","href":"https:\/\/api.w.org\/{rel}","templated":true}]}}