{"id":6422,"date":"2024-06-08T10:32:00","date_gmt":"2024-06-08T08:32:00","guid":{"rendered":"https:\/\/rotary.zamosc.pl\/?p=6422"},"modified":"2026-03-16T10:35:08","modified_gmt":"2026-03-16T09:35:08","slug":"konferencja-dystrykalna-w-krakowie","status":"publish","type":"post","link":"https:\/\/rotary.zamosc.pl\/index.php\/2024\/06\/08\/konferencja-dystrykalna-w-krakowie\/","title":{"rendered":"Konferencja dystrykalna w Krakowie"},"content":{"rendered":"\n<p class=\"wp-block-paragraph\">8 czerwca, w Krakowie odby\u0142a si\u0119 wsp\u00f3lna Konferencja Rotary Polska District 2231 i Rotaract District 2231.<\/p>\n\n\n\n<p class=\"wp-block-paragraph\">Uczestniczy\u0142o w niej ok. 130 go\u015bci z ca\u0142ej Polski, Francji, Niemiec i Ukrainy, a w\u015br\u00f3d nich Prezydent RC Zamo\u015b\u0107 Zbigniew Gumuli\u0144ski.<\/p>\n\n\n\n<p class=\"wp-block-paragraph\">Go\u015bciem specjalnym by\u0142a Lena Mjerskaug dyrektor RID, kt\u00f3ra wyst\u0105pi\u0142a w norweskim stroju regionalnym.<\/p>\n\n\n\n<p class=\"wp-block-paragraph\">Obecnych by\u0142o r\u00f3wnie\u017c kilkudziesi\u0119ciu student\u00f3w og\u00f3lno\u015bwiatowej wymiany Rotary Exchange, sp\u0119dzaj\u0105cych ten rok w Polsce.<\/p>\n\n\n\n<p class=\"wp-block-paragraph\">Obrady prowadzi\u0142 Gubernator Rotary Polska District 2231 Marek Wcis\u0142o.<\/p>\n\n\n\n<p class=\"wp-block-paragraph\">Podczas konferencji Rotarianie z r\u00f3\u017cnych klub\u00f3w opowiadali o swoich dzia\u0142aniach i do\u015bwiadczeniach.<\/p>\n\n\n\n<p class=\"wp-block-paragraph\">G\u0142os zabra\u0142 r\u00f3wnie\u017c Prezydent RC Zamo\u015b\u0107 Zbigniew Gumuli\u0144ski, kt\u00f3ry opowiedzia\u0142 o najwi\u0119kszym przedsi\u0119wzi\u0119ciu jego kadencji, Konferencji &#8222;Zdrowie psychiczne dzieci i m\u0142odzie\u017cy&#8221;, kt\u00f3ra odby\u0142a si\u0119 w marcu, w Zamo\u015bciu.<\/p>\n\n\n\n<p class=\"wp-block-paragraph\">Du\u017co czasu po\u015bwi\u0119cono na dyskusj\u0119 o problemach i potrzebach walcz\u0105cej Ukrainy.<\/p>\n\n\n\n<p class=\"wp-block-paragraph\">By\u0142a to r\u00f3wnie\u017c okazja na podsumowane kadencji Gubernatora Rotary Polska District 2231 Marka Wcis\u0142o i przekazanie s\u0142u\u017cby rotaria\u0144skiej.<\/p>\n\n\n\n<figure class=\"wp-block-gallery has-nested-images columns-1 is-cropped wp-block-gallery-1 is-layout-flex wp-block-gallery-is-layout-flex\">\n<figure class=\"wp-block-image size-large\"><img fetchpriority=\"high\" decoding=\"async\" width=\"673\" height=\"960\" data-id=\"4593\" src=\"https:\/\/rotary.zamosc.pl\/wp-content\/uploads\/2024\/06\/Konferencja-dystrykalna-w-Krakowie-4.jpg\" alt=\"\" class=\"wp-image-4593\" srcset=\"https:\/\/rotary.zamosc.pl\/wp-content\/uploads\/2024\/06\/Konferencja-dystrykalna-w-Krakowie-4.jpg 673w, https:\/\/rotary.zamosc.pl\/wp-content\/uploads\/2024\/06\/Konferencja-dystrykalna-w-Krakowie-4-210x300.jpg 210w\" sizes=\"(max-width: 673px) 100vw, 673px\" \/><\/figure>\n\n\n\n<figure class=\"wp-block-image size-large\"><img decoding=\"async\" width=\"700\" height=\"1520\" data-id=\"4592\" src=\"https:\/\/rotary.zamosc.pl\/wp-content\/uploads\/2024\/06\/Konferencja-dystrykalna-w-Krakowie-3-700x1520.jpg\" alt=\"\" class=\"wp-image-4592\" srcset=\"https:\/\/rotary.zamosc.pl\/wp-content\/uploads\/2024\/06\/Konferencja-dystrykalna-w-Krakowie-3-700x1520.jpg 700w, https:\/\/rotary.zamosc.pl\/wp-content\/uploads\/2024\/06\/Konferencja-dystrykalna-w-Krakowie-3-138x300.jpg 138w, https:\/\/rotary.zamosc.pl\/wp-content\/uploads\/2024\/06\/Konferencja-dystrykalna-w-Krakowie-3-708x1536.jpg 708w, https:\/\/rotary.zamosc.pl\/wp-content\/uploads\/2024\/06\/Konferencja-dystrykalna-w-Krakowie-3.jpg 737w\" sizes=\"(max-width: 700px) 100vw, 700px\" \/><\/figure>\n\n\n\n<figure class=\"wp-block-image size-large\"><img decoding=\"async\" width=\"700\" height=\"921\" data-id=\"4591\" src=\"https:\/\/rotary.zamosc.pl\/wp-content\/uploads\/2024\/06\/Konferencja-dystrykalna-w-Krakowie-2-700x921.jpg\" alt=\"\" class=\"wp-image-4591\" srcset=\"https:\/\/rotary.zamosc.pl\/wp-content\/uploads\/2024\/06\/Konferencja-dystrykalna-w-Krakowie-2-700x921.jpg 700w, https:\/\/rotary.zamosc.pl\/wp-content\/uploads\/2024\/06\/Konferencja-dystrykalna-w-Krakowie-2-228x300.jpg 228w, https:\/\/rotary.zamosc.pl\/wp-content\/uploads\/2024\/06\/Konferencja-dystrykalna-w-Krakowie-2-768x1010.jpg 768w, https:\/\/rotary.zamosc.pl\/wp-content\/uploads\/2024\/06\/Konferencja-dystrykalna-w-Krakowie-2-800x1052.jpg 800w, https:\/\/rotary.zamosc.pl\/wp-content\/uploads\/2024\/06\/Konferencja-dystrykalna-w-Krakowie-2.jpg 873w\" sizes=\"(max-width: 700px) 100vw, 700px\" \/><\/figure>\n\n\n\n<figure class=\"wp-block-image size-large\"><img loading=\"lazy\" decoding=\"async\" width=\"700\" height=\"979\" data-id=\"4590\" src=\"https:\/\/rotary.zamosc.pl\/wp-content\/uploads\/2024\/06\/Konferencja-dystrykalna-w-Krakowie-1-700x979.jpg\" alt=\"\" class=\"wp-image-4590\" srcset=\"https:\/\/rotary.zamosc.pl\/wp-content\/uploads\/2024\/06\/Konferencja-dystrykalna-w-Krakowie-1-700x979.jpg 700w, https:\/\/rotary.zamosc.pl\/wp-content\/uploads\/2024\/06\/Konferencja-dystrykalna-w-Krakowie-1-214x300.jpg 214w, https:\/\/rotary.zamosc.pl\/wp-content\/uploads\/2024\/06\/Konferencja-dystrykalna-w-Krakowie-1-768x1074.jpg 768w, https:\/\/rotary.zamosc.pl\/wp-content\/uploads\/2024\/06\/Konferencja-dystrykalna-w-Krakowie-1-800x1119.jpg 800w, https:\/\/rotary.zamosc.pl\/wp-content\/uploads\/2024\/06\/Konferencja-dystrykalna-w-Krakowie-1.jpg 900w\" sizes=\"(max-width: 700px) 100vw, 700px\" \/><\/figure>\n<\/figure>\n","protected":false},"excerpt":{"rendered":"<p>8 czerwca, w Krakowie odby\u0142a si\u0119 wsp\u00f3lna Konferencja Rotary Polska District 2231 i Rotaract District 2231. Uczestniczy\u0142o w niej ok. 130 go\u015bci z ca\u0142ej Polski, Francji, Niemiec i Ukrainy, a w\u015br\u00f3d nich Prezydent RC Zamo\u015b\u0107 Zbigniew Gumuli\u0144ski. Go\u015bciem specjalnym by\u0142a Lena Mjerskaug dyrektor RID, kt\u00f3ra wyst\u0105pi\u0142a w norweskim stroju regionalnym. Obecnych by\u0142o r\u00f3wnie\u017c kilkudziesi\u0119ciu student\u00f3w&#8230;<\/p>\n","protected":false},"author":1,"featured_media":4594,"comment_status":"open","ping_status":"open","sticky":false,"template":"","format":"standard","meta":{"footnotes":""},"categories":[10],"tags":[],"class_list":["post-6422","post","type-post","status-publish","format-standard","has-post-thumbnail","hentry","category-10"],"rttpg_featured_image_url":{"full":["https:\/\/rotary.zamosc.pl\/wp-content\/uploads\/2024\/06\/Konferencja-dystrykalna-w-Krakowie-5.jpg",960,642,false],"landscape":["https:\/\/rotary.zamosc.pl\/wp-content\/uploads\/2024\/06\/Konferencja-dystrykalna-w-Krakowie-5.jpg",960,642,false],"portraits":["https:\/\/rotary.zamosc.pl\/wp-content\/uploads\/2024\/06\/Konferencja-dystrykalna-w-Krakowie-5.jpg",960,642,false],"thumbnail":["https:\/\/rotary.zamosc.pl\/wp-content\/uploads\/2024\/06\/Konferencja-dystrykalna-w-Krakowie-5-150x150.jpg",150,150,true],"medium":["https:\/\/rotary.zamosc.pl\/wp-content\/uploads\/2024\/06\/Konferencja-dystrykalna-w-Krakowie-5-300x201.jpg",300,201,true],"large":["https:\/\/rotary.zamosc.pl\/wp-content\/uploads\/2024\/06\/Konferencja-dystrykalna-w-Krakowie-5-700x468.jpg",700,468,true],"1536x1536":["https:\/\/rotary.zamosc.pl\/wp-content\/uploads\/2024\/06\/Konferencja-dystrykalna-w-Krakowie-5.jpg",960,642,false],"2048x2048":["https:\/\/rotary.zamosc.pl\/wp-content\/uploads\/2024\/06\/Konferencja-dystrykalna-w-Krakowie-5.jpg",960,642,false],"post-thumbnail":["https:\/\/rotary.zamosc.pl\/wp-content\/uploads\/2024\/06\/Konferencja-dystrykalna-w-Krakowie-5-800x535.jpg",800,535,true],"graphy-post-thumbnail-large":["https:\/\/rotary.zamosc.pl\/wp-content\/uploads\/2024\/06\/Konferencja-dystrykalna-w-Krakowie-5-960x600.jpg",960,600,true],"graphy-post-thumbnail-medium":["https:\/\/rotary.zamosc.pl\/wp-content\/uploads\/2024\/06\/Konferencja-dystrykalna-w-Krakowie-5-482x300.jpg",482,300,true],"graphy-post-thumbnail-small":["https:\/\/rotary.zamosc.pl\/wp-content\/uploads\/2024\/06\/Konferencja-dystrykalna-w-Krakowie-5-80x60.jpg",80,60,true],"graphy-page-thumbnail":["https:\/\/rotary.zamosc.pl\/wp-content\/uploads\/2024\/06\/Konferencja-dystrykalna-w-Krakowie-5-960x350.jpg",960,350,true],"sow-carousel-default":["https:\/\/rotary.zamosc.pl\/wp-content\/uploads\/2024\/06\/Konferencja-dystrykalna-w-Krakowie-5-272x182.jpg",272,182,true]},"rttpg_author":{"display_name":"rotaryzamosc","author_link":"https:\/\/rotary.zamosc.pl\/index.php\/author\/rotaryzamosc\/"},"rttpg_comment":0,"rttpg_category":"<a href=\"https:\/\/rotary.zamosc.pl\/index.php\/category\/2024\/\" rel=\"category tag\">2024<\/a>","rttpg_excerpt":"8 czerwca, w Krakowie odby\u0142a si\u0119 wsp\u00f3lna Konferencja Rotary Polska District 2231 i Rotaract District 2231. Uczestniczy\u0142o w niej ok. 130 go\u015bci z ca\u0142ej Polski, Francji, Niemiec i Ukrainy, a w\u015br\u00f3d nich Prezydent RC Zamo\u015b\u0107 Zbigniew Gumuli\u0144ski. Go\u015bciem specjalnym by\u0142a Lena Mjerskaug dyrektor RID, kt\u00f3ra wyst\u0105pi\u0142a w norweskim stroju regionalnym. Obecnych by\u0142o r\u00f3wnie\u017c kilkudziesi\u0119ciu student\u00f3w...","_links":{"self":[{"href":"https:\/\/rotary.zamosc.pl\/index.php\/wp-json\/wp\/v2\/posts\/6422","targetHints":{"allow":["GET"]}}],"collection":[{"href":"https:\/\/rotary.zamosc.pl\/index.php\/wp-json\/wp\/v2\/posts"}],"about":[{"href":"https:\/\/rotary.zamosc.pl\/index.php\/wp-json\/wp\/v2\/types\/post"}],"author":[{"embeddable":true,"href":"https:\/\/rotary.zamosc.pl\/index.php\/wp-json\/wp\/v2\/users\/1"}],"replies":[{"embeddable":true,"href":"https:\/\/rotary.zamosc.pl\/index.php\/wp-json\/wp\/v2\/comments?post=6422"}],"version-history":[{"count":1,"href":"https:\/\/rotary.zamosc.pl\/index.php\/wp-json\/wp\/v2\/posts\/6422\/revisions"}],"predecessor-version":[{"id":6423,"href":"https:\/\/rotary.zamosc.pl\/index.php\/wp-json\/wp\/v2\/posts\/6422\/revisions\/6423"}],"wp:featuredmedia":[{"embeddable":true,"href":"https:\/\/rotary.zamosc.pl\/index.php\/wp-json\/wp\/v2\/media\/4594"}],"wp:attachment":[{"href":"https:\/\/rotary.zamosc.pl\/index.php\/wp-json\/wp\/v2\/media?parent=6422"}],"wp:term":[{"taxonomy":"category","embeddable":true,"href":"https:\/\/rotary.zamosc.pl\/index.php\/wp-json\/wp\/v2\/categories?post=6422"},{"taxonomy":"post_tag","embeddable":true,"href":"https:\/\/rotary.zamosc.pl\/index.php\/wp-json\/wp\/v2\/tags?post=6422"}],"curies":[{"name":"wp","href":"https:\/\/api.w.org\/{rel}","templated":true}]}}