{"id":6424,"date":"2024-06-11T10:37:00","date_gmt":"2024-06-11T08:37:00","guid":{"rendered":"https:\/\/rotary.zamosc.pl\/?p=6424"},"modified":"2026-03-16T10:39:51","modified_gmt":"2026-03-16T09:39:51","slug":"nie-zyje-rotarianin-z-rc-zamosc-rafal-pasieka","status":"publish","type":"post","link":"https:\/\/rotary.zamosc.pl\/index.php\/2024\/06\/11\/nie-zyje-rotarianin-z-rc-zamosc-rafal-pasieka\/","title":{"rendered":"Nie \u017cyje Rotarianin z RC Zamo\u015b\u0107 Rafa\u0142 Pasieka"},"content":{"rendered":"\n<p class=\"wp-block-paragraph\">Dzisiaj, 11 czerwca 2024 roku odszed\u0142 wspania\u0142y cz\u0142owiek, nasz klubowy kolega Rafa\u0142 Pasieka.<\/p>\n\n\n\n<p class=\"wp-block-paragraph\">Rafa\u0142 by\u0142 Rotarianinem w pe\u0142nym tego s\u0142owa znaczeniu. Przyjacielski, serdeczny, zawsze pomocny, wra\u017cliwy na ludzk\u0105 krzywd\u0119, na cierpienie dzieci, bied\u0119 i niedostatki ludzi starszych.<\/p>\n\n\n\n<p class=\"wp-block-paragraph\">Wielki przyjaciel Ukrainy, inicjator wsp\u00f3\u0142pracy naszego klubu z Polsk\u0105 Sobotni\u0105 Szko\u0142\u0105 <a href=\"https:\/\/l.facebook.com\/l.php?u=http%3A%2F%2Fim.St%2F%3Ffbclid%3DIwZXh0bgNhZW0CMTAAc3J0YwZhcHBfaWQQMjIyMDM5MTc4ODIwMDg5MgABHoW_35PjRbkLOBytbMwakx1o_9RsVj4Usl1Rfb70UARtGv9Lvlmd7Y5DKXjZ_aem_iFyeezw3EtPQ1x6sMYgl_Q&amp;h=AT4wvn8RvYBmfn8Gh_U7kx-QVyDcH-uQa7X43pkFhJHCzQTyvcJMBjRLtC68_5XbwxKrvOogYgIpKLY_GAYurjnvPMObZp5_o4LwGHplGkDR3jjZH7m6WEOgvns9_mKLmJuIpelDbV9d3aO3&amp;__tn__=-UK-R&amp;c[0]=AT5yBckCmMrMZp1UNqWgUKLNWau6NlE8FdhONq2Ekj_qVuIqE1ea5lCch8dkrk_UvPOnQxEzAE5UYydUt-IjlVse4WnUxPn5sUrpBBW8gZ9xHI8rEZXpf5PlervwJjcyGeA_eEjKyK5QrUZEfU4TXD0H0KQglq1Wt78XgAmG2S2s9gWhuPA-Xb40G-vQng\" rel=\"noreferrer noopener\" target=\"_blank\">im.St.<\/a> Vincenza w Ko\u0142omyji i wielu innych instytucji.<\/p>\n\n\n\n<p class=\"wp-block-paragraph\">Organizator i uczestnik wielu konwoj\u00f3w z pomoc\u0105 humanitarn\u0105 dla Ukrainy.<\/p>\n\n\n\n<p class=\"wp-block-paragraph\">Wielki mi\u0142o\u015bnik przyrody i w\u0119dkowania.<\/p>\n\n\n\n<p class=\"wp-block-paragraph\">Odznaczony Odznak\u0105 Paula Harrisa za wybitne zas\u0142ugi w s\u0142u\u017cbie rotaria\u0144skiej.<\/p>\n\n\n\n<p class=\"wp-block-paragraph\">Zawsze serdeczny, pogodny, dowcipny.<\/p>\n\n\n\n<p class=\"wp-block-paragraph\">To niepowetowana strata nie tylko dla naszego klubu, ale tak\u017ce dla ca\u0142ej spo\u0142eczno\u015bci rotaria\u0144skiej.<\/p>\n\n\n\n<p class=\"wp-block-paragraph\">\u017begnaj Przyjacielu, pozostaniesz na zawsze w naszej pami\u0119ci!<\/p>\n","protected":false},"excerpt":{"rendered":"<p>Dzisiaj, 11 czerwca 2024 roku odszed\u0142 wspania\u0142y cz\u0142owiek, nasz klubowy kolega Rafa\u0142 Pasieka. Rafa\u0142 by\u0142 Rotarianinem w pe\u0142nym tego s\u0142owa znaczeniu. Przyjacielski, serdeczny, zawsze pomocny, wra\u017cliwy na ludzk\u0105 krzywd\u0119, na cierpienie dzieci, bied\u0119 i niedostatki ludzi starszych. Wielki przyjaciel Ukrainy, inicjator wsp\u00f3\u0142pracy naszego klubu z Polsk\u0105 Sobotni\u0105 Szko\u0142\u0105 im.St. Vincenza w Ko\u0142omyji i wielu innych&#8230;<\/p>\n","protected":false},"author":1,"featured_media":4603,"comment_status":"open","ping_status":"open","sticky":false,"template":"","format":"standard","meta":{"footnotes":""},"categories":[10],"tags":[],"class_list":["post-6424","post","type-post","status-publish","format-standard","has-post-thumbnail","hentry","category-10"],"rttpg_featured_image_url":{"full":["https:\/\/rotary.zamosc.pl\/wp-content\/uploads\/2024\/06\/448226662_476334254934815_2894829597754240420_n.jpg",720,664,false],"landscape":["https:\/\/rotary.zamosc.pl\/wp-content\/uploads\/2024\/06\/448226662_476334254934815_2894829597754240420_n.jpg",720,664,false],"portraits":["https:\/\/rotary.zamosc.pl\/wp-content\/uploads\/2024\/06\/448226662_476334254934815_2894829597754240420_n.jpg",720,664,false],"thumbnail":["https:\/\/rotary.zamosc.pl\/wp-content\/uploads\/2024\/06\/448226662_476334254934815_2894829597754240420_n-150x150.jpg",150,150,true],"medium":["https:\/\/rotary.zamosc.pl\/wp-content\/uploads\/2024\/06\/448226662_476334254934815_2894829597754240420_n-300x277.jpg",300,277,true],"large":["https:\/\/rotary.zamosc.pl\/wp-content\/uploads\/2024\/06\/448226662_476334254934815_2894829597754240420_n-700x646.jpg",700,646,true],"1536x1536":["https:\/\/rotary.zamosc.pl\/wp-content\/uploads\/2024\/06\/448226662_476334254934815_2894829597754240420_n.jpg",720,664,false],"2048x2048":["https:\/\/rotary.zamosc.pl\/wp-content\/uploads\/2024\/06\/448226662_476334254934815_2894829597754240420_n.jpg",720,664,false],"post-thumbnail":["https:\/\/rotary.zamosc.pl\/wp-content\/uploads\/2024\/06\/448226662_476334254934815_2894829597754240420_n.jpg",720,664,false],"graphy-post-thumbnail-large":["https:\/\/rotary.zamosc.pl\/wp-content\/uploads\/2024\/06\/448226662_476334254934815_2894829597754240420_n-720x600.jpg",720,600,true],"graphy-post-thumbnail-medium":["https:\/\/rotary.zamosc.pl\/wp-content\/uploads\/2024\/06\/448226662_476334254934815_2894829597754240420_n-482x300.jpg",482,300,true],"graphy-post-thumbnail-small":["https:\/\/rotary.zamosc.pl\/wp-content\/uploads\/2024\/06\/448226662_476334254934815_2894829597754240420_n-80x60.jpg",80,60,true],"graphy-page-thumbnail":["https:\/\/rotary.zamosc.pl\/wp-content\/uploads\/2024\/06\/448226662_476334254934815_2894829597754240420_n-720x350.jpg",720,350,true],"sow-carousel-default":["https:\/\/rotary.zamosc.pl\/wp-content\/uploads\/2024\/06\/448226662_476334254934815_2894829597754240420_n-272x182.jpg",272,182,true]},"rttpg_author":{"display_name":"rotaryzamosc","author_link":"https:\/\/rotary.zamosc.pl\/index.php\/author\/rotaryzamosc\/"},"rttpg_comment":0,"rttpg_category":"<a href=\"https:\/\/rotary.zamosc.pl\/index.php\/category\/2024\/\" rel=\"category tag\">2024<\/a>","rttpg_excerpt":"Dzisiaj, 11 czerwca 2024 roku odszed\u0142 wspania\u0142y cz\u0142owiek, nasz klubowy kolega Rafa\u0142 Pasieka. Rafa\u0142 by\u0142 Rotarianinem w pe\u0142nym tego s\u0142owa znaczeniu. Przyjacielski, serdeczny, zawsze pomocny, wra\u017cliwy na ludzk\u0105 krzywd\u0119, na cierpienie dzieci, bied\u0119 i niedostatki ludzi starszych. Wielki przyjaciel Ukrainy, inicjator wsp\u00f3\u0142pracy naszego klubu z Polsk\u0105 Sobotni\u0105 Szko\u0142\u0105 im.St. Vincenza w Ko\u0142omyji i wielu innych...","_links":{"self":[{"href":"https:\/\/rotary.zamosc.pl\/index.php\/wp-json\/wp\/v2\/posts\/6424","targetHints":{"allow":["GET"]}}],"collection":[{"href":"https:\/\/rotary.zamosc.pl\/index.php\/wp-json\/wp\/v2\/posts"}],"about":[{"href":"https:\/\/rotary.zamosc.pl\/index.php\/wp-json\/wp\/v2\/types\/post"}],"author":[{"embeddable":true,"href":"https:\/\/rotary.zamosc.pl\/index.php\/wp-json\/wp\/v2\/users\/1"}],"replies":[{"embeddable":true,"href":"https:\/\/rotary.zamosc.pl\/index.php\/wp-json\/wp\/v2\/comments?post=6424"}],"version-history":[{"count":1,"href":"https:\/\/rotary.zamosc.pl\/index.php\/wp-json\/wp\/v2\/posts\/6424\/revisions"}],"predecessor-version":[{"id":6425,"href":"https:\/\/rotary.zamosc.pl\/index.php\/wp-json\/wp\/v2\/posts\/6424\/revisions\/6425"}],"wp:featuredmedia":[{"embeddable":true,"href":"https:\/\/rotary.zamosc.pl\/index.php\/wp-json\/wp\/v2\/media\/4603"}],"wp:attachment":[{"href":"https:\/\/rotary.zamosc.pl\/index.php\/wp-json\/wp\/v2\/media?parent=6424"}],"wp:term":[{"taxonomy":"category","embeddable":true,"href":"https:\/\/rotary.zamosc.pl\/index.php\/wp-json\/wp\/v2\/categories?post=6424"},{"taxonomy":"post_tag","embeddable":true,"href":"https:\/\/rotary.zamosc.pl\/index.php\/wp-json\/wp\/v2\/tags?post=6424"}],"curies":[{"name":"wp","href":"https:\/\/api.w.org\/{rel}","templated":true}]}}