{"id":6426,"date":"2024-03-21T10:40:00","date_gmt":"2024-03-21T09:40:00","guid":{"rendered":"https:\/\/rotary.zamosc.pl\/?p=6426"},"modified":"2026-03-16T10:44:31","modified_gmt":"2026-03-16T09:44:31","slug":"pozegnamy-naszego-kolege-krzysztofa-wroblewskiego-we-wtorek-26-03-2024r","status":"publish","type":"post","link":"https:\/\/rotary.zamosc.pl\/index.php\/2024\/03\/21\/pozegnamy-naszego-kolege-krzysztofa-wroblewskiego-we-wtorek-26-03-2024r\/","title":{"rendered":"Po\u017cegnamy naszego koleg\u0119 Krzysztofa Wr\u00f3blewskiego we wtorek 26.03.2024r"},"content":{"rendered":"\n<p class=\"wp-block-paragraph\">Z g\u0142\u0119bokim \u017calem informuj\u0119 ,\u017ce nasz wieloletni kolega Klubowy i prezydent Rotary Club Zamo\u015b\u0107 w latach 2009\/2010 ,lekarz neurolog Krzysztof Wr\u00f3blewski zmar\u0142 21.03.2024r.<\/p>\n\n\n\n<p class=\"wp-block-paragraph\">Krzysztof pomimo swoich problem\u00f3w zdrowotnych ,przychodzi\u0142 na cotygodniowe zebrania klubu a kiedy nie mia\u0142 ju\u017c si\u0142y chodzi\u0107 ,prosi\u0142 nas o transport ,\u017ceby czynnie m\u00f3g\u0142 bra\u0107 udzia\u0142 w spotkaniach . Zawsze zwoj\u0105 rad\u0105 i do\u015bwiadczeniem dzieli\u0142 si\u0119 z innymi .<\/p>\n\n\n\n<p class=\"wp-block-paragraph\">By\u0142 numizmatykiem i znawc\u0105 historii.W 2011 roku wsp\u00f3\u0142organizowa\u0142 wystaw\u0119 Ekslibrys 2011.<\/p>\n\n\n\n<p class=\"wp-block-paragraph\">Za jego Prezydentury Rotary Club Zamo\u015b\u0107 rozwija\u0142 swoj\u0105 dzia\u0142alno\u015b\u0107 charytatywn\u0105 ale Krzysztof organizowa\u0142 te\u017c rotaria\u0144skie imprezy integracyjne np kulig i Bal Rotary ,kt\u00f3re z wielu radosnych powod\u00f3w pami\u0119tamy do dzi\u015b .<\/p>\n\n\n\n<p class=\"wp-block-paragraph\">Krzysztof jako rotarianin i lekarz neurolog , s\u0142u\u017cy\u0142 ludziom ca\u0142e swoje doros\u0142e \u017cycie.<\/p>\n\n\n\n<p class=\"wp-block-paragraph\">Pozostanie w naszej pami\u0119ci jako wz\u00f3r rotarianina ,kt\u00f3ry za swoje s\u0142u\u017cb\u0119 zosta\u0142 uhonorowany ju\u017c wiele lat temu , mi\u0119dzynarodow\u0105 odznak\u0105 ROTARY -Paula Harris Fellow .<\/p>\n\n\n\n<p class=\"wp-block-paragraph\">Po\u017cegnamy naszego koleg\u0119 Krzysztofa Wr\u00f3blewskiego we wtorek 26.03.2024r o godzi 14.30 w ko\u015bciele \u015aw Micha\u0142a w Zamo\u015bciu.<\/p>\n\n\n\n<p class=\"wp-block-paragraph\">Drogiej Basi ,\u017conie Krzysztofa cz\u0142onkowie Rotary Klub Zamo\u015b\u0107 ,za moim po\u015brednictwem sk\u0142adaj\u0105 wyrazy g\u0142\u0119bokiego wsp\u00f3\u0142czucia .<\/p>\n\n\n\n<p class=\"wp-block-paragraph\">Zawsze o Was b\u0119dziemy pami\u0119tali.<\/p>\n","protected":false},"excerpt":{"rendered":"<p>Z g\u0142\u0119bokim \u017calem informuj\u0119 ,\u017ce nasz wieloletni kolega Klubowy i prezydent Rotary Club Zamo\u015b\u0107 w latach 2009\/2010 ,lekarz neurolog Krzysztof Wr\u00f3blewski zmar\u0142 21.03.2024r. Krzysztof pomimo swoich problem\u00f3w zdrowotnych ,przychodzi\u0142 na cotygodniowe zebrania klubu a kiedy nie mia\u0142 ju\u017c si\u0142y chodzi\u0107 ,prosi\u0142 nas o transport ,\u017ceby czynnie m\u00f3g\u0142 bra\u0107 udzia\u0142 w spotkaniach . Zawsze zwoj\u0105 rad\u0105&#8230;<\/p>\n","protected":false},"author":1,"featured_media":4522,"comment_status":"open","ping_status":"open","sticky":false,"template":"","format":"standard","meta":{"footnotes":""},"categories":[10],"tags":[],"class_list":["post-6426","post","type-post","status-publish","format-standard","has-post-thumbnail","hentry","category-10"],"rttpg_featured_image_url":{"full":["https:\/\/rotary.zamosc.pl\/wp-content\/uploads\/2024\/03\/IMG-20240322-WA0014.jpg",1463,2048,false],"landscape":["https:\/\/rotary.zamosc.pl\/wp-content\/uploads\/2024\/03\/IMG-20240322-WA0014.jpg",1463,2048,false],"portraits":["https:\/\/rotary.zamosc.pl\/wp-content\/uploads\/2024\/03\/IMG-20240322-WA0014.jpg",1463,2048,false],"thumbnail":["https:\/\/rotary.zamosc.pl\/wp-content\/uploads\/2024\/03\/IMG-20240322-WA0014-150x150.jpg",150,150,true],"medium":["https:\/\/rotary.zamosc.pl\/wp-content\/uploads\/2024\/03\/IMG-20240322-WA0014-214x300.jpg",214,300,true],"large":["https:\/\/rotary.zamosc.pl\/wp-content\/uploads\/2024\/03\/IMG-20240322-WA0014-700x980.jpg",700,980,true],"1536x1536":["https:\/\/rotary.zamosc.pl\/wp-content\/uploads\/2024\/03\/IMG-20240322-WA0014-1097x1536.jpg",1097,1536,true],"2048x2048":["https:\/\/rotary.zamosc.pl\/wp-content\/uploads\/2024\/03\/IMG-20240322-WA0014.jpg",1463,2048,false],"post-thumbnail":["https:\/\/rotary.zamosc.pl\/wp-content\/uploads\/2024\/03\/IMG-20240322-WA0014-800x1120.jpg",800,1120,true],"graphy-post-thumbnail-large":["https:\/\/rotary.zamosc.pl\/wp-content\/uploads\/2024\/03\/IMG-20240322-WA0014-1080x600.jpg",1080,600,true],"graphy-post-thumbnail-medium":["https:\/\/rotary.zamosc.pl\/wp-content\/uploads\/2024\/03\/IMG-20240322-WA0014-482x300.jpg",482,300,true],"graphy-post-thumbnail-small":["https:\/\/rotary.zamosc.pl\/wp-content\/uploads\/2024\/03\/IMG-20240322-WA0014-80x60.jpg",80,60,true],"graphy-page-thumbnail":["https:\/\/rotary.zamosc.pl\/wp-content\/uploads\/2024\/03\/IMG-20240322-WA0014-1260x350.jpg",1260,350,true],"sow-carousel-default":["https:\/\/rotary.zamosc.pl\/wp-content\/uploads\/2024\/03\/IMG-20240322-WA0014-272x182.jpg",272,182,true]},"rttpg_author":{"display_name":"rotaryzamosc","author_link":"https:\/\/rotary.zamosc.pl\/index.php\/author\/rotaryzamosc\/"},"rttpg_comment":0,"rttpg_category":"<a href=\"https:\/\/rotary.zamosc.pl\/index.php\/category\/2024\/\" rel=\"category tag\">2024<\/a>","rttpg_excerpt":"Z g\u0142\u0119bokim \u017calem informuj\u0119 ,\u017ce nasz wieloletni kolega Klubowy i prezydent Rotary Club Zamo\u015b\u0107 w latach 2009\/2010 ,lekarz neurolog Krzysztof Wr\u00f3blewski zmar\u0142 21.03.2024r. Krzysztof pomimo swoich problem\u00f3w zdrowotnych ,przychodzi\u0142 na cotygodniowe zebrania klubu a kiedy nie mia\u0142 ju\u017c si\u0142y chodzi\u0107 ,prosi\u0142 nas o transport ,\u017ceby czynnie m\u00f3g\u0142 bra\u0107 udzia\u0142 w spotkaniach . Zawsze zwoj\u0105 rad\u0105...","_links":{"self":[{"href":"https:\/\/rotary.zamosc.pl\/index.php\/wp-json\/wp\/v2\/posts\/6426","targetHints":{"allow":["GET"]}}],"collection":[{"href":"https:\/\/rotary.zamosc.pl\/index.php\/wp-json\/wp\/v2\/posts"}],"about":[{"href":"https:\/\/rotary.zamosc.pl\/index.php\/wp-json\/wp\/v2\/types\/post"}],"author":[{"embeddable":true,"href":"https:\/\/rotary.zamosc.pl\/index.php\/wp-json\/wp\/v2\/users\/1"}],"replies":[{"embeddable":true,"href":"https:\/\/rotary.zamosc.pl\/index.php\/wp-json\/wp\/v2\/comments?post=6426"}],"version-history":[{"count":1,"href":"https:\/\/rotary.zamosc.pl\/index.php\/wp-json\/wp\/v2\/posts\/6426\/revisions"}],"predecessor-version":[{"id":6427,"href":"https:\/\/rotary.zamosc.pl\/index.php\/wp-json\/wp\/v2\/posts\/6426\/revisions\/6427"}],"wp:featuredmedia":[{"embeddable":true,"href":"https:\/\/rotary.zamosc.pl\/index.php\/wp-json\/wp\/v2\/media\/4522"}],"wp:attachment":[{"href":"https:\/\/rotary.zamosc.pl\/index.php\/wp-json\/wp\/v2\/media?parent=6426"}],"wp:term":[{"taxonomy":"category","embeddable":true,"href":"https:\/\/rotary.zamosc.pl\/index.php\/wp-json\/wp\/v2\/categories?post=6426"},{"taxonomy":"post_tag","embeddable":true,"href":"https:\/\/rotary.zamosc.pl\/index.php\/wp-json\/wp\/v2\/tags?post=6426"}],"curies":[{"name":"wp","href":"https:\/\/api.w.org\/{rel}","templated":true}]}}