{"id":6428,"date":"2024-03-16T10:44:00","date_gmt":"2024-03-16T09:44:00","guid":{"rendered":"https:\/\/rotary.zamosc.pl\/?p=6428"},"modified":"2026-03-16T10:47:09","modified_gmt":"2026-03-16T09:47:09","slug":"seminarium-na-temat-zdrowia-psychicznego-jak-rozpoznac-jak-pomoc-kontynuacja","status":"publish","type":"post","link":"https:\/\/rotary.zamosc.pl\/index.php\/2024\/03\/16\/seminarium-na-temat-zdrowia-psychicznego-jak-rozpoznac-jak-pomoc-kontynuacja\/","title":{"rendered":"Seminarium na temat zdrowia psychicznego &#8222;Jak rozpozna\u0107, jak pom\u00f3c&#8221; &#8211; kontynuacja"},"content":{"rendered":"\n<figure class=\"wp-block-embed is-type-video is-provider-youtube wp-block-embed-youtube wp-embed-aspect-16-9 wp-has-aspect-ratio\"><div class=\"wp-block-embed__wrapper\">\n<iframe title=\"Rotary klip\" width=\"700\" height=\"394\" src=\"https:\/\/www.youtube.com\/embed\/WFyTWfP2WJ8?feature=oembed\" frameborder=\"0\" allow=\"accelerometer; autoplay; clipboard-write; encrypted-media; gyroscope; picture-in-picture; web-share\" referrerpolicy=\"strict-origin-when-cross-origin\" allowfullscreen><\/iframe>\n<\/div><\/figure>\n\n\n\n<p class=\"wp-block-paragraph\">Ostatnio informowali\u015bmy o seminarium dotycz\u0105cym narastaj\u0105cych problem\u00f3w ze zdrowiem psychicznym dzieci i m\u0142odzie\u017cy, kt\u00f3re RC Zamo\u015b\u0107 zorganizowa\u0142 5 marca br. w Zamojskim Domu Kultury.<\/p>\n\n\n\n<p class=\"wp-block-paragraph\">Wtedy opublikowali\u015bmy r\u00f3wnie\u017c film z nagranym w ca\u0142o\u015bci wydarzeniem.<\/p>\n\n\n\n<p class=\"wp-block-paragraph\">Teraz zapraszamy do obejrzenia klipu podsumowuj\u0105cego seminarium.<\/p>\n\n\n\n<p class=\"wp-block-paragraph\"><\/p>\n","protected":false},"excerpt":{"rendered":"<p>Ostatnio informowali\u015bmy o seminarium dotycz\u0105cym narastaj\u0105cych problem\u00f3w ze zdrowiem psychicznym dzieci i m\u0142odzie\u017cy, kt\u00f3re RC Zamo\u015b\u0107 zorganizowa\u0142 5 marca br. w Zamojskim Domu Kultury. Wtedy opublikowali\u015bmy r\u00f3wnie\u017c film z nagranym w ca\u0142o\u015bci wydarzeniem. Teraz zapraszamy do obejrzenia klipu podsumowuj\u0105cego seminarium.<\/p>\n","protected":false},"author":1,"featured_media":4438,"comment_status":"open","ping_status":"open","sticky":false,"template":"","format":"standard","meta":{"footnotes":""},"categories":[10,22],"tags":[],"class_list":["post-6428","post","type-post","status-publish","format-standard","has-post-thumbnail","hentry","category-10","category-seminaria"],"rttpg_featured_image_url":{"full":["https:\/\/rotary.zamosc.pl\/wp-content\/uploads\/2024\/03\/W-trosce-o-zdrowie-psychiczne-dzieci-i-mlodziezy-03-9.jpg",2016,1134,false],"landscape":["https:\/\/rotary.zamosc.pl\/wp-content\/uploads\/2024\/03\/W-trosce-o-zdrowie-psychiczne-dzieci-i-mlodziezy-03-9.jpg",2016,1134,false],"portraits":["https:\/\/rotary.zamosc.pl\/wp-content\/uploads\/2024\/03\/W-trosce-o-zdrowie-psychiczne-dzieci-i-mlodziezy-03-9.jpg",2016,1134,false],"thumbnail":["https:\/\/rotary.zamosc.pl\/wp-content\/uploads\/2024\/03\/W-trosce-o-zdrowie-psychiczne-dzieci-i-mlodziezy-03-9-150x150.jpg",150,150,true],"medium":["https:\/\/rotary.zamosc.pl\/wp-content\/uploads\/2024\/03\/W-trosce-o-zdrowie-psychiczne-dzieci-i-mlodziezy-03-9-300x169.jpg",300,169,true],"large":["https:\/\/rotary.zamosc.pl\/wp-content\/uploads\/2024\/03\/W-trosce-o-zdrowie-psychiczne-dzieci-i-mlodziezy-03-9-700x394.jpg",700,394,true],"1536x1536":["https:\/\/rotary.zamosc.pl\/wp-content\/uploads\/2024\/03\/W-trosce-o-zdrowie-psychiczne-dzieci-i-mlodziezy-03-9-1536x864.jpg",1536,864,true],"2048x2048":["https:\/\/rotary.zamosc.pl\/wp-content\/uploads\/2024\/03\/W-trosce-o-zdrowie-psychiczne-dzieci-i-mlodziezy-03-9.jpg",2016,1134,false],"post-thumbnail":["https:\/\/rotary.zamosc.pl\/wp-content\/uploads\/2024\/03\/W-trosce-o-zdrowie-psychiczne-dzieci-i-mlodziezy-03-9-800x450.jpg",800,450,true],"graphy-post-thumbnail-large":["https:\/\/rotary.zamosc.pl\/wp-content\/uploads\/2024\/03\/W-trosce-o-zdrowie-psychiczne-dzieci-i-mlodziezy-03-9-1080x600.jpg",1080,600,true],"graphy-post-thumbnail-medium":["https:\/\/rotary.zamosc.pl\/wp-content\/uploads\/2024\/03\/W-trosce-o-zdrowie-psychiczne-dzieci-i-mlodziezy-03-9-482x300.jpg",482,300,true],"graphy-post-thumbnail-small":["https:\/\/rotary.zamosc.pl\/wp-content\/uploads\/2024\/03\/W-trosce-o-zdrowie-psychiczne-dzieci-i-mlodziezy-03-9-80x60.jpg",80,60,true],"graphy-page-thumbnail":["https:\/\/rotary.zamosc.pl\/wp-content\/uploads\/2024\/03\/W-trosce-o-zdrowie-psychiczne-dzieci-i-mlodziezy-03-9-1260x350.jpg",1260,350,true],"sow-carousel-default":["https:\/\/rotary.zamosc.pl\/wp-content\/uploads\/2024\/03\/W-trosce-o-zdrowie-psychiczne-dzieci-i-mlodziezy-03-9-272x182.jpg",272,182,true]},"rttpg_author":{"display_name":"rotaryzamosc","author_link":"https:\/\/rotary.zamosc.pl\/index.php\/author\/rotaryzamosc\/"},"rttpg_comment":0,"rttpg_category":"<a href=\"https:\/\/rotary.zamosc.pl\/index.php\/category\/2024\/\" rel=\"category tag\">2024<\/a> <a href=\"https:\/\/rotary.zamosc.pl\/index.php\/category\/seminaria\/\" rel=\"category tag\">Seminaria<\/a>","rttpg_excerpt":"Ostatnio informowali\u015bmy o seminarium dotycz\u0105cym narastaj\u0105cych problem\u00f3w ze zdrowiem psychicznym dzieci i m\u0142odzie\u017cy, kt\u00f3re RC Zamo\u015b\u0107 zorganizowa\u0142 5 marca br. w Zamojskim Domu Kultury. Wtedy opublikowali\u015bmy r\u00f3wnie\u017c film z nagranym w ca\u0142o\u015bci wydarzeniem. Teraz zapraszamy do obejrzenia klipu podsumowuj\u0105cego seminarium.","_links":{"self":[{"href":"https:\/\/rotary.zamosc.pl\/index.php\/wp-json\/wp\/v2\/posts\/6428","targetHints":{"allow":["GET"]}}],"collection":[{"href":"https:\/\/rotary.zamosc.pl\/index.php\/wp-json\/wp\/v2\/posts"}],"about":[{"href":"https:\/\/rotary.zamosc.pl\/index.php\/wp-json\/wp\/v2\/types\/post"}],"author":[{"embeddable":true,"href":"https:\/\/rotary.zamosc.pl\/index.php\/wp-json\/wp\/v2\/users\/1"}],"replies":[{"embeddable":true,"href":"https:\/\/rotary.zamosc.pl\/index.php\/wp-json\/wp\/v2\/comments?post=6428"}],"version-history":[{"count":1,"href":"https:\/\/rotary.zamosc.pl\/index.php\/wp-json\/wp\/v2\/posts\/6428\/revisions"}],"predecessor-version":[{"id":6429,"href":"https:\/\/rotary.zamosc.pl\/index.php\/wp-json\/wp\/v2\/posts\/6428\/revisions\/6429"}],"wp:featuredmedia":[{"embeddable":true,"href":"https:\/\/rotary.zamosc.pl\/index.php\/wp-json\/wp\/v2\/media\/4438"}],"wp:attachment":[{"href":"https:\/\/rotary.zamosc.pl\/index.php\/wp-json\/wp\/v2\/media?parent=6428"}],"wp:term":[{"taxonomy":"category","embeddable":true,"href":"https:\/\/rotary.zamosc.pl\/index.php\/wp-json\/wp\/v2\/categories?post=6428"},{"taxonomy":"post_tag","embeddable":true,"href":"https:\/\/rotary.zamosc.pl\/index.php\/wp-json\/wp\/v2\/tags?post=6428"}],"curies":[{"name":"wp","href":"https:\/\/api.w.org\/{rel}","templated":true}]}}