{"id":6432,"date":"2024-03-07T10:48:00","date_gmt":"2024-03-07T09:48:00","guid":{"rendered":"https:\/\/rotary.zamosc.pl\/?p=6432"},"modified":"2026-03-16T10:59:32","modified_gmt":"2026-03-16T09:59:32","slug":"w-trosce-o-zdrowie-psychiczne-dzieci-i-mlodziezy","status":"publish","type":"post","link":"https:\/\/rotary.zamosc.pl\/index.php\/2024\/03\/07\/w-trosce-o-zdrowie-psychiczne-dzieci-i-mlodziezy\/","title":{"rendered":"W trosce o zdrowie psychiczne dzieci i m\u0142odzie\u017cy"},"content":{"rendered":"\n<p class=\"wp-block-paragraph\">Wobec obserwowanego w ostatnim czasie niepokoj\u0105cego wzrostu zaburze\u0144 psychicznych w\u015br\u00f3d dzieci i m\u0142odzie\u017cy, w tym samookalecze\u0144, pr\u00f3b samob\u00f3jczych, samob\u00f3jstw i innych problem\u00f3w psychicznych, jak r\u00f3wnie\u017c wychodz\u0105c naprzeciw oczekiwaniom spo\u0142ecznym, Rotary Club Zamo\u015b\u0107 razem z pracownikami naukowymi Katedry Psychospo\u0142ecznych Aspekt\u00f3w Medycyny i Katedry Psychiatrii, Psychoterapii i Wczesnej Interwencji Uniwersytetu Medycznego w Lublinie zorganizowa\u0142 Seminarium nt. zdrowia psychicznego dzieci i m\u0142odzie\u017cy &#8222;Jak rozpozna\u0107 i pomaga\u0107&#8221;, kt\u00f3re odby\u0142o si\u0119 5 marca w Zamojskim Domu Kultury.<\/p>\n\n\n\n<p class=\"wp-block-paragraph\">Patronat honorowy sprawowali Prezydent Miasta Zamo\u015b\u0107 Andrzej Wnuk oraz Rektor UM w Lublinie prof. dr hab. n. med. Wojciech Za\u0142uska.<\/p>\n\n\n\n<p class=\"wp-block-paragraph\">W organizacj\u0119 seminarium zaanga\u017cowali si\u0119 wszyscy Rotarianie z klubu, a prac\u0119 koordynowa\u0142 Prezydent RC Zamo\u015b\u0107 Zbigniew Gumuli\u0144ski.<\/p>\n\n\n\n<p class=\"wp-block-paragraph\">Wydarzenie to mog\u0142o si\u0119 odby\u0107 dzi\u0119ki zaanga\u017cowaniu Miasta Zamo\u015b\u0107 oraz hojno\u015bci sponsor\u00f3w.<\/p>\n\n\n\n<p class=\"wp-block-paragraph\">W seminarium uczestniczy\u0142o 250 os\u00f3b (nauczycieli, pedagog\u00f3w, psycholog\u00f3w) z Zamo\u015bcia i powiatu. Ka\u017cdy uczestnik seminarium otrzyma\u0142 za\u015bwiadczenie o uczestnictwie.<\/p>\n\n\n\n<p class=\"wp-block-paragraph\">Mamy nadziej\u0119, i\u017c seminarium przyczyni\u0142o si\u0119 do wi\u0119kszego zrozumienia zagadnie\u0144 zwi\u0105zanych ze zdrowiem psychicznym najm\u0142odszych.<\/p>\n\n\n\n<p class=\"wp-block-paragraph\">Zach\u0119camy do obejrzenia seminarium online:<\/p>\n\n\n\n<figure class=\"wp-block-embed is-type-video is-provider-youtube wp-block-embed-youtube wp-embed-aspect-16-9 wp-has-aspect-ratio\"><div class=\"wp-block-embed__wrapper\">\n<iframe title=\"Seminarium na temat zdrowia psychicznego m\u0142odzie\u017cy \u201e Jak rozpozna\u0107 i pomaga\u0107 \u201d\" width=\"700\" height=\"394\" src=\"https:\/\/www.youtube.com\/embed\/t3fl7kfT9oE?feature=oembed\" frameborder=\"0\" allow=\"accelerometer; autoplay; clipboard-write; encrypted-media; gyroscope; picture-in-picture; web-share\" referrerpolicy=\"strict-origin-when-cross-origin\" allowfullscreen><\/iframe>\n<\/div><\/figure>\n\n\n\n<figure class=\"wp-block-gallery has-nested-images columns-1 is-cropped wp-block-gallery-1 is-layout-flex wp-block-gallery-is-layout-flex\">\n<figure class=\"wp-block-image size-large\"><img fetchpriority=\"high\" decoding=\"async\" width=\"700\" height=\"394\" data-id=\"4440\" src=\"https:\/\/rotary.zamosc.pl\/wp-content\/uploads\/2024\/03\/W-trosce-o-zdrowie-psychiczne-dzieci-i-mlodziezy-03-11-700x394.jpg\" alt=\"\" class=\"wp-image-4440\" srcset=\"https:\/\/rotary.zamosc.pl\/wp-content\/uploads\/2024\/03\/W-trosce-o-zdrowie-psychiczne-dzieci-i-mlodziezy-03-11-700x394.jpg 700w, https:\/\/rotary.zamosc.pl\/wp-content\/uploads\/2024\/03\/W-trosce-o-zdrowie-psychiczne-dzieci-i-mlodziezy-03-11-300x169.jpg 300w, https:\/\/rotary.zamosc.pl\/wp-content\/uploads\/2024\/03\/W-trosce-o-zdrowie-psychiczne-dzieci-i-mlodziezy-03-11-768x432.jpg 768w, https:\/\/rotary.zamosc.pl\/wp-content\/uploads\/2024\/03\/W-trosce-o-zdrowie-psychiczne-dzieci-i-mlodziezy-03-11-1536x864.jpg 1536w, https:\/\/rotary.zamosc.pl\/wp-content\/uploads\/2024\/03\/W-trosce-o-zdrowie-psychiczne-dzieci-i-mlodziezy-03-11-800x450.jpg 800w, https:\/\/rotary.zamosc.pl\/wp-content\/uploads\/2024\/03\/W-trosce-o-zdrowie-psychiczne-dzieci-i-mlodziezy-03-11.jpg 2016w\" sizes=\"(max-width: 700px) 100vw, 700px\" \/><\/figure>\n\n\n\n<figure class=\"wp-block-image size-large\"><img decoding=\"async\" width=\"700\" height=\"394\" data-id=\"4439\" src=\"https:\/\/rotary.zamosc.pl\/wp-content\/uploads\/2024\/03\/W-trosce-o-zdrowie-psychiczne-dzieci-i-mlodziezy-03-10-700x394.jpg\" alt=\"\" class=\"wp-image-4439\" srcset=\"https:\/\/rotary.zamosc.pl\/wp-content\/uploads\/2024\/03\/W-trosce-o-zdrowie-psychiczne-dzieci-i-mlodziezy-03-10-700x394.jpg 700w, https:\/\/rotary.zamosc.pl\/wp-content\/uploads\/2024\/03\/W-trosce-o-zdrowie-psychiczne-dzieci-i-mlodziezy-03-10-300x169.jpg 300w, https:\/\/rotary.zamosc.pl\/wp-content\/uploads\/2024\/03\/W-trosce-o-zdrowie-psychiczne-dzieci-i-mlodziezy-03-10-768x432.jpg 768w, https:\/\/rotary.zamosc.pl\/wp-content\/uploads\/2024\/03\/W-trosce-o-zdrowie-psychiczne-dzieci-i-mlodziezy-03-10-1536x864.jpg 1536w, https:\/\/rotary.zamosc.pl\/wp-content\/uploads\/2024\/03\/W-trosce-o-zdrowie-psychiczne-dzieci-i-mlodziezy-03-10-800x450.jpg 800w, https:\/\/rotary.zamosc.pl\/wp-content\/uploads\/2024\/03\/W-trosce-o-zdrowie-psychiczne-dzieci-i-mlodziezy-03-10.jpg 2016w\" sizes=\"(max-width: 700px) 100vw, 700px\" \/><\/figure>\n\n\n\n<figure class=\"wp-block-image size-large\"><img decoding=\"async\" width=\"700\" height=\"517\" data-id=\"4437\" src=\"https:\/\/rotary.zamosc.pl\/wp-content\/uploads\/2024\/03\/W-trosce-o-zdrowie-psychiczne-dzieci-i-mlodziezy-03-8-700x517.jpg\" alt=\"\" class=\"wp-image-4437\" srcset=\"https:\/\/rotary.zamosc.pl\/wp-content\/uploads\/2024\/03\/W-trosce-o-zdrowie-psychiczne-dzieci-i-mlodziezy-03-8-700x517.jpg 700w, https:\/\/rotary.zamosc.pl\/wp-content\/uploads\/2024\/03\/W-trosce-o-zdrowie-psychiczne-dzieci-i-mlodziezy-03-8-300x222.jpg 300w, https:\/\/rotary.zamosc.pl\/wp-content\/uploads\/2024\/03\/W-trosce-o-zdrowie-psychiczne-dzieci-i-mlodziezy-03-8-768x568.jpg 768w, https:\/\/rotary.zamosc.pl\/wp-content\/uploads\/2024\/03\/W-trosce-o-zdrowie-psychiczne-dzieci-i-mlodziezy-03-8-1536x1136.jpg 1536w, https:\/\/rotary.zamosc.pl\/wp-content\/uploads\/2024\/03\/W-trosce-o-zdrowie-psychiczne-dzieci-i-mlodziezy-03-8-800x591.jpg 800w, https:\/\/rotary.zamosc.pl\/wp-content\/uploads\/2024\/03\/W-trosce-o-zdrowie-psychiczne-dzieci-i-mlodziezy-03-8-80x60.jpg 80w, https:\/\/rotary.zamosc.pl\/wp-content\/uploads\/2024\/03\/W-trosce-o-zdrowie-psychiczne-dzieci-i-mlodziezy-03-8.jpg 2048w\" sizes=\"(max-width: 700px) 100vw, 700px\" \/><\/figure>\n\n\n\n<figure class=\"wp-block-image size-large\"><img loading=\"lazy\" decoding=\"async\" width=\"700\" height=\"436\" data-id=\"4436\" src=\"https:\/\/rotary.zamosc.pl\/wp-content\/uploads\/2024\/03\/W-trosce-o-zdrowie-psychiczne-dzieci-i-mlodziezy-03-7-700x436.jpg\" alt=\"\" class=\"wp-image-4436\" srcset=\"https:\/\/rotary.zamosc.pl\/wp-content\/uploads\/2024\/03\/W-trosce-o-zdrowie-psychiczne-dzieci-i-mlodziezy-03-7-700x436.jpg 700w, https:\/\/rotary.zamosc.pl\/wp-content\/uploads\/2024\/03\/W-trosce-o-zdrowie-psychiczne-dzieci-i-mlodziezy-03-7-300x187.jpg 300w, https:\/\/rotary.zamosc.pl\/wp-content\/uploads\/2024\/03\/W-trosce-o-zdrowie-psychiczne-dzieci-i-mlodziezy-03-7-768x478.jpg 768w, https:\/\/rotary.zamosc.pl\/wp-content\/uploads\/2024\/03\/W-trosce-o-zdrowie-psychiczne-dzieci-i-mlodziezy-03-7-1536x956.jpg 1536w, https:\/\/rotary.zamosc.pl\/wp-content\/uploads\/2024\/03\/W-trosce-o-zdrowie-psychiczne-dzieci-i-mlodziezy-03-7-800x498.jpg 800w, https:\/\/rotary.zamosc.pl\/wp-content\/uploads\/2024\/03\/W-trosce-o-zdrowie-psychiczne-dzieci-i-mlodziezy-03-7-482x300.jpg 482w, https:\/\/rotary.zamosc.pl\/wp-content\/uploads\/2024\/03\/W-trosce-o-zdrowie-psychiczne-dzieci-i-mlodziezy-03-7.jpg 1770w\" sizes=\"(max-width: 700px) 100vw, 700px\" \/><\/figure>\n\n\n\n<figure class=\"wp-block-image size-large\"><img loading=\"lazy\" decoding=\"async\" width=\"700\" height=\"436\" data-id=\"4435\" src=\"https:\/\/rotary.zamosc.pl\/wp-content\/uploads\/2024\/03\/W-trosce-o-zdrowie-psychiczne-dzieci-i-mlodziezy-03-6-700x436.jpg\" alt=\"\" class=\"wp-image-4435\" srcset=\"https:\/\/rotary.zamosc.pl\/wp-content\/uploads\/2024\/03\/W-trosce-o-zdrowie-psychiczne-dzieci-i-mlodziezy-03-6-700x436.jpg 700w, https:\/\/rotary.zamosc.pl\/wp-content\/uploads\/2024\/03\/W-trosce-o-zdrowie-psychiczne-dzieci-i-mlodziezy-03-6-300x187.jpg 300w, https:\/\/rotary.zamosc.pl\/wp-content\/uploads\/2024\/03\/W-trosce-o-zdrowie-psychiczne-dzieci-i-mlodziezy-03-6-768x478.jpg 768w, https:\/\/rotary.zamosc.pl\/wp-content\/uploads\/2024\/03\/W-trosce-o-zdrowie-psychiczne-dzieci-i-mlodziezy-03-6-1536x957.jpg 1536w, https:\/\/rotary.zamosc.pl\/wp-content\/uploads\/2024\/03\/W-trosce-o-zdrowie-psychiczne-dzieci-i-mlodziezy-03-6-800x498.jpg 800w, https:\/\/rotary.zamosc.pl\/wp-content\/uploads\/2024\/03\/W-trosce-o-zdrowie-psychiczne-dzieci-i-mlodziezy-03-6-482x300.jpg 482w, https:\/\/rotary.zamosc.pl\/wp-content\/uploads\/2024\/03\/W-trosce-o-zdrowie-psychiczne-dzieci-i-mlodziezy-03-6.jpg 1671w\" sizes=\"(max-width: 700px) 100vw, 700px\" \/><\/figure>\n\n\n\n<figure class=\"wp-block-image size-large\"><img loading=\"lazy\" decoding=\"async\" width=\"700\" height=\"450\" data-id=\"4430\" src=\"https:\/\/rotary.zamosc.pl\/wp-content\/uploads\/2024\/03\/W-trosce-o-zdrowie-psychiczne-dzieci-i-mlodziezy-03-1-700x450.jpg\" alt=\"\" class=\"wp-image-4430\" srcset=\"https:\/\/rotary.zamosc.pl\/wp-content\/uploads\/2024\/03\/W-trosce-o-zdrowie-psychiczne-dzieci-i-mlodziezy-03-1-700x450.jpg 700w, https:\/\/rotary.zamosc.pl\/wp-content\/uploads\/2024\/03\/W-trosce-o-zdrowie-psychiczne-dzieci-i-mlodziezy-03-1-300x193.jpg 300w, https:\/\/rotary.zamosc.pl\/wp-content\/uploads\/2024\/03\/W-trosce-o-zdrowie-psychiczne-dzieci-i-mlodziezy-03-1-768x494.jpg 768w, https:\/\/rotary.zamosc.pl\/wp-content\/uploads\/2024\/03\/W-trosce-o-zdrowie-psychiczne-dzieci-i-mlodziezy-03-1-1536x987.jpg 1536w, https:\/\/rotary.zamosc.pl\/wp-content\/uploads\/2024\/03\/W-trosce-o-zdrowie-psychiczne-dzieci-i-mlodziezy-03-1-800x514.jpg 800w, https:\/\/rotary.zamosc.pl\/wp-content\/uploads\/2024\/03\/W-trosce-o-zdrowie-psychiczne-dzieci-i-mlodziezy-03-1.jpg 2048w\" sizes=\"(max-width: 700px) 100vw, 700px\" \/><\/figure>\n\n\n\n<figure class=\"wp-block-image size-large\"><img loading=\"lazy\" decoding=\"async\" width=\"700\" height=\"480\" data-id=\"4431\" src=\"https:\/\/rotary.zamosc.pl\/wp-content\/uploads\/2024\/03\/W-trosce-o-zdrowie-psychiczne-dzieci-i-mlodziezy-03-2-700x480.jpg\" alt=\"\" class=\"wp-image-4431\" srcset=\"https:\/\/rotary.zamosc.pl\/wp-content\/uploads\/2024\/03\/W-trosce-o-zdrowie-psychiczne-dzieci-i-mlodziezy-03-2-700x480.jpg 700w, https:\/\/rotary.zamosc.pl\/wp-content\/uploads\/2024\/03\/W-trosce-o-zdrowie-psychiczne-dzieci-i-mlodziezy-03-2-300x206.jpg 300w, https:\/\/rotary.zamosc.pl\/wp-content\/uploads\/2024\/03\/W-trosce-o-zdrowie-psychiczne-dzieci-i-mlodziezy-03-2-768x527.jpg 768w, https:\/\/rotary.zamosc.pl\/wp-content\/uploads\/2024\/03\/W-trosce-o-zdrowie-psychiczne-dzieci-i-mlodziezy-03-2-1536x1053.jpg 1536w, https:\/\/rotary.zamosc.pl\/wp-content\/uploads\/2024\/03\/W-trosce-o-zdrowie-psychiczne-dzieci-i-mlodziezy-03-2-800x549.jpg 800w, https:\/\/rotary.zamosc.pl\/wp-content\/uploads\/2024\/03\/W-trosce-o-zdrowie-psychiczne-dzieci-i-mlodziezy-03-2.jpg 1651w\" sizes=\"(max-width: 700px) 100vw, 700px\" \/><\/figure>\n\n\n\n<figure class=\"wp-block-image size-large\"><img loading=\"lazy\" decoding=\"async\" width=\"700\" height=\"394\" data-id=\"4432\" src=\"https:\/\/rotary.zamosc.pl\/wp-content\/uploads\/2024\/03\/W-trosce-o-zdrowie-psychiczne-dzieci-i-mlodziezy-03-3-700x394.jpg\" alt=\"\" class=\"wp-image-4432\" srcset=\"https:\/\/rotary.zamosc.pl\/wp-content\/uploads\/2024\/03\/W-trosce-o-zdrowie-psychiczne-dzieci-i-mlodziezy-03-3-700x394.jpg 700w, https:\/\/rotary.zamosc.pl\/wp-content\/uploads\/2024\/03\/W-trosce-o-zdrowie-psychiczne-dzieci-i-mlodziezy-03-3-300x169.jpg 300w, https:\/\/rotary.zamosc.pl\/wp-content\/uploads\/2024\/03\/W-trosce-o-zdrowie-psychiczne-dzieci-i-mlodziezy-03-3-768x432.jpg 768w, https:\/\/rotary.zamosc.pl\/wp-content\/uploads\/2024\/03\/W-trosce-o-zdrowie-psychiczne-dzieci-i-mlodziezy-03-3-1536x864.jpg 1536w, https:\/\/rotary.zamosc.pl\/wp-content\/uploads\/2024\/03\/W-trosce-o-zdrowie-psychiczne-dzieci-i-mlodziezy-03-3-800x450.jpg 800w, https:\/\/rotary.zamosc.pl\/wp-content\/uploads\/2024\/03\/W-trosce-o-zdrowie-psychiczne-dzieci-i-mlodziezy-03-3.jpg 2016w\" sizes=\"(max-width: 700px) 100vw, 700px\" \/><\/figure>\n\n\n\n<figure class=\"wp-block-image size-large\"><img loading=\"lazy\" decoding=\"async\" width=\"700\" height=\"490\" data-id=\"4434\" src=\"https:\/\/rotary.zamosc.pl\/wp-content\/uploads\/2024\/03\/W-trosce-o-zdrowie-psychiczne-dzieci-i-mlodziezy-03-5-700x490.jpg\" alt=\"\" class=\"wp-image-4434\" srcset=\"https:\/\/rotary.zamosc.pl\/wp-content\/uploads\/2024\/03\/W-trosce-o-zdrowie-psychiczne-dzieci-i-mlodziezy-03-5-700x490.jpg 700w, https:\/\/rotary.zamosc.pl\/wp-content\/uploads\/2024\/03\/W-trosce-o-zdrowie-psychiczne-dzieci-i-mlodziezy-03-5-300x210.jpg 300w, https:\/\/rotary.zamosc.pl\/wp-content\/uploads\/2024\/03\/W-trosce-o-zdrowie-psychiczne-dzieci-i-mlodziezy-03-5-768x537.jpg 768w, https:\/\/rotary.zamosc.pl\/wp-content\/uploads\/2024\/03\/W-trosce-o-zdrowie-psychiczne-dzieci-i-mlodziezy-03-5-1536x1075.jpg 1536w, https:\/\/rotary.zamosc.pl\/wp-content\/uploads\/2024\/03\/W-trosce-o-zdrowie-psychiczne-dzieci-i-mlodziezy-03-5-800x560.jpg 800w, https:\/\/rotary.zamosc.pl\/wp-content\/uploads\/2024\/03\/W-trosce-o-zdrowie-psychiczne-dzieci-i-mlodziezy-03-5.jpg 2048w\" sizes=\"(max-width: 700px) 100vw, 700px\" \/><\/figure>\n\n\n\n<figure class=\"wp-block-image size-large\"><img loading=\"lazy\" decoding=\"async\" width=\"700\" height=\"394\" data-id=\"4438\" src=\"https:\/\/rotary.zamosc.pl\/wp-content\/uploads\/2024\/03\/W-trosce-o-zdrowie-psychiczne-dzieci-i-mlodziezy-03-9-700x394.jpg\" alt=\"\" class=\"wp-image-4438\" srcset=\"https:\/\/rotary.zamosc.pl\/wp-content\/uploads\/2024\/03\/W-trosce-o-zdrowie-psychiczne-dzieci-i-mlodziezy-03-9-700x394.jpg 700w, https:\/\/rotary.zamosc.pl\/wp-content\/uploads\/2024\/03\/W-trosce-o-zdrowie-psychiczne-dzieci-i-mlodziezy-03-9-300x169.jpg 300w, https:\/\/rotary.zamosc.pl\/wp-content\/uploads\/2024\/03\/W-trosce-o-zdrowie-psychiczne-dzieci-i-mlodziezy-03-9-768x432.jpg 768w, https:\/\/rotary.zamosc.pl\/wp-content\/uploads\/2024\/03\/W-trosce-o-zdrowie-psychiczne-dzieci-i-mlodziezy-03-9-1536x864.jpg 1536w, https:\/\/rotary.zamosc.pl\/wp-content\/uploads\/2024\/03\/W-trosce-o-zdrowie-psychiczne-dzieci-i-mlodziezy-03-9-800x450.jpg 800w, https:\/\/rotary.zamosc.pl\/wp-content\/uploads\/2024\/03\/W-trosce-o-zdrowie-psychiczne-dzieci-i-mlodziezy-03-9.jpg 2016w\" sizes=\"(max-width: 700px) 100vw, 700px\" \/><\/figure>\n<\/figure>\n","protected":false},"excerpt":{"rendered":"<p>Wobec obserwowanego w ostatnim czasie niepokoj\u0105cego wzrostu zaburze\u0144 psychicznych w\u015br\u00f3d dzieci i m\u0142odzie\u017cy, w tym samookalecze\u0144, pr\u00f3b samob\u00f3jczych, samob\u00f3jstw i innych problem\u00f3w psychicznych, jak r\u00f3wnie\u017c wychodz\u0105c naprzeciw oczekiwaniom spo\u0142ecznym, Rotary Club Zamo\u015b\u0107 razem z pracownikami naukowymi Katedry Psychospo\u0142ecznych Aspekt\u00f3w Medycyny i Katedry Psychiatrii, Psychoterapii i Wczesnej Interwencji Uniwersytetu Medycznego w Lublinie zorganizowa\u0142 Seminarium nt. zdrowia&#8230;<\/p>\n","protected":false},"author":1,"featured_media":4433,"comment_status":"open","ping_status":"open","sticky":false,"template":"","format":"standard","meta":{"footnotes":""},"categories":[10,22],"tags":[],"class_list":["post-6432","post","type-post","status-publish","format-standard","has-post-thumbnail","hentry","category-10","category-seminaria"],"rttpg_featured_image_url":{"full":["https:\/\/rotary.zamosc.pl\/wp-content\/uploads\/2024\/03\/W-trosce-o-zdrowie-psychiczne-dzieci-i-mlodziezy-03-4.jpg",2048,1367,false],"landscape":["https:\/\/rotary.zamosc.pl\/wp-content\/uploads\/2024\/03\/W-trosce-o-zdrowie-psychiczne-dzieci-i-mlodziezy-03-4.jpg",2048,1367,false],"portraits":["https:\/\/rotary.zamosc.pl\/wp-content\/uploads\/2024\/03\/W-trosce-o-zdrowie-psychiczne-dzieci-i-mlodziezy-03-4.jpg",2048,1367,false],"thumbnail":["https:\/\/rotary.zamosc.pl\/wp-content\/uploads\/2024\/03\/W-trosce-o-zdrowie-psychiczne-dzieci-i-mlodziezy-03-4-150x150.jpg",150,150,true],"medium":["https:\/\/rotary.zamosc.pl\/wp-content\/uploads\/2024\/03\/W-trosce-o-zdrowie-psychiczne-dzieci-i-mlodziezy-03-4-300x200.jpg",300,200,true],"large":["https:\/\/rotary.zamosc.pl\/wp-content\/uploads\/2024\/03\/W-trosce-o-zdrowie-psychiczne-dzieci-i-mlodziezy-03-4-700x467.jpg",700,467,true],"1536x1536":["https:\/\/rotary.zamosc.pl\/wp-content\/uploads\/2024\/03\/W-trosce-o-zdrowie-psychiczne-dzieci-i-mlodziezy-03-4-1536x1025.jpg",1536,1025,true],"2048x2048":["https:\/\/rotary.zamosc.pl\/wp-content\/uploads\/2024\/03\/W-trosce-o-zdrowie-psychiczne-dzieci-i-mlodziezy-03-4.jpg",2048,1367,false],"post-thumbnail":["https:\/\/rotary.zamosc.pl\/wp-content\/uploads\/2024\/03\/W-trosce-o-zdrowie-psychiczne-dzieci-i-mlodziezy-03-4-800x534.jpg",800,534,true],"graphy-post-thumbnail-large":["https:\/\/rotary.zamosc.pl\/wp-content\/uploads\/2024\/03\/W-trosce-o-zdrowie-psychiczne-dzieci-i-mlodziezy-03-4-1080x600.jpg",1080,600,true],"graphy-post-thumbnail-medium":["https:\/\/rotary.zamosc.pl\/wp-content\/uploads\/2024\/03\/W-trosce-o-zdrowie-psychiczne-dzieci-i-mlodziezy-03-4-482x300.jpg",482,300,true],"graphy-post-thumbnail-small":["https:\/\/rotary.zamosc.pl\/wp-content\/uploads\/2024\/03\/W-trosce-o-zdrowie-psychiczne-dzieci-i-mlodziezy-03-4-80x60.jpg",80,60,true],"graphy-page-thumbnail":["https:\/\/rotary.zamosc.pl\/wp-content\/uploads\/2024\/03\/W-trosce-o-zdrowie-psychiczne-dzieci-i-mlodziezy-03-4-1260x350.jpg",1260,350,true],"sow-carousel-default":["https:\/\/rotary.zamosc.pl\/wp-content\/uploads\/2024\/03\/W-trosce-o-zdrowie-psychiczne-dzieci-i-mlodziezy-03-4-272x182.jpg",272,182,true]},"rttpg_author":{"display_name":"rotaryzamosc","author_link":"https:\/\/rotary.zamosc.pl\/index.php\/author\/rotaryzamosc\/"},"rttpg_comment":0,"rttpg_category":"<a href=\"https:\/\/rotary.zamosc.pl\/index.php\/category\/2024\/\" rel=\"category tag\">2024<\/a> <a href=\"https:\/\/rotary.zamosc.pl\/index.php\/category\/seminaria\/\" rel=\"category tag\">Seminaria<\/a>","rttpg_excerpt":"Wobec obserwowanego w ostatnim czasie niepokoj\u0105cego wzrostu zaburze\u0144 psychicznych w\u015br\u00f3d dzieci i m\u0142odzie\u017cy, w tym samookalecze\u0144, pr\u00f3b samob\u00f3jczych, samob\u00f3jstw i innych problem\u00f3w psychicznych, jak r\u00f3wnie\u017c wychodz\u0105c naprzeciw oczekiwaniom spo\u0142ecznym, Rotary Club Zamo\u015b\u0107 razem z pracownikami naukowymi Katedry Psychospo\u0142ecznych Aspekt\u00f3w Medycyny i Katedry Psychiatrii, Psychoterapii i Wczesnej Interwencji Uniwersytetu Medycznego w Lublinie zorganizowa\u0142 Seminarium nt. zdrowia...","_links":{"self":[{"href":"https:\/\/rotary.zamosc.pl\/index.php\/wp-json\/wp\/v2\/posts\/6432","targetHints":{"allow":["GET"]}}],"collection":[{"href":"https:\/\/rotary.zamosc.pl\/index.php\/wp-json\/wp\/v2\/posts"}],"about":[{"href":"https:\/\/rotary.zamosc.pl\/index.php\/wp-json\/wp\/v2\/types\/post"}],"author":[{"embeddable":true,"href":"https:\/\/rotary.zamosc.pl\/index.php\/wp-json\/wp\/v2\/users\/1"}],"replies":[{"embeddable":true,"href":"https:\/\/rotary.zamosc.pl\/index.php\/wp-json\/wp\/v2\/comments?post=6432"}],"version-history":[{"count":1,"href":"https:\/\/rotary.zamosc.pl\/index.php\/wp-json\/wp\/v2\/posts\/6432\/revisions"}],"predecessor-version":[{"id":6433,"href":"https:\/\/rotary.zamosc.pl\/index.php\/wp-json\/wp\/v2\/posts\/6432\/revisions\/6433"}],"wp:featuredmedia":[{"embeddable":true,"href":"https:\/\/rotary.zamosc.pl\/index.php\/wp-json\/wp\/v2\/media\/4433"}],"wp:attachment":[{"href":"https:\/\/rotary.zamosc.pl\/index.php\/wp-json\/wp\/v2\/media?parent=6432"}],"wp:term":[{"taxonomy":"category","embeddable":true,"href":"https:\/\/rotary.zamosc.pl\/index.php\/wp-json\/wp\/v2\/categories?post=6432"},{"taxonomy":"post_tag","embeddable":true,"href":"https:\/\/rotary.zamosc.pl\/index.php\/wp-json\/wp\/v2\/tags?post=6432"}],"curies":[{"name":"wp","href":"https:\/\/api.w.org\/{rel}","templated":true}]}}