{"id":6437,"date":"2023-12-19T08:38:18","date_gmt":"2023-12-19T07:38:18","guid":{"rendered":"https:\/\/rotary.zamosc.pl\/?p=6437"},"modified":"2026-03-17T10:20:57","modified_gmt":"2026-03-17T09:20:57","slug":"stypendia-dla-uzdolnionej-mlodziezy-z-plsp-w-zamosciu","status":"publish","type":"post","link":"https:\/\/rotary.zamosc.pl\/index.php\/2023\/12\/19\/stypendia-dla-uzdolnionej-mlodziezy-z-plsp-w-zamosciu\/","title":{"rendered":"Stypendia dla uzdolnionej m\u0142odzie\u017cy z PLSP w Zamo\u015bciu"},"content":{"rendered":"\n<p class=\"wp-block-paragraph\">Rotary Club Zamo\u015b\u0107 ufundowa\u0142 dwa stypendia po 1500 z\u0142otych uzdolnionym uczennicom z Pa\u0144stwowego Liceum Sztuk Plastycznych w Zamo\u015bciu.<\/p>\n\n\n\n<p class=\"wp-block-paragraph\">Uroczyste spotkanie mia\u0142o miejsce 19 grudnia w siedzibie szko\u0142y, a otworzy\u0142a je Dyrektor PLSP Marzena Tadeusz, kt\u00f3ra powita\u0142a cz\u0142onk\u00f3w klubu RC Zamo\u015b\u0107 na czele z Prezydentem Zbigniewem Gumuli\u0144skim oraz m\u0142odzie\u017c.<\/p>\n\n\n\n<p class=\"wp-block-paragraph\">Pani dyrektor przedstawi\u0142a r\u00f3wnie\u017c stypendystki, wybrane przez Rad\u0119 Pedagogiczn\u0105,przedstawiaj\u0105c ich osi\u0105gni\u0119cia. Jedna z uczennic posiada ju\u017c &#8222;indeks&#8221; Akademii Sztuk Pi\u0119knych, druga mo\u017ce si\u0119 poszczyci\u0107 nagrodami w konkursach plastycznych. Obie kandydatury zosta\u0142y zaakceptowane przez cz\u0142onk\u00f3w RC Zamo\u015b\u0107.<\/p>\n\n\n\n<p class=\"wp-block-paragraph\">Potem g\u0142os zabrali rotarianie. Sylwester Borkowski i Krzysztof Bork zapoznali m\u0142odzie\u017c z histori\u0105 ruchu rotaria\u0144skiego na \u015bwiecie oraz ide\u0105. Zapoznali z mottem Rotary &#8222;Service Above Self&#8221; (S\u0142u\u017cba ponad w\u0142asne interesy) i zaznaczyli, jak wa\u017cn\u0105 spraw\u0105 dla \u015bwiatowego Rotary jest walka z Polio i walka o dost\u0119p do wody.<\/p>\n\n\n\n<p class=\"wp-block-paragraph\">Nast\u0119pnie El\u017cbieta Szyma\u0144ska opowiedzia\u0142a o dzia\u0142aniach RC Zamo\u015b\u0107 i wsp\u00f3\u0142pracy z PLSP, kt\u00f3ra rozwija si\u0119 dzi\u0119ki zaanga\u017cowaniu dyrekcji i naszej klubowej kole\u017canki Katarzyny Manachiewicz wraz z wolontariuszami.<\/p>\n\n\n\n<p class=\"wp-block-paragraph\">Kulminacyjnym punktem spotkania by\u0142o wr\u0119czenie stypendi\u00f3w, przez Prezydenta RC Zamo\u015b\u0107 Zbigniewa Gumuli\u0144skiego, uczennicom ju\u017c wcze\u015bniej zaprezentowanym.<\/p>\n\n\n\n<p class=\"wp-block-paragraph\">Uroczysto\u015b\u0107 zako\u0144czy\u0142a si\u0119 cz\u0119\u015bci\u0105 artystyczn\u0105 w wykonaniu m\u0142odzie\u017cy, kt\u00f3ra pokaza\u0142a scenki teatralne na podstawie lektur szkolnych.<\/p>\n\n\n\n<p class=\"wp-block-paragraph\">Spotkanie by\u0142o r\u00f3wnie\u017c okazj\u0105 do zakupienia przez nasz klub kilku prac ceramicznych wykonanych przez uczni\u00f3w PLSP.<\/p>\n\n\n\n<p class=\"wp-block-paragraph\">Grono rotarian wy\u017cej wymienione wspierali r\u00f3wnie\u017c Bogdan Szyma\u0144ski, Henryk Gajewski I Zbigniew \u017bukowski.<\/p>\n\n\n\n<figure class=\"wp-block-gallery has-nested-images columns-1 is-cropped wp-block-gallery-1 is-layout-flex wp-block-gallery-is-layout-flex\">\n<figure class=\"wp-block-image size-large\"><img fetchpriority=\"high\" decoding=\"async\" width=\"700\" height=\"394\" data-id=\"6448\" src=\"https:\/\/rotary.zamosc.pl\/wp-content\/uploads\/2026\/03\/Stypendia-dla-uzdolnionej-mlodziezy-z-PLSP-w-Zamosciu-12-11-700x394.jpg\" alt=\"\" class=\"wp-image-6448\" srcset=\"https:\/\/rotary.zamosc.pl\/wp-content\/uploads\/2026\/03\/Stypendia-dla-uzdolnionej-mlodziezy-z-PLSP-w-Zamosciu-12-11-700x394.jpg 700w, https:\/\/rotary.zamosc.pl\/wp-content\/uploads\/2026\/03\/Stypendia-dla-uzdolnionej-mlodziezy-z-PLSP-w-Zamosciu-12-11-300x169.jpg 300w, https:\/\/rotary.zamosc.pl\/wp-content\/uploads\/2026\/03\/Stypendia-dla-uzdolnionej-mlodziezy-z-PLSP-w-Zamosciu-12-11-768x432.jpg 768w, https:\/\/rotary.zamosc.pl\/wp-content\/uploads\/2026\/03\/Stypendia-dla-uzdolnionej-mlodziezy-z-PLSP-w-Zamosciu-12-11-1536x864.jpg 1536w, https:\/\/rotary.zamosc.pl\/wp-content\/uploads\/2026\/03\/Stypendia-dla-uzdolnionej-mlodziezy-z-PLSP-w-Zamosciu-12-11-800x450.jpg 800w, https:\/\/rotary.zamosc.pl\/wp-content\/uploads\/2026\/03\/Stypendia-dla-uzdolnionej-mlodziezy-z-PLSP-w-Zamosciu-12-11.jpg 2016w\" sizes=\"(max-width: 700px) 100vw, 700px\" \/><\/figure>\n\n\n\n<figure class=\"wp-block-image size-large\"><img decoding=\"async\" width=\"700\" height=\"419\" data-id=\"6447\" src=\"https:\/\/rotary.zamosc.pl\/wp-content\/uploads\/2026\/03\/Stypendia-dla-uzdolnionej-mlodziezy-z-PLSP-w-Zamosciu-12-10-700x419.jpg\" alt=\"\" class=\"wp-image-6447\" srcset=\"https:\/\/rotary.zamosc.pl\/wp-content\/uploads\/2026\/03\/Stypendia-dla-uzdolnionej-mlodziezy-z-PLSP-w-Zamosciu-12-10-700x419.jpg 700w, https:\/\/rotary.zamosc.pl\/wp-content\/uploads\/2026\/03\/Stypendia-dla-uzdolnionej-mlodziezy-z-PLSP-w-Zamosciu-12-10-300x180.jpg 300w, https:\/\/rotary.zamosc.pl\/wp-content\/uploads\/2026\/03\/Stypendia-dla-uzdolnionej-mlodziezy-z-PLSP-w-Zamosciu-12-10-768x460.jpg 768w, https:\/\/rotary.zamosc.pl\/wp-content\/uploads\/2026\/03\/Stypendia-dla-uzdolnionej-mlodziezy-z-PLSP-w-Zamosciu-12-10-1536x920.jpg 1536w, https:\/\/rotary.zamosc.pl\/wp-content\/uploads\/2026\/03\/Stypendia-dla-uzdolnionej-mlodziezy-z-PLSP-w-Zamosciu-12-10-800x479.jpg 800w, https:\/\/rotary.zamosc.pl\/wp-content\/uploads\/2026\/03\/Stypendia-dla-uzdolnionej-mlodziezy-z-PLSP-w-Zamosciu-12-10.jpg 1894w\" sizes=\"(max-width: 700px) 100vw, 700px\" \/><\/figure>\n\n\n\n<figure class=\"wp-block-image size-large\"><img decoding=\"async\" width=\"700\" height=\"427\" data-id=\"6446\" src=\"https:\/\/rotary.zamosc.pl\/wp-content\/uploads\/2026\/03\/Stypendia-dla-uzdolnionej-mlodziezy-z-PLSP-w-Zamosciu-12-9-700x427.jpg\" alt=\"\" class=\"wp-image-6446\" srcset=\"https:\/\/rotary.zamosc.pl\/wp-content\/uploads\/2026\/03\/Stypendia-dla-uzdolnionej-mlodziezy-z-PLSP-w-Zamosciu-12-9-700x427.jpg 700w, https:\/\/rotary.zamosc.pl\/wp-content\/uploads\/2026\/03\/Stypendia-dla-uzdolnionej-mlodziezy-z-PLSP-w-Zamosciu-12-9-300x183.jpg 300w, https:\/\/rotary.zamosc.pl\/wp-content\/uploads\/2026\/03\/Stypendia-dla-uzdolnionej-mlodziezy-z-PLSP-w-Zamosciu-12-9-768x468.jpg 768w, https:\/\/rotary.zamosc.pl\/wp-content\/uploads\/2026\/03\/Stypendia-dla-uzdolnionej-mlodziezy-z-PLSP-w-Zamosciu-12-9-1536x937.jpg 1536w, https:\/\/rotary.zamosc.pl\/wp-content\/uploads\/2026\/03\/Stypendia-dla-uzdolnionej-mlodziezy-z-PLSP-w-Zamosciu-12-9-800x488.jpg 800w, https:\/\/rotary.zamosc.pl\/wp-content\/uploads\/2026\/03\/Stypendia-dla-uzdolnionej-mlodziezy-z-PLSP-w-Zamosciu-12-9.jpg 1859w\" sizes=\"(max-width: 700px) 100vw, 700px\" \/><\/figure>\n\n\n\n<figure class=\"wp-block-image size-large\"><img loading=\"lazy\" decoding=\"async\" width=\"700\" height=\"394\" data-id=\"6445\" src=\"https:\/\/rotary.zamosc.pl\/wp-content\/uploads\/2026\/03\/Stypendia-dla-uzdolnionej-mlodziezy-z-PLSP-w-Zamosciu-12-8-700x394.jpg\" alt=\"\" class=\"wp-image-6445\" srcset=\"https:\/\/rotary.zamosc.pl\/wp-content\/uploads\/2026\/03\/Stypendia-dla-uzdolnionej-mlodziezy-z-PLSP-w-Zamosciu-12-8-700x394.jpg 700w, https:\/\/rotary.zamosc.pl\/wp-content\/uploads\/2026\/03\/Stypendia-dla-uzdolnionej-mlodziezy-z-PLSP-w-Zamosciu-12-8-300x169.jpg 300w, https:\/\/rotary.zamosc.pl\/wp-content\/uploads\/2026\/03\/Stypendia-dla-uzdolnionej-mlodziezy-z-PLSP-w-Zamosciu-12-8-768x432.jpg 768w, https:\/\/rotary.zamosc.pl\/wp-content\/uploads\/2026\/03\/Stypendia-dla-uzdolnionej-mlodziezy-z-PLSP-w-Zamosciu-12-8-1536x864.jpg 1536w, https:\/\/rotary.zamosc.pl\/wp-content\/uploads\/2026\/03\/Stypendia-dla-uzdolnionej-mlodziezy-z-PLSP-w-Zamosciu-12-8-800x450.jpg 800w, https:\/\/rotary.zamosc.pl\/wp-content\/uploads\/2026\/03\/Stypendia-dla-uzdolnionej-mlodziezy-z-PLSP-w-Zamosciu-12-8.jpg 2016w\" sizes=\"(max-width: 700px) 100vw, 700px\" \/><\/figure>\n\n\n\n<figure class=\"wp-block-image size-large\"><img loading=\"lazy\" decoding=\"async\" width=\"700\" height=\"1269\" data-id=\"6444\" src=\"https:\/\/rotary.zamosc.pl\/wp-content\/uploads\/2026\/03\/Stypendia-dla-uzdolnionej-mlodziezy-z-PLSP-w-Zamosciu-12-7-700x1269.jpg\" alt=\"\" class=\"wp-image-6444\" srcset=\"https:\/\/rotary.zamosc.pl\/wp-content\/uploads\/2026\/03\/Stypendia-dla-uzdolnionej-mlodziezy-z-PLSP-w-Zamosciu-12-7-700x1269.jpg 700w, https:\/\/rotary.zamosc.pl\/wp-content\/uploads\/2026\/03\/Stypendia-dla-uzdolnionej-mlodziezy-z-PLSP-w-Zamosciu-12-7-166x300.jpg 166w, https:\/\/rotary.zamosc.pl\/wp-content\/uploads\/2026\/03\/Stypendia-dla-uzdolnionej-mlodziezy-z-PLSP-w-Zamosciu-12-7-768x1392.jpg 768w, https:\/\/rotary.zamosc.pl\/wp-content\/uploads\/2026\/03\/Stypendia-dla-uzdolnionej-mlodziezy-z-PLSP-w-Zamosciu-12-7-847x1536.jpg 847w, https:\/\/rotary.zamosc.pl\/wp-content\/uploads\/2026\/03\/Stypendia-dla-uzdolnionej-mlodziezy-z-PLSP-w-Zamosciu-12-7-800x1450.jpg 800w, https:\/\/rotary.zamosc.pl\/wp-content\/uploads\/2026\/03\/Stypendia-dla-uzdolnionej-mlodziezy-z-PLSP-w-Zamosciu-12-7.jpg 1013w\" sizes=\"(max-width: 700px) 100vw, 700px\" \/><\/figure>\n\n\n\n<figure class=\"wp-block-image size-large\"><img loading=\"lazy\" decoding=\"async\" width=\"700\" height=\"394\" data-id=\"6443\" src=\"https:\/\/rotary.zamosc.pl\/wp-content\/uploads\/2026\/03\/Stypendia-dla-uzdolnionej-mlodziezy-z-PLSP-w-Zamosciu-12-6-700x394.jpg\" alt=\"\" class=\"wp-image-6443\" srcset=\"https:\/\/rotary.zamosc.pl\/wp-content\/uploads\/2026\/03\/Stypendia-dla-uzdolnionej-mlodziezy-z-PLSP-w-Zamosciu-12-6-700x394.jpg 700w, https:\/\/rotary.zamosc.pl\/wp-content\/uploads\/2026\/03\/Stypendia-dla-uzdolnionej-mlodziezy-z-PLSP-w-Zamosciu-12-6-300x169.jpg 300w, https:\/\/rotary.zamosc.pl\/wp-content\/uploads\/2026\/03\/Stypendia-dla-uzdolnionej-mlodziezy-z-PLSP-w-Zamosciu-12-6-768x432.jpg 768w, https:\/\/rotary.zamosc.pl\/wp-content\/uploads\/2026\/03\/Stypendia-dla-uzdolnionej-mlodziezy-z-PLSP-w-Zamosciu-12-6-1536x864.jpg 1536w, https:\/\/rotary.zamosc.pl\/wp-content\/uploads\/2026\/03\/Stypendia-dla-uzdolnionej-mlodziezy-z-PLSP-w-Zamosciu-12-6-800x450.jpg 800w, https:\/\/rotary.zamosc.pl\/wp-content\/uploads\/2026\/03\/Stypendia-dla-uzdolnionej-mlodziezy-z-PLSP-w-Zamosciu-12-6.jpg 2016w\" sizes=\"(max-width: 700px) 100vw, 700px\" \/><\/figure>\n\n\n\n<figure class=\"wp-block-image size-large\"><img loading=\"lazy\" decoding=\"async\" width=\"700\" height=\"432\" data-id=\"6442\" src=\"https:\/\/rotary.zamosc.pl\/wp-content\/uploads\/2026\/03\/Stypendia-dla-uzdolnionej-mlodziezy-z-PLSP-w-Zamosciu-12-5-700x432.jpg\" alt=\"\" class=\"wp-image-6442\" srcset=\"https:\/\/rotary.zamosc.pl\/wp-content\/uploads\/2026\/03\/Stypendia-dla-uzdolnionej-mlodziezy-z-PLSP-w-Zamosciu-12-5-700x432.jpg 700w, https:\/\/rotary.zamosc.pl\/wp-content\/uploads\/2026\/03\/Stypendia-dla-uzdolnionej-mlodziezy-z-PLSP-w-Zamosciu-12-5-300x185.jpg 300w, https:\/\/rotary.zamosc.pl\/wp-content\/uploads\/2026\/03\/Stypendia-dla-uzdolnionej-mlodziezy-z-PLSP-w-Zamosciu-12-5-768x474.jpg 768w, https:\/\/rotary.zamosc.pl\/wp-content\/uploads\/2026\/03\/Stypendia-dla-uzdolnionej-mlodziezy-z-PLSP-w-Zamosciu-12-5-1536x949.jpg 1536w, https:\/\/rotary.zamosc.pl\/wp-content\/uploads\/2026\/03\/Stypendia-dla-uzdolnionej-mlodziezy-z-PLSP-w-Zamosciu-12-5-800x494.jpg 800w, https:\/\/rotary.zamosc.pl\/wp-content\/uploads\/2026\/03\/Stypendia-dla-uzdolnionej-mlodziezy-z-PLSP-w-Zamosciu-12-5.jpg 1836w\" sizes=\"(max-width: 700px) 100vw, 700px\" \/><\/figure>\n\n\n\n<figure class=\"wp-block-image size-large\"><img loading=\"lazy\" decoding=\"async\" width=\"700\" height=\"394\" data-id=\"6441\" src=\"https:\/\/rotary.zamosc.pl\/wp-content\/uploads\/2026\/03\/Stypendia-dla-uzdolnionej-mlodziezy-z-PLSP-w-Zamosciu-12-4-700x394.jpg\" alt=\"\" class=\"wp-image-6441\" srcset=\"https:\/\/rotary.zamosc.pl\/wp-content\/uploads\/2026\/03\/Stypendia-dla-uzdolnionej-mlodziezy-z-PLSP-w-Zamosciu-12-4-700x394.jpg 700w, https:\/\/rotary.zamosc.pl\/wp-content\/uploads\/2026\/03\/Stypendia-dla-uzdolnionej-mlodziezy-z-PLSP-w-Zamosciu-12-4-300x169.jpg 300w, https:\/\/rotary.zamosc.pl\/wp-content\/uploads\/2026\/03\/Stypendia-dla-uzdolnionej-mlodziezy-z-PLSP-w-Zamosciu-12-4-768x432.jpg 768w, https:\/\/rotary.zamosc.pl\/wp-content\/uploads\/2026\/03\/Stypendia-dla-uzdolnionej-mlodziezy-z-PLSP-w-Zamosciu-12-4-1536x864.jpg 1536w, https:\/\/rotary.zamosc.pl\/wp-content\/uploads\/2026\/03\/Stypendia-dla-uzdolnionej-mlodziezy-z-PLSP-w-Zamosciu-12-4-800x450.jpg 800w, https:\/\/rotary.zamosc.pl\/wp-content\/uploads\/2026\/03\/Stypendia-dla-uzdolnionej-mlodziezy-z-PLSP-w-Zamosciu-12-4.jpg 2016w\" sizes=\"(max-width: 700px) 100vw, 700px\" \/><\/figure>\n\n\n\n<figure class=\"wp-block-image size-large\"><img loading=\"lazy\" decoding=\"async\" width=\"700\" height=\"394\" data-id=\"6440\" src=\"https:\/\/rotary.zamosc.pl\/wp-content\/uploads\/2026\/03\/Stypendia-dla-uzdolnionej-mlodziezy-z-PLSP-w-Zamosciu-12-3-700x394.jpg\" alt=\"\" class=\"wp-image-6440\" srcset=\"https:\/\/rotary.zamosc.pl\/wp-content\/uploads\/2026\/03\/Stypendia-dla-uzdolnionej-mlodziezy-z-PLSP-w-Zamosciu-12-3-700x394.jpg 700w, https:\/\/rotary.zamosc.pl\/wp-content\/uploads\/2026\/03\/Stypendia-dla-uzdolnionej-mlodziezy-z-PLSP-w-Zamosciu-12-3-300x169.jpg 300w, https:\/\/rotary.zamosc.pl\/wp-content\/uploads\/2026\/03\/Stypendia-dla-uzdolnionej-mlodziezy-z-PLSP-w-Zamosciu-12-3-768x432.jpg 768w, https:\/\/rotary.zamosc.pl\/wp-content\/uploads\/2026\/03\/Stypendia-dla-uzdolnionej-mlodziezy-z-PLSP-w-Zamosciu-12-3-1536x864.jpg 1536w, https:\/\/rotary.zamosc.pl\/wp-content\/uploads\/2026\/03\/Stypendia-dla-uzdolnionej-mlodziezy-z-PLSP-w-Zamosciu-12-3-800x450.jpg 800w, https:\/\/rotary.zamosc.pl\/wp-content\/uploads\/2026\/03\/Stypendia-dla-uzdolnionej-mlodziezy-z-PLSP-w-Zamosciu-12-3.jpg 2016w\" sizes=\"(max-width: 700px) 100vw, 700px\" \/><\/figure>\n\n\n\n<figure class=\"wp-block-image size-large\"><img loading=\"lazy\" decoding=\"async\" width=\"700\" height=\"394\" data-id=\"6439\" src=\"https:\/\/rotary.zamosc.pl\/wp-content\/uploads\/2026\/03\/Stypendia-dla-uzdolnionej-mlodziezy-z-PLSP-w-Zamosciu-12-2-700x394.jpg\" alt=\"\" class=\"wp-image-6439\" srcset=\"https:\/\/rotary.zamosc.pl\/wp-content\/uploads\/2026\/03\/Stypendia-dla-uzdolnionej-mlodziezy-z-PLSP-w-Zamosciu-12-2-700x394.jpg 700w, https:\/\/rotary.zamosc.pl\/wp-content\/uploads\/2026\/03\/Stypendia-dla-uzdolnionej-mlodziezy-z-PLSP-w-Zamosciu-12-2-300x169.jpg 300w, https:\/\/rotary.zamosc.pl\/wp-content\/uploads\/2026\/03\/Stypendia-dla-uzdolnionej-mlodziezy-z-PLSP-w-Zamosciu-12-2-768x432.jpg 768w, https:\/\/rotary.zamosc.pl\/wp-content\/uploads\/2026\/03\/Stypendia-dla-uzdolnionej-mlodziezy-z-PLSP-w-Zamosciu-12-2-1536x864.jpg 1536w, https:\/\/rotary.zamosc.pl\/wp-content\/uploads\/2026\/03\/Stypendia-dla-uzdolnionej-mlodziezy-z-PLSP-w-Zamosciu-12-2-800x450.jpg 800w, https:\/\/rotary.zamosc.pl\/wp-content\/uploads\/2026\/03\/Stypendia-dla-uzdolnionej-mlodziezy-z-PLSP-w-Zamosciu-12-2.jpg 2016w\" sizes=\"(max-width: 700px) 100vw, 700px\" \/><\/figure>\n<\/figure>\n","protected":false},"excerpt":{"rendered":"<p>Rotary Club Zamo\u015b\u0107 ufundowa\u0142 dwa stypendia po 1500 z\u0142otych uzdolnionym uczennicom z Pa\u0144stwowego Liceum Sztuk Plastycznych w Zamo\u015bciu. Uroczyste spotkanie mia\u0142o miejsce 19 grudnia w siedzibie szko\u0142y, a otworzy\u0142a je Dyrektor PLSP Marzena Tadeusz, kt\u00f3ra powita\u0142a cz\u0142onk\u00f3w klubu RC Zamo\u015b\u0107 na czele z Prezydentem Zbigniewem Gumuli\u0144skim oraz m\u0142odzie\u017c. Pani dyrektor przedstawi\u0142a r\u00f3wnie\u017c stypendystki, wybrane przez&#8230;<\/p>\n","protected":false},"author":1,"featured_media":6438,"comment_status":"open","ping_status":"open","sticky":false,"template":"","format":"standard","meta":{"footnotes":""},"categories":[11,17],"tags":[],"class_list":["post-6437","post","type-post","status-publish","format-standard","has-post-thumbnail","hentry","category-11","category-stypendia"],"rttpg_featured_image_url":{"full":["https:\/\/rotary.zamosc.pl\/wp-content\/uploads\/2026\/03\/Stypendia-dla-uzdolnionej-mlodziezy-z-PLSP-w-Zamosciu-12-1.jpg",2016,1134,false],"landscape":["https:\/\/rotary.zamosc.pl\/wp-content\/uploads\/2026\/03\/Stypendia-dla-uzdolnionej-mlodziezy-z-PLSP-w-Zamosciu-12-1.jpg",2016,1134,false],"portraits":["https:\/\/rotary.zamosc.pl\/wp-content\/uploads\/2026\/03\/Stypendia-dla-uzdolnionej-mlodziezy-z-PLSP-w-Zamosciu-12-1.jpg",2016,1134,false],"thumbnail":["https:\/\/rotary.zamosc.pl\/wp-content\/uploads\/2026\/03\/Stypendia-dla-uzdolnionej-mlodziezy-z-PLSP-w-Zamosciu-12-1-150x150.jpg",150,150,true],"medium":["https:\/\/rotary.zamosc.pl\/wp-content\/uploads\/2026\/03\/Stypendia-dla-uzdolnionej-mlodziezy-z-PLSP-w-Zamosciu-12-1-300x169.jpg",300,169,true],"large":["https:\/\/rotary.zamosc.pl\/wp-content\/uploads\/2026\/03\/Stypendia-dla-uzdolnionej-mlodziezy-z-PLSP-w-Zamosciu-12-1-700x394.jpg",700,394,true],"1536x1536":["https:\/\/rotary.zamosc.pl\/wp-content\/uploads\/2026\/03\/Stypendia-dla-uzdolnionej-mlodziezy-z-PLSP-w-Zamosciu-12-1-1536x864.jpg",1536,864,true],"2048x2048":["https:\/\/rotary.zamosc.pl\/wp-content\/uploads\/2026\/03\/Stypendia-dla-uzdolnionej-mlodziezy-z-PLSP-w-Zamosciu-12-1.jpg",2016,1134,false],"post-thumbnail":["https:\/\/rotary.zamosc.pl\/wp-content\/uploads\/2026\/03\/Stypendia-dla-uzdolnionej-mlodziezy-z-PLSP-w-Zamosciu-12-1-800x450.jpg",800,450,true],"graphy-post-thumbnail-large":["https:\/\/rotary.zamosc.pl\/wp-content\/uploads\/2026\/03\/Stypendia-dla-uzdolnionej-mlodziezy-z-PLSP-w-Zamosciu-12-1-1080x600.jpg",1080,600,true],"graphy-post-thumbnail-medium":["https:\/\/rotary.zamosc.pl\/wp-content\/uploads\/2026\/03\/Stypendia-dla-uzdolnionej-mlodziezy-z-PLSP-w-Zamosciu-12-1-482x300.jpg",482,300,true],"graphy-post-thumbnail-small":["https:\/\/rotary.zamosc.pl\/wp-content\/uploads\/2026\/03\/Stypendia-dla-uzdolnionej-mlodziezy-z-PLSP-w-Zamosciu-12-1-80x60.jpg",80,60,true],"graphy-page-thumbnail":["https:\/\/rotary.zamosc.pl\/wp-content\/uploads\/2026\/03\/Stypendia-dla-uzdolnionej-mlodziezy-z-PLSP-w-Zamosciu-12-1-1260x350.jpg",1260,350,true],"sow-carousel-default":["https:\/\/rotary.zamosc.pl\/wp-content\/uploads\/2026\/03\/Stypendia-dla-uzdolnionej-mlodziezy-z-PLSP-w-Zamosciu-12-1-272x182.jpg",272,182,true]},"rttpg_author":{"display_name":"rotaryzamosc","author_link":"https:\/\/rotary.zamosc.pl\/index.php\/author\/rotaryzamosc\/"},"rttpg_comment":0,"rttpg_category":"<a href=\"https:\/\/rotary.zamosc.pl\/index.php\/category\/2023\/\" rel=\"category tag\">2023<\/a> <a href=\"https:\/\/rotary.zamosc.pl\/index.php\/category\/stypendia\/\" rel=\"category tag\">Stypendia<\/a>","rttpg_excerpt":"Rotary Club Zamo\u015b\u0107 ufundowa\u0142 dwa stypendia po 1500 z\u0142otych uzdolnionym uczennicom z Pa\u0144stwowego Liceum Sztuk Plastycznych w Zamo\u015bciu. Uroczyste spotkanie mia\u0142o miejsce 19 grudnia w siedzibie szko\u0142y, a otworzy\u0142a je Dyrektor PLSP Marzena Tadeusz, kt\u00f3ra powita\u0142a cz\u0142onk\u00f3w klubu RC Zamo\u015b\u0107 na czele z Prezydentem Zbigniewem Gumuli\u0144skim oraz m\u0142odzie\u017c. Pani dyrektor przedstawi\u0142a r\u00f3wnie\u017c stypendystki, wybrane przez...","_links":{"self":[{"href":"https:\/\/rotary.zamosc.pl\/index.php\/wp-json\/wp\/v2\/posts\/6437","targetHints":{"allow":["GET"]}}],"collection":[{"href":"https:\/\/rotary.zamosc.pl\/index.php\/wp-json\/wp\/v2\/posts"}],"about":[{"href":"https:\/\/rotary.zamosc.pl\/index.php\/wp-json\/wp\/v2\/types\/post"}],"author":[{"embeddable":true,"href":"https:\/\/rotary.zamosc.pl\/index.php\/wp-json\/wp\/v2\/users\/1"}],"replies":[{"embeddable":true,"href":"https:\/\/rotary.zamosc.pl\/index.php\/wp-json\/wp\/v2\/comments?post=6437"}],"version-history":[{"count":1,"href":"https:\/\/rotary.zamosc.pl\/index.php\/wp-json\/wp\/v2\/posts\/6437\/revisions"}],"predecessor-version":[{"id":6449,"href":"https:\/\/rotary.zamosc.pl\/index.php\/wp-json\/wp\/v2\/posts\/6437\/revisions\/6449"}],"wp:featuredmedia":[{"embeddable":true,"href":"https:\/\/rotary.zamosc.pl\/index.php\/wp-json\/wp\/v2\/media\/6438"}],"wp:attachment":[{"href":"https:\/\/rotary.zamosc.pl\/index.php\/wp-json\/wp\/v2\/media?parent=6437"}],"wp:term":[{"taxonomy":"category","embeddable":true,"href":"https:\/\/rotary.zamosc.pl\/index.php\/wp-json\/wp\/v2\/categories?post=6437"},{"taxonomy":"post_tag","embeddable":true,"href":"https:\/\/rotary.zamosc.pl\/index.php\/wp-json\/wp\/v2\/tags?post=6437"}],"curies":[{"name":"wp","href":"https:\/\/api.w.org\/{rel}","templated":true}]}}