{"id":6458,"date":"2023-12-08T08:49:00","date_gmt":"2023-12-08T07:49:00","guid":{"rendered":"https:\/\/rotary.zamosc.pl\/?p=6458"},"modified":"2026-03-17T08:51:25","modified_gmt":"2026-03-17T07:51:25","slug":"wigilia-2023-w-rc-zamosc","status":"publish","type":"post","link":"https:\/\/rotary.zamosc.pl\/index.php\/2023\/12\/08\/wigilia-2023-w-rc-zamosc\/","title":{"rendered":"Wigilia 2023 w RC Zamo\u015b\u0107"},"content":{"rendered":"\n<p class=\"wp-block-paragraph\">8 grudnia, w restauracji Hotelu Artis odby\u0142o si\u0119 spotkanie wigilijne cz\u0142onk\u00f3w klubu.<\/p>\n\n\n\n<p class=\"wp-block-paragraph\">Mimo, i\u017c do \u015bwi\u0105t jeszcze dwa tygodnie, to by\u0142a to mi\u0142a okazja do spotkania si\u0119, z\u0142o\u017cenia sobie \u017cycze\u0144, po\u015bpiewania kol\u0119d i przede wszystkim poczucia magii \u015awi\u0105t Bo\u017cego Narodzenia.<\/p>\n\n\n\n<p class=\"wp-block-paragraph\">Podczas spotkania by\u0142y dwa uroczyste momenty.<\/p>\n\n\n\n<p class=\"wp-block-paragraph\">Pierwszy, to wr\u0119czenie naszej klubowej kole\u017cance El\u017cbiecie Szyma\u0144skiej, Odznaki Paula Harrisa z szafirem za wybitne zas\u0142ugi w s\u0142u\u017cbie rotaria\u0144skiej.<\/p>\n\n\n\n<p class=\"wp-block-paragraph\">Gratulujemy serdecznie tego zaszczytnego wyr\u00f3\u017cnienia.<\/p>\n\n\n\n<p class=\"wp-block-paragraph\">Drugi moment, to przyj\u0119cie w poczet cz\u0142onk\u00f3w RC Zamo\u015b\u0107, Krzysztofa Krup\u0119.<\/p>\n\n\n\n<p class=\"wp-block-paragraph\">Gratulujemy r\u00f3wnie\u017c, ciesz\u0105c si\u0119 jednocze\u015bnie z powi\u0119kszenia szereg\u00f3w klubu. \u017byczymy pasji i zaanga\u017cowania w s\u0142u\u017cbie rotaria\u0144skiej.<\/p>\n\n\n\n<p class=\"wp-block-paragraph\">Tradycyjnie ju\u017c zbierali\u015bmy pieni\u0105dze na karm\u0119 dla zwierz\u0105t. Za zebran\u0105 sum\u0119 w wysoko\u015bci 810 z\u0142otych zakupimy karm\u0119 i akcesoria dla zwierz\u0105t, kt\u00f3re przebywaj\u0105 w schronisku przy ul. Braterstwa Broni w Zamo\u015bciu.<\/p>\n\n\n\n<p class=\"wp-block-paragraph\">Mi\u0142ym akcentem by\u0142y kwiaty i \u017cyczenia dla naszej kole\u017canki Marii Zygo, kt\u00f3ra mia\u0142a tego dnia imieniny.<\/p>\n\n\n\n<figure class=\"wp-block-gallery has-nested-images columns-1 is-cropped wp-block-gallery-1 is-layout-flex wp-block-gallery-is-layout-flex\">\n<figure class=\"wp-block-image size-large\"><img fetchpriority=\"high\" decoding=\"async\" width=\"700\" height=\"580\" data-id=\"4240\" src=\"https:\/\/rotary.zamosc.pl\/wp-content\/uploads\/2023\/12\/Wigilia-2023-w-RC-Zamosc-14-700x580.jpg\" alt=\"\" class=\"wp-image-4240\" srcset=\"https:\/\/rotary.zamosc.pl\/wp-content\/uploads\/2023\/12\/Wigilia-2023-w-RC-Zamosc-14-700x580.jpg 700w, https:\/\/rotary.zamosc.pl\/wp-content\/uploads\/2023\/12\/Wigilia-2023-w-RC-Zamosc-14-300x248.jpg 300w, https:\/\/rotary.zamosc.pl\/wp-content\/uploads\/2023\/12\/Wigilia-2023-w-RC-Zamosc-14-768x636.jpg 768w, https:\/\/rotary.zamosc.pl\/wp-content\/uploads\/2023\/12\/Wigilia-2023-w-RC-Zamosc-14-1536x1272.jpg 1536w, https:\/\/rotary.zamosc.pl\/wp-content\/uploads\/2023\/12\/Wigilia-2023-w-RC-Zamosc-14-800x663.jpg 800w, https:\/\/rotary.zamosc.pl\/wp-content\/uploads\/2023\/12\/Wigilia-2023-w-RC-Zamosc-14.jpg 2048w\" sizes=\"(max-width: 700px) 100vw, 700px\" \/><\/figure>\n\n\n\n<figure class=\"wp-block-image size-large\"><img decoding=\"async\" width=\"700\" height=\"933\" data-id=\"4238\" src=\"https:\/\/rotary.zamosc.pl\/wp-content\/uploads\/2023\/12\/Wigilia-2023-w-RC-Zamosc-12-700x933.jpg\" alt=\"\" class=\"wp-image-4238\" srcset=\"https:\/\/rotary.zamosc.pl\/wp-content\/uploads\/2023\/12\/Wigilia-2023-w-RC-Zamosc-12-700x933.jpg 700w, https:\/\/rotary.zamosc.pl\/wp-content\/uploads\/2023\/12\/Wigilia-2023-w-RC-Zamosc-12-225x300.jpg 225w, https:\/\/rotary.zamosc.pl\/wp-content\/uploads\/2023\/12\/Wigilia-2023-w-RC-Zamosc-12-768x1024.jpg 768w, https:\/\/rotary.zamosc.pl\/wp-content\/uploads\/2023\/12\/Wigilia-2023-w-RC-Zamosc-12-1152x1536.jpg 1152w, https:\/\/rotary.zamosc.pl\/wp-content\/uploads\/2023\/12\/Wigilia-2023-w-RC-Zamosc-12-800x1067.jpg 800w, https:\/\/rotary.zamosc.pl\/wp-content\/uploads\/2023\/12\/Wigilia-2023-w-RC-Zamosc-12.jpg 1200w\" sizes=\"(max-width: 700px) 100vw, 700px\" \/><\/figure>\n\n\n\n<figure class=\"wp-block-image size-large\"><img decoding=\"async\" width=\"700\" height=\"933\" data-id=\"4237\" src=\"https:\/\/rotary.zamosc.pl\/wp-content\/uploads\/2023\/12\/Wigilia-2023-w-RC-Zamosc-11-700x933.jpg\" alt=\"\" class=\"wp-image-4237\" srcset=\"https:\/\/rotary.zamosc.pl\/wp-content\/uploads\/2023\/12\/Wigilia-2023-w-RC-Zamosc-11-700x933.jpg 700w, https:\/\/rotary.zamosc.pl\/wp-content\/uploads\/2023\/12\/Wigilia-2023-w-RC-Zamosc-11-225x300.jpg 225w, https:\/\/rotary.zamosc.pl\/wp-content\/uploads\/2023\/12\/Wigilia-2023-w-RC-Zamosc-11-768x1024.jpg 768w, https:\/\/rotary.zamosc.pl\/wp-content\/uploads\/2023\/12\/Wigilia-2023-w-RC-Zamosc-11-1152x1536.jpg 1152w, https:\/\/rotary.zamosc.pl\/wp-content\/uploads\/2023\/12\/Wigilia-2023-w-RC-Zamosc-11-800x1067.jpg 800w, https:\/\/rotary.zamosc.pl\/wp-content\/uploads\/2023\/12\/Wigilia-2023-w-RC-Zamosc-11.jpg 1200w\" sizes=\"(max-width: 700px) 100vw, 700px\" \/><\/figure>\n\n\n\n<figure class=\"wp-block-image size-large\"><img loading=\"lazy\" decoding=\"async\" width=\"700\" height=\"933\" data-id=\"4236\" src=\"https:\/\/rotary.zamosc.pl\/wp-content\/uploads\/2023\/12\/Wigilia-2023-w-RC-Zamosc-10-700x933.jpg\" alt=\"\" class=\"wp-image-4236\" srcset=\"https:\/\/rotary.zamosc.pl\/wp-content\/uploads\/2023\/12\/Wigilia-2023-w-RC-Zamosc-10-700x933.jpg 700w, https:\/\/rotary.zamosc.pl\/wp-content\/uploads\/2023\/12\/Wigilia-2023-w-RC-Zamosc-10-225x300.jpg 225w, https:\/\/rotary.zamosc.pl\/wp-content\/uploads\/2023\/12\/Wigilia-2023-w-RC-Zamosc-10-768x1024.jpg 768w, https:\/\/rotary.zamosc.pl\/wp-content\/uploads\/2023\/12\/Wigilia-2023-w-RC-Zamosc-10-1152x1536.jpg 1152w, https:\/\/rotary.zamosc.pl\/wp-content\/uploads\/2023\/12\/Wigilia-2023-w-RC-Zamosc-10-800x1067.jpg 800w, https:\/\/rotary.zamosc.pl\/wp-content\/uploads\/2023\/12\/Wigilia-2023-w-RC-Zamosc-10.jpg 1200w\" sizes=\"(max-width: 700px) 100vw, 700px\" \/><\/figure>\n\n\n\n<figure class=\"wp-block-image size-large\"><img loading=\"lazy\" decoding=\"async\" width=\"700\" height=\"525\" data-id=\"4235\" src=\"https:\/\/rotary.zamosc.pl\/wp-content\/uploads\/2023\/12\/Wigilia-2023-w-RC-Zamosc-9-700x525.jpg\" alt=\"\" class=\"wp-image-4235\" srcset=\"https:\/\/rotary.zamosc.pl\/wp-content\/uploads\/2023\/12\/Wigilia-2023-w-RC-Zamosc-9-700x525.jpg 700w, https:\/\/rotary.zamosc.pl\/wp-content\/uploads\/2023\/12\/Wigilia-2023-w-RC-Zamosc-9-300x225.jpg 300w, https:\/\/rotary.zamosc.pl\/wp-content\/uploads\/2023\/12\/Wigilia-2023-w-RC-Zamosc-9-768x576.jpg 768w, https:\/\/rotary.zamosc.pl\/wp-content\/uploads\/2023\/12\/Wigilia-2023-w-RC-Zamosc-9-1536x1152.jpg 1536w, https:\/\/rotary.zamosc.pl\/wp-content\/uploads\/2023\/12\/Wigilia-2023-w-RC-Zamosc-9-800x600.jpg 800w, https:\/\/rotary.zamosc.pl\/wp-content\/uploads\/2023\/12\/Wigilia-2023-w-RC-Zamosc-9-80x60.jpg 80w, https:\/\/rotary.zamosc.pl\/wp-content\/uploads\/2023\/12\/Wigilia-2023-w-RC-Zamosc-9.jpg 2048w\" sizes=\"(max-width: 700px) 100vw, 700px\" \/><\/figure>\n\n\n\n<figure class=\"wp-block-image size-large\"><img loading=\"lazy\" decoding=\"async\" width=\"700\" height=\"933\" data-id=\"4234\" src=\"https:\/\/rotary.zamosc.pl\/wp-content\/uploads\/2023\/12\/Wigilia-2023-w-RC-Zamosc-8-700x933.jpg\" alt=\"\" class=\"wp-image-4234\" srcset=\"https:\/\/rotary.zamosc.pl\/wp-content\/uploads\/2023\/12\/Wigilia-2023-w-RC-Zamosc-8-700x933.jpg 700w, https:\/\/rotary.zamosc.pl\/wp-content\/uploads\/2023\/12\/Wigilia-2023-w-RC-Zamosc-8-225x300.jpg 225w, https:\/\/rotary.zamosc.pl\/wp-content\/uploads\/2023\/12\/Wigilia-2023-w-RC-Zamosc-8-768x1024.jpg 768w, https:\/\/rotary.zamosc.pl\/wp-content\/uploads\/2023\/12\/Wigilia-2023-w-RC-Zamosc-8-1152x1536.jpg 1152w, https:\/\/rotary.zamosc.pl\/wp-content\/uploads\/2023\/12\/Wigilia-2023-w-RC-Zamosc-8-800x1067.jpg 800w, https:\/\/rotary.zamosc.pl\/wp-content\/uploads\/2023\/12\/Wigilia-2023-w-RC-Zamosc-8.jpg 1200w\" sizes=\"(max-width: 700px) 100vw, 700px\" \/><\/figure>\n\n\n\n<figure class=\"wp-block-image size-large\"><img loading=\"lazy\" decoding=\"async\" width=\"700\" height=\"933\" data-id=\"4233\" src=\"https:\/\/rotary.zamosc.pl\/wp-content\/uploads\/2023\/12\/Wigilia-2023-w-RC-Zamosc-7-700x933.jpg\" alt=\"\" class=\"wp-image-4233\" srcset=\"https:\/\/rotary.zamosc.pl\/wp-content\/uploads\/2023\/12\/Wigilia-2023-w-RC-Zamosc-7-700x933.jpg 700w, https:\/\/rotary.zamosc.pl\/wp-content\/uploads\/2023\/12\/Wigilia-2023-w-RC-Zamosc-7-225x300.jpg 225w, https:\/\/rotary.zamosc.pl\/wp-content\/uploads\/2023\/12\/Wigilia-2023-w-RC-Zamosc-7-768x1024.jpg 768w, https:\/\/rotary.zamosc.pl\/wp-content\/uploads\/2023\/12\/Wigilia-2023-w-RC-Zamosc-7-1152x1536.jpg 1152w, https:\/\/rotary.zamosc.pl\/wp-content\/uploads\/2023\/12\/Wigilia-2023-w-RC-Zamosc-7-800x1067.jpg 800w, https:\/\/rotary.zamosc.pl\/wp-content\/uploads\/2023\/12\/Wigilia-2023-w-RC-Zamosc-7.jpg 1200w\" sizes=\"(max-width: 700px) 100vw, 700px\" \/><\/figure>\n\n\n\n<figure class=\"wp-block-image size-large\"><img loading=\"lazy\" decoding=\"async\" width=\"700\" height=\"856\" data-id=\"4232\" src=\"https:\/\/rotary.zamosc.pl\/wp-content\/uploads\/2023\/12\/Wigilia-2023-w-RC-Zamosc-6-700x856.jpg\" alt=\"\" class=\"wp-image-4232\" srcset=\"https:\/\/rotary.zamosc.pl\/wp-content\/uploads\/2023\/12\/Wigilia-2023-w-RC-Zamosc-6-700x856.jpg 700w, https:\/\/rotary.zamosc.pl\/wp-content\/uploads\/2023\/12\/Wigilia-2023-w-RC-Zamosc-6-245x300.jpg 245w, https:\/\/rotary.zamosc.pl\/wp-content\/uploads\/2023\/12\/Wigilia-2023-w-RC-Zamosc-6-768x940.jpg 768w, https:\/\/rotary.zamosc.pl\/wp-content\/uploads\/2023\/12\/Wigilia-2023-w-RC-Zamosc-6-1256x1536.jpg 1256w, https:\/\/rotary.zamosc.pl\/wp-content\/uploads\/2023\/12\/Wigilia-2023-w-RC-Zamosc-6-800x979.jpg 800w, https:\/\/rotary.zamosc.pl\/wp-content\/uploads\/2023\/12\/Wigilia-2023-w-RC-Zamosc-6.jpg 1674w\" sizes=\"(max-width: 700px) 100vw, 700px\" \/><\/figure>\n\n\n\n<figure class=\"wp-block-image size-large\"><img loading=\"lazy\" decoding=\"async\" width=\"700\" height=\"933\" data-id=\"4227\" src=\"https:\/\/rotary.zamosc.pl\/wp-content\/uploads\/2023\/12\/Wigilia-2023-w-RC-Zamosc-1-700x933.jpg\" alt=\"\" class=\"wp-image-4227\" srcset=\"https:\/\/rotary.zamosc.pl\/wp-content\/uploads\/2023\/12\/Wigilia-2023-w-RC-Zamosc-1-700x933.jpg 700w, https:\/\/rotary.zamosc.pl\/wp-content\/uploads\/2023\/12\/Wigilia-2023-w-RC-Zamosc-1-225x300.jpg 225w, https:\/\/rotary.zamosc.pl\/wp-content\/uploads\/2023\/12\/Wigilia-2023-w-RC-Zamosc-1-768x1024.jpg 768w, https:\/\/rotary.zamosc.pl\/wp-content\/uploads\/2023\/12\/Wigilia-2023-w-RC-Zamosc-1-1152x1536.jpg 1152w, https:\/\/rotary.zamosc.pl\/wp-content\/uploads\/2023\/12\/Wigilia-2023-w-RC-Zamosc-1-800x1067.jpg 800w, https:\/\/rotary.zamosc.pl\/wp-content\/uploads\/2023\/12\/Wigilia-2023-w-RC-Zamosc-1.jpg 1536w\" sizes=\"(max-width: 700px) 100vw, 700px\" \/><\/figure>\n\n\n\n<figure class=\"wp-block-image size-large\"><img loading=\"lazy\" decoding=\"async\" width=\"700\" height=\"933\" data-id=\"4228\" src=\"https:\/\/rotary.zamosc.pl\/wp-content\/uploads\/2023\/12\/Wigilia-2023-w-RC-Zamosc-2-700x933.jpg\" alt=\"\" class=\"wp-image-4228\" srcset=\"https:\/\/rotary.zamosc.pl\/wp-content\/uploads\/2023\/12\/Wigilia-2023-w-RC-Zamosc-2-700x933.jpg 700w, https:\/\/rotary.zamosc.pl\/wp-content\/uploads\/2023\/12\/Wigilia-2023-w-RC-Zamosc-2-225x300.jpg 225w, https:\/\/rotary.zamosc.pl\/wp-content\/uploads\/2023\/12\/Wigilia-2023-w-RC-Zamosc-2-768x1024.jpg 768w, https:\/\/rotary.zamosc.pl\/wp-content\/uploads\/2023\/12\/Wigilia-2023-w-RC-Zamosc-2-1152x1536.jpg 1152w, https:\/\/rotary.zamosc.pl\/wp-content\/uploads\/2023\/12\/Wigilia-2023-w-RC-Zamosc-2-800x1067.jpg 800w, https:\/\/rotary.zamosc.pl\/wp-content\/uploads\/2023\/12\/Wigilia-2023-w-RC-Zamosc-2.jpg 1536w\" sizes=\"(max-width: 700px) 100vw, 700px\" \/><\/figure>\n\n\n\n<figure class=\"wp-block-image size-large\"><img loading=\"lazy\" decoding=\"async\" width=\"700\" height=\"933\" data-id=\"4229\" src=\"https:\/\/rotary.zamosc.pl\/wp-content\/uploads\/2023\/12\/Wigilia-2023-w-RC-Zamosc-3-700x933.jpg\" alt=\"\" class=\"wp-image-4229\" srcset=\"https:\/\/rotary.zamosc.pl\/wp-content\/uploads\/2023\/12\/Wigilia-2023-w-RC-Zamosc-3-700x933.jpg 700w, https:\/\/rotary.zamosc.pl\/wp-content\/uploads\/2023\/12\/Wigilia-2023-w-RC-Zamosc-3-225x300.jpg 225w, https:\/\/rotary.zamosc.pl\/wp-content\/uploads\/2023\/12\/Wigilia-2023-w-RC-Zamosc-3-768x1024.jpg 768w, https:\/\/rotary.zamosc.pl\/wp-content\/uploads\/2023\/12\/Wigilia-2023-w-RC-Zamosc-3-1152x1536.jpg 1152w, https:\/\/rotary.zamosc.pl\/wp-content\/uploads\/2023\/12\/Wigilia-2023-w-RC-Zamosc-3-800x1067.jpg 800w, https:\/\/rotary.zamosc.pl\/wp-content\/uploads\/2023\/12\/Wigilia-2023-w-RC-Zamosc-3.jpg 1200w\" sizes=\"(max-width: 700px) 100vw, 700px\" \/><\/figure>\n\n\n\n<figure class=\"wp-block-image size-large\"><img loading=\"lazy\" decoding=\"async\" width=\"700\" height=\"610\" data-id=\"4230\" src=\"https:\/\/rotary.zamosc.pl\/wp-content\/uploads\/2023\/12\/Wigilia-2023-w-RC-Zamosc-4-700x610.jpg\" alt=\"\" class=\"wp-image-4230\" srcset=\"https:\/\/rotary.zamosc.pl\/wp-content\/uploads\/2023\/12\/Wigilia-2023-w-RC-Zamosc-4-700x610.jpg 700w, https:\/\/rotary.zamosc.pl\/wp-content\/uploads\/2023\/12\/Wigilia-2023-w-RC-Zamosc-4-300x262.jpg 300w, https:\/\/rotary.zamosc.pl\/wp-content\/uploads\/2023\/12\/Wigilia-2023-w-RC-Zamosc-4-768x670.jpg 768w, https:\/\/rotary.zamosc.pl\/wp-content\/uploads\/2023\/12\/Wigilia-2023-w-RC-Zamosc-4-1536x1340.jpg 1536w, https:\/\/rotary.zamosc.pl\/wp-content\/uploads\/2023\/12\/Wigilia-2023-w-RC-Zamosc-4-800x698.jpg 800w, https:\/\/rotary.zamosc.pl\/wp-content\/uploads\/2023\/12\/Wigilia-2023-w-RC-Zamosc-4.jpg 2048w\" sizes=\"(max-width: 700px) 100vw, 700px\" \/><\/figure>\n\n\n\n<figure class=\"wp-block-image size-large\"><img loading=\"lazy\" decoding=\"async\" width=\"700\" height=\"580\" data-id=\"4231\" src=\"https:\/\/rotary.zamosc.pl\/wp-content\/uploads\/2023\/12\/Wigilia-2023-w-RC-Zamosc-5-700x580.jpg\" alt=\"\" class=\"wp-image-4231\" srcset=\"https:\/\/rotary.zamosc.pl\/wp-content\/uploads\/2023\/12\/Wigilia-2023-w-RC-Zamosc-5-700x580.jpg 700w, https:\/\/rotary.zamosc.pl\/wp-content\/uploads\/2023\/12\/Wigilia-2023-w-RC-Zamosc-5-300x248.jpg 300w, https:\/\/rotary.zamosc.pl\/wp-content\/uploads\/2023\/12\/Wigilia-2023-w-RC-Zamosc-5-768x636.jpg 768w, https:\/\/rotary.zamosc.pl\/wp-content\/uploads\/2023\/12\/Wigilia-2023-w-RC-Zamosc-5-1536x1272.jpg 1536w, https:\/\/rotary.zamosc.pl\/wp-content\/uploads\/2023\/12\/Wigilia-2023-w-RC-Zamosc-5-800x663.jpg 800w, https:\/\/rotary.zamosc.pl\/wp-content\/uploads\/2023\/12\/Wigilia-2023-w-RC-Zamosc-5.jpg 2048w\" sizes=\"(max-width: 700px) 100vw, 700px\" \/><\/figure>\n<\/figure>\n","protected":false},"excerpt":{"rendered":"<p>8 grudnia, w restauracji Hotelu Artis odby\u0142o si\u0119 spotkanie wigilijne cz\u0142onk\u00f3w klubu. Mimo, i\u017c do \u015bwi\u0105t jeszcze dwa tygodnie, to by\u0142a to mi\u0142a okazja do spotkania si\u0119, z\u0142o\u017cenia sobie \u017cycze\u0144, po\u015bpiewania kol\u0119d i przede wszystkim poczucia magii \u015awi\u0105t Bo\u017cego Narodzenia. Podczas spotkania by\u0142y dwa uroczyste momenty. Pierwszy, to wr\u0119czenie naszej klubowej kole\u017cance El\u017cbiecie Szyma\u0144skiej, Odznaki&#8230;<\/p>\n","protected":false},"author":1,"featured_media":4239,"comment_status":"open","ping_status":"open","sticky":false,"template":"","format":"standard","meta":{"footnotes":""},"categories":[11],"tags":[],"class_list":["post-6458","post","type-post","status-publish","format-standard","has-post-thumbnail","hentry","category-11"],"rttpg_featured_image_url":{"full":["https:\/\/rotary.zamosc.pl\/wp-content\/uploads\/2023\/12\/Wigilia-2023-w-RC-Zamosc-13.jpg",2048,1536,false],"landscape":["https:\/\/rotary.zamosc.pl\/wp-content\/uploads\/2023\/12\/Wigilia-2023-w-RC-Zamosc-13.jpg",2048,1536,false],"portraits":["https:\/\/rotary.zamosc.pl\/wp-content\/uploads\/2023\/12\/Wigilia-2023-w-RC-Zamosc-13.jpg",2048,1536,false],"thumbnail":["https:\/\/rotary.zamosc.pl\/wp-content\/uploads\/2023\/12\/Wigilia-2023-w-RC-Zamosc-13-150x150.jpg",150,150,true],"medium":["https:\/\/rotary.zamosc.pl\/wp-content\/uploads\/2023\/12\/Wigilia-2023-w-RC-Zamosc-13-300x225.jpg",300,225,true],"large":["https:\/\/rotary.zamosc.pl\/wp-content\/uploads\/2023\/12\/Wigilia-2023-w-RC-Zamosc-13-700x525.jpg",700,525,true],"1536x1536":["https:\/\/rotary.zamosc.pl\/wp-content\/uploads\/2023\/12\/Wigilia-2023-w-RC-Zamosc-13-1536x1152.jpg",1536,1152,true],"2048x2048":["https:\/\/rotary.zamosc.pl\/wp-content\/uploads\/2023\/12\/Wigilia-2023-w-RC-Zamosc-13.jpg",2048,1536,false],"post-thumbnail":["https:\/\/rotary.zamosc.pl\/wp-content\/uploads\/2023\/12\/Wigilia-2023-w-RC-Zamosc-13-800x600.jpg",800,600,true],"graphy-post-thumbnail-large":["https:\/\/rotary.zamosc.pl\/wp-content\/uploads\/2023\/12\/Wigilia-2023-w-RC-Zamosc-13-1080x600.jpg",1080,600,true],"graphy-post-thumbnail-medium":["https:\/\/rotary.zamosc.pl\/wp-content\/uploads\/2023\/12\/Wigilia-2023-w-RC-Zamosc-13-482x300.jpg",482,300,true],"graphy-post-thumbnail-small":["https:\/\/rotary.zamosc.pl\/wp-content\/uploads\/2023\/12\/Wigilia-2023-w-RC-Zamosc-13-80x60.jpg",80,60,true],"graphy-page-thumbnail":["https:\/\/rotary.zamosc.pl\/wp-content\/uploads\/2023\/12\/Wigilia-2023-w-RC-Zamosc-13-1260x350.jpg",1260,350,true],"sow-carousel-default":["https:\/\/rotary.zamosc.pl\/wp-content\/uploads\/2023\/12\/Wigilia-2023-w-RC-Zamosc-13-272x182.jpg",272,182,true]},"rttpg_author":{"display_name":"rotaryzamosc","author_link":"https:\/\/rotary.zamosc.pl\/index.php\/author\/rotaryzamosc\/"},"rttpg_comment":0,"rttpg_category":"<a href=\"https:\/\/rotary.zamosc.pl\/index.php\/category\/2023\/\" rel=\"category tag\">2023<\/a>","rttpg_excerpt":"8 grudnia, w restauracji Hotelu Artis odby\u0142o si\u0119 spotkanie wigilijne cz\u0142onk\u00f3w klubu. Mimo, i\u017c do \u015bwi\u0105t jeszcze dwa tygodnie, to by\u0142a to mi\u0142a okazja do spotkania si\u0119, z\u0142o\u017cenia sobie \u017cycze\u0144, po\u015bpiewania kol\u0119d i przede wszystkim poczucia magii \u015awi\u0105t Bo\u017cego Narodzenia. Podczas spotkania by\u0142y dwa uroczyste momenty. Pierwszy, to wr\u0119czenie naszej klubowej kole\u017cance El\u017cbiecie Szyma\u0144skiej, Odznaki...","_links":{"self":[{"href":"https:\/\/rotary.zamosc.pl\/index.php\/wp-json\/wp\/v2\/posts\/6458","targetHints":{"allow":["GET"]}}],"collection":[{"href":"https:\/\/rotary.zamosc.pl\/index.php\/wp-json\/wp\/v2\/posts"}],"about":[{"href":"https:\/\/rotary.zamosc.pl\/index.php\/wp-json\/wp\/v2\/types\/post"}],"author":[{"embeddable":true,"href":"https:\/\/rotary.zamosc.pl\/index.php\/wp-json\/wp\/v2\/users\/1"}],"replies":[{"embeddable":true,"href":"https:\/\/rotary.zamosc.pl\/index.php\/wp-json\/wp\/v2\/comments?post=6458"}],"version-history":[{"count":1,"href":"https:\/\/rotary.zamosc.pl\/index.php\/wp-json\/wp\/v2\/posts\/6458\/revisions"}],"predecessor-version":[{"id":6459,"href":"https:\/\/rotary.zamosc.pl\/index.php\/wp-json\/wp\/v2\/posts\/6458\/revisions\/6459"}],"wp:featuredmedia":[{"embeddable":true,"href":"https:\/\/rotary.zamosc.pl\/index.php\/wp-json\/wp\/v2\/media\/4239"}],"wp:attachment":[{"href":"https:\/\/rotary.zamosc.pl\/index.php\/wp-json\/wp\/v2\/media?parent=6458"}],"wp:term":[{"taxonomy":"category","embeddable":true,"href":"https:\/\/rotary.zamosc.pl\/index.php\/wp-json\/wp\/v2\/categories?post=6458"},{"taxonomy":"post_tag","embeddable":true,"href":"https:\/\/rotary.zamosc.pl\/index.php\/wp-json\/wp\/v2\/tags?post=6458"}],"curies":[{"name":"wp","href":"https:\/\/api.w.org\/{rel}","templated":true}]}}