{"id":6460,"date":"2023-12-10T08:51:00","date_gmt":"2023-12-10T07:51:00","guid":{"rendered":"https:\/\/rotary.zamosc.pl\/?p=6460"},"modified":"2026-03-17T08:52:46","modified_gmt":"2026-03-17T07:52:46","slug":"paczka-dla-seniora","status":"publish","type":"post","link":"https:\/\/rotary.zamosc.pl\/index.php\/2023\/12\/10\/paczka-dla-seniora\/","title":{"rendered":"&#8222;Paczka dla Seniora&#8221;"},"content":{"rendered":"\n<p class=\"wp-block-paragraph\">W ramach wsp\u00f3\u0142pracy ze Sp\u00f3\u0142dzielni\u0105 Mieszkaniow\u0105 im. Jana Zamoyskiego, na zebraniu roboczym RC Zamo\u015b\u0107 go\u015bcili\u015bmy Prezes Ma\u0142gorzat\u0119 Kap\u0142on i Wiceprezesa Jacka Szka\u0142ub\u0119.<\/p>\n\n\n\n<p class=\"wp-block-paragraph\">Wsp\u00f3\u0142prac\u0119 ze SM nawi\u0105zali\u015bmy jesieni\u0105 przeprowadzaj\u0105c akcj\u0119 &#8222;Zielone p\u0142uca dla Zamo\u015bcia&#8221; na osiedlu J. Zamoyskiego. W\u0142adze Sp\u00f3\u0142dzielni wspar\u0142y nas zakupuj\u0105c 68 drzew do posadzenia.<\/p>\n\n\n\n<p class=\"wp-block-paragraph\">Podczas zebrania Prezydent Z. Gumuli\u0144ski zapozna\u0142 go\u015bci z zadaniami do realizacji RC Zamo\u015b\u0107 w najbli\u017cszej przysz\u0142o\u015bci, natomiast nasi go\u015bci m\u00f3wili o swoich oczekiwaniach wzgl\u0119dem wsp\u00f3\u0142pracy mi\u0119dzy RC Zamo\u015b\u0107 i SM. Poinformowali nas r\u00f3wnie\u017c o akcji charytatywnej skierowanej do starszych mieszka\u0144c\u00f3w osiedli SM Jana Zamoyskiego. Ta akcja wsparcia ludzi starszych borykaj\u0105cych si\u0119 z wieloma problemami, r\u00f3wnie\u017c finansowymi organizowana jest od wielu lat przez SM przy wsparciu wielu os\u00f3b dobrego serca w okresie przed \u015bwi\u0105tecznym.<\/p>\n\n\n\n<p class=\"wp-block-paragraph\">RC Zamo\u015b\u0107 wspar\u0142 akcj\u0119 kwot\u0105 tysi\u0105ca z\u0142otych.<\/p>\n\n\n\n<p class=\"wp-block-paragraph\">Cieszymy si\u0119 na dalsz\u0105, dobr\u0105 wsp\u00f3\u0142prac\u0119 miedzy naszym klubem, a SM J. Zamoyskiego<\/p>\n\n\n\n<p class=\"wp-block-paragraph\"><\/p>\n","protected":false},"excerpt":{"rendered":"<p>W ramach wsp\u00f3\u0142pracy ze Sp\u00f3\u0142dzielni\u0105 Mieszkaniow\u0105 im. Jana Zamoyskiego, na zebraniu roboczym RC Zamo\u015b\u0107 go\u015bcili\u015bmy Prezes Ma\u0142gorzat\u0119 Kap\u0142on i Wiceprezesa Jacka Szka\u0142ub\u0119. Wsp\u00f3\u0142prac\u0119 ze SM nawi\u0105zali\u015bmy jesieni\u0105 przeprowadzaj\u0105c akcj\u0119 &#8222;Zielone p\u0142uca dla Zamo\u015bcia&#8221; na osiedlu J. Zamoyskiego. W\u0142adze Sp\u00f3\u0142dzielni wspar\u0142y nas zakupuj\u0105c 68 drzew do posadzenia. Podczas zebrania Prezydent Z. Gumuli\u0144ski zapozna\u0142 go\u015bci z zadaniami&#8230;<\/p>\n","protected":false},"author":1,"featured_media":4222,"comment_status":"open","ping_status":"open","sticky":false,"template":"","format":"standard","meta":{"footnotes":""},"categories":[11],"tags":[],"class_list":["post-6460","post","type-post","status-publish","format-standard","has-post-thumbnail","hentry","category-11"],"rttpg_featured_image_url":{"full":["https:\/\/rotary.zamosc.pl\/wp-content\/uploads\/2023\/12\/senior-2023.jpg",1993,889,false],"landscape":["https:\/\/rotary.zamosc.pl\/wp-content\/uploads\/2023\/12\/senior-2023.jpg",1993,889,false],"portraits":["https:\/\/rotary.zamosc.pl\/wp-content\/uploads\/2023\/12\/senior-2023.jpg",1993,889,false],"thumbnail":["https:\/\/rotary.zamosc.pl\/wp-content\/uploads\/2023\/12\/senior-2023-150x150.jpg",150,150,true],"medium":["https:\/\/rotary.zamosc.pl\/wp-content\/uploads\/2023\/12\/senior-2023-300x134.jpg",300,134,true],"large":["https:\/\/rotary.zamosc.pl\/wp-content\/uploads\/2023\/12\/senior-2023-700x312.jpg",700,312,true],"1536x1536":["https:\/\/rotary.zamosc.pl\/wp-content\/uploads\/2023\/12\/senior-2023-1536x685.jpg",1536,685,true],"2048x2048":["https:\/\/rotary.zamosc.pl\/wp-content\/uploads\/2023\/12\/senior-2023.jpg",1993,889,false],"post-thumbnail":["https:\/\/rotary.zamosc.pl\/wp-content\/uploads\/2023\/12\/senior-2023-800x357.jpg",800,357,true],"graphy-post-thumbnail-large":["https:\/\/rotary.zamosc.pl\/wp-content\/uploads\/2023\/12\/senior-2023-1080x600.jpg",1080,600,true],"graphy-post-thumbnail-medium":["https:\/\/rotary.zamosc.pl\/wp-content\/uploads\/2023\/12\/senior-2023-482x300.jpg",482,300,true],"graphy-post-thumbnail-small":["https:\/\/rotary.zamosc.pl\/wp-content\/uploads\/2023\/12\/senior-2023-80x60.jpg",80,60,true],"graphy-page-thumbnail":["https:\/\/rotary.zamosc.pl\/wp-content\/uploads\/2023\/12\/senior-2023-1260x350.jpg",1260,350,true],"sow-carousel-default":["https:\/\/rotary.zamosc.pl\/wp-content\/uploads\/2023\/12\/senior-2023-272x182.jpg",272,182,true]},"rttpg_author":{"display_name":"rotaryzamosc","author_link":"https:\/\/rotary.zamosc.pl\/index.php\/author\/rotaryzamosc\/"},"rttpg_comment":0,"rttpg_category":"<a href=\"https:\/\/rotary.zamosc.pl\/index.php\/category\/2023\/\" rel=\"category tag\">2023<\/a>","rttpg_excerpt":"W ramach wsp\u00f3\u0142pracy ze Sp\u00f3\u0142dzielni\u0105 Mieszkaniow\u0105 im. Jana Zamoyskiego, na zebraniu roboczym RC Zamo\u015b\u0107 go\u015bcili\u015bmy Prezes Ma\u0142gorzat\u0119 Kap\u0142on i Wiceprezesa Jacka Szka\u0142ub\u0119. Wsp\u00f3\u0142prac\u0119 ze SM nawi\u0105zali\u015bmy jesieni\u0105 przeprowadzaj\u0105c akcj\u0119 &#8222;Zielone p\u0142uca dla Zamo\u015bcia&#8221; na osiedlu J. Zamoyskiego. W\u0142adze Sp\u00f3\u0142dzielni wspar\u0142y nas zakupuj\u0105c 68 drzew do posadzenia. Podczas zebrania Prezydent Z. Gumuli\u0144ski zapozna\u0142 go\u015bci z zadaniami...","_links":{"self":[{"href":"https:\/\/rotary.zamosc.pl\/index.php\/wp-json\/wp\/v2\/posts\/6460","targetHints":{"allow":["GET"]}}],"collection":[{"href":"https:\/\/rotary.zamosc.pl\/index.php\/wp-json\/wp\/v2\/posts"}],"about":[{"href":"https:\/\/rotary.zamosc.pl\/index.php\/wp-json\/wp\/v2\/types\/post"}],"author":[{"embeddable":true,"href":"https:\/\/rotary.zamosc.pl\/index.php\/wp-json\/wp\/v2\/users\/1"}],"replies":[{"embeddable":true,"href":"https:\/\/rotary.zamosc.pl\/index.php\/wp-json\/wp\/v2\/comments?post=6460"}],"version-history":[{"count":1,"href":"https:\/\/rotary.zamosc.pl\/index.php\/wp-json\/wp\/v2\/posts\/6460\/revisions"}],"predecessor-version":[{"id":6461,"href":"https:\/\/rotary.zamosc.pl\/index.php\/wp-json\/wp\/v2\/posts\/6460\/revisions\/6461"}],"wp:featuredmedia":[{"embeddable":true,"href":"https:\/\/rotary.zamosc.pl\/index.php\/wp-json\/wp\/v2\/media\/4222"}],"wp:attachment":[{"href":"https:\/\/rotary.zamosc.pl\/index.php\/wp-json\/wp\/v2\/media?parent=6460"}],"wp:term":[{"taxonomy":"category","embeddable":true,"href":"https:\/\/rotary.zamosc.pl\/index.php\/wp-json\/wp\/v2\/categories?post=6460"},{"taxonomy":"post_tag","embeddable":true,"href":"https:\/\/rotary.zamosc.pl\/index.php\/wp-json\/wp\/v2\/tags?post=6460"}],"curies":[{"name":"wp","href":"https:\/\/api.w.org\/{rel}","templated":true}]}}