{"id":6462,"date":"2023-12-06T08:54:00","date_gmt":"2023-12-06T07:54:00","guid":{"rendered":"https:\/\/rotary.zamosc.pl\/?p=6462"},"modified":"2026-03-17T08:55:33","modified_gmt":"2026-03-17T07:55:33","slug":"kamien-milowy-dla-rotary-club-zamosc","status":"publish","type":"post","link":"https:\/\/rotary.zamosc.pl\/index.php\/2023\/12\/06\/kamien-milowy-dla-rotary-club-zamosc\/","title":{"rendered":"&#8222;Kamie\u0144 milowy&#8221; dla Rotary Club Zamo\u015b\u0107"},"content":{"rendered":"\n<p class=\"wp-block-paragraph\">6 grudnia w Warsztatach Terapii Zaj\u0119ciowej Stowarzyszenia &#8222;Krok za krokiem&#8221; odby\u0142a si\u0119 uroczysto\u015b\u0107 zwi\u0105zana z obchodzonym kilka dni wcze\u015bniej 20-leciem dzia\u0142alno\u015bci WTZ, w kt\u00f3rej uczestniczyli Prezydent RC Zamo\u015b\u0107 Zbigniew Gumuli\u0144ski oraz Wice prezydent Krzysztof Bork.<\/p>\n\n\n\n<p class=\"wp-block-paragraph\">Przewodnicz\u0105ca Stowarzyszenia&#8221;Krok za krokiem&#8221; Maria Kr\u00f3l dzi\u0119kuj\u0105c RC Zamo\u015b\u0107 za szczeg\u00f3lne zaanga\u017cowanie w dzia\u0142alno\u015b\u0107 na rzecz os\u00f3b z niepe\u0142nosprawno\u015bciami, wr\u0119czy\u0142a &#8222;Kamie\u0144 milowy&#8221;, jako najwy\u017cszy wyraz uznania i podzi\u0119kowania.<\/p>\n\n\n\n<p class=\"wp-block-paragraph\">WTZ Stowarzyszenia &#8222;Krok za krokiem&#8221;, kt\u00f3re obecnie maj\u0105 swoj\u0105 siedzib\u0119 przy ul. Kresowej realizuj\u0105 zadania z zakresu rehabilitacji spo\u0142ecznej i zawodowej w r\u00f3\u017cnych pracowniach. I w\u0142a\u015bnie jedn\u0105 z takich pracowni &#8211; poligraficzn\u0105, o warto\u015bci 40 tys. z\u0142otych, w 2020 roku ufundowa\u0142 Rotary Club Zamo\u015b\u0107.<\/p>\n\n\n\n<p class=\"wp-block-paragraph\">Gratulujemy jubileuszu, dzi\u0119kujemy za uznanie i \u017cyczymy dalszego rozwoju na rzecz os\u00f3b z niepe\u0142nosprawno\u015bciami.<\/p>\n\n\n\n<figure class=\"wp-block-gallery has-nested-images columns-1 is-cropped wp-block-gallery-1 is-layout-flex wp-block-gallery-is-layout-flex\">\n<figure class=\"wp-block-image size-large\"><img fetchpriority=\"high\" decoding=\"async\" width=\"700\" height=\"933\" data-id=\"4214\" src=\"https:\/\/rotary.zamosc.pl\/wp-content\/uploads\/2023\/12\/Kamien-milowy-dla-Rotary-Club-Zamosc-5-700x933.jpg\" alt=\"\" class=\"wp-image-4214\" srcset=\"https:\/\/rotary.zamosc.pl\/wp-content\/uploads\/2023\/12\/Kamien-milowy-dla-Rotary-Club-Zamosc-5-700x933.jpg 700w, https:\/\/rotary.zamosc.pl\/wp-content\/uploads\/2023\/12\/Kamien-milowy-dla-Rotary-Club-Zamosc-5-225x300.jpg 225w, https:\/\/rotary.zamosc.pl\/wp-content\/uploads\/2023\/12\/Kamien-milowy-dla-Rotary-Club-Zamosc-5-768x1024.jpg 768w, https:\/\/rotary.zamosc.pl\/wp-content\/uploads\/2023\/12\/Kamien-milowy-dla-Rotary-Club-Zamosc-5-1152x1536.jpg 1152w, https:\/\/rotary.zamosc.pl\/wp-content\/uploads\/2023\/12\/Kamien-milowy-dla-Rotary-Club-Zamosc-5-800x1067.jpg 800w, https:\/\/rotary.zamosc.pl\/wp-content\/uploads\/2023\/12\/Kamien-milowy-dla-Rotary-Club-Zamosc-5.jpg 1200w\" sizes=\"(max-width: 700px) 100vw, 700px\" \/><\/figure>\n\n\n\n<figure class=\"wp-block-image size-large\"><img decoding=\"async\" width=\"564\" height=\"423\" data-id=\"4212\" src=\"https:\/\/rotary.zamosc.pl\/wp-content\/uploads\/2023\/12\/Kamien-milowy-dla-Rotary-Club-Zamosc-3.jpg\" alt=\"\" class=\"wp-image-4212\" srcset=\"https:\/\/rotary.zamosc.pl\/wp-content\/uploads\/2023\/12\/Kamien-milowy-dla-Rotary-Club-Zamosc-3.jpg 564w, https:\/\/rotary.zamosc.pl\/wp-content\/uploads\/2023\/12\/Kamien-milowy-dla-Rotary-Club-Zamosc-3-300x225.jpg 300w, https:\/\/rotary.zamosc.pl\/wp-content\/uploads\/2023\/12\/Kamien-milowy-dla-Rotary-Club-Zamosc-3-80x60.jpg 80w\" sizes=\"(max-width: 564px) 100vw, 564px\" \/><\/figure>\n\n\n\n<figure class=\"wp-block-image size-large\"><img decoding=\"async\" width=\"700\" height=\"933\" data-id=\"4211\" src=\"https:\/\/rotary.zamosc.pl\/wp-content\/uploads\/2023\/12\/Kamien-milowy-dla-Rotary-Club-Zamosc-2-700x933.jpg\" alt=\"\" class=\"wp-image-4211\" srcset=\"https:\/\/rotary.zamosc.pl\/wp-content\/uploads\/2023\/12\/Kamien-milowy-dla-Rotary-Club-Zamosc-2-700x933.jpg 700w, https:\/\/rotary.zamosc.pl\/wp-content\/uploads\/2023\/12\/Kamien-milowy-dla-Rotary-Club-Zamosc-2-225x300.jpg 225w, https:\/\/rotary.zamosc.pl\/wp-content\/uploads\/2023\/12\/Kamien-milowy-dla-Rotary-Club-Zamosc-2-768x1024.jpg 768w, https:\/\/rotary.zamosc.pl\/wp-content\/uploads\/2023\/12\/Kamien-milowy-dla-Rotary-Club-Zamosc-2-1152x1536.jpg 1152w, https:\/\/rotary.zamosc.pl\/wp-content\/uploads\/2023\/12\/Kamien-milowy-dla-Rotary-Club-Zamosc-2-800x1067.jpg 800w, https:\/\/rotary.zamosc.pl\/wp-content\/uploads\/2023\/12\/Kamien-milowy-dla-Rotary-Club-Zamosc-2.jpg 1200w\" sizes=\"(max-width: 700px) 100vw, 700px\" \/><\/figure>\n\n\n\n<figure class=\"wp-block-image size-large\"><img loading=\"lazy\" decoding=\"async\" width=\"700\" height=\"525\" data-id=\"4210\" src=\"https:\/\/rotary.zamosc.pl\/wp-content\/uploads\/2023\/12\/Kamien-milowy-dla-Rotary-Club-Zamosc-1-700x525.jpg\" alt=\"\" class=\"wp-image-4210\" srcset=\"https:\/\/rotary.zamosc.pl\/wp-content\/uploads\/2023\/12\/Kamien-milowy-dla-Rotary-Club-Zamosc-1-700x525.jpg 700w, https:\/\/rotary.zamosc.pl\/wp-content\/uploads\/2023\/12\/Kamien-milowy-dla-Rotary-Club-Zamosc-1-300x225.jpg 300w, https:\/\/rotary.zamosc.pl\/wp-content\/uploads\/2023\/12\/Kamien-milowy-dla-Rotary-Club-Zamosc-1-768x576.jpg 768w, https:\/\/rotary.zamosc.pl\/wp-content\/uploads\/2023\/12\/Kamien-milowy-dla-Rotary-Club-Zamosc-1-80x60.jpg 80w, https:\/\/rotary.zamosc.pl\/wp-content\/uploads\/2023\/12\/Kamien-milowy-dla-Rotary-Club-Zamosc-1.jpg 799w\" sizes=\"(max-width: 700px) 100vw, 700px\" \/><\/figure>\n<\/figure>\n","protected":false},"excerpt":{"rendered":"<p>6 grudnia w Warsztatach Terapii Zaj\u0119ciowej Stowarzyszenia &#8222;Krok za krokiem&#8221; odby\u0142a si\u0119 uroczysto\u015b\u0107 zwi\u0105zana z obchodzonym kilka dni wcze\u015bniej 20-leciem dzia\u0142alno\u015bci WTZ, w kt\u00f3rej uczestniczyli Prezydent RC Zamo\u015b\u0107 Zbigniew Gumuli\u0144ski oraz Wice prezydent Krzysztof Bork. Przewodnicz\u0105ca Stowarzyszenia&#8221;Krok za krokiem&#8221; Maria Kr\u00f3l dzi\u0119kuj\u0105c RC Zamo\u015b\u0107 za szczeg\u00f3lne zaanga\u017cowanie w dzia\u0142alno\u015b\u0107 na rzecz os\u00f3b z niepe\u0142nosprawno\u015bciami, wr\u0119czy\u0142a&#8230;<\/p>\n","protected":false},"author":1,"featured_media":4213,"comment_status":"open","ping_status":"open","sticky":false,"template":"","format":"standard","meta":{"footnotes":""},"categories":[11],"tags":[],"class_list":["post-6462","post","type-post","status-publish","format-standard","has-post-thumbnail","hentry","category-11"],"rttpg_featured_image_url":{"full":["https:\/\/rotary.zamosc.pl\/wp-content\/uploads\/2023\/12\/Kamien-milowy-dla-Rotary-Club-Zamosc-4.jpg",799,599,false],"landscape":["https:\/\/rotary.zamosc.pl\/wp-content\/uploads\/2023\/12\/Kamien-milowy-dla-Rotary-Club-Zamosc-4.jpg",799,599,false],"portraits":["https:\/\/rotary.zamosc.pl\/wp-content\/uploads\/2023\/12\/Kamien-milowy-dla-Rotary-Club-Zamosc-4.jpg",799,599,false],"thumbnail":["https:\/\/rotary.zamosc.pl\/wp-content\/uploads\/2023\/12\/Kamien-milowy-dla-Rotary-Club-Zamosc-4-150x150.jpg",150,150,true],"medium":["https:\/\/rotary.zamosc.pl\/wp-content\/uploads\/2023\/12\/Kamien-milowy-dla-Rotary-Club-Zamosc-4-300x225.jpg",300,225,true],"large":["https:\/\/rotary.zamosc.pl\/wp-content\/uploads\/2023\/12\/Kamien-milowy-dla-Rotary-Club-Zamosc-4-700x525.jpg",700,525,true],"1536x1536":["https:\/\/rotary.zamosc.pl\/wp-content\/uploads\/2023\/12\/Kamien-milowy-dla-Rotary-Club-Zamosc-4.jpg",799,599,false],"2048x2048":["https:\/\/rotary.zamosc.pl\/wp-content\/uploads\/2023\/12\/Kamien-milowy-dla-Rotary-Club-Zamosc-4.jpg",799,599,false],"post-thumbnail":["https:\/\/rotary.zamosc.pl\/wp-content\/uploads\/2023\/12\/Kamien-milowy-dla-Rotary-Club-Zamosc-4.jpg",799,599,false],"graphy-post-thumbnail-large":["https:\/\/rotary.zamosc.pl\/wp-content\/uploads\/2023\/12\/Kamien-milowy-dla-Rotary-Club-Zamosc-4.jpg",799,599,false],"graphy-post-thumbnail-medium":["https:\/\/rotary.zamosc.pl\/wp-content\/uploads\/2023\/12\/Kamien-milowy-dla-Rotary-Club-Zamosc-4-482x300.jpg",482,300,true],"graphy-post-thumbnail-small":["https:\/\/rotary.zamosc.pl\/wp-content\/uploads\/2023\/12\/Kamien-milowy-dla-Rotary-Club-Zamosc-4-80x60.jpg",80,60,true],"graphy-page-thumbnail":["https:\/\/rotary.zamosc.pl\/wp-content\/uploads\/2023\/12\/Kamien-milowy-dla-Rotary-Club-Zamosc-4-799x350.jpg",799,350,true],"sow-carousel-default":["https:\/\/rotary.zamosc.pl\/wp-content\/uploads\/2023\/12\/Kamien-milowy-dla-Rotary-Club-Zamosc-4-272x182.jpg",272,182,true]},"rttpg_author":{"display_name":"rotaryzamosc","author_link":"https:\/\/rotary.zamosc.pl\/index.php\/author\/rotaryzamosc\/"},"rttpg_comment":0,"rttpg_category":"<a href=\"https:\/\/rotary.zamosc.pl\/index.php\/category\/2023\/\" rel=\"category tag\">2023<\/a>","rttpg_excerpt":"6 grudnia w Warsztatach Terapii Zaj\u0119ciowej Stowarzyszenia &#8222;Krok za krokiem&#8221; odby\u0142a si\u0119 uroczysto\u015b\u0107 zwi\u0105zana z obchodzonym kilka dni wcze\u015bniej 20-leciem dzia\u0142alno\u015bci WTZ, w kt\u00f3rej uczestniczyli Prezydent RC Zamo\u015b\u0107 Zbigniew Gumuli\u0144ski oraz Wice prezydent Krzysztof Bork. Przewodnicz\u0105ca Stowarzyszenia&#8221;Krok za krokiem&#8221; Maria Kr\u00f3l dzi\u0119kuj\u0105c RC Zamo\u015b\u0107 za szczeg\u00f3lne zaanga\u017cowanie w dzia\u0142alno\u015b\u0107 na rzecz os\u00f3b z niepe\u0142nosprawno\u015bciami, wr\u0119czy\u0142a...","_links":{"self":[{"href":"https:\/\/rotary.zamosc.pl\/index.php\/wp-json\/wp\/v2\/posts\/6462","targetHints":{"allow":["GET"]}}],"collection":[{"href":"https:\/\/rotary.zamosc.pl\/index.php\/wp-json\/wp\/v2\/posts"}],"about":[{"href":"https:\/\/rotary.zamosc.pl\/index.php\/wp-json\/wp\/v2\/types\/post"}],"author":[{"embeddable":true,"href":"https:\/\/rotary.zamosc.pl\/index.php\/wp-json\/wp\/v2\/users\/1"}],"replies":[{"embeddable":true,"href":"https:\/\/rotary.zamosc.pl\/index.php\/wp-json\/wp\/v2\/comments?post=6462"}],"version-history":[{"count":1,"href":"https:\/\/rotary.zamosc.pl\/index.php\/wp-json\/wp\/v2\/posts\/6462\/revisions"}],"predecessor-version":[{"id":6463,"href":"https:\/\/rotary.zamosc.pl\/index.php\/wp-json\/wp\/v2\/posts\/6462\/revisions\/6463"}],"wp:featuredmedia":[{"embeddable":true,"href":"https:\/\/rotary.zamosc.pl\/index.php\/wp-json\/wp\/v2\/media\/4213"}],"wp:attachment":[{"href":"https:\/\/rotary.zamosc.pl\/index.php\/wp-json\/wp\/v2\/media?parent=6462"}],"wp:term":[{"taxonomy":"category","embeddable":true,"href":"https:\/\/rotary.zamosc.pl\/index.php\/wp-json\/wp\/v2\/categories?post=6462"},{"taxonomy":"post_tag","embeddable":true,"href":"https:\/\/rotary.zamosc.pl\/index.php\/wp-json\/wp\/v2\/tags?post=6462"}],"curies":[{"name":"wp","href":"https:\/\/api.w.org\/{rel}","templated":true}]}}