{"id":6464,"date":"2023-12-06T08:55:00","date_gmt":"2023-12-06T07:55:00","guid":{"rendered":"https:\/\/rotary.zamosc.pl\/?p=6464"},"modified":"2026-03-17T09:25:27","modified_gmt":"2026-03-17T08:25:27","slug":"xii-ogolnopolska-terenowa-integracja-dla-choinki-zamosc-2023","status":"publish","type":"post","link":"https:\/\/rotary.zamosc.pl\/index.php\/2023\/12\/06\/xii-ogolnopolska-terenowa-integracja-dla-choinki-zamosc-2023\/","title":{"rendered":"XII Og\u00f3lnopolska Terenowa Integracja dla Choinki &#8211; Zamo\u015b\u0107 2023"},"content":{"rendered":"\n<p class=\"wp-block-paragraph\">Rotary Club Zamo\u015b\u0107 wspar\u0142 akcj\u0119 charytatywn\u0105, kt\u00f3rej celem by\u0142a zbi\u00f3rka pieni\u0119dzy dla Oddzia\u0142u Ortopedii zamojskiego starego szpitala.<\/p>\n\n\n\n<p class=\"wp-block-paragraph\">Ca\u0142e wydarzenie organizowane ju\u017c tradycyjnie przez stowarzyszenie &#8222;Zamo\u015b\u0107 4&#215;4&#8221; odby\u0142o si\u0119 3 grudnia na torze off-roadowym, w Zamo\u015bciu, przy ul. Braterstwa Broni.<\/p>\n\n\n\n<p class=\"wp-block-paragraph\">I\u015bcie zimowa pogoda nie przeszkodzi\u0142a zar\u00f3wno organizatorom, jak i uczestnikom imprezy, kt\u00f3rzy licznie stawili si\u0119 na starcie.<\/p>\n\n\n\n<p class=\"wp-block-paragraph\">By\u0142o du\u017co wra\u017ce\u0144 i emocji zwi\u0105zanych z tras\u0105 w tak ekstremalnych warunkach, ale wszystkim humory dopisywa\u0142y.<\/p>\n\n\n\n<p class=\"wp-block-paragraph\">Cieszymy si\u0119, \u017ce po raz kolejny mogli\u015bmy do\u0142o\u017cy\u0107 swoja cegie\u0142k\u0119 na ten szczytny cel.<\/p>\n\n\n\n<figure class=\"wp-block-gallery has-nested-images columns-1 is-cropped wp-block-gallery-1 is-layout-flex wp-block-gallery-is-layout-flex\">\n<figure class=\"wp-block-image size-large\"><img fetchpriority=\"high\" decoding=\"async\" width=\"700\" height=\"933\" data-id=\"4205\" src=\"https:\/\/rotary.zamosc.pl\/wp-content\/uploads\/2023\/12\/XII-Ogolnopolska-Terenowa-Integracja-dla-Choinki-Zamosc-2023-3-700x933.jpg\" alt=\"\" class=\"wp-image-4205\" srcset=\"https:\/\/rotary.zamosc.pl\/wp-content\/uploads\/2023\/12\/XII-Ogolnopolska-Terenowa-Integracja-dla-Choinki-Zamosc-2023-3-700x933.jpg 700w, https:\/\/rotary.zamosc.pl\/wp-content\/uploads\/2023\/12\/XII-Ogolnopolska-Terenowa-Integracja-dla-Choinki-Zamosc-2023-3-225x300.jpg 225w, https:\/\/rotary.zamosc.pl\/wp-content\/uploads\/2023\/12\/XII-Ogolnopolska-Terenowa-Integracja-dla-Choinki-Zamosc-2023-3-768x1024.jpg 768w, https:\/\/rotary.zamosc.pl\/wp-content\/uploads\/2023\/12\/XII-Ogolnopolska-Terenowa-Integracja-dla-Choinki-Zamosc-2023-3-1152x1536.jpg 1152w, https:\/\/rotary.zamosc.pl\/wp-content\/uploads\/2023\/12\/XII-Ogolnopolska-Terenowa-Integracja-dla-Choinki-Zamosc-2023-3-800x1067.jpg 800w, https:\/\/rotary.zamosc.pl\/wp-content\/uploads\/2023\/12\/XII-Ogolnopolska-Terenowa-Integracja-dla-Choinki-Zamosc-2023-3.jpg 1200w\" sizes=\"(max-width: 700px) 100vw, 700px\" \/><\/figure>\n\n\n\n<figure class=\"wp-block-image size-large\"><img decoding=\"async\" width=\"700\" height=\"933\" data-id=\"4204\" src=\"https:\/\/rotary.zamosc.pl\/wp-content\/uploads\/2023\/12\/XII-Ogolnopolska-Terenowa-Integracja-dla-Choinki-Zamosc-2023-2-700x933.jpg\" alt=\"\" class=\"wp-image-4204\" srcset=\"https:\/\/rotary.zamosc.pl\/wp-content\/uploads\/2023\/12\/XII-Ogolnopolska-Terenowa-Integracja-dla-Choinki-Zamosc-2023-2-700x933.jpg 700w, https:\/\/rotary.zamosc.pl\/wp-content\/uploads\/2023\/12\/XII-Ogolnopolska-Terenowa-Integracja-dla-Choinki-Zamosc-2023-2-225x300.jpg 225w, https:\/\/rotary.zamosc.pl\/wp-content\/uploads\/2023\/12\/XII-Ogolnopolska-Terenowa-Integracja-dla-Choinki-Zamosc-2023-2-768x1024.jpg 768w, https:\/\/rotary.zamosc.pl\/wp-content\/uploads\/2023\/12\/XII-Ogolnopolska-Terenowa-Integracja-dla-Choinki-Zamosc-2023-2-1152x1536.jpg 1152w, https:\/\/rotary.zamosc.pl\/wp-content\/uploads\/2023\/12\/XII-Ogolnopolska-Terenowa-Integracja-dla-Choinki-Zamosc-2023-2-800x1067.jpg 800w, https:\/\/rotary.zamosc.pl\/wp-content\/uploads\/2023\/12\/XII-Ogolnopolska-Terenowa-Integracja-dla-Choinki-Zamosc-2023-2.jpg 1200w\" sizes=\"(max-width: 700px) 100vw, 700px\" \/><\/figure>\n\n\n\n<figure class=\"wp-block-image size-large\"><img decoding=\"async\" width=\"700\" height=\"933\" data-id=\"4203\" src=\"https:\/\/rotary.zamosc.pl\/wp-content\/uploads\/2023\/12\/XII-Ogolnopolska-Terenowa-Integracja-dla-Choinki-Zamosc-2023-1-700x933.jpg\" alt=\"\" class=\"wp-image-4203\" srcset=\"https:\/\/rotary.zamosc.pl\/wp-content\/uploads\/2023\/12\/XII-Ogolnopolska-Terenowa-Integracja-dla-Choinki-Zamosc-2023-1-700x933.jpg 700w, https:\/\/rotary.zamosc.pl\/wp-content\/uploads\/2023\/12\/XII-Ogolnopolska-Terenowa-Integracja-dla-Choinki-Zamosc-2023-1-225x300.jpg 225w, https:\/\/rotary.zamosc.pl\/wp-content\/uploads\/2023\/12\/XII-Ogolnopolska-Terenowa-Integracja-dla-Choinki-Zamosc-2023-1-768x1024.jpg 768w, https:\/\/rotary.zamosc.pl\/wp-content\/uploads\/2023\/12\/XII-Ogolnopolska-Terenowa-Integracja-dla-Choinki-Zamosc-2023-1-1152x1536.jpg 1152w, https:\/\/rotary.zamosc.pl\/wp-content\/uploads\/2023\/12\/XII-Ogolnopolska-Terenowa-Integracja-dla-Choinki-Zamosc-2023-1-800x1067.jpg 800w, https:\/\/rotary.zamosc.pl\/wp-content\/uploads\/2023\/12\/XII-Ogolnopolska-Terenowa-Integracja-dla-Choinki-Zamosc-2023-1.jpg 1200w\" sizes=\"(max-width: 700px) 100vw, 700px\" \/><\/figure>\n<\/figure>\n\n\n\n<p class=\"wp-block-paragraph\"><\/p>\n","protected":false},"excerpt":{"rendered":"<p>Rotary Club Zamo\u015b\u0107 wspar\u0142 akcj\u0119 charytatywn\u0105, kt\u00f3rej celem by\u0142a zbi\u00f3rka pieni\u0119dzy dla Oddzia\u0142u Ortopedii zamojskiego starego szpitala. Ca\u0142e wydarzenie organizowane ju\u017c tradycyjnie przez stowarzyszenie &#8222;Zamo\u015b\u0107 4&#215;4&#8221; odby\u0142o si\u0119 3 grudnia na torze off-roadowym, w Zamo\u015bciu, przy ul. Braterstwa Broni. I\u015bcie zimowa pogoda nie przeszkodzi\u0142a zar\u00f3wno organizatorom, jak i uczestnikom imprezy, kt\u00f3rzy licznie stawili si\u0119 na&#8230;<\/p>\n","protected":false},"author":1,"featured_media":4206,"comment_status":"open","ping_status":"open","sticky":false,"template":"","format":"standard","meta":{"footnotes":""},"categories":[11],"tags":[],"class_list":["post-6464","post","type-post","status-publish","format-standard","has-post-thumbnail","hentry","category-11"],"rttpg_featured_image_url":{"full":["https:\/\/rotary.zamosc.pl\/wp-content\/uploads\/2023\/12\/XII-Ogolnopolska-Terenowa-Integracja-dla-Choinki-Zamosc-2023-4.jpg",1200,1600,false],"landscape":["https:\/\/rotary.zamosc.pl\/wp-content\/uploads\/2023\/12\/XII-Ogolnopolska-Terenowa-Integracja-dla-Choinki-Zamosc-2023-4.jpg",1200,1600,false],"portraits":["https:\/\/rotary.zamosc.pl\/wp-content\/uploads\/2023\/12\/XII-Ogolnopolska-Terenowa-Integracja-dla-Choinki-Zamosc-2023-4.jpg",1200,1600,false],"thumbnail":["https:\/\/rotary.zamosc.pl\/wp-content\/uploads\/2023\/12\/XII-Ogolnopolska-Terenowa-Integracja-dla-Choinki-Zamosc-2023-4-150x150.jpg",150,150,true],"medium":["https:\/\/rotary.zamosc.pl\/wp-content\/uploads\/2023\/12\/XII-Ogolnopolska-Terenowa-Integracja-dla-Choinki-Zamosc-2023-4-225x300.jpg",225,300,true],"large":["https:\/\/rotary.zamosc.pl\/wp-content\/uploads\/2023\/12\/XII-Ogolnopolska-Terenowa-Integracja-dla-Choinki-Zamosc-2023-4-700x933.jpg",700,933,true],"1536x1536":["https:\/\/rotary.zamosc.pl\/wp-content\/uploads\/2023\/12\/XII-Ogolnopolska-Terenowa-Integracja-dla-Choinki-Zamosc-2023-4-1152x1536.jpg",1152,1536,true],"2048x2048":["https:\/\/rotary.zamosc.pl\/wp-content\/uploads\/2023\/12\/XII-Ogolnopolska-Terenowa-Integracja-dla-Choinki-Zamosc-2023-4.jpg",1200,1600,false],"post-thumbnail":["https:\/\/rotary.zamosc.pl\/wp-content\/uploads\/2023\/12\/XII-Ogolnopolska-Terenowa-Integracja-dla-Choinki-Zamosc-2023-4-800x1067.jpg",800,1067,true],"graphy-post-thumbnail-large":["https:\/\/rotary.zamosc.pl\/wp-content\/uploads\/2023\/12\/XII-Ogolnopolska-Terenowa-Integracja-dla-Choinki-Zamosc-2023-4-1080x600.jpg",1080,600,true],"graphy-post-thumbnail-medium":["https:\/\/rotary.zamosc.pl\/wp-content\/uploads\/2023\/12\/XII-Ogolnopolska-Terenowa-Integracja-dla-Choinki-Zamosc-2023-4-482x300.jpg",482,300,true],"graphy-post-thumbnail-small":["https:\/\/rotary.zamosc.pl\/wp-content\/uploads\/2023\/12\/XII-Ogolnopolska-Terenowa-Integracja-dla-Choinki-Zamosc-2023-4-80x60.jpg",80,60,true],"graphy-page-thumbnail":["https:\/\/rotary.zamosc.pl\/wp-content\/uploads\/2023\/12\/XII-Ogolnopolska-Terenowa-Integracja-dla-Choinki-Zamosc-2023-4-1200x350.jpg",1200,350,true],"sow-carousel-default":["https:\/\/rotary.zamosc.pl\/wp-content\/uploads\/2023\/12\/XII-Ogolnopolska-Terenowa-Integracja-dla-Choinki-Zamosc-2023-4-272x182.jpg",272,182,true]},"rttpg_author":{"display_name":"rotaryzamosc","author_link":"https:\/\/rotary.zamosc.pl\/index.php\/author\/rotaryzamosc\/"},"rttpg_comment":0,"rttpg_category":"<a href=\"https:\/\/rotary.zamosc.pl\/index.php\/category\/2023\/\" rel=\"category tag\">2023<\/a>","rttpg_excerpt":"Rotary Club Zamo\u015b\u0107 wspar\u0142 akcj\u0119 charytatywn\u0105, kt\u00f3rej celem by\u0142a zbi\u00f3rka pieni\u0119dzy dla Oddzia\u0142u Ortopedii zamojskiego starego szpitala. Ca\u0142e wydarzenie organizowane ju\u017c tradycyjnie przez stowarzyszenie &#8222;Zamo\u015b\u0107 4&#215;4&#8221; odby\u0142o si\u0119 3 grudnia na torze off-roadowym, w Zamo\u015bciu, przy ul. Braterstwa Broni. I\u015bcie zimowa pogoda nie przeszkodzi\u0142a zar\u00f3wno organizatorom, jak i uczestnikom imprezy, kt\u00f3rzy licznie stawili si\u0119 na...","_links":{"self":[{"href":"https:\/\/rotary.zamosc.pl\/index.php\/wp-json\/wp\/v2\/posts\/6464","targetHints":{"allow":["GET"]}}],"collection":[{"href":"https:\/\/rotary.zamosc.pl\/index.php\/wp-json\/wp\/v2\/posts"}],"about":[{"href":"https:\/\/rotary.zamosc.pl\/index.php\/wp-json\/wp\/v2\/types\/post"}],"author":[{"embeddable":true,"href":"https:\/\/rotary.zamosc.pl\/index.php\/wp-json\/wp\/v2\/users\/1"}],"replies":[{"embeddable":true,"href":"https:\/\/rotary.zamosc.pl\/index.php\/wp-json\/wp\/v2\/comments?post=6464"}],"version-history":[{"count":1,"href":"https:\/\/rotary.zamosc.pl\/index.php\/wp-json\/wp\/v2\/posts\/6464\/revisions"}],"predecessor-version":[{"id":6465,"href":"https:\/\/rotary.zamosc.pl\/index.php\/wp-json\/wp\/v2\/posts\/6464\/revisions\/6465"}],"wp:featuredmedia":[{"embeddable":true,"href":"https:\/\/rotary.zamosc.pl\/index.php\/wp-json\/wp\/v2\/media\/4206"}],"wp:attachment":[{"href":"https:\/\/rotary.zamosc.pl\/index.php\/wp-json\/wp\/v2\/media?parent=6464"}],"wp:term":[{"taxonomy":"category","embeddable":true,"href":"https:\/\/rotary.zamosc.pl\/index.php\/wp-json\/wp\/v2\/categories?post=6464"},{"taxonomy":"post_tag","embeddable":true,"href":"https:\/\/rotary.zamosc.pl\/index.php\/wp-json\/wp\/v2\/tags?post=6464"}],"curies":[{"name":"wp","href":"https:\/\/api.w.org\/{rel}","templated":true}]}}