{"id":6468,"date":"2023-11-11T08:59:00","date_gmt":"2023-11-11T07:59:00","guid":{"rendered":"https:\/\/rotary.zamosc.pl\/?p=6468"},"modified":"2026-03-17T09:00:48","modified_gmt":"2026-03-17T08:00:48","slug":"105-rocznica-odzyskania-niepodleglosci","status":"publish","type":"post","link":"https:\/\/rotary.zamosc.pl\/index.php\/2023\/11\/11\/105-rocznica-odzyskania-niepodleglosci\/","title":{"rendered":"105 rocznica odzyskania niepodleg\u0142o\u015bci"},"content":{"rendered":"\n<p class=\"wp-block-paragraph\">Dzisiaj, 11 listopada delegacja RC Zamo\u015b\u0107 w sk\u0142adzie: El\u017cbieta Jawor, Zbigniew Gumuli\u0144ski, Sylwester Borkowski i Robert Nowosad (na motorze) uczestniczy\u0142a w manifestacji patriotycznej z okazji \u015awi\u0119ta Niepodleg\u0142o\u015bci, kt\u00f3ra odby\u0142a si\u0119 na Rynku Wielkim w Zamo\u015bciu.<\/p>\n\n\n\n<p class=\"wp-block-paragraph\">Podczas uroczysto\u015bci przeprowadzonej z ceremonia\u0142em wojskowym wys\u0142uchali\u015bmy wyst\u0105pienia Prezydenta Zamo\u015bcia Andrzeja Wnuka i z\u0142o\u017cyli\u015bmy wi\u0105zank\u0119 kwiat\u00f3w na p\u0142ycie upami\u0119tniaj\u0105cej wizyt\u0119 Marsza\u0142ka J\u00f3zefa Pi\u0142sudskiego w Zamo\u015bciu w 1922 roku.<\/p>\n\n\n\n<figure class=\"wp-block-gallery has-nested-images columns-1 is-cropped wp-block-gallery-1 is-layout-flex wp-block-gallery-is-layout-flex\">\n<figure class=\"wp-block-image size-large\"><img fetchpriority=\"high\" decoding=\"async\" width=\"700\" height=\"933\" data-id=\"4156\" src=\"https:\/\/rotary.zamosc.pl\/wp-content\/uploads\/2023\/11\/105-rocznica-odzyskania-niepodleglosci-7-700x933.jpg\" alt=\"\" class=\"wp-image-4156\" srcset=\"https:\/\/rotary.zamosc.pl\/wp-content\/uploads\/2023\/11\/105-rocznica-odzyskania-niepodleglosci-7-700x933.jpg 700w, https:\/\/rotary.zamosc.pl\/wp-content\/uploads\/2023\/11\/105-rocznica-odzyskania-niepodleglosci-7-225x300.jpg 225w, https:\/\/rotary.zamosc.pl\/wp-content\/uploads\/2023\/11\/105-rocznica-odzyskania-niepodleglosci-7.jpg 720w\" sizes=\"(max-width: 700px) 100vw, 700px\" \/><\/figure>\n\n\n\n<figure class=\"wp-block-image size-large\"><img decoding=\"async\" width=\"700\" height=\"933\" data-id=\"4155\" src=\"https:\/\/rotary.zamosc.pl\/wp-content\/uploads\/2023\/11\/105-rocznica-odzyskania-niepodleglosci-6-700x933.jpg\" alt=\"\" class=\"wp-image-4155\" srcset=\"https:\/\/rotary.zamosc.pl\/wp-content\/uploads\/2023\/11\/105-rocznica-odzyskania-niepodleglosci-6-700x933.jpg 700w, https:\/\/rotary.zamosc.pl\/wp-content\/uploads\/2023\/11\/105-rocznica-odzyskania-niepodleglosci-6-225x300.jpg 225w, https:\/\/rotary.zamosc.pl\/wp-content\/uploads\/2023\/11\/105-rocznica-odzyskania-niepodleglosci-6.jpg 720w\" sizes=\"(max-width: 700px) 100vw, 700px\" \/><\/figure>\n\n\n\n<figure class=\"wp-block-image size-large\"><img decoding=\"async\" width=\"700\" height=\"525\" data-id=\"4153\" src=\"https:\/\/rotary.zamosc.pl\/wp-content\/uploads\/2023\/11\/105-rocznica-odzyskania-niepodleglosci-4-700x525.jpg\" alt=\"\" class=\"wp-image-4153\" srcset=\"https:\/\/rotary.zamosc.pl\/wp-content\/uploads\/2023\/11\/105-rocznica-odzyskania-niepodleglosci-4-700x525.jpg 700w, https:\/\/rotary.zamosc.pl\/wp-content\/uploads\/2023\/11\/105-rocznica-odzyskania-niepodleglosci-4-300x225.jpg 300w, https:\/\/rotary.zamosc.pl\/wp-content\/uploads\/2023\/11\/105-rocznica-odzyskania-niepodleglosci-4-768x576.jpg 768w, https:\/\/rotary.zamosc.pl\/wp-content\/uploads\/2023\/11\/105-rocznica-odzyskania-niepodleglosci-4-800x600.jpg 800w, https:\/\/rotary.zamosc.pl\/wp-content\/uploads\/2023\/11\/105-rocznica-odzyskania-niepodleglosci-4-80x60.jpg 80w, https:\/\/rotary.zamosc.pl\/wp-content\/uploads\/2023\/11\/105-rocznica-odzyskania-niepodleglosci-4.jpg 960w\" sizes=\"(max-width: 700px) 100vw, 700px\" \/><\/figure>\n\n\n\n<figure class=\"wp-block-image size-large\"><img loading=\"lazy\" decoding=\"async\" width=\"700\" height=\"525\" data-id=\"4152\" src=\"https:\/\/rotary.zamosc.pl\/wp-content\/uploads\/2023\/11\/105-rocznica-odzyskania-niepodleglosci-3-700x525.jpg\" alt=\"\" class=\"wp-image-4152\" srcset=\"https:\/\/rotary.zamosc.pl\/wp-content\/uploads\/2023\/11\/105-rocznica-odzyskania-niepodleglosci-3-700x525.jpg 700w, https:\/\/rotary.zamosc.pl\/wp-content\/uploads\/2023\/11\/105-rocznica-odzyskania-niepodleglosci-3-300x225.jpg 300w, https:\/\/rotary.zamosc.pl\/wp-content\/uploads\/2023\/11\/105-rocznica-odzyskania-niepodleglosci-3-768x576.jpg 768w, https:\/\/rotary.zamosc.pl\/wp-content\/uploads\/2023\/11\/105-rocznica-odzyskania-niepodleglosci-3-1536x1152.jpg 1536w, https:\/\/rotary.zamosc.pl\/wp-content\/uploads\/2023\/11\/105-rocznica-odzyskania-niepodleglosci-3-800x600.jpg 800w, https:\/\/rotary.zamosc.pl\/wp-content\/uploads\/2023\/11\/105-rocznica-odzyskania-niepodleglosci-3-80x60.jpg 80w, https:\/\/rotary.zamosc.pl\/wp-content\/uploads\/2023\/11\/105-rocznica-odzyskania-niepodleglosci-3.jpg 1600w\" sizes=\"(max-width: 700px) 100vw, 700px\" \/><\/figure>\n\n\n\n<figure class=\"wp-block-image size-large\"><img loading=\"lazy\" decoding=\"async\" width=\"700\" height=\"933\" data-id=\"4151\" src=\"https:\/\/rotary.zamosc.pl\/wp-content\/uploads\/2023\/11\/105-rocznica-odzyskania-niepodleglosci-2-700x933.jpg\" alt=\"\" class=\"wp-image-4151\" srcset=\"https:\/\/rotary.zamosc.pl\/wp-content\/uploads\/2023\/11\/105-rocznica-odzyskania-niepodleglosci-2-700x933.jpg 700w, https:\/\/rotary.zamosc.pl\/wp-content\/uploads\/2023\/11\/105-rocznica-odzyskania-niepodleglosci-2-225x300.jpg 225w, https:\/\/rotary.zamosc.pl\/wp-content\/uploads\/2023\/11\/105-rocznica-odzyskania-niepodleglosci-2-768x1024.jpg 768w, https:\/\/rotary.zamosc.pl\/wp-content\/uploads\/2023\/11\/105-rocznica-odzyskania-niepodleglosci-2-1152x1536.jpg 1152w, https:\/\/rotary.zamosc.pl\/wp-content\/uploads\/2023\/11\/105-rocznica-odzyskania-niepodleglosci-2-800x1067.jpg 800w, https:\/\/rotary.zamosc.pl\/wp-content\/uploads\/2023\/11\/105-rocznica-odzyskania-niepodleglosci-2.jpg 1500w\" sizes=\"(max-width: 700px) 100vw, 700px\" \/><\/figure>\n\n\n\n<figure class=\"wp-block-image size-large\"><img loading=\"lazy\" decoding=\"async\" width=\"700\" height=\"933\" data-id=\"4150\" src=\"https:\/\/rotary.zamosc.pl\/wp-content\/uploads\/2023\/11\/105-rocznica-odzyskania-niepodleglosci-1-700x933.jpg\" alt=\"\" class=\"wp-image-4150\" srcset=\"https:\/\/rotary.zamosc.pl\/wp-content\/uploads\/2023\/11\/105-rocznica-odzyskania-niepodleglosci-1-700x933.jpg 700w, https:\/\/rotary.zamosc.pl\/wp-content\/uploads\/2023\/11\/105-rocznica-odzyskania-niepodleglosci-1-225x300.jpg 225w, https:\/\/rotary.zamosc.pl\/wp-content\/uploads\/2023\/11\/105-rocznica-odzyskania-niepodleglosci-1-768x1024.jpg 768w, https:\/\/rotary.zamosc.pl\/wp-content\/uploads\/2023\/11\/105-rocznica-odzyskania-niepodleglosci-1-1152x1536.jpg 1152w, https:\/\/rotary.zamosc.pl\/wp-content\/uploads\/2023\/11\/105-rocznica-odzyskania-niepodleglosci-1-800x1067.jpg 800w, https:\/\/rotary.zamosc.pl\/wp-content\/uploads\/2023\/11\/105-rocznica-odzyskania-niepodleglosci-1.jpg 1200w\" sizes=\"(max-width: 700px) 100vw, 700px\" \/><\/figure>\n<\/figure>\n","protected":false},"excerpt":{"rendered":"<p>Dzisiaj, 11 listopada delegacja RC Zamo\u015b\u0107 w sk\u0142adzie: El\u017cbieta Jawor, Zbigniew Gumuli\u0144ski, Sylwester Borkowski i Robert Nowosad (na motorze) uczestniczy\u0142a w manifestacji patriotycznej z okazji \u015awi\u0119ta Niepodleg\u0142o\u015bci, kt\u00f3ra odby\u0142a si\u0119 na Rynku Wielkim w Zamo\u015bciu. Podczas uroczysto\u015bci przeprowadzonej z ceremonia\u0142em wojskowym wys\u0142uchali\u015bmy wyst\u0105pienia Prezydenta Zamo\u015bcia Andrzeja Wnuka i z\u0142o\u017cyli\u015bmy wi\u0105zank\u0119 kwiat\u00f3w na p\u0142ycie upami\u0119tniaj\u0105cej wizyt\u0119&#8230;<\/p>\n","protected":false},"author":1,"featured_media":4154,"comment_status":"open","ping_status":"open","sticky":false,"template":"","format":"standard","meta":{"footnotes":""},"categories":[11],"tags":[],"class_list":["post-6468","post","type-post","status-publish","format-standard","has-post-thumbnail","hentry","category-11"],"rttpg_featured_image_url":{"full":["https:\/\/rotary.zamosc.pl\/wp-content\/uploads\/2023\/11\/105-rocznica-odzyskania-niepodleglosci-5.jpg",1600,1200,false],"landscape":["https:\/\/rotary.zamosc.pl\/wp-content\/uploads\/2023\/11\/105-rocznica-odzyskania-niepodleglosci-5.jpg",1600,1200,false],"portraits":["https:\/\/rotary.zamosc.pl\/wp-content\/uploads\/2023\/11\/105-rocznica-odzyskania-niepodleglosci-5.jpg",1600,1200,false],"thumbnail":["https:\/\/rotary.zamosc.pl\/wp-content\/uploads\/2023\/11\/105-rocznica-odzyskania-niepodleglosci-5-150x150.jpg",150,150,true],"medium":["https:\/\/rotary.zamosc.pl\/wp-content\/uploads\/2023\/11\/105-rocznica-odzyskania-niepodleglosci-5-300x225.jpg",300,225,true],"large":["https:\/\/rotary.zamosc.pl\/wp-content\/uploads\/2023\/11\/105-rocznica-odzyskania-niepodleglosci-5-700x525.jpg",700,525,true],"1536x1536":["https:\/\/rotary.zamosc.pl\/wp-content\/uploads\/2023\/11\/105-rocznica-odzyskania-niepodleglosci-5-1536x1152.jpg",1536,1152,true],"2048x2048":["https:\/\/rotary.zamosc.pl\/wp-content\/uploads\/2023\/11\/105-rocznica-odzyskania-niepodleglosci-5.jpg",1600,1200,false],"post-thumbnail":["https:\/\/rotary.zamosc.pl\/wp-content\/uploads\/2023\/11\/105-rocznica-odzyskania-niepodleglosci-5-800x600.jpg",800,600,true],"graphy-post-thumbnail-large":["https:\/\/rotary.zamosc.pl\/wp-content\/uploads\/2023\/11\/105-rocznica-odzyskania-niepodleglosci-5-1080x600.jpg",1080,600,true],"graphy-post-thumbnail-medium":["https:\/\/rotary.zamosc.pl\/wp-content\/uploads\/2023\/11\/105-rocznica-odzyskania-niepodleglosci-5-482x300.jpg",482,300,true],"graphy-post-thumbnail-small":["https:\/\/rotary.zamosc.pl\/wp-content\/uploads\/2023\/11\/105-rocznica-odzyskania-niepodleglosci-5-80x60.jpg",80,60,true],"graphy-page-thumbnail":["https:\/\/rotary.zamosc.pl\/wp-content\/uploads\/2023\/11\/105-rocznica-odzyskania-niepodleglosci-5-1260x350.jpg",1260,350,true],"sow-carousel-default":["https:\/\/rotary.zamosc.pl\/wp-content\/uploads\/2023\/11\/105-rocznica-odzyskania-niepodleglosci-5-272x182.jpg",272,182,true]},"rttpg_author":{"display_name":"rotaryzamosc","author_link":"https:\/\/rotary.zamosc.pl\/index.php\/author\/rotaryzamosc\/"},"rttpg_comment":0,"rttpg_category":"<a href=\"https:\/\/rotary.zamosc.pl\/index.php\/category\/2023\/\" rel=\"category tag\">2023<\/a>","rttpg_excerpt":"Dzisiaj, 11 listopada delegacja RC Zamo\u015b\u0107 w sk\u0142adzie: El\u017cbieta Jawor, Zbigniew Gumuli\u0144ski, Sylwester Borkowski i Robert Nowosad (na motorze) uczestniczy\u0142a w manifestacji patriotycznej z okazji \u015awi\u0119ta Niepodleg\u0142o\u015bci, kt\u00f3ra odby\u0142a si\u0119 na Rynku Wielkim w Zamo\u015bciu. Podczas uroczysto\u015bci przeprowadzonej z ceremonia\u0142em wojskowym wys\u0142uchali\u015bmy wyst\u0105pienia Prezydenta Zamo\u015bcia Andrzeja Wnuka i z\u0142o\u017cyli\u015bmy wi\u0105zank\u0119 kwiat\u00f3w na p\u0142ycie upami\u0119tniaj\u0105cej wizyt\u0119...","_links":{"self":[{"href":"https:\/\/rotary.zamosc.pl\/index.php\/wp-json\/wp\/v2\/posts\/6468","targetHints":{"allow":["GET"]}}],"collection":[{"href":"https:\/\/rotary.zamosc.pl\/index.php\/wp-json\/wp\/v2\/posts"}],"about":[{"href":"https:\/\/rotary.zamosc.pl\/index.php\/wp-json\/wp\/v2\/types\/post"}],"author":[{"embeddable":true,"href":"https:\/\/rotary.zamosc.pl\/index.php\/wp-json\/wp\/v2\/users\/1"}],"replies":[{"embeddable":true,"href":"https:\/\/rotary.zamosc.pl\/index.php\/wp-json\/wp\/v2\/comments?post=6468"}],"version-history":[{"count":1,"href":"https:\/\/rotary.zamosc.pl\/index.php\/wp-json\/wp\/v2\/posts\/6468\/revisions"}],"predecessor-version":[{"id":6469,"href":"https:\/\/rotary.zamosc.pl\/index.php\/wp-json\/wp\/v2\/posts\/6468\/revisions\/6469"}],"wp:featuredmedia":[{"embeddable":true,"href":"https:\/\/rotary.zamosc.pl\/index.php\/wp-json\/wp\/v2\/media\/4154"}],"wp:attachment":[{"href":"https:\/\/rotary.zamosc.pl\/index.php\/wp-json\/wp\/v2\/media?parent=6468"}],"wp:term":[{"taxonomy":"category","embeddable":true,"href":"https:\/\/rotary.zamosc.pl\/index.php\/wp-json\/wp\/v2\/categories?post=6468"},{"taxonomy":"post_tag","embeddable":true,"href":"https:\/\/rotary.zamosc.pl\/index.php\/wp-json\/wp\/v2\/tags?post=6468"}],"curies":[{"name":"wp","href":"https:\/\/api.w.org\/{rel}","templated":true}]}}