{"id":6470,"date":"2023-10-27T09:01:00","date_gmt":"2023-10-27T07:01:00","guid":{"rendered":"https:\/\/rotary.zamosc.pl\/?p=6470"},"modified":"2026-03-17T09:02:11","modified_gmt":"2026-03-17T08:02:11","slug":"bieszczady-i-medzilaborce-na-slowacji","status":"publish","type":"post","link":"https:\/\/rotary.zamosc.pl\/index.php\/2023\/10\/27\/bieszczady-i-medzilaborce-na-slowacji\/","title":{"rendered":"Bieszczady i Medzilaborce na S\u0142owacji"},"content":{"rendered":"\n<p class=\"wp-block-paragraph\">W ostatni weekend Prezydent RC Zamo\u015b\u0107 Zbigniew Gumuli\u0144ski wraz z ma\u0142\u017conk\u0105 uczestniczyli w wycieczce zorganizowanej przez RC Jaros\u0142aw. Wycieczka mia\u0142a charakter integruj\u0105cy spo\u0142eczno\u015b\u0107 rotaria\u0144sk\u0105. Wzi\u0119li w niej udzia\u0142 r\u00f3wnie\u017c rotarianie z RC Krak\u00f3w Niepo\u0142omice, RC Lublin, RC Lublin Stare Miasto, oraz asystent Gubernatora Rotary Polska Dariusz Matosiuk.<\/p>\n\n\n\n<p class=\"wp-block-paragraph\">Rotarianie weszli na Po\u0142onin\u0119 Wetli\u0144sk\u0105, sk\u0105d podziwiali pi\u0119kno krajobrazu Bieszczad, byli te\u017c w Koma\u0144czy. Przy wieczornym ognisku by\u0142y \u015bpiewy z akompaniamentem gitary, a tak\u017ce wymiana do\u015bwiadcze\u0144.<\/p>\n\n\n\n<p class=\"wp-block-paragraph\">Niezwykle interesuj\u0105cym punktem programu by\u0142 pobyt w Muzeum Sztuki Nowoczesnej Andy&#8217;ego Warhola w Medzilaborcach na S\u0142owacji, artysty, kt\u00f3ry by\u0142 jednym z g\u0142\u00f3wnych przedstawicieli pop-artu.<\/p>\n\n\n\n<p class=\"wp-block-paragraph\">Muzeum prezentuje tw\u00f3rczo\u015b\u0107 Andy&#8217;ego Warhola, jak r\u00f3wnie\u017c wiele cennych, autentycznych materia\u0142\u00f3w, artefakt\u00f3w zwi\u0105zanych z jego \u017cyciem uzyskanych od rodziny, kt\u00f3ra ma korzenie \u0142emkowskie, wywodz\u0105ce si\u0119 w\u0142a\u015bnie z Medzilaborc\u00f3w na S\u0142owacji.<\/p>\n\n\n\n<p class=\"wp-block-paragraph\">W tym miejscu serdecznie dzi\u0119kujemy Zbyszkowi Dziedzicowi z RC Jaros\u0142aw za perfekcyjn\u0105 organizacj\u0119 wycieczki.<\/p>\n\n\n\n<figure class=\"wp-block-gallery has-nested-images columns-1 is-cropped wp-block-gallery-1 is-layout-flex wp-block-gallery-is-layout-flex\">\n<figure class=\"wp-block-image size-large\"><img fetchpriority=\"high\" decoding=\"async\" width=\"700\" height=\"394\" data-id=\"4145\" src=\"https:\/\/rotary.zamosc.pl\/wp-content\/uploads\/2023\/10\/Bieszczady-i-Medzilaborce-na-Slowacji-4-700x394.jpg\" alt=\"\" class=\"wp-image-4145\" srcset=\"https:\/\/rotary.zamosc.pl\/wp-content\/uploads\/2023\/10\/Bieszczady-i-Medzilaborce-na-Slowacji-4-700x394.jpg 700w, https:\/\/rotary.zamosc.pl\/wp-content\/uploads\/2023\/10\/Bieszczady-i-Medzilaborce-na-Slowacji-4-300x169.jpg 300w, https:\/\/rotary.zamosc.pl\/wp-content\/uploads\/2023\/10\/Bieszczady-i-Medzilaborce-na-Slowacji-4-768x432.jpg 768w, https:\/\/rotary.zamosc.pl\/wp-content\/uploads\/2023\/10\/Bieszczady-i-Medzilaborce-na-Slowacji-4-1536x864.jpg 1536w, https:\/\/rotary.zamosc.pl\/wp-content\/uploads\/2023\/10\/Bieszczady-i-Medzilaborce-na-Slowacji-4-800x450.jpg 800w, https:\/\/rotary.zamosc.pl\/wp-content\/uploads\/2023\/10\/Bieszczady-i-Medzilaborce-na-Slowacji-4.jpg 2016w\" sizes=\"(max-width: 700px) 100vw, 700px\" \/><\/figure>\n\n\n\n<figure class=\"wp-block-image size-large\"><img decoding=\"async\" width=\"700\" height=\"933\" data-id=\"4144\" src=\"https:\/\/rotary.zamosc.pl\/wp-content\/uploads\/2023\/10\/Bieszczady-i-Medzilaborce-na-Slowacji-3-700x933.jpg\" alt=\"\" class=\"wp-image-4144\" srcset=\"https:\/\/rotary.zamosc.pl\/wp-content\/uploads\/2023\/10\/Bieszczady-i-Medzilaborce-na-Slowacji-3-700x933.jpg 700w, https:\/\/rotary.zamosc.pl\/wp-content\/uploads\/2023\/10\/Bieszczady-i-Medzilaborce-na-Slowacji-3-225x300.jpg 225w, https:\/\/rotary.zamosc.pl\/wp-content\/uploads\/2023\/10\/Bieszczady-i-Medzilaborce-na-Slowacji-3-768x1024.jpg 768w, https:\/\/rotary.zamosc.pl\/wp-content\/uploads\/2023\/10\/Bieszczady-i-Medzilaborce-na-Slowacji-3-1152x1536.jpg 1152w, https:\/\/rotary.zamosc.pl\/wp-content\/uploads\/2023\/10\/Bieszczady-i-Medzilaborce-na-Slowacji-3-800x1067.jpg 800w, https:\/\/rotary.zamosc.pl\/wp-content\/uploads\/2023\/10\/Bieszczady-i-Medzilaborce-na-Slowacji-3.jpg 1200w\" sizes=\"(max-width: 700px) 100vw, 700px\" \/><\/figure>\n\n\n\n<figure class=\"wp-block-image size-large\"><img decoding=\"async\" width=\"700\" height=\"933\" data-id=\"4142\" src=\"https:\/\/rotary.zamosc.pl\/wp-content\/uploads\/2023\/10\/Bieszczady-i-Medzilaborce-na-Slowacji-1-700x933.jpg\" alt=\"\" class=\"wp-image-4142\" srcset=\"https:\/\/rotary.zamosc.pl\/wp-content\/uploads\/2023\/10\/Bieszczady-i-Medzilaborce-na-Slowacji-1-700x933.jpg 700w, https:\/\/rotary.zamosc.pl\/wp-content\/uploads\/2023\/10\/Bieszczady-i-Medzilaborce-na-Slowacji-1-225x300.jpg 225w, https:\/\/rotary.zamosc.pl\/wp-content\/uploads\/2023\/10\/Bieszczady-i-Medzilaborce-na-Slowacji-1-768x1024.jpg 768w, https:\/\/rotary.zamosc.pl\/wp-content\/uploads\/2023\/10\/Bieszczady-i-Medzilaborce-na-Slowacji-1-1152x1536.jpg 1152w, https:\/\/rotary.zamosc.pl\/wp-content\/uploads\/2023\/10\/Bieszczady-i-Medzilaborce-na-Slowacji-1-800x1067.jpg 800w, https:\/\/rotary.zamosc.pl\/wp-content\/uploads\/2023\/10\/Bieszczady-i-Medzilaborce-na-Slowacji-1.jpg 1200w\" sizes=\"(max-width: 700px) 100vw, 700px\" \/><\/figure>\n<\/figure>\n","protected":false},"excerpt":{"rendered":"<p>W ostatni weekend Prezydent RC Zamo\u015b\u0107 Zbigniew Gumuli\u0144ski wraz z ma\u0142\u017conk\u0105 uczestniczyli w wycieczce zorganizowanej przez RC Jaros\u0142aw. Wycieczka mia\u0142a charakter integruj\u0105cy spo\u0142eczno\u015b\u0107 rotaria\u0144sk\u0105. Wzi\u0119li w niej udzia\u0142 r\u00f3wnie\u017c rotarianie z RC Krak\u00f3w Niepo\u0142omice, RC Lublin, RC Lublin Stare Miasto, oraz asystent Gubernatora Rotary Polska Dariusz Matosiuk. Rotarianie weszli na Po\u0142onin\u0119 Wetli\u0144sk\u0105, sk\u0105d podziwiali pi\u0119kno&#8230;<\/p>\n","protected":false},"author":1,"featured_media":4143,"comment_status":"open","ping_status":"open","sticky":false,"template":"","format":"standard","meta":{"footnotes":""},"categories":[11],"tags":[],"class_list":["post-6470","post","type-post","status-publish","format-standard","has-post-thumbnail","hentry","category-11"],"rttpg_featured_image_url":{"full":["https:\/\/rotary.zamosc.pl\/wp-content\/uploads\/2023\/10\/Bieszczady-i-Medzilaborce-na-Slowacji-2.jpg",2016,1134,false],"landscape":["https:\/\/rotary.zamosc.pl\/wp-content\/uploads\/2023\/10\/Bieszczady-i-Medzilaborce-na-Slowacji-2.jpg",2016,1134,false],"portraits":["https:\/\/rotary.zamosc.pl\/wp-content\/uploads\/2023\/10\/Bieszczady-i-Medzilaborce-na-Slowacji-2.jpg",2016,1134,false],"thumbnail":["https:\/\/rotary.zamosc.pl\/wp-content\/uploads\/2023\/10\/Bieszczady-i-Medzilaborce-na-Slowacji-2-150x150.jpg",150,150,true],"medium":["https:\/\/rotary.zamosc.pl\/wp-content\/uploads\/2023\/10\/Bieszczady-i-Medzilaborce-na-Slowacji-2-300x169.jpg",300,169,true],"large":["https:\/\/rotary.zamosc.pl\/wp-content\/uploads\/2023\/10\/Bieszczady-i-Medzilaborce-na-Slowacji-2-700x394.jpg",700,394,true],"1536x1536":["https:\/\/rotary.zamosc.pl\/wp-content\/uploads\/2023\/10\/Bieszczady-i-Medzilaborce-na-Slowacji-2-1536x864.jpg",1536,864,true],"2048x2048":["https:\/\/rotary.zamosc.pl\/wp-content\/uploads\/2023\/10\/Bieszczady-i-Medzilaborce-na-Slowacji-2.jpg",2016,1134,false],"post-thumbnail":["https:\/\/rotary.zamosc.pl\/wp-content\/uploads\/2023\/10\/Bieszczady-i-Medzilaborce-na-Slowacji-2-800x450.jpg",800,450,true],"graphy-post-thumbnail-large":["https:\/\/rotary.zamosc.pl\/wp-content\/uploads\/2023\/10\/Bieszczady-i-Medzilaborce-na-Slowacji-2-1080x600.jpg",1080,600,true],"graphy-post-thumbnail-medium":["https:\/\/rotary.zamosc.pl\/wp-content\/uploads\/2023\/10\/Bieszczady-i-Medzilaborce-na-Slowacji-2-482x300.jpg",482,300,true],"graphy-post-thumbnail-small":["https:\/\/rotary.zamosc.pl\/wp-content\/uploads\/2023\/10\/Bieszczady-i-Medzilaborce-na-Slowacji-2-80x60.jpg",80,60,true],"graphy-page-thumbnail":["https:\/\/rotary.zamosc.pl\/wp-content\/uploads\/2023\/10\/Bieszczady-i-Medzilaborce-na-Slowacji-2-1260x350.jpg",1260,350,true],"sow-carousel-default":["https:\/\/rotary.zamosc.pl\/wp-content\/uploads\/2023\/10\/Bieszczady-i-Medzilaborce-na-Slowacji-2-272x182.jpg",272,182,true]},"rttpg_author":{"display_name":"rotaryzamosc","author_link":"https:\/\/rotary.zamosc.pl\/index.php\/author\/rotaryzamosc\/"},"rttpg_comment":0,"rttpg_category":"<a href=\"https:\/\/rotary.zamosc.pl\/index.php\/category\/2023\/\" rel=\"category tag\">2023<\/a>","rttpg_excerpt":"W ostatni weekend Prezydent RC Zamo\u015b\u0107 Zbigniew Gumuli\u0144ski wraz z ma\u0142\u017conk\u0105 uczestniczyli w wycieczce zorganizowanej przez RC Jaros\u0142aw. Wycieczka mia\u0142a charakter integruj\u0105cy spo\u0142eczno\u015b\u0107 rotaria\u0144sk\u0105. Wzi\u0119li w niej udzia\u0142 r\u00f3wnie\u017c rotarianie z RC Krak\u00f3w Niepo\u0142omice, RC Lublin, RC Lublin Stare Miasto, oraz asystent Gubernatora Rotary Polska Dariusz Matosiuk. Rotarianie weszli na Po\u0142onin\u0119 Wetli\u0144sk\u0105, sk\u0105d podziwiali pi\u0119kno...","_links":{"self":[{"href":"https:\/\/rotary.zamosc.pl\/index.php\/wp-json\/wp\/v2\/posts\/6470","targetHints":{"allow":["GET"]}}],"collection":[{"href":"https:\/\/rotary.zamosc.pl\/index.php\/wp-json\/wp\/v2\/posts"}],"about":[{"href":"https:\/\/rotary.zamosc.pl\/index.php\/wp-json\/wp\/v2\/types\/post"}],"author":[{"embeddable":true,"href":"https:\/\/rotary.zamosc.pl\/index.php\/wp-json\/wp\/v2\/users\/1"}],"replies":[{"embeddable":true,"href":"https:\/\/rotary.zamosc.pl\/index.php\/wp-json\/wp\/v2\/comments?post=6470"}],"version-history":[{"count":1,"href":"https:\/\/rotary.zamosc.pl\/index.php\/wp-json\/wp\/v2\/posts\/6470\/revisions"}],"predecessor-version":[{"id":6471,"href":"https:\/\/rotary.zamosc.pl\/index.php\/wp-json\/wp\/v2\/posts\/6470\/revisions\/6471"}],"wp:featuredmedia":[{"embeddable":true,"href":"https:\/\/rotary.zamosc.pl\/index.php\/wp-json\/wp\/v2\/media\/4143"}],"wp:attachment":[{"href":"https:\/\/rotary.zamosc.pl\/index.php\/wp-json\/wp\/v2\/media?parent=6470"}],"wp:term":[{"taxonomy":"category","embeddable":true,"href":"https:\/\/rotary.zamosc.pl\/index.php\/wp-json\/wp\/v2\/categories?post=6470"},{"taxonomy":"post_tag","embeddable":true,"href":"https:\/\/rotary.zamosc.pl\/index.php\/wp-json\/wp\/v2\/tags?post=6470"}],"curies":[{"name":"wp","href":"https:\/\/api.w.org\/{rel}","templated":true}]}}