{"id":6474,"date":"2023-10-13T09:07:00","date_gmt":"2023-10-13T07:07:00","guid":{"rendered":"https:\/\/rotary.zamosc.pl\/?p=6474"},"modified":"2026-03-17T09:08:04","modified_gmt":"2026-03-17T08:08:04","slug":"spotkanie-integracyjne-rc-zamosc-w-ostrowcu-swietokrzyskim-i-sandomierzu","status":"publish","type":"post","link":"https:\/\/rotary.zamosc.pl\/index.php\/2023\/10\/13\/spotkanie-integracyjne-rc-zamosc-w-ostrowcu-swietokrzyskim-i-sandomierzu\/","title":{"rendered":"Spotkanie integracyjne RC Zamo\u015b\u0107 w Ostrowcu \u015awi\u0119tokrzyskim i Sandomierzu"},"content":{"rendered":"\n<p class=\"wp-block-paragraph\">13 pa\u017adziernika byli\u015bmy w Ostrowcu \u015awi\u0119tokrzyskim, gdzie mieszkaj\u0105 nasi klubowi koledzy,rotarianie RC Zamo\u015b\u0107, Jagoda i Tomek Diadia.<\/p>\n\n\n\n<p class=\"wp-block-paragraph\">Go\u015bcili\u015bmy w Studio Piosenki Metro, certyfikowanej plac\u00f3wce Teatru Buffo, kt\u00f3r\u0105 prowadzi Jagoda.<\/p>\n\n\n\n<p class=\"wp-block-paragraph\">Tam wys\u0142uchali\u015bmy wspania\u0142ego koncertu w wykonaniu niezwykle uzdolnionej m\u0142odzie\u017cy. By\u0142y to utwory z musicalu &#8222;Metro&#8221; i &#8222;Polita&#8221;<\/p>\n\n\n\n<p class=\"wp-block-paragraph\">Wyst\u0119p nagrodzili\u015bmy gromkimi brawami. Podzi\u0119kowaniem za uczt\u0119 duchow\u0105 by\u0142y kwiaty, zamojskie upominki i s\u0142odycze.<\/p>\n\n\n\n<p class=\"wp-block-paragraph\">Natomiast 14 pa\u017adziernika zwiedzali\u015bmy Sandomierz, przepi\u0119kne miasto kr\u00f3lewskie malowniczo po\u0142o\u017cone nad Wis\u0142\u0105 i co ciekawe, podobnie jak Rzym, po\u0142o\u017cone na siedmiu wzg\u00f3rzach, sk\u0105d mo\u017cna podziwia\u0107 wspania\u0142\u0105 okoliczn\u0105 panoram\u0119.<\/p>\n\n\n\n<p class=\"wp-block-paragraph\">Byli\u015bmy tak\u017ce w W\u0105wozie Kr\u00f3lowej Jadwigi oraz w Podziemnej Trasie Turystycznej.<\/p>\n\n\n\n<p class=\"wp-block-paragraph\">Sp\u0119dzili\u015bmy wsp\u00f3lnie wspania\u0142y czas i &#8222;na\u0142adowali\u015bmy akumulatory.&#8221;<\/p>\n\n\n\n<figure class=\"wp-block-gallery has-nested-images columns-1 is-cropped wp-block-gallery-1 is-layout-flex wp-block-gallery-is-layout-flex\">\n<figure class=\"wp-block-image size-large\"><img fetchpriority=\"high\" decoding=\"async\" width=\"700\" height=\"525\" data-id=\"4131\" src=\"https:\/\/rotary.zamosc.pl\/wp-content\/uploads\/2023\/10\/Spotkanie-integracyjne-RC-Zamosc-w-Ostrowcu-Swietokrzyskim-i-Sandomierzu-8-700x525.jpg\" alt=\"\" class=\"wp-image-4131\" srcset=\"https:\/\/rotary.zamosc.pl\/wp-content\/uploads\/2023\/10\/Spotkanie-integracyjne-RC-Zamosc-w-Ostrowcu-Swietokrzyskim-i-Sandomierzu-8-700x525.jpg 700w, https:\/\/rotary.zamosc.pl\/wp-content\/uploads\/2023\/10\/Spotkanie-integracyjne-RC-Zamosc-w-Ostrowcu-Swietokrzyskim-i-Sandomierzu-8-300x225.jpg 300w, https:\/\/rotary.zamosc.pl\/wp-content\/uploads\/2023\/10\/Spotkanie-integracyjne-RC-Zamosc-w-Ostrowcu-Swietokrzyskim-i-Sandomierzu-8-768x576.jpg 768w, https:\/\/rotary.zamosc.pl\/wp-content\/uploads\/2023\/10\/Spotkanie-integracyjne-RC-Zamosc-w-Ostrowcu-Swietokrzyskim-i-Sandomierzu-8-1536x1152.jpg 1536w, https:\/\/rotary.zamosc.pl\/wp-content\/uploads\/2023\/10\/Spotkanie-integracyjne-RC-Zamosc-w-Ostrowcu-Swietokrzyskim-i-Sandomierzu-8-800x600.jpg 800w, https:\/\/rotary.zamosc.pl\/wp-content\/uploads\/2023\/10\/Spotkanie-integracyjne-RC-Zamosc-w-Ostrowcu-Swietokrzyskim-i-Sandomierzu-8-80x60.jpg 80w, https:\/\/rotary.zamosc.pl\/wp-content\/uploads\/2023\/10\/Spotkanie-integracyjne-RC-Zamosc-w-Ostrowcu-Swietokrzyskim-i-Sandomierzu-8.jpg 2048w\" sizes=\"(max-width: 700px) 100vw, 700px\" \/><\/figure>\n\n\n\n<figure class=\"wp-block-image size-large\"><img decoding=\"async\" width=\"700\" height=\"933\" data-id=\"4129\" src=\"https:\/\/rotary.zamosc.pl\/wp-content\/uploads\/2023\/10\/Spotkanie-integracyjne-RC-Zamosc-w-Ostrowcu-Swietokrzyskim-i-Sandomierzu-6-700x933.jpg\" alt=\"\" class=\"wp-image-4129\" srcset=\"https:\/\/rotary.zamosc.pl\/wp-content\/uploads\/2023\/10\/Spotkanie-integracyjne-RC-Zamosc-w-Ostrowcu-Swietokrzyskim-i-Sandomierzu-6-700x933.jpg 700w, https:\/\/rotary.zamosc.pl\/wp-content\/uploads\/2023\/10\/Spotkanie-integracyjne-RC-Zamosc-w-Ostrowcu-Swietokrzyskim-i-Sandomierzu-6-225x300.jpg 225w, https:\/\/rotary.zamosc.pl\/wp-content\/uploads\/2023\/10\/Spotkanie-integracyjne-RC-Zamosc-w-Ostrowcu-Swietokrzyskim-i-Sandomierzu-6-768x1024.jpg 768w, https:\/\/rotary.zamosc.pl\/wp-content\/uploads\/2023\/10\/Spotkanie-integracyjne-RC-Zamosc-w-Ostrowcu-Swietokrzyskim-i-Sandomierzu-6-1152x1536.jpg 1152w, https:\/\/rotary.zamosc.pl\/wp-content\/uploads\/2023\/10\/Spotkanie-integracyjne-RC-Zamosc-w-Ostrowcu-Swietokrzyskim-i-Sandomierzu-6-800x1067.jpg 800w, https:\/\/rotary.zamosc.pl\/wp-content\/uploads\/2023\/10\/Spotkanie-integracyjne-RC-Zamosc-w-Ostrowcu-Swietokrzyskim-i-Sandomierzu-6.jpg 1200w\" sizes=\"(max-width: 700px) 100vw, 700px\" \/><\/figure>\n\n\n\n<figure class=\"wp-block-image size-large\"><img decoding=\"async\" width=\"700\" height=\"525\" data-id=\"4128\" src=\"https:\/\/rotary.zamosc.pl\/wp-content\/uploads\/2023\/10\/Spotkanie-integracyjne-RC-Zamosc-w-Ostrowcu-Swietokrzyskim-i-Sandomierzu-5-700x525.jpg\" alt=\"\" class=\"wp-image-4128\" srcset=\"https:\/\/rotary.zamosc.pl\/wp-content\/uploads\/2023\/10\/Spotkanie-integracyjne-RC-Zamosc-w-Ostrowcu-Swietokrzyskim-i-Sandomierzu-5-700x525.jpg 700w, https:\/\/rotary.zamosc.pl\/wp-content\/uploads\/2023\/10\/Spotkanie-integracyjne-RC-Zamosc-w-Ostrowcu-Swietokrzyskim-i-Sandomierzu-5-300x225.jpg 300w, https:\/\/rotary.zamosc.pl\/wp-content\/uploads\/2023\/10\/Spotkanie-integracyjne-RC-Zamosc-w-Ostrowcu-Swietokrzyskim-i-Sandomierzu-5-768x576.jpg 768w, https:\/\/rotary.zamosc.pl\/wp-content\/uploads\/2023\/10\/Spotkanie-integracyjne-RC-Zamosc-w-Ostrowcu-Swietokrzyskim-i-Sandomierzu-5-1536x1152.jpg 1536w, https:\/\/rotary.zamosc.pl\/wp-content\/uploads\/2023\/10\/Spotkanie-integracyjne-RC-Zamosc-w-Ostrowcu-Swietokrzyskim-i-Sandomierzu-5-800x600.jpg 800w, https:\/\/rotary.zamosc.pl\/wp-content\/uploads\/2023\/10\/Spotkanie-integracyjne-RC-Zamosc-w-Ostrowcu-Swietokrzyskim-i-Sandomierzu-5-80x60.jpg 80w, https:\/\/rotary.zamosc.pl\/wp-content\/uploads\/2023\/10\/Spotkanie-integracyjne-RC-Zamosc-w-Ostrowcu-Swietokrzyskim-i-Sandomierzu-5.jpg 1600w\" sizes=\"(max-width: 700px) 100vw, 700px\" \/><\/figure>\n\n\n\n<figure class=\"wp-block-image size-large\"><img loading=\"lazy\" decoding=\"async\" width=\"700\" height=\"579\" data-id=\"4127\" src=\"https:\/\/rotary.zamosc.pl\/wp-content\/uploads\/2023\/10\/Spotkanie-integracyjne-RC-Zamosc-w-Ostrowcu-Swietokrzyskim-i-Sandomierzu-4-700x579.jpg\" alt=\"\" class=\"wp-image-4127\" srcset=\"https:\/\/rotary.zamosc.pl\/wp-content\/uploads\/2023\/10\/Spotkanie-integracyjne-RC-Zamosc-w-Ostrowcu-Swietokrzyskim-i-Sandomierzu-4-700x579.jpg 700w, https:\/\/rotary.zamosc.pl\/wp-content\/uploads\/2023\/10\/Spotkanie-integracyjne-RC-Zamosc-w-Ostrowcu-Swietokrzyskim-i-Sandomierzu-4-300x248.jpg 300w, https:\/\/rotary.zamosc.pl\/wp-content\/uploads\/2023\/10\/Spotkanie-integracyjne-RC-Zamosc-w-Ostrowcu-Swietokrzyskim-i-Sandomierzu-4-768x635.jpg 768w, https:\/\/rotary.zamosc.pl\/wp-content\/uploads\/2023\/10\/Spotkanie-integracyjne-RC-Zamosc-w-Ostrowcu-Swietokrzyskim-i-Sandomierzu-4-1536x1271.jpg 1536w, https:\/\/rotary.zamosc.pl\/wp-content\/uploads\/2023\/10\/Spotkanie-integracyjne-RC-Zamosc-w-Ostrowcu-Swietokrzyskim-i-Sandomierzu-4-800x662.jpg 800w, https:\/\/rotary.zamosc.pl\/wp-content\/uploads\/2023\/10\/Spotkanie-integracyjne-RC-Zamosc-w-Ostrowcu-Swietokrzyskim-i-Sandomierzu-4.jpg 2048w\" sizes=\"(max-width: 700px) 100vw, 700px\" \/><\/figure>\n\n\n\n<figure class=\"wp-block-image size-large\"><img loading=\"lazy\" decoding=\"async\" width=\"700\" height=\"525\" data-id=\"4126\" src=\"https:\/\/rotary.zamosc.pl\/wp-content\/uploads\/2023\/10\/Spotkanie-integracyjne-RC-Zamosc-w-Ostrowcu-Swietokrzyskim-i-Sandomierzu-3-700x525.jpg\" alt=\"\" class=\"wp-image-4126\" srcset=\"https:\/\/rotary.zamosc.pl\/wp-content\/uploads\/2023\/10\/Spotkanie-integracyjne-RC-Zamosc-w-Ostrowcu-Swietokrzyskim-i-Sandomierzu-3-700x525.jpg 700w, https:\/\/rotary.zamosc.pl\/wp-content\/uploads\/2023\/10\/Spotkanie-integracyjne-RC-Zamosc-w-Ostrowcu-Swietokrzyskim-i-Sandomierzu-3-300x225.jpg 300w, https:\/\/rotary.zamosc.pl\/wp-content\/uploads\/2023\/10\/Spotkanie-integracyjne-RC-Zamosc-w-Ostrowcu-Swietokrzyskim-i-Sandomierzu-3-768x576.jpg 768w, https:\/\/rotary.zamosc.pl\/wp-content\/uploads\/2023\/10\/Spotkanie-integracyjne-RC-Zamosc-w-Ostrowcu-Swietokrzyskim-i-Sandomierzu-3-1536x1152.jpg 1536w, https:\/\/rotary.zamosc.pl\/wp-content\/uploads\/2023\/10\/Spotkanie-integracyjne-RC-Zamosc-w-Ostrowcu-Swietokrzyskim-i-Sandomierzu-3-800x600.jpg 800w, https:\/\/rotary.zamosc.pl\/wp-content\/uploads\/2023\/10\/Spotkanie-integracyjne-RC-Zamosc-w-Ostrowcu-Swietokrzyskim-i-Sandomierzu-3-80x60.jpg 80w, https:\/\/rotary.zamosc.pl\/wp-content\/uploads\/2023\/10\/Spotkanie-integracyjne-RC-Zamosc-w-Ostrowcu-Swietokrzyskim-i-Sandomierzu-3.jpg 2048w\" sizes=\"(max-width: 700px) 100vw, 700px\" \/><\/figure>\n\n\n\n<figure class=\"wp-block-image size-large\"><img loading=\"lazy\" decoding=\"async\" width=\"700\" height=\"933\" data-id=\"4125\" src=\"https:\/\/rotary.zamosc.pl\/wp-content\/uploads\/2023\/10\/Spotkanie-integracyjne-RC-Zamosc-w-Ostrowcu-Swietokrzyskim-i-Sandomierzu-2-700x933.jpg\" alt=\"\" class=\"wp-image-4125\" srcset=\"https:\/\/rotary.zamosc.pl\/wp-content\/uploads\/2023\/10\/Spotkanie-integracyjne-RC-Zamosc-w-Ostrowcu-Swietokrzyskim-i-Sandomierzu-2-700x933.jpg 700w, https:\/\/rotary.zamosc.pl\/wp-content\/uploads\/2023\/10\/Spotkanie-integracyjne-RC-Zamosc-w-Ostrowcu-Swietokrzyskim-i-Sandomierzu-2-225x300.jpg 225w, https:\/\/rotary.zamosc.pl\/wp-content\/uploads\/2023\/10\/Spotkanie-integracyjne-RC-Zamosc-w-Ostrowcu-Swietokrzyskim-i-Sandomierzu-2-768x1024.jpg 768w, https:\/\/rotary.zamosc.pl\/wp-content\/uploads\/2023\/10\/Spotkanie-integracyjne-RC-Zamosc-w-Ostrowcu-Swietokrzyskim-i-Sandomierzu-2-1152x1536.jpg 1152w, https:\/\/rotary.zamosc.pl\/wp-content\/uploads\/2023\/10\/Spotkanie-integracyjne-RC-Zamosc-w-Ostrowcu-Swietokrzyskim-i-Sandomierzu-2-800x1067.jpg 800w, https:\/\/rotary.zamosc.pl\/wp-content\/uploads\/2023\/10\/Spotkanie-integracyjne-RC-Zamosc-w-Ostrowcu-Swietokrzyskim-i-Sandomierzu-2.jpg 1536w\" sizes=\"(max-width: 700px) 100vw, 700px\" \/><\/figure>\n\n\n\n<figure class=\"wp-block-image size-large\"><img loading=\"lazy\" decoding=\"async\" width=\"700\" height=\"525\" data-id=\"4124\" src=\"https:\/\/rotary.zamosc.pl\/wp-content\/uploads\/2023\/10\/Spotkanie-integracyjne-RC-Zamosc-w-Ostrowcu-Swietokrzyskim-i-Sandomierzu-1-700x525.jpg\" alt=\"\" class=\"wp-image-4124\" srcset=\"https:\/\/rotary.zamosc.pl\/wp-content\/uploads\/2023\/10\/Spotkanie-integracyjne-RC-Zamosc-w-Ostrowcu-Swietokrzyskim-i-Sandomierzu-1-700x525.jpg 700w, https:\/\/rotary.zamosc.pl\/wp-content\/uploads\/2023\/10\/Spotkanie-integracyjne-RC-Zamosc-w-Ostrowcu-Swietokrzyskim-i-Sandomierzu-1-300x225.jpg 300w, https:\/\/rotary.zamosc.pl\/wp-content\/uploads\/2023\/10\/Spotkanie-integracyjne-RC-Zamosc-w-Ostrowcu-Swietokrzyskim-i-Sandomierzu-1-768x576.jpg 768w, https:\/\/rotary.zamosc.pl\/wp-content\/uploads\/2023\/10\/Spotkanie-integracyjne-RC-Zamosc-w-Ostrowcu-Swietokrzyskim-i-Sandomierzu-1-1536x1152.jpg 1536w, https:\/\/rotary.zamosc.pl\/wp-content\/uploads\/2023\/10\/Spotkanie-integracyjne-RC-Zamosc-w-Ostrowcu-Swietokrzyskim-i-Sandomierzu-1-800x600.jpg 800w, https:\/\/rotary.zamosc.pl\/wp-content\/uploads\/2023\/10\/Spotkanie-integracyjne-RC-Zamosc-w-Ostrowcu-Swietokrzyskim-i-Sandomierzu-1-80x60.jpg 80w, https:\/\/rotary.zamosc.pl\/wp-content\/uploads\/2023\/10\/Spotkanie-integracyjne-RC-Zamosc-w-Ostrowcu-Swietokrzyskim-i-Sandomierzu-1.jpg 2048w\" sizes=\"(max-width: 700px) 100vw, 700px\" \/><\/figure>\n<\/figure>\n\n\n\n<p class=\"wp-block-paragraph\"><\/p>\n","protected":false},"excerpt":{"rendered":"<p>13 pa\u017adziernika byli\u015bmy w Ostrowcu \u015awi\u0119tokrzyskim, gdzie mieszkaj\u0105 nasi klubowi koledzy,rotarianie RC Zamo\u015b\u0107, Jagoda i Tomek Diadia. Go\u015bcili\u015bmy w Studio Piosenki Metro, certyfikowanej plac\u00f3wce Teatru Buffo, kt\u00f3r\u0105 prowadzi Jagoda. Tam wys\u0142uchali\u015bmy wspania\u0142ego koncertu w wykonaniu niezwykle uzdolnionej m\u0142odzie\u017cy. By\u0142y to utwory z musicalu &#8222;Metro&#8221; i &#8222;Polita&#8221; Wyst\u0119p nagrodzili\u015bmy gromkimi brawami. Podzi\u0119kowaniem za uczt\u0119 duchow\u0105 by\u0142y&#8230;<\/p>\n","protected":false},"author":1,"featured_media":4130,"comment_status":"open","ping_status":"open","sticky":false,"template":"","format":"standard","meta":{"footnotes":""},"categories":[11],"tags":[],"class_list":["post-6474","post","type-post","status-publish","format-standard","has-post-thumbnail","hentry","category-11"],"rttpg_featured_image_url":{"full":["https:\/\/rotary.zamosc.pl\/wp-content\/uploads\/2023\/10\/Spotkanie-integracyjne-RC-Zamosc-w-Ostrowcu-Swietokrzyskim-i-Sandomierzu-7.jpg",1536,2048,false],"landscape":["https:\/\/rotary.zamosc.pl\/wp-content\/uploads\/2023\/10\/Spotkanie-integracyjne-RC-Zamosc-w-Ostrowcu-Swietokrzyskim-i-Sandomierzu-7.jpg",1536,2048,false],"portraits":["https:\/\/rotary.zamosc.pl\/wp-content\/uploads\/2023\/10\/Spotkanie-integracyjne-RC-Zamosc-w-Ostrowcu-Swietokrzyskim-i-Sandomierzu-7.jpg",1536,2048,false],"thumbnail":["https:\/\/rotary.zamosc.pl\/wp-content\/uploads\/2023\/10\/Spotkanie-integracyjne-RC-Zamosc-w-Ostrowcu-Swietokrzyskim-i-Sandomierzu-7-150x150.jpg",150,150,true],"medium":["https:\/\/rotary.zamosc.pl\/wp-content\/uploads\/2023\/10\/Spotkanie-integracyjne-RC-Zamosc-w-Ostrowcu-Swietokrzyskim-i-Sandomierzu-7-225x300.jpg",225,300,true],"large":["https:\/\/rotary.zamosc.pl\/wp-content\/uploads\/2023\/10\/Spotkanie-integracyjne-RC-Zamosc-w-Ostrowcu-Swietokrzyskim-i-Sandomierzu-7-700x933.jpg",700,933,true],"1536x1536":["https:\/\/rotary.zamosc.pl\/wp-content\/uploads\/2023\/10\/Spotkanie-integracyjne-RC-Zamosc-w-Ostrowcu-Swietokrzyskim-i-Sandomierzu-7-1152x1536.jpg",1152,1536,true],"2048x2048":["https:\/\/rotary.zamosc.pl\/wp-content\/uploads\/2023\/10\/Spotkanie-integracyjne-RC-Zamosc-w-Ostrowcu-Swietokrzyskim-i-Sandomierzu-7.jpg",1536,2048,false],"post-thumbnail":["https:\/\/rotary.zamosc.pl\/wp-content\/uploads\/2023\/10\/Spotkanie-integracyjne-RC-Zamosc-w-Ostrowcu-Swietokrzyskim-i-Sandomierzu-7-800x1067.jpg",800,1067,true],"graphy-post-thumbnail-large":["https:\/\/rotary.zamosc.pl\/wp-content\/uploads\/2023\/10\/Spotkanie-integracyjne-RC-Zamosc-w-Ostrowcu-Swietokrzyskim-i-Sandomierzu-7-1080x600.jpg",1080,600,true],"graphy-post-thumbnail-medium":["https:\/\/rotary.zamosc.pl\/wp-content\/uploads\/2023\/10\/Spotkanie-integracyjne-RC-Zamosc-w-Ostrowcu-Swietokrzyskim-i-Sandomierzu-7-482x300.jpg",482,300,true],"graphy-post-thumbnail-small":["https:\/\/rotary.zamosc.pl\/wp-content\/uploads\/2023\/10\/Spotkanie-integracyjne-RC-Zamosc-w-Ostrowcu-Swietokrzyskim-i-Sandomierzu-7-80x60.jpg",80,60,true],"graphy-page-thumbnail":["https:\/\/rotary.zamosc.pl\/wp-content\/uploads\/2023\/10\/Spotkanie-integracyjne-RC-Zamosc-w-Ostrowcu-Swietokrzyskim-i-Sandomierzu-7-1260x350.jpg",1260,350,true],"sow-carousel-default":["https:\/\/rotary.zamosc.pl\/wp-content\/uploads\/2023\/10\/Spotkanie-integracyjne-RC-Zamosc-w-Ostrowcu-Swietokrzyskim-i-Sandomierzu-7-272x182.jpg",272,182,true]},"rttpg_author":{"display_name":"rotaryzamosc","author_link":"https:\/\/rotary.zamosc.pl\/index.php\/author\/rotaryzamosc\/"},"rttpg_comment":0,"rttpg_category":"<a href=\"https:\/\/rotary.zamosc.pl\/index.php\/category\/2023\/\" rel=\"category tag\">2023<\/a>","rttpg_excerpt":"13 pa\u017adziernika byli\u015bmy w Ostrowcu \u015awi\u0119tokrzyskim, gdzie mieszkaj\u0105 nasi klubowi koledzy,rotarianie RC Zamo\u015b\u0107, Jagoda i Tomek Diadia. Go\u015bcili\u015bmy w Studio Piosenki Metro, certyfikowanej plac\u00f3wce Teatru Buffo, kt\u00f3r\u0105 prowadzi Jagoda. Tam wys\u0142uchali\u015bmy wspania\u0142ego koncertu w wykonaniu niezwykle uzdolnionej m\u0142odzie\u017cy. By\u0142y to utwory z musicalu &#8222;Metro&#8221; i &#8222;Polita&#8221; Wyst\u0119p nagrodzili\u015bmy gromkimi brawami. Podzi\u0119kowaniem za uczt\u0119 duchow\u0105 by\u0142y...","_links":{"self":[{"href":"https:\/\/rotary.zamosc.pl\/index.php\/wp-json\/wp\/v2\/posts\/6474","targetHints":{"allow":["GET"]}}],"collection":[{"href":"https:\/\/rotary.zamosc.pl\/index.php\/wp-json\/wp\/v2\/posts"}],"about":[{"href":"https:\/\/rotary.zamosc.pl\/index.php\/wp-json\/wp\/v2\/types\/post"}],"author":[{"embeddable":true,"href":"https:\/\/rotary.zamosc.pl\/index.php\/wp-json\/wp\/v2\/users\/1"}],"replies":[{"embeddable":true,"href":"https:\/\/rotary.zamosc.pl\/index.php\/wp-json\/wp\/v2\/comments?post=6474"}],"version-history":[{"count":1,"href":"https:\/\/rotary.zamosc.pl\/index.php\/wp-json\/wp\/v2\/posts\/6474\/revisions"}],"predecessor-version":[{"id":6475,"href":"https:\/\/rotary.zamosc.pl\/index.php\/wp-json\/wp\/v2\/posts\/6474\/revisions\/6475"}],"wp:featuredmedia":[{"embeddable":true,"href":"https:\/\/rotary.zamosc.pl\/index.php\/wp-json\/wp\/v2\/media\/4130"}],"wp:attachment":[{"href":"https:\/\/rotary.zamosc.pl\/index.php\/wp-json\/wp\/v2\/media?parent=6474"}],"wp:term":[{"taxonomy":"category","embeddable":true,"href":"https:\/\/rotary.zamosc.pl\/index.php\/wp-json\/wp\/v2\/categories?post=6474"},{"taxonomy":"post_tag","embeddable":true,"href":"https:\/\/rotary.zamosc.pl\/index.php\/wp-json\/wp\/v2\/tags?post=6474"}],"curies":[{"name":"wp","href":"https:\/\/api.w.org\/{rel}","templated":true}]}}