{"id":6480,"date":"2023-09-29T09:23:00","date_gmt":"2023-09-29T07:23:00","guid":{"rendered":"https:\/\/rotary.zamosc.pl\/?p=6480"},"modified":"2026-03-17T09:24:37","modified_gmt":"2026-03-17T08:24:37","slug":"nasi-w-iwanofrankiwsku-i-w-bohorodczanach","status":"publish","type":"post","link":"https:\/\/rotary.zamosc.pl\/index.php\/2023\/09\/29\/nasi-w-iwanofrankiwsku-i-w-bohorodczanach\/","title":{"rendered":"Nasi w Iwanofrankiwsku i w Bohorodczanach"},"content":{"rendered":"\n<p class=\"wp-block-paragraph\">29 wrze\u015bnia troje rotarian z RC Zamo\u015b\u0107 (El\u017cbieta Szyma\u0144ska, Bogdan Szyma\u0144ski i Rafa\u0142 Pasieka) pojecha\u0142o dwoma busami u\u017cyczonymi przez Roberta Nowosada z RC Zamo\u015b\u0107, z transportem humanitarnym do Ukrainy. Zawie\u017ali m.in. 1,5 tony \u017cywno\u015bci przekazanej przez Ryszarda \u0141uczyna z RC Ordynackiego (konserwy mi\u0119sne, kasze, musli, og\u00f3rki konserwowe), ubrania dzieci\u0119ce, artyku\u0142y higieniczne, kosmetyki, koce przekazane przez RC Wolsztyn oraz \u017cywno\u015b\u0107, w tym 500 kg cukru z zasob\u00f3w RC Zamo\u015b\u0107.<\/p>\n\n\n\n<p class=\"wp-block-paragraph\">Wszystko trafi\u0142o do magazyn\u00f3w Fundacji &#8222;Jedno\u015b\u0107 Narodu&#8221; w Iwanifrankiwsku, sk\u0105d b\u0119dzie dystrybuowane dalej.<\/p>\n\n\n\n<p class=\"wp-block-paragraph\">Mimo trud\u00f3w podr\u00f3\u017cy i ci\u0119\u017ckiej pracy przy za\u0142adunku, jak i roz\u0142adunku transportu nasi koledzy mieli r\u00f3wnie\u017c mi\u0142e chwile podczas tego trzydniowego pobytu w Ukrainie.<\/p>\n\n\n\n<p class=\"wp-block-paragraph\">Ot\u00f3\u017c 1 pa\u017adziernika uczestniczyli w 15-leciu Towarzystwa Polskiego im. Andrzeja Potockiego w Iwanofrankiwsku, kt\u00f3re skupia Polak\u00f3w oraz Ukrai\u0144c\u00f3w polskiego pochodzenia.<\/p>\n\n\n\n<p class=\"wp-block-paragraph\">Uroczysto\u015b\u0107 z udzia\u0142em rotarian odby\u0142a si\u0119 w Bohorodczanach.<\/p>\n\n\n\n<p class=\"wp-block-paragraph\">Gospodarze byli doskonale przygotowani. By\u0142y serdeczne rozmowy, \u015bpiewano polskie pie\u015bni i podkre\u015blano dum\u0119 z polskiego pochodzenia. By\u0142y te\u017c wielkie podzi\u0119kowania i wdzi\u0119czno\u015b\u0107 za pomoc, jakiej Polacy udzielaj\u0105 ogarni\u0119tej wojn\u0105 Ukrainie.<\/p>\n\n\n\n<p class=\"wp-block-paragraph\">Z okazji jubileuszu Towarzystwa Polskiego, rotarianie \u017cycz\u0105c kontynuacji dzia\u0142alno\u015bci i podtrzymywania tradycji polskich wr\u0119czyli zarz\u0105dowi zamojskie upominki.<\/p>\n\n\n\n<p class=\"wp-block-paragraph\">Natomiast gospodarze odwzajemnili si\u0119 wr\u0119czaj\u0105c dyplomy z podzi\u0119kowaniami dla darczy\u0144c\u00f3w.<\/p>\n\n\n\n<figure class=\"wp-block-gallery has-nested-images columns-1 is-cropped wp-block-gallery-1 is-layout-flex wp-block-gallery-is-layout-flex\">\n<figure class=\"wp-block-image size-large\"><img fetchpriority=\"high\" decoding=\"async\" width=\"700\" height=\"933\" data-id=\"4071\" src=\"https:\/\/rotary.zamosc.pl\/wp-content\/uploads\/2023\/10\/Nasi-w-Iwanofrankiwsku-i-w-Bohorodczanach-17-700x933.jpg\" alt=\"\" class=\"wp-image-4071\" srcset=\"https:\/\/rotary.zamosc.pl\/wp-content\/uploads\/2023\/10\/Nasi-w-Iwanofrankiwsku-i-w-Bohorodczanach-17-700x933.jpg 700w, https:\/\/rotary.zamosc.pl\/wp-content\/uploads\/2023\/10\/Nasi-w-Iwanofrankiwsku-i-w-Bohorodczanach-17-225x300.jpg 225w, https:\/\/rotary.zamosc.pl\/wp-content\/uploads\/2023\/10\/Nasi-w-Iwanofrankiwsku-i-w-Bohorodczanach-17-768x1024.jpg 768w, https:\/\/rotary.zamosc.pl\/wp-content\/uploads\/2023\/10\/Nasi-w-Iwanofrankiwsku-i-w-Bohorodczanach-17-1152x1536.jpg 1152w, https:\/\/rotary.zamosc.pl\/wp-content\/uploads\/2023\/10\/Nasi-w-Iwanofrankiwsku-i-w-Bohorodczanach-17-800x1067.jpg 800w, https:\/\/rotary.zamosc.pl\/wp-content\/uploads\/2023\/10\/Nasi-w-Iwanofrankiwsku-i-w-Bohorodczanach-17.jpg 1200w\" sizes=\"(max-width: 700px) 100vw, 700px\" \/><\/figure>\n\n\n\n<figure class=\"wp-block-image size-large\"><img decoding=\"async\" width=\"700\" height=\"1516\" data-id=\"4069\" src=\"https:\/\/rotary.zamosc.pl\/wp-content\/uploads\/2023\/10\/Nasi-w-Iwanofrankiwsku-i-w-Bohorodczanach-15-700x1516.jpg\" alt=\"\" class=\"wp-image-4069\" srcset=\"https:\/\/rotary.zamosc.pl\/wp-content\/uploads\/2023\/10\/Nasi-w-Iwanofrankiwsku-i-w-Bohorodczanach-15-700x1516.jpg 700w, https:\/\/rotary.zamosc.pl\/wp-content\/uploads\/2023\/10\/Nasi-w-Iwanofrankiwsku-i-w-Bohorodczanach-15-139x300.jpg 139w, https:\/\/rotary.zamosc.pl\/wp-content\/uploads\/2023\/10\/Nasi-w-Iwanofrankiwsku-i-w-Bohorodczanach-15-709x1536.jpg 709w, https:\/\/rotary.zamosc.pl\/wp-content\/uploads\/2023\/10\/Nasi-w-Iwanofrankiwsku-i-w-Bohorodczanach-15.jpg 739w\" sizes=\"(max-width: 700px) 100vw, 700px\" \/><\/figure>\n\n\n\n<figure class=\"wp-block-image size-large\"><img decoding=\"async\" width=\"700\" height=\"323\" data-id=\"4070\" src=\"https:\/\/rotary.zamosc.pl\/wp-content\/uploads\/2023\/10\/Nasi-w-Iwanofrankiwsku-i-w-Bohorodczanach-16-700x323.jpg\" alt=\"\" class=\"wp-image-4070\" srcset=\"https:\/\/rotary.zamosc.pl\/wp-content\/uploads\/2023\/10\/Nasi-w-Iwanofrankiwsku-i-w-Bohorodczanach-16-700x323.jpg 700w, https:\/\/rotary.zamosc.pl\/wp-content\/uploads\/2023\/10\/Nasi-w-Iwanofrankiwsku-i-w-Bohorodczanach-16-300x139.jpg 300w, https:\/\/rotary.zamosc.pl\/wp-content\/uploads\/2023\/10\/Nasi-w-Iwanofrankiwsku-i-w-Bohorodczanach-16-768x355.jpg 768w, https:\/\/rotary.zamosc.pl\/wp-content\/uploads\/2023\/10\/Nasi-w-Iwanofrankiwsku-i-w-Bohorodczanach-16-1536x710.jpg 1536w, https:\/\/rotary.zamosc.pl\/wp-content\/uploads\/2023\/10\/Nasi-w-Iwanofrankiwsku-i-w-Bohorodczanach-16-800x370.jpg 800w, https:\/\/rotary.zamosc.pl\/wp-content\/uploads\/2023\/10\/Nasi-w-Iwanofrankiwsku-i-w-Bohorodczanach-16.jpg 2000w\" sizes=\"(max-width: 700px) 100vw, 700px\" \/><\/figure>\n\n\n\n<figure class=\"wp-block-image size-large\"><img loading=\"lazy\" decoding=\"async\" width=\"700\" height=\"1515\" data-id=\"4068\" src=\"https:\/\/rotary.zamosc.pl\/wp-content\/uploads\/2023\/10\/Nasi-w-Iwanofrankiwsku-i-w-Bohorodczanach-14-700x1515.jpg\" alt=\"\" class=\"wp-image-4068\" srcset=\"https:\/\/rotary.zamosc.pl\/wp-content\/uploads\/2023\/10\/Nasi-w-Iwanofrankiwsku-i-w-Bohorodczanach-14-700x1515.jpg 700w, https:\/\/rotary.zamosc.pl\/wp-content\/uploads\/2023\/10\/Nasi-w-Iwanofrankiwsku-i-w-Bohorodczanach-14-139x300.jpg 139w, https:\/\/rotary.zamosc.pl\/wp-content\/uploads\/2023\/10\/Nasi-w-Iwanofrankiwsku-i-w-Bohorodczanach-14-768x1662.jpg 768w, https:\/\/rotary.zamosc.pl\/wp-content\/uploads\/2023\/10\/Nasi-w-Iwanofrankiwsku-i-w-Bohorodczanach-14-710x1536.jpg 710w, https:\/\/rotary.zamosc.pl\/wp-content\/uploads\/2023\/10\/Nasi-w-Iwanofrankiwsku-i-w-Bohorodczanach-14-800x1732.jpg 800w, https:\/\/rotary.zamosc.pl\/wp-content\/uploads\/2023\/10\/Nasi-w-Iwanofrankiwsku-i-w-Bohorodczanach-14.jpg 924w\" sizes=\"(max-width: 700px) 100vw, 700px\" \/><\/figure>\n\n\n\n<figure class=\"wp-block-image size-large\"><img loading=\"lazy\" decoding=\"async\" width=\"700\" height=\"525\" data-id=\"4067\" src=\"https:\/\/rotary.zamosc.pl\/wp-content\/uploads\/2023\/10\/Nasi-w-Iwanofrankiwsku-i-w-Bohorodczanach-13-700x525.jpg\" alt=\"\" class=\"wp-image-4067\" srcset=\"https:\/\/rotary.zamosc.pl\/wp-content\/uploads\/2023\/10\/Nasi-w-Iwanofrankiwsku-i-w-Bohorodczanach-13-700x525.jpg 700w, https:\/\/rotary.zamosc.pl\/wp-content\/uploads\/2023\/10\/Nasi-w-Iwanofrankiwsku-i-w-Bohorodczanach-13-300x225.jpg 300w, https:\/\/rotary.zamosc.pl\/wp-content\/uploads\/2023\/10\/Nasi-w-Iwanofrankiwsku-i-w-Bohorodczanach-13-768x576.jpg 768w, https:\/\/rotary.zamosc.pl\/wp-content\/uploads\/2023\/10\/Nasi-w-Iwanofrankiwsku-i-w-Bohorodczanach-13-1536x1152.jpg 1536w, https:\/\/rotary.zamosc.pl\/wp-content\/uploads\/2023\/10\/Nasi-w-Iwanofrankiwsku-i-w-Bohorodczanach-13-800x600.jpg 800w, https:\/\/rotary.zamosc.pl\/wp-content\/uploads\/2023\/10\/Nasi-w-Iwanofrankiwsku-i-w-Bohorodczanach-13-80x60.jpg 80w, https:\/\/rotary.zamosc.pl\/wp-content\/uploads\/2023\/10\/Nasi-w-Iwanofrankiwsku-i-w-Bohorodczanach-13.jpg 1600w\" sizes=\"(max-width: 700px) 100vw, 700px\" \/><\/figure>\n\n\n\n<figure class=\"wp-block-image size-large\"><img loading=\"lazy\" decoding=\"async\" width=\"700\" height=\"1516\" data-id=\"4066\" src=\"https:\/\/rotary.zamosc.pl\/wp-content\/uploads\/2023\/10\/Nasi-w-Iwanofrankiwsku-i-w-Bohorodczanach-12-700x1516.jpg\" alt=\"\" class=\"wp-image-4066\" srcset=\"https:\/\/rotary.zamosc.pl\/wp-content\/uploads\/2023\/10\/Nasi-w-Iwanofrankiwsku-i-w-Bohorodczanach-12-700x1516.jpg 700w, https:\/\/rotary.zamosc.pl\/wp-content\/uploads\/2023\/10\/Nasi-w-Iwanofrankiwsku-i-w-Bohorodczanach-12-139x300.jpg 139w, https:\/\/rotary.zamosc.pl\/wp-content\/uploads\/2023\/10\/Nasi-w-Iwanofrankiwsku-i-w-Bohorodczanach-12-709x1536.jpg 709w, https:\/\/rotary.zamosc.pl\/wp-content\/uploads\/2023\/10\/Nasi-w-Iwanofrankiwsku-i-w-Bohorodczanach-12.jpg 739w\" sizes=\"(max-width: 700px) 100vw, 700px\" \/><\/figure>\n\n\n\n<figure class=\"wp-block-image size-large\"><img loading=\"lazy\" decoding=\"async\" width=\"700\" height=\"933\" data-id=\"4065\" src=\"https:\/\/rotary.zamosc.pl\/wp-content\/uploads\/2023\/10\/Nasi-w-Iwanofrankiwsku-i-w-Bohorodczanach-11-700x933.jpg\" alt=\"\" class=\"wp-image-4065\" srcset=\"https:\/\/rotary.zamosc.pl\/wp-content\/uploads\/2023\/10\/Nasi-w-Iwanofrankiwsku-i-w-Bohorodczanach-11-700x933.jpg 700w, https:\/\/rotary.zamosc.pl\/wp-content\/uploads\/2023\/10\/Nasi-w-Iwanofrankiwsku-i-w-Bohorodczanach-11-225x300.jpg 225w, https:\/\/rotary.zamosc.pl\/wp-content\/uploads\/2023\/10\/Nasi-w-Iwanofrankiwsku-i-w-Bohorodczanach-11-768x1024.jpg 768w, https:\/\/rotary.zamosc.pl\/wp-content\/uploads\/2023\/10\/Nasi-w-Iwanofrankiwsku-i-w-Bohorodczanach-11-1152x1536.jpg 1152w, https:\/\/rotary.zamosc.pl\/wp-content\/uploads\/2023\/10\/Nasi-w-Iwanofrankiwsku-i-w-Bohorodczanach-11-800x1067.jpg 800w, https:\/\/rotary.zamosc.pl\/wp-content\/uploads\/2023\/10\/Nasi-w-Iwanofrankiwsku-i-w-Bohorodczanach-11.jpg 1200w\" sizes=\"(max-width: 700px) 100vw, 700px\" \/><\/figure>\n\n\n\n<figure class=\"wp-block-image size-large\"><img loading=\"lazy\" decoding=\"async\" width=\"700\" height=\"933\" data-id=\"4064\" src=\"https:\/\/rotary.zamosc.pl\/wp-content\/uploads\/2023\/10\/Nasi-w-Iwanofrankiwsku-i-w-Bohorodczanach-10-700x933.jpg\" alt=\"\" class=\"wp-image-4064\" srcset=\"https:\/\/rotary.zamosc.pl\/wp-content\/uploads\/2023\/10\/Nasi-w-Iwanofrankiwsku-i-w-Bohorodczanach-10-700x933.jpg 700w, https:\/\/rotary.zamosc.pl\/wp-content\/uploads\/2023\/10\/Nasi-w-Iwanofrankiwsku-i-w-Bohorodczanach-10-225x300.jpg 225w, https:\/\/rotary.zamosc.pl\/wp-content\/uploads\/2023\/10\/Nasi-w-Iwanofrankiwsku-i-w-Bohorodczanach-10-768x1024.jpg 768w, https:\/\/rotary.zamosc.pl\/wp-content\/uploads\/2023\/10\/Nasi-w-Iwanofrankiwsku-i-w-Bohorodczanach-10-1152x1536.jpg 1152w, https:\/\/rotary.zamosc.pl\/wp-content\/uploads\/2023\/10\/Nasi-w-Iwanofrankiwsku-i-w-Bohorodczanach-10-800x1067.jpg 800w, https:\/\/rotary.zamosc.pl\/wp-content\/uploads\/2023\/10\/Nasi-w-Iwanofrankiwsku-i-w-Bohorodczanach-10.jpg 1200w\" sizes=\"(max-width: 700px) 100vw, 700px\" \/><\/figure>\n\n\n\n<figure class=\"wp-block-image size-large\"><img loading=\"lazy\" decoding=\"async\" width=\"700\" height=\"384\" data-id=\"4063\" src=\"https:\/\/rotary.zamosc.pl\/wp-content\/uploads\/2023\/10\/Nasi-w-Iwanofrankiwsku-i-w-Bohorodczanach-9-700x384.jpg\" alt=\"\" class=\"wp-image-4063\" srcset=\"https:\/\/rotary.zamosc.pl\/wp-content\/uploads\/2023\/10\/Nasi-w-Iwanofrankiwsku-i-w-Bohorodczanach-9-700x384.jpg 700w, https:\/\/rotary.zamosc.pl\/wp-content\/uploads\/2023\/10\/Nasi-w-Iwanofrankiwsku-i-w-Bohorodczanach-9-300x165.jpg 300w, https:\/\/rotary.zamosc.pl\/wp-content\/uploads\/2023\/10\/Nasi-w-Iwanofrankiwsku-i-w-Bohorodczanach-9-768x421.jpg 768w, https:\/\/rotary.zamosc.pl\/wp-content\/uploads\/2023\/10\/Nasi-w-Iwanofrankiwsku-i-w-Bohorodczanach-9-1536x843.jpg 1536w, https:\/\/rotary.zamosc.pl\/wp-content\/uploads\/2023\/10\/Nasi-w-Iwanofrankiwsku-i-w-Bohorodczanach-9-800x439.jpg 800w, https:\/\/rotary.zamosc.pl\/wp-content\/uploads\/2023\/10\/Nasi-w-Iwanofrankiwsku-i-w-Bohorodczanach-9.jpg 1684w\" sizes=\"(max-width: 700px) 100vw, 700px\" \/><\/figure>\n\n\n\n<figure class=\"wp-block-image size-large\"><img loading=\"lazy\" decoding=\"async\" width=\"700\" height=\"385\" data-id=\"4055\" src=\"https:\/\/rotary.zamosc.pl\/wp-content\/uploads\/2023\/10\/Nasi-w-Iwanofrankiwsku-i-w-Bohorodczanach-1-700x385.jpg\" alt=\"\" class=\"wp-image-4055\" srcset=\"https:\/\/rotary.zamosc.pl\/wp-content\/uploads\/2023\/10\/Nasi-w-Iwanofrankiwsku-i-w-Bohorodczanach-1-700x385.jpg 700w, https:\/\/rotary.zamosc.pl\/wp-content\/uploads\/2023\/10\/Nasi-w-Iwanofrankiwsku-i-w-Bohorodczanach-1-300x165.jpg 300w, https:\/\/rotary.zamosc.pl\/wp-content\/uploads\/2023\/10\/Nasi-w-Iwanofrankiwsku-i-w-Bohorodczanach-1-768x422.jpg 768w, https:\/\/rotary.zamosc.pl\/wp-content\/uploads\/2023\/10\/Nasi-w-Iwanofrankiwsku-i-w-Bohorodczanach-1-800x440.jpg 800w, https:\/\/rotary.zamosc.pl\/wp-content\/uploads\/2023\/10\/Nasi-w-Iwanofrankiwsku-i-w-Bohorodczanach-1.jpg 1343w\" sizes=\"(max-width: 700px) 100vw, 700px\" \/><\/figure>\n\n\n\n<figure class=\"wp-block-image size-large\"><img loading=\"lazy\" decoding=\"async\" width=\"700\" height=\"1516\" data-id=\"4056\" src=\"https:\/\/rotary.zamosc.pl\/wp-content\/uploads\/2023\/10\/Nasi-w-Iwanofrankiwsku-i-w-Bohorodczanach-2-700x1516.jpg\" alt=\"\" class=\"wp-image-4056\" srcset=\"https:\/\/rotary.zamosc.pl\/wp-content\/uploads\/2023\/10\/Nasi-w-Iwanofrankiwsku-i-w-Bohorodczanach-2-700x1516.jpg 700w, https:\/\/rotary.zamosc.pl\/wp-content\/uploads\/2023\/10\/Nasi-w-Iwanofrankiwsku-i-w-Bohorodczanach-2-139x300.jpg 139w, https:\/\/rotary.zamosc.pl\/wp-content\/uploads\/2023\/10\/Nasi-w-Iwanofrankiwsku-i-w-Bohorodczanach-2-709x1536.jpg 709w, https:\/\/rotary.zamosc.pl\/wp-content\/uploads\/2023\/10\/Nasi-w-Iwanofrankiwsku-i-w-Bohorodczanach-2.jpg 739w\" sizes=\"(max-width: 700px) 100vw, 700px\" \/><\/figure>\n\n\n\n<figure class=\"wp-block-image size-large\"><img loading=\"lazy\" decoding=\"async\" width=\"700\" height=\"1515\" data-id=\"4058\" src=\"https:\/\/rotary.zamosc.pl\/wp-content\/uploads\/2023\/10\/Nasi-w-Iwanofrankiwsku-i-w-Bohorodczanach-4-700x1515.jpg\" alt=\"\" class=\"wp-image-4058\" srcset=\"https:\/\/rotary.zamosc.pl\/wp-content\/uploads\/2023\/10\/Nasi-w-Iwanofrankiwsku-i-w-Bohorodczanach-4-700x1515.jpg 700w, https:\/\/rotary.zamosc.pl\/wp-content\/uploads\/2023\/10\/Nasi-w-Iwanofrankiwsku-i-w-Bohorodczanach-4-139x300.jpg 139w, https:\/\/rotary.zamosc.pl\/wp-content\/uploads\/2023\/10\/Nasi-w-Iwanofrankiwsku-i-w-Bohorodczanach-4-768x1662.jpg 768w, https:\/\/rotary.zamosc.pl\/wp-content\/uploads\/2023\/10\/Nasi-w-Iwanofrankiwsku-i-w-Bohorodczanach-4-710x1536.jpg 710w, https:\/\/rotary.zamosc.pl\/wp-content\/uploads\/2023\/10\/Nasi-w-Iwanofrankiwsku-i-w-Bohorodczanach-4-800x1732.jpg 800w, https:\/\/rotary.zamosc.pl\/wp-content\/uploads\/2023\/10\/Nasi-w-Iwanofrankiwsku-i-w-Bohorodczanach-4.jpg 924w\" sizes=\"(max-width: 700px) 100vw, 700px\" \/><\/figure>\n\n\n\n<figure class=\"wp-block-image size-large\"><img loading=\"lazy\" decoding=\"async\" width=\"700\" height=\"323\" data-id=\"4059\" src=\"https:\/\/rotary.zamosc.pl\/wp-content\/uploads\/2023\/10\/Nasi-w-Iwanofrankiwsku-i-w-Bohorodczanach-5-700x323.jpg\" alt=\"\" class=\"wp-image-4059\" srcset=\"https:\/\/rotary.zamosc.pl\/wp-content\/uploads\/2023\/10\/Nasi-w-Iwanofrankiwsku-i-w-Bohorodczanach-5-700x323.jpg 700w, https:\/\/rotary.zamosc.pl\/wp-content\/uploads\/2023\/10\/Nasi-w-Iwanofrankiwsku-i-w-Bohorodczanach-5-300x139.jpg 300w, https:\/\/rotary.zamosc.pl\/wp-content\/uploads\/2023\/10\/Nasi-w-Iwanofrankiwsku-i-w-Bohorodczanach-5-768x355.jpg 768w, https:\/\/rotary.zamosc.pl\/wp-content\/uploads\/2023\/10\/Nasi-w-Iwanofrankiwsku-i-w-Bohorodczanach-5-1536x710.jpg 1536w, https:\/\/rotary.zamosc.pl\/wp-content\/uploads\/2023\/10\/Nasi-w-Iwanofrankiwsku-i-w-Bohorodczanach-5-800x370.jpg 800w, https:\/\/rotary.zamosc.pl\/wp-content\/uploads\/2023\/10\/Nasi-w-Iwanofrankiwsku-i-w-Bohorodczanach-5.jpg 2000w\" sizes=\"(max-width: 700px) 100vw, 700px\" \/><\/figure>\n\n\n\n<figure class=\"wp-block-image size-large\"><img loading=\"lazy\" decoding=\"async\" width=\"700\" height=\"1515\" data-id=\"4061\" src=\"https:\/\/rotary.zamosc.pl\/wp-content\/uploads\/2023\/10\/Nasi-w-Iwanofrankiwsku-i-w-Bohorodczanach-7-700x1515.jpg\" alt=\"\" class=\"wp-image-4061\" srcset=\"https:\/\/rotary.zamosc.pl\/wp-content\/uploads\/2023\/10\/Nasi-w-Iwanofrankiwsku-i-w-Bohorodczanach-7-700x1515.jpg 700w, https:\/\/rotary.zamosc.pl\/wp-content\/uploads\/2023\/10\/Nasi-w-Iwanofrankiwsku-i-w-Bohorodczanach-7-139x300.jpg 139w, https:\/\/rotary.zamosc.pl\/wp-content\/uploads\/2023\/10\/Nasi-w-Iwanofrankiwsku-i-w-Bohorodczanach-7-768x1662.jpg 768w, https:\/\/rotary.zamosc.pl\/wp-content\/uploads\/2023\/10\/Nasi-w-Iwanofrankiwsku-i-w-Bohorodczanach-7-710x1536.jpg 710w, https:\/\/rotary.zamosc.pl\/wp-content\/uploads\/2023\/10\/Nasi-w-Iwanofrankiwsku-i-w-Bohorodczanach-7-800x1732.jpg 800w, https:\/\/rotary.zamosc.pl\/wp-content\/uploads\/2023\/10\/Nasi-w-Iwanofrankiwsku-i-w-Bohorodczanach-7.jpg 924w\" sizes=\"(max-width: 700px) 100vw, 700px\" \/><\/figure>\n\n\n\n<figure class=\"wp-block-image size-large\"><img loading=\"lazy\" decoding=\"async\" width=\"700\" height=\"933\" data-id=\"4060\" src=\"https:\/\/rotary.zamosc.pl\/wp-content\/uploads\/2023\/10\/Nasi-w-Iwanofrankiwsku-i-w-Bohorodczanach-6-700x933.jpg\" alt=\"\" class=\"wp-image-4060\" srcset=\"https:\/\/rotary.zamosc.pl\/wp-content\/uploads\/2023\/10\/Nasi-w-Iwanofrankiwsku-i-w-Bohorodczanach-6-700x933.jpg 700w, https:\/\/rotary.zamosc.pl\/wp-content\/uploads\/2023\/10\/Nasi-w-Iwanofrankiwsku-i-w-Bohorodczanach-6-225x300.jpg 225w, https:\/\/rotary.zamosc.pl\/wp-content\/uploads\/2023\/10\/Nasi-w-Iwanofrankiwsku-i-w-Bohorodczanach-6-768x1024.jpg 768w, https:\/\/rotary.zamosc.pl\/wp-content\/uploads\/2023\/10\/Nasi-w-Iwanofrankiwsku-i-w-Bohorodczanach-6-1152x1536.jpg 1152w, https:\/\/rotary.zamosc.pl\/wp-content\/uploads\/2023\/10\/Nasi-w-Iwanofrankiwsku-i-w-Bohorodczanach-6-800x1067.jpg 800w, https:\/\/rotary.zamosc.pl\/wp-content\/uploads\/2023\/10\/Nasi-w-Iwanofrankiwsku-i-w-Bohorodczanach-6.jpg 1200w\" sizes=\"(max-width: 700px) 100vw, 700px\" \/><\/figure>\n\n\n\n<figure class=\"wp-block-image size-large\"><img loading=\"lazy\" decoding=\"async\" width=\"700\" height=\"933\" data-id=\"4062\" src=\"https:\/\/rotary.zamosc.pl\/wp-content\/uploads\/2023\/10\/Nasi-w-Iwanofrankiwsku-i-w-Bohorodczanach-8-700x933.jpg\" alt=\"\" class=\"wp-image-4062\" srcset=\"https:\/\/rotary.zamosc.pl\/wp-content\/uploads\/2023\/10\/Nasi-w-Iwanofrankiwsku-i-w-Bohorodczanach-8-700x933.jpg 700w, https:\/\/rotary.zamosc.pl\/wp-content\/uploads\/2023\/10\/Nasi-w-Iwanofrankiwsku-i-w-Bohorodczanach-8-225x300.jpg 225w, https:\/\/rotary.zamosc.pl\/wp-content\/uploads\/2023\/10\/Nasi-w-Iwanofrankiwsku-i-w-Bohorodczanach-8-768x1024.jpg 768w, https:\/\/rotary.zamosc.pl\/wp-content\/uploads\/2023\/10\/Nasi-w-Iwanofrankiwsku-i-w-Bohorodczanach-8-1152x1536.jpg 1152w, https:\/\/rotary.zamosc.pl\/wp-content\/uploads\/2023\/10\/Nasi-w-Iwanofrankiwsku-i-w-Bohorodczanach-8-800x1067.jpg 800w, https:\/\/rotary.zamosc.pl\/wp-content\/uploads\/2023\/10\/Nasi-w-Iwanofrankiwsku-i-w-Bohorodczanach-8.jpg 1200w\" sizes=\"(max-width: 700px) 100vw, 700px\" \/><\/figure>\n<\/figure>\n","protected":false},"excerpt":{"rendered":"<p>29 wrze\u015bnia troje rotarian z RC Zamo\u015b\u0107 (El\u017cbieta Szyma\u0144ska, Bogdan Szyma\u0144ski i Rafa\u0142 Pasieka) pojecha\u0142o dwoma busami u\u017cyczonymi przez Roberta Nowosada z RC Zamo\u015b\u0107, z transportem humanitarnym do Ukrainy. Zawie\u017ali m.in. 1,5 tony \u017cywno\u015bci przekazanej przez Ryszarda \u0141uczyna z RC Ordynackiego (konserwy mi\u0119sne, kasze, musli, og\u00f3rki konserwowe), ubrania dzieci\u0119ce, artyku\u0142y higieniczne, kosmetyki, koce przekazane przez&#8230;<\/p>\n","protected":false},"author":1,"featured_media":4057,"comment_status":"open","ping_status":"open","sticky":false,"template":"","format":"standard","meta":{"footnotes":""},"categories":[11,12],"tags":[],"class_list":["post-6480","post","type-post","status-publish","format-standard","has-post-thumbnail","hentry","category-11","category-pomoc-ukrainie"],"rttpg_featured_image_url":{"full":["https:\/\/rotary.zamosc.pl\/wp-content\/uploads\/2023\/10\/Nasi-w-Iwanofrankiwsku-i-w-Bohorodczanach-3.jpg",1155,738,false],"landscape":["https:\/\/rotary.zamosc.pl\/wp-content\/uploads\/2023\/10\/Nasi-w-Iwanofrankiwsku-i-w-Bohorodczanach-3.jpg",1155,738,false],"portraits":["https:\/\/rotary.zamosc.pl\/wp-content\/uploads\/2023\/10\/Nasi-w-Iwanofrankiwsku-i-w-Bohorodczanach-3.jpg",1155,738,false],"thumbnail":["https:\/\/rotary.zamosc.pl\/wp-content\/uploads\/2023\/10\/Nasi-w-Iwanofrankiwsku-i-w-Bohorodczanach-3-150x150.jpg",150,150,true],"medium":["https:\/\/rotary.zamosc.pl\/wp-content\/uploads\/2023\/10\/Nasi-w-Iwanofrankiwsku-i-w-Bohorodczanach-3-300x192.jpg",300,192,true],"large":["https:\/\/rotary.zamosc.pl\/wp-content\/uploads\/2023\/10\/Nasi-w-Iwanofrankiwsku-i-w-Bohorodczanach-3-700x447.jpg",700,447,true],"1536x1536":["https:\/\/rotary.zamosc.pl\/wp-content\/uploads\/2023\/10\/Nasi-w-Iwanofrankiwsku-i-w-Bohorodczanach-3.jpg",1155,738,false],"2048x2048":["https:\/\/rotary.zamosc.pl\/wp-content\/uploads\/2023\/10\/Nasi-w-Iwanofrankiwsku-i-w-Bohorodczanach-3.jpg",1155,738,false],"post-thumbnail":["https:\/\/rotary.zamosc.pl\/wp-content\/uploads\/2023\/10\/Nasi-w-Iwanofrankiwsku-i-w-Bohorodczanach-3-800x511.jpg",800,511,true],"graphy-post-thumbnail-large":["https:\/\/rotary.zamosc.pl\/wp-content\/uploads\/2023\/10\/Nasi-w-Iwanofrankiwsku-i-w-Bohorodczanach-3-1080x600.jpg",1080,600,true],"graphy-post-thumbnail-medium":["https:\/\/rotary.zamosc.pl\/wp-content\/uploads\/2023\/10\/Nasi-w-Iwanofrankiwsku-i-w-Bohorodczanach-3-482x300.jpg",482,300,true],"graphy-post-thumbnail-small":["https:\/\/rotary.zamosc.pl\/wp-content\/uploads\/2023\/10\/Nasi-w-Iwanofrankiwsku-i-w-Bohorodczanach-3-80x60.jpg",80,60,true],"graphy-page-thumbnail":["https:\/\/rotary.zamosc.pl\/wp-content\/uploads\/2023\/10\/Nasi-w-Iwanofrankiwsku-i-w-Bohorodczanach-3-1155x350.jpg",1155,350,true],"sow-carousel-default":["https:\/\/rotary.zamosc.pl\/wp-content\/uploads\/2023\/10\/Nasi-w-Iwanofrankiwsku-i-w-Bohorodczanach-3-272x182.jpg",272,182,true]},"rttpg_author":{"display_name":"rotaryzamosc","author_link":"https:\/\/rotary.zamosc.pl\/index.php\/author\/rotaryzamosc\/"},"rttpg_comment":0,"rttpg_category":"<a href=\"https:\/\/rotary.zamosc.pl\/index.php\/category\/2023\/\" rel=\"category tag\">2023<\/a> <a href=\"https:\/\/rotary.zamosc.pl\/index.php\/category\/pomoc-ukrainie\/\" rel=\"category tag\">Pomoc Ukrainie<\/a>","rttpg_excerpt":"29 wrze\u015bnia troje rotarian z RC Zamo\u015b\u0107 (El\u017cbieta Szyma\u0144ska, Bogdan Szyma\u0144ski i Rafa\u0142 Pasieka) pojecha\u0142o dwoma busami u\u017cyczonymi przez Roberta Nowosada z RC Zamo\u015b\u0107, z transportem humanitarnym do Ukrainy. Zawie\u017ali m.in. 1,5 tony \u017cywno\u015bci przekazanej przez Ryszarda \u0141uczyna z RC Ordynackiego (konserwy mi\u0119sne, kasze, musli, og\u00f3rki konserwowe), ubrania dzieci\u0119ce, artyku\u0142y higieniczne, kosmetyki, koce przekazane przez...","_links":{"self":[{"href":"https:\/\/rotary.zamosc.pl\/index.php\/wp-json\/wp\/v2\/posts\/6480","targetHints":{"allow":["GET"]}}],"collection":[{"href":"https:\/\/rotary.zamosc.pl\/index.php\/wp-json\/wp\/v2\/posts"}],"about":[{"href":"https:\/\/rotary.zamosc.pl\/index.php\/wp-json\/wp\/v2\/types\/post"}],"author":[{"embeddable":true,"href":"https:\/\/rotary.zamosc.pl\/index.php\/wp-json\/wp\/v2\/users\/1"}],"replies":[{"embeddable":true,"href":"https:\/\/rotary.zamosc.pl\/index.php\/wp-json\/wp\/v2\/comments?post=6480"}],"version-history":[{"count":1,"href":"https:\/\/rotary.zamosc.pl\/index.php\/wp-json\/wp\/v2\/posts\/6480\/revisions"}],"predecessor-version":[{"id":6481,"href":"https:\/\/rotary.zamosc.pl\/index.php\/wp-json\/wp\/v2\/posts\/6480\/revisions\/6481"}],"wp:featuredmedia":[{"embeddable":true,"href":"https:\/\/rotary.zamosc.pl\/index.php\/wp-json\/wp\/v2\/media\/4057"}],"wp:attachment":[{"href":"https:\/\/rotary.zamosc.pl\/index.php\/wp-json\/wp\/v2\/media?parent=6480"}],"wp:term":[{"taxonomy":"category","embeddable":true,"href":"https:\/\/rotary.zamosc.pl\/index.php\/wp-json\/wp\/v2\/categories?post=6480"},{"taxonomy":"post_tag","embeddable":true,"href":"https:\/\/rotary.zamosc.pl\/index.php\/wp-json\/wp\/v2\/tags?post=6480"}],"curies":[{"name":"wp","href":"https:\/\/api.w.org\/{rel}","templated":true}]}}