{"id":6482,"date":"2023-09-20T09:27:00","date_gmt":"2023-09-20T07:27:00","guid":{"rendered":"https:\/\/rotary.zamosc.pl\/?p=6482"},"modified":"2026-03-17T09:29:13","modified_gmt":"2026-03-17T08:29:13","slug":"mlodziez-z-plsp-w-zamosciu-na-plenerze-w-wierzchowiskach-pod-lublinem","status":"publish","type":"post","link":"https:\/\/rotary.zamosc.pl\/index.php\/2023\/09\/20\/mlodziez-z-plsp-w-zamosciu-na-plenerze-w-wierzchowiskach-pod-lublinem\/","title":{"rendered":"M\u0142odzie\u017c z PLSP w Zamo\u015bciu na plenerze w Wierzchowiskach pod Lublinem"},"content":{"rendered":"\n<p class=\"wp-block-paragraph\">Rotary Club Zamo\u015b\u0107 ufundowa\u0142 pobyt na polu golfowym w Wierzchowiskach dla 20 uczni\u00f3w Pa\u0144stwowego Liceum Sztuk Plastycznych w Zamo\u015bciu.<\/p>\n\n\n\n<p class=\"wp-block-paragraph\">By\u0142a to forma podzi\u0119kowania m\u0142odzie\u017cy za udzia\u0142 i zaanga\u017cowanie w wielu przedsi\u0119wzi\u0119ciach i akcjach charytatywnych organizowanych przez nasz klub (m.in. Zielone p\u0142uca dla Zamo\u015bcia, sprz\u0105tanie lasu, maski karnawa\u0142owe)<\/p>\n\n\n\n<p class=\"wp-block-paragraph\">Wyjazd odby\u0142 si\u0119 20 wrze\u015bnia.<\/p>\n\n\n\n<p class=\"wp-block-paragraph\">Uczniowie pod opiek\u0105 naszej klubowej kole\u017canki Katarzyny Manachiewicz poznali histori\u0119 XIX w. dworku, kt\u00f3ry si\u0119 tam znajduje, a oprowadza\u0142a po w\u0142o\u015bciach w\u0142a\u015bcicielka Pani Maria Cioczek.<\/p>\n\n\n\n<p class=\"wp-block-paragraph\">M\u0142odzie\u017c z du\u017cym zainteresowaniem obejrza\u0142a poka\u017ane zbiory powstaj\u0105cego tam muzeum.<\/p>\n\n\n\n<p class=\"wp-block-paragraph\">Bez w\u0105tpienia atrakcj\u0105 by\u0142o samo pole golfowe po\u0142o\u017cone w pi\u0119knym parku.<\/p>\n\n\n\n<p class=\"wp-block-paragraph\">Dzi\u0119ki naszemu prezydentowi Zbigniewowi Gumulinskiemu, kt\u00f3ry jest zapalonym golfist\u0105,m\u0142odzi ludzie mogli zapozna\u0107 si\u0119 z tym ciekawym sportem.<\/p>\n\n\n\n<p class=\"wp-block-paragraph\">Ka\u017cdy m\u00f3g\u0142 spr\u00f3bowa\u0107 uderzy\u0107 pi\u0142k\u0119 kijkiem i umie\u015bci\u0107 j\u0105 w do\u0142ku.<\/p>\n\n\n\n<p class=\"wp-block-paragraph\">Przebywaj\u0105c w tym pi\u0119knym przyrodniczo miejscu uczniowie fotografowali przygotowuj\u0105c sobie materia\u0142, kt\u00f3ry pos\u0142u\u017cy do wykonania prac plastycznych tematycznie zwi\u0105zanych z golfem.<\/p>\n\n\n\n<figure class=\"wp-block-gallery has-nested-images columns-1 is-cropped wp-block-gallery-1 is-layout-flex wp-block-gallery-is-layout-flex\">\n<figure class=\"wp-block-image size-large\"><img fetchpriority=\"high\" decoding=\"async\" width=\"700\" height=\"315\" data-id=\"4048\" src=\"https:\/\/rotary.zamosc.pl\/wp-content\/uploads\/2023\/10\/Mlodziez-z-PLSP-w-Zamosciu-na-plenerze-w-Wierzchowiskach-pod-Lublinem-15-700x315.jpg\" alt=\"\" class=\"wp-image-4048\" srcset=\"https:\/\/rotary.zamosc.pl\/wp-content\/uploads\/2023\/10\/Mlodziez-z-PLSP-w-Zamosciu-na-plenerze-w-Wierzchowiskach-pod-Lublinem-15-700x315.jpg 700w, https:\/\/rotary.zamosc.pl\/wp-content\/uploads\/2023\/10\/Mlodziez-z-PLSP-w-Zamosciu-na-plenerze-w-Wierzchowiskach-pod-Lublinem-15-300x135.jpg 300w, https:\/\/rotary.zamosc.pl\/wp-content\/uploads\/2023\/10\/Mlodziez-z-PLSP-w-Zamosciu-na-plenerze-w-Wierzchowiskach-pod-Lublinem-15-768x346.jpg 768w, https:\/\/rotary.zamosc.pl\/wp-content\/uploads\/2023\/10\/Mlodziez-z-PLSP-w-Zamosciu-na-plenerze-w-Wierzchowiskach-pod-Lublinem-15-1536x691.jpg 1536w, https:\/\/rotary.zamosc.pl\/wp-content\/uploads\/2023\/10\/Mlodziez-z-PLSP-w-Zamosciu-na-plenerze-w-Wierzchowiskach-pod-Lublinem-15-800x360.jpg 800w, https:\/\/rotary.zamosc.pl\/wp-content\/uploads\/2023\/10\/Mlodziez-z-PLSP-w-Zamosciu-na-plenerze-w-Wierzchowiskach-pod-Lublinem-15.jpg 2000w\" sizes=\"(max-width: 700px) 100vw, 700px\" \/><\/figure>\n\n\n\n<figure class=\"wp-block-image size-large\"><img decoding=\"async\" width=\"700\" height=\"315\" data-id=\"4047\" src=\"https:\/\/rotary.zamosc.pl\/wp-content\/uploads\/2023\/10\/Mlodziez-z-PLSP-w-Zamosciu-na-plenerze-w-Wierzchowiskach-pod-Lublinem-14-700x315.jpg\" alt=\"\" class=\"wp-image-4047\" srcset=\"https:\/\/rotary.zamosc.pl\/wp-content\/uploads\/2023\/10\/Mlodziez-z-PLSP-w-Zamosciu-na-plenerze-w-Wierzchowiskach-pod-Lublinem-14-700x315.jpg 700w, https:\/\/rotary.zamosc.pl\/wp-content\/uploads\/2023\/10\/Mlodziez-z-PLSP-w-Zamosciu-na-plenerze-w-Wierzchowiskach-pod-Lublinem-14-300x135.jpg 300w, https:\/\/rotary.zamosc.pl\/wp-content\/uploads\/2023\/10\/Mlodziez-z-PLSP-w-Zamosciu-na-plenerze-w-Wierzchowiskach-pod-Lublinem-14-768x346.jpg 768w, https:\/\/rotary.zamosc.pl\/wp-content\/uploads\/2023\/10\/Mlodziez-z-PLSP-w-Zamosciu-na-plenerze-w-Wierzchowiskach-pod-Lublinem-14-1536x691.jpg 1536w, https:\/\/rotary.zamosc.pl\/wp-content\/uploads\/2023\/10\/Mlodziez-z-PLSP-w-Zamosciu-na-plenerze-w-Wierzchowiskach-pod-Lublinem-14-800x360.jpg 800w, https:\/\/rotary.zamosc.pl\/wp-content\/uploads\/2023\/10\/Mlodziez-z-PLSP-w-Zamosciu-na-plenerze-w-Wierzchowiskach-pod-Lublinem-14.jpg 2000w\" sizes=\"(max-width: 700px) 100vw, 700px\" \/><\/figure>\n\n\n\n<figure class=\"wp-block-image size-large\"><img decoding=\"async\" width=\"700\" height=\"525\" data-id=\"4046\" src=\"https:\/\/rotary.zamosc.pl\/wp-content\/uploads\/2023\/10\/Mlodziez-z-PLSP-w-Zamosciu-na-plenerze-w-Wierzchowiskach-pod-Lublinem-13-700x525.jpg\" alt=\"\" class=\"wp-image-4046\" srcset=\"https:\/\/rotary.zamosc.pl\/wp-content\/uploads\/2023\/10\/Mlodziez-z-PLSP-w-Zamosciu-na-plenerze-w-Wierzchowiskach-pod-Lublinem-13-700x525.jpg 700w, https:\/\/rotary.zamosc.pl\/wp-content\/uploads\/2023\/10\/Mlodziez-z-PLSP-w-Zamosciu-na-plenerze-w-Wierzchowiskach-pod-Lublinem-13-300x225.jpg 300w, https:\/\/rotary.zamosc.pl\/wp-content\/uploads\/2023\/10\/Mlodziez-z-PLSP-w-Zamosciu-na-plenerze-w-Wierzchowiskach-pod-Lublinem-13-768x576.jpg 768w, https:\/\/rotary.zamosc.pl\/wp-content\/uploads\/2023\/10\/Mlodziez-z-PLSP-w-Zamosciu-na-plenerze-w-Wierzchowiskach-pod-Lublinem-13-1536x1152.jpg 1536w, https:\/\/rotary.zamosc.pl\/wp-content\/uploads\/2023\/10\/Mlodziez-z-PLSP-w-Zamosciu-na-plenerze-w-Wierzchowiskach-pod-Lublinem-13-800x600.jpg 800w, https:\/\/rotary.zamosc.pl\/wp-content\/uploads\/2023\/10\/Mlodziez-z-PLSP-w-Zamosciu-na-plenerze-w-Wierzchowiskach-pod-Lublinem-13-80x60.jpg 80w, https:\/\/rotary.zamosc.pl\/wp-content\/uploads\/2023\/10\/Mlodziez-z-PLSP-w-Zamosciu-na-plenerze-w-Wierzchowiskach-pod-Lublinem-13.jpg 1600w\" sizes=\"(max-width: 700px) 100vw, 700px\" \/><\/figure>\n\n\n\n<figure class=\"wp-block-image size-large\"><img loading=\"lazy\" decoding=\"async\" width=\"700\" height=\"315\" data-id=\"4045\" src=\"https:\/\/rotary.zamosc.pl\/wp-content\/uploads\/2023\/10\/Mlodziez-z-PLSP-w-Zamosciu-na-plenerze-w-Wierzchowiskach-pod-Lublinem-12-700x315.jpg\" alt=\"\" class=\"wp-image-4045\" srcset=\"https:\/\/rotary.zamosc.pl\/wp-content\/uploads\/2023\/10\/Mlodziez-z-PLSP-w-Zamosciu-na-plenerze-w-Wierzchowiskach-pod-Lublinem-12-700x315.jpg 700w, https:\/\/rotary.zamosc.pl\/wp-content\/uploads\/2023\/10\/Mlodziez-z-PLSP-w-Zamosciu-na-plenerze-w-Wierzchowiskach-pod-Lublinem-12-300x135.jpg 300w, https:\/\/rotary.zamosc.pl\/wp-content\/uploads\/2023\/10\/Mlodziez-z-PLSP-w-Zamosciu-na-plenerze-w-Wierzchowiskach-pod-Lublinem-12-768x346.jpg 768w, https:\/\/rotary.zamosc.pl\/wp-content\/uploads\/2023\/10\/Mlodziez-z-PLSP-w-Zamosciu-na-plenerze-w-Wierzchowiskach-pod-Lublinem-12-1536x691.jpg 1536w, https:\/\/rotary.zamosc.pl\/wp-content\/uploads\/2023\/10\/Mlodziez-z-PLSP-w-Zamosciu-na-plenerze-w-Wierzchowiskach-pod-Lublinem-12-800x360.jpg 800w, https:\/\/rotary.zamosc.pl\/wp-content\/uploads\/2023\/10\/Mlodziez-z-PLSP-w-Zamosciu-na-plenerze-w-Wierzchowiskach-pod-Lublinem-12.jpg 1600w\" sizes=\"(max-width: 700px) 100vw, 700px\" \/><\/figure>\n\n\n\n<figure class=\"wp-block-image size-large\"><img loading=\"lazy\" decoding=\"async\" width=\"700\" height=\"525\" data-id=\"4044\" src=\"https:\/\/rotary.zamosc.pl\/wp-content\/uploads\/2023\/10\/Mlodziez-z-PLSP-w-Zamosciu-na-plenerze-w-Wierzchowiskach-pod-Lublinem-11-700x525.jpg\" alt=\"\" class=\"wp-image-4044\" srcset=\"https:\/\/rotary.zamosc.pl\/wp-content\/uploads\/2023\/10\/Mlodziez-z-PLSP-w-Zamosciu-na-plenerze-w-Wierzchowiskach-pod-Lublinem-11-700x525.jpg 700w, https:\/\/rotary.zamosc.pl\/wp-content\/uploads\/2023\/10\/Mlodziez-z-PLSP-w-Zamosciu-na-plenerze-w-Wierzchowiskach-pod-Lublinem-11-300x225.jpg 300w, https:\/\/rotary.zamosc.pl\/wp-content\/uploads\/2023\/10\/Mlodziez-z-PLSP-w-Zamosciu-na-plenerze-w-Wierzchowiskach-pod-Lublinem-11-768x576.jpg 768w, https:\/\/rotary.zamosc.pl\/wp-content\/uploads\/2023\/10\/Mlodziez-z-PLSP-w-Zamosciu-na-plenerze-w-Wierzchowiskach-pod-Lublinem-11-1536x1152.jpg 1536w, https:\/\/rotary.zamosc.pl\/wp-content\/uploads\/2023\/10\/Mlodziez-z-PLSP-w-Zamosciu-na-plenerze-w-Wierzchowiskach-pod-Lublinem-11-800x600.jpg 800w, https:\/\/rotary.zamosc.pl\/wp-content\/uploads\/2023\/10\/Mlodziez-z-PLSP-w-Zamosciu-na-plenerze-w-Wierzchowiskach-pod-Lublinem-11-80x60.jpg 80w, https:\/\/rotary.zamosc.pl\/wp-content\/uploads\/2023\/10\/Mlodziez-z-PLSP-w-Zamosciu-na-plenerze-w-Wierzchowiskach-pod-Lublinem-11.jpg 1600w\" sizes=\"(max-width: 700px) 100vw, 700px\" \/><\/figure>\n\n\n\n<figure class=\"wp-block-image size-large\"><img loading=\"lazy\" decoding=\"async\" width=\"700\" height=\"1556\" data-id=\"4043\" src=\"https:\/\/rotary.zamosc.pl\/wp-content\/uploads\/2023\/10\/Mlodziez-z-PLSP-w-Zamosciu-na-plenerze-w-Wierzchowiskach-pod-Lublinem-10-700x1556.jpg\" alt=\"\" class=\"wp-image-4043\" srcset=\"https:\/\/rotary.zamosc.pl\/wp-content\/uploads\/2023\/10\/Mlodziez-z-PLSP-w-Zamosciu-na-plenerze-w-Wierzchowiskach-pod-Lublinem-10-700x1556.jpg 700w, https:\/\/rotary.zamosc.pl\/wp-content\/uploads\/2023\/10\/Mlodziez-z-PLSP-w-Zamosciu-na-plenerze-w-Wierzchowiskach-pod-Lublinem-10-135x300.jpg 135w, https:\/\/rotary.zamosc.pl\/wp-content\/uploads\/2023\/10\/Mlodziez-z-PLSP-w-Zamosciu-na-plenerze-w-Wierzchowiskach-pod-Lublinem-10-768x1707.jpg 768w, https:\/\/rotary.zamosc.pl\/wp-content\/uploads\/2023\/10\/Mlodziez-z-PLSP-w-Zamosciu-na-plenerze-w-Wierzchowiskach-pod-Lublinem-10-691x1536.jpg 691w, https:\/\/rotary.zamosc.pl\/wp-content\/uploads\/2023\/10\/Mlodziez-z-PLSP-w-Zamosciu-na-plenerze-w-Wierzchowiskach-pod-Lublinem-10-800x1778.jpg 800w, https:\/\/rotary.zamosc.pl\/wp-content\/uploads\/2023\/10\/Mlodziez-z-PLSP-w-Zamosciu-na-plenerze-w-Wierzchowiskach-pod-Lublinem-10.jpg 900w\" sizes=\"(max-width: 700px) 100vw, 700px\" \/><\/figure>\n\n\n\n<figure class=\"wp-block-image size-large\"><img loading=\"lazy\" decoding=\"async\" width=\"700\" height=\"525\" data-id=\"4042\" src=\"https:\/\/rotary.zamosc.pl\/wp-content\/uploads\/2023\/10\/Mlodziez-z-PLSP-w-Zamosciu-na-plenerze-w-Wierzchowiskach-pod-Lublinem-9-700x525.jpg\" alt=\"\" class=\"wp-image-4042\" srcset=\"https:\/\/rotary.zamosc.pl\/wp-content\/uploads\/2023\/10\/Mlodziez-z-PLSP-w-Zamosciu-na-plenerze-w-Wierzchowiskach-pod-Lublinem-9-700x525.jpg 700w, https:\/\/rotary.zamosc.pl\/wp-content\/uploads\/2023\/10\/Mlodziez-z-PLSP-w-Zamosciu-na-plenerze-w-Wierzchowiskach-pod-Lublinem-9-300x225.jpg 300w, https:\/\/rotary.zamosc.pl\/wp-content\/uploads\/2023\/10\/Mlodziez-z-PLSP-w-Zamosciu-na-plenerze-w-Wierzchowiskach-pod-Lublinem-9-768x576.jpg 768w, https:\/\/rotary.zamosc.pl\/wp-content\/uploads\/2023\/10\/Mlodziez-z-PLSP-w-Zamosciu-na-plenerze-w-Wierzchowiskach-pod-Lublinem-9-1536x1152.jpg 1536w, https:\/\/rotary.zamosc.pl\/wp-content\/uploads\/2023\/10\/Mlodziez-z-PLSP-w-Zamosciu-na-plenerze-w-Wierzchowiskach-pod-Lublinem-9-800x600.jpg 800w, https:\/\/rotary.zamosc.pl\/wp-content\/uploads\/2023\/10\/Mlodziez-z-PLSP-w-Zamosciu-na-plenerze-w-Wierzchowiskach-pod-Lublinem-9-80x60.jpg 80w, https:\/\/rotary.zamosc.pl\/wp-content\/uploads\/2023\/10\/Mlodziez-z-PLSP-w-Zamosciu-na-plenerze-w-Wierzchowiskach-pod-Lublinem-9.jpg 1600w\" sizes=\"(max-width: 700px) 100vw, 700px\" \/><\/figure>\n\n\n\n<figure class=\"wp-block-image size-large\"><img loading=\"lazy\" decoding=\"async\" width=\"700\" height=\"525\" data-id=\"4041\" src=\"https:\/\/rotary.zamosc.pl\/wp-content\/uploads\/2023\/10\/Mlodziez-z-PLSP-w-Zamosciu-na-plenerze-w-Wierzchowiskach-pod-Lublinem-8-700x525.jpg\" alt=\"\" class=\"wp-image-4041\" srcset=\"https:\/\/rotary.zamosc.pl\/wp-content\/uploads\/2023\/10\/Mlodziez-z-PLSP-w-Zamosciu-na-plenerze-w-Wierzchowiskach-pod-Lublinem-8-700x525.jpg 700w, https:\/\/rotary.zamosc.pl\/wp-content\/uploads\/2023\/10\/Mlodziez-z-PLSP-w-Zamosciu-na-plenerze-w-Wierzchowiskach-pod-Lublinem-8-300x225.jpg 300w, https:\/\/rotary.zamosc.pl\/wp-content\/uploads\/2023\/10\/Mlodziez-z-PLSP-w-Zamosciu-na-plenerze-w-Wierzchowiskach-pod-Lublinem-8-768x576.jpg 768w, https:\/\/rotary.zamosc.pl\/wp-content\/uploads\/2023\/10\/Mlodziez-z-PLSP-w-Zamosciu-na-plenerze-w-Wierzchowiskach-pod-Lublinem-8-1536x1152.jpg 1536w, https:\/\/rotary.zamosc.pl\/wp-content\/uploads\/2023\/10\/Mlodziez-z-PLSP-w-Zamosciu-na-plenerze-w-Wierzchowiskach-pod-Lublinem-8-800x600.jpg 800w, https:\/\/rotary.zamosc.pl\/wp-content\/uploads\/2023\/10\/Mlodziez-z-PLSP-w-Zamosciu-na-plenerze-w-Wierzchowiskach-pod-Lublinem-8-80x60.jpg 80w, https:\/\/rotary.zamosc.pl\/wp-content\/uploads\/2023\/10\/Mlodziez-z-PLSP-w-Zamosciu-na-plenerze-w-Wierzchowiskach-pod-Lublinem-8.jpg 1600w\" sizes=\"(max-width: 700px) 100vw, 700px\" \/><\/figure>\n\n\n\n<figure class=\"wp-block-image size-large\"><img loading=\"lazy\" decoding=\"async\" width=\"700\" height=\"315\" data-id=\"4040\" src=\"https:\/\/rotary.zamosc.pl\/wp-content\/uploads\/2023\/10\/Mlodziez-z-PLSP-w-Zamosciu-na-plenerze-w-Wierzchowiskach-pod-Lublinem-7-700x315.jpg\" alt=\"\" class=\"wp-image-4040\" srcset=\"https:\/\/rotary.zamosc.pl\/wp-content\/uploads\/2023\/10\/Mlodziez-z-PLSP-w-Zamosciu-na-plenerze-w-Wierzchowiskach-pod-Lublinem-7-700x315.jpg 700w, https:\/\/rotary.zamosc.pl\/wp-content\/uploads\/2023\/10\/Mlodziez-z-PLSP-w-Zamosciu-na-plenerze-w-Wierzchowiskach-pod-Lublinem-7-300x135.jpg 300w, https:\/\/rotary.zamosc.pl\/wp-content\/uploads\/2023\/10\/Mlodziez-z-PLSP-w-Zamosciu-na-plenerze-w-Wierzchowiskach-pod-Lublinem-7-768x346.jpg 768w, https:\/\/rotary.zamosc.pl\/wp-content\/uploads\/2023\/10\/Mlodziez-z-PLSP-w-Zamosciu-na-plenerze-w-Wierzchowiskach-pod-Lublinem-7-1536x691.jpg 1536w, https:\/\/rotary.zamosc.pl\/wp-content\/uploads\/2023\/10\/Mlodziez-z-PLSP-w-Zamosciu-na-plenerze-w-Wierzchowiskach-pod-Lublinem-7-800x360.jpg 800w, https:\/\/rotary.zamosc.pl\/wp-content\/uploads\/2023\/10\/Mlodziez-z-PLSP-w-Zamosciu-na-plenerze-w-Wierzchowiskach-pod-Lublinem-7.jpg 2000w\" sizes=\"(max-width: 700px) 100vw, 700px\" \/><\/figure>\n\n\n\n<figure class=\"wp-block-image size-large\"><img loading=\"lazy\" decoding=\"async\" width=\"700\" height=\"1556\" data-id=\"4034\" src=\"https:\/\/rotary.zamosc.pl\/wp-content\/uploads\/2023\/10\/Mlodziez-z-PLSP-w-Zamosciu-na-plenerze-w-Wierzchowiskach-pod-Lublinem-1-700x1556.jpg\" alt=\"\" class=\"wp-image-4034\" srcset=\"https:\/\/rotary.zamosc.pl\/wp-content\/uploads\/2023\/10\/Mlodziez-z-PLSP-w-Zamosciu-na-plenerze-w-Wierzchowiskach-pod-Lublinem-1-700x1556.jpg 700w, https:\/\/rotary.zamosc.pl\/wp-content\/uploads\/2023\/10\/Mlodziez-z-PLSP-w-Zamosciu-na-plenerze-w-Wierzchowiskach-pod-Lublinem-1-135x300.jpg 135w, https:\/\/rotary.zamosc.pl\/wp-content\/uploads\/2023\/10\/Mlodziez-z-PLSP-w-Zamosciu-na-plenerze-w-Wierzchowiskach-pod-Lublinem-1-768x1707.jpg 768w, https:\/\/rotary.zamosc.pl\/wp-content\/uploads\/2023\/10\/Mlodziez-z-PLSP-w-Zamosciu-na-plenerze-w-Wierzchowiskach-pod-Lublinem-1-691x1536.jpg 691w, https:\/\/rotary.zamosc.pl\/wp-content\/uploads\/2023\/10\/Mlodziez-z-PLSP-w-Zamosciu-na-plenerze-w-Wierzchowiskach-pod-Lublinem-1-800x1778.jpg 800w, https:\/\/rotary.zamosc.pl\/wp-content\/uploads\/2023\/10\/Mlodziez-z-PLSP-w-Zamosciu-na-plenerze-w-Wierzchowiskach-pod-Lublinem-1.jpg 900w\" sizes=\"(max-width: 700px) 100vw, 700px\" \/><\/figure>\n\n\n\n<figure class=\"wp-block-image size-large\"><img loading=\"lazy\" decoding=\"async\" width=\"700\" height=\"315\" data-id=\"4035\" src=\"https:\/\/rotary.zamosc.pl\/wp-content\/uploads\/2023\/10\/Mlodziez-z-PLSP-w-Zamosciu-na-plenerze-w-Wierzchowiskach-pod-Lublinem-2-700x315.jpg\" alt=\"\" class=\"wp-image-4035\" srcset=\"https:\/\/rotary.zamosc.pl\/wp-content\/uploads\/2023\/10\/Mlodziez-z-PLSP-w-Zamosciu-na-plenerze-w-Wierzchowiskach-pod-Lublinem-2-700x315.jpg 700w, https:\/\/rotary.zamosc.pl\/wp-content\/uploads\/2023\/10\/Mlodziez-z-PLSP-w-Zamosciu-na-plenerze-w-Wierzchowiskach-pod-Lublinem-2-300x135.jpg 300w, https:\/\/rotary.zamosc.pl\/wp-content\/uploads\/2023\/10\/Mlodziez-z-PLSP-w-Zamosciu-na-plenerze-w-Wierzchowiskach-pod-Lublinem-2-768x346.jpg 768w, https:\/\/rotary.zamosc.pl\/wp-content\/uploads\/2023\/10\/Mlodziez-z-PLSP-w-Zamosciu-na-plenerze-w-Wierzchowiskach-pod-Lublinem-2-1536x691.jpg 1536w, https:\/\/rotary.zamosc.pl\/wp-content\/uploads\/2023\/10\/Mlodziez-z-PLSP-w-Zamosciu-na-plenerze-w-Wierzchowiskach-pod-Lublinem-2-800x360.jpg 800w, https:\/\/rotary.zamosc.pl\/wp-content\/uploads\/2023\/10\/Mlodziez-z-PLSP-w-Zamosciu-na-plenerze-w-Wierzchowiskach-pod-Lublinem-2.jpg 1600w\" sizes=\"(max-width: 700px) 100vw, 700px\" \/><\/figure>\n\n\n\n<figure class=\"wp-block-image size-large\"><img loading=\"lazy\" decoding=\"async\" width=\"700\" height=\"315\" data-id=\"4036\" src=\"https:\/\/rotary.zamosc.pl\/wp-content\/uploads\/2023\/10\/Mlodziez-z-PLSP-w-Zamosciu-na-plenerze-w-Wierzchowiskach-pod-Lublinem-3-700x315.jpg\" alt=\"\" class=\"wp-image-4036\" srcset=\"https:\/\/rotary.zamosc.pl\/wp-content\/uploads\/2023\/10\/Mlodziez-z-PLSP-w-Zamosciu-na-plenerze-w-Wierzchowiskach-pod-Lublinem-3-700x315.jpg 700w, https:\/\/rotary.zamosc.pl\/wp-content\/uploads\/2023\/10\/Mlodziez-z-PLSP-w-Zamosciu-na-plenerze-w-Wierzchowiskach-pod-Lublinem-3-300x135.jpg 300w, https:\/\/rotary.zamosc.pl\/wp-content\/uploads\/2023\/10\/Mlodziez-z-PLSP-w-Zamosciu-na-plenerze-w-Wierzchowiskach-pod-Lublinem-3-768x346.jpg 768w, https:\/\/rotary.zamosc.pl\/wp-content\/uploads\/2023\/10\/Mlodziez-z-PLSP-w-Zamosciu-na-plenerze-w-Wierzchowiskach-pod-Lublinem-3-1536x691.jpg 1536w, https:\/\/rotary.zamosc.pl\/wp-content\/uploads\/2023\/10\/Mlodziez-z-PLSP-w-Zamosciu-na-plenerze-w-Wierzchowiskach-pod-Lublinem-3-800x360.jpg 800w, https:\/\/rotary.zamosc.pl\/wp-content\/uploads\/2023\/10\/Mlodziez-z-PLSP-w-Zamosciu-na-plenerze-w-Wierzchowiskach-pod-Lublinem-3.jpg 2000w\" sizes=\"(max-width: 700px) 100vw, 700px\" \/><\/figure>\n\n\n\n<figure class=\"wp-block-image size-large\"><img loading=\"lazy\" decoding=\"async\" width=\"700\" height=\"315\" data-id=\"4038\" src=\"https:\/\/rotary.zamosc.pl\/wp-content\/uploads\/2023\/10\/Mlodziez-z-PLSP-w-Zamosciu-na-plenerze-w-Wierzchowiskach-pod-Lublinem-5-700x315.jpg\" alt=\"\" class=\"wp-image-4038\" srcset=\"https:\/\/rotary.zamosc.pl\/wp-content\/uploads\/2023\/10\/Mlodziez-z-PLSP-w-Zamosciu-na-plenerze-w-Wierzchowiskach-pod-Lublinem-5-700x315.jpg 700w, https:\/\/rotary.zamosc.pl\/wp-content\/uploads\/2023\/10\/Mlodziez-z-PLSP-w-Zamosciu-na-plenerze-w-Wierzchowiskach-pod-Lublinem-5-300x135.jpg 300w, https:\/\/rotary.zamosc.pl\/wp-content\/uploads\/2023\/10\/Mlodziez-z-PLSP-w-Zamosciu-na-plenerze-w-Wierzchowiskach-pod-Lublinem-5-768x346.jpg 768w, https:\/\/rotary.zamosc.pl\/wp-content\/uploads\/2023\/10\/Mlodziez-z-PLSP-w-Zamosciu-na-plenerze-w-Wierzchowiskach-pod-Lublinem-5-1536x691.jpg 1536w, https:\/\/rotary.zamosc.pl\/wp-content\/uploads\/2023\/10\/Mlodziez-z-PLSP-w-Zamosciu-na-plenerze-w-Wierzchowiskach-pod-Lublinem-5-800x360.jpg 800w, https:\/\/rotary.zamosc.pl\/wp-content\/uploads\/2023\/10\/Mlodziez-z-PLSP-w-Zamosciu-na-plenerze-w-Wierzchowiskach-pod-Lublinem-5.jpg 2000w\" sizes=\"(max-width: 700px) 100vw, 700px\" \/><\/figure>\n\n\n\n<figure class=\"wp-block-image size-large\"><img loading=\"lazy\" decoding=\"async\" width=\"700\" height=\"1556\" data-id=\"4039\" src=\"https:\/\/rotary.zamosc.pl\/wp-content\/uploads\/2023\/10\/Mlodziez-z-PLSP-w-Zamosciu-na-plenerze-w-Wierzchowiskach-pod-Lublinem-6-700x1556.jpg\" alt=\"\" class=\"wp-image-4039\" srcset=\"https:\/\/rotary.zamosc.pl\/wp-content\/uploads\/2023\/10\/Mlodziez-z-PLSP-w-Zamosciu-na-plenerze-w-Wierzchowiskach-pod-Lublinem-6-700x1556.jpg 700w, https:\/\/rotary.zamosc.pl\/wp-content\/uploads\/2023\/10\/Mlodziez-z-PLSP-w-Zamosciu-na-plenerze-w-Wierzchowiskach-pod-Lublinem-6-135x300.jpg 135w, https:\/\/rotary.zamosc.pl\/wp-content\/uploads\/2023\/10\/Mlodziez-z-PLSP-w-Zamosciu-na-plenerze-w-Wierzchowiskach-pod-Lublinem-6-768x1707.jpg 768w, https:\/\/rotary.zamosc.pl\/wp-content\/uploads\/2023\/10\/Mlodziez-z-PLSP-w-Zamosciu-na-plenerze-w-Wierzchowiskach-pod-Lublinem-6-691x1536.jpg 691w, https:\/\/rotary.zamosc.pl\/wp-content\/uploads\/2023\/10\/Mlodziez-z-PLSP-w-Zamosciu-na-plenerze-w-Wierzchowiskach-pod-Lublinem-6-800x1778.jpg 800w, https:\/\/rotary.zamosc.pl\/wp-content\/uploads\/2023\/10\/Mlodziez-z-PLSP-w-Zamosciu-na-plenerze-w-Wierzchowiskach-pod-Lublinem-6.jpg 900w\" sizes=\"(max-width: 700px) 100vw, 700px\" \/><\/figure>\n<\/figure>\n","protected":false},"excerpt":{"rendered":"<p>Rotary Club Zamo\u015b\u0107 ufundowa\u0142 pobyt na polu golfowym w Wierzchowiskach dla 20 uczni\u00f3w Pa\u0144stwowego Liceum Sztuk Plastycznych w Zamo\u015bciu. By\u0142a to forma podzi\u0119kowania m\u0142odzie\u017cy za udzia\u0142 i zaanga\u017cowanie w wielu przedsi\u0119wzi\u0119ciach i akcjach charytatywnych organizowanych przez nasz klub (m.in. Zielone p\u0142uca dla Zamo\u015bcia, sprz\u0105tanie lasu, maski karnawa\u0142owe) Wyjazd odby\u0142 si\u0119 20 wrze\u015bnia. Uczniowie pod opiek\u0105&#8230;<\/p>\n","protected":false},"author":1,"featured_media":4037,"comment_status":"open","ping_status":"open","sticky":false,"template":"","format":"standard","meta":{"footnotes":""},"categories":[11],"tags":[],"class_list":["post-6482","post","type-post","status-publish","format-standard","has-post-thumbnail","hentry","category-11"],"rttpg_featured_image_url":{"full":["https:\/\/rotary.zamosc.pl\/wp-content\/uploads\/2023\/10\/Mlodziez-z-PLSP-w-Zamosciu-na-plenerze-w-Wierzchowiskach-pod-Lublinem-4.jpg",2000,900,false],"landscape":["https:\/\/rotary.zamosc.pl\/wp-content\/uploads\/2023\/10\/Mlodziez-z-PLSP-w-Zamosciu-na-plenerze-w-Wierzchowiskach-pod-Lublinem-4.jpg",2000,900,false],"portraits":["https:\/\/rotary.zamosc.pl\/wp-content\/uploads\/2023\/10\/Mlodziez-z-PLSP-w-Zamosciu-na-plenerze-w-Wierzchowiskach-pod-Lublinem-4.jpg",2000,900,false],"thumbnail":["https:\/\/rotary.zamosc.pl\/wp-content\/uploads\/2023\/10\/Mlodziez-z-PLSP-w-Zamosciu-na-plenerze-w-Wierzchowiskach-pod-Lublinem-4-150x150.jpg",150,150,true],"medium":["https:\/\/rotary.zamosc.pl\/wp-content\/uploads\/2023\/10\/Mlodziez-z-PLSP-w-Zamosciu-na-plenerze-w-Wierzchowiskach-pod-Lublinem-4-300x135.jpg",300,135,true],"large":["https:\/\/rotary.zamosc.pl\/wp-content\/uploads\/2023\/10\/Mlodziez-z-PLSP-w-Zamosciu-na-plenerze-w-Wierzchowiskach-pod-Lublinem-4-700x315.jpg",700,315,true],"1536x1536":["https:\/\/rotary.zamosc.pl\/wp-content\/uploads\/2023\/10\/Mlodziez-z-PLSP-w-Zamosciu-na-plenerze-w-Wierzchowiskach-pod-Lublinem-4-1536x691.jpg",1536,691,true],"2048x2048":["https:\/\/rotary.zamosc.pl\/wp-content\/uploads\/2023\/10\/Mlodziez-z-PLSP-w-Zamosciu-na-plenerze-w-Wierzchowiskach-pod-Lublinem-4.jpg",2000,900,false],"post-thumbnail":["https:\/\/rotary.zamosc.pl\/wp-content\/uploads\/2023\/10\/Mlodziez-z-PLSP-w-Zamosciu-na-plenerze-w-Wierzchowiskach-pod-Lublinem-4-800x360.jpg",800,360,true],"graphy-post-thumbnail-large":["https:\/\/rotary.zamosc.pl\/wp-content\/uploads\/2023\/10\/Mlodziez-z-PLSP-w-Zamosciu-na-plenerze-w-Wierzchowiskach-pod-Lublinem-4-1080x600.jpg",1080,600,true],"graphy-post-thumbnail-medium":["https:\/\/rotary.zamosc.pl\/wp-content\/uploads\/2023\/10\/Mlodziez-z-PLSP-w-Zamosciu-na-plenerze-w-Wierzchowiskach-pod-Lublinem-4-482x300.jpg",482,300,true],"graphy-post-thumbnail-small":["https:\/\/rotary.zamosc.pl\/wp-content\/uploads\/2023\/10\/Mlodziez-z-PLSP-w-Zamosciu-na-plenerze-w-Wierzchowiskach-pod-Lublinem-4-80x60.jpg",80,60,true],"graphy-page-thumbnail":["https:\/\/rotary.zamosc.pl\/wp-content\/uploads\/2023\/10\/Mlodziez-z-PLSP-w-Zamosciu-na-plenerze-w-Wierzchowiskach-pod-Lublinem-4-1260x350.jpg",1260,350,true],"sow-carousel-default":["https:\/\/rotary.zamosc.pl\/wp-content\/uploads\/2023\/10\/Mlodziez-z-PLSP-w-Zamosciu-na-plenerze-w-Wierzchowiskach-pod-Lublinem-4-272x182.jpg",272,182,true]},"rttpg_author":{"display_name":"rotaryzamosc","author_link":"https:\/\/rotary.zamosc.pl\/index.php\/author\/rotaryzamosc\/"},"rttpg_comment":0,"rttpg_category":"<a href=\"https:\/\/rotary.zamosc.pl\/index.php\/category\/2023\/\" rel=\"category tag\">2023<\/a>","rttpg_excerpt":"Rotary Club Zamo\u015b\u0107 ufundowa\u0142 pobyt na polu golfowym w Wierzchowiskach dla 20 uczni\u00f3w Pa\u0144stwowego Liceum Sztuk Plastycznych w Zamo\u015bciu. By\u0142a to forma podzi\u0119kowania m\u0142odzie\u017cy za udzia\u0142 i zaanga\u017cowanie w wielu przedsi\u0119wzi\u0119ciach i akcjach charytatywnych organizowanych przez nasz klub (m.in. Zielone p\u0142uca dla Zamo\u015bcia, sprz\u0105tanie lasu, maski karnawa\u0142owe) Wyjazd odby\u0142 si\u0119 20 wrze\u015bnia. Uczniowie pod opiek\u0105...","_links":{"self":[{"href":"https:\/\/rotary.zamosc.pl\/index.php\/wp-json\/wp\/v2\/posts\/6482","targetHints":{"allow":["GET"]}}],"collection":[{"href":"https:\/\/rotary.zamosc.pl\/index.php\/wp-json\/wp\/v2\/posts"}],"about":[{"href":"https:\/\/rotary.zamosc.pl\/index.php\/wp-json\/wp\/v2\/types\/post"}],"author":[{"embeddable":true,"href":"https:\/\/rotary.zamosc.pl\/index.php\/wp-json\/wp\/v2\/users\/1"}],"replies":[{"embeddable":true,"href":"https:\/\/rotary.zamosc.pl\/index.php\/wp-json\/wp\/v2\/comments?post=6482"}],"version-history":[{"count":1,"href":"https:\/\/rotary.zamosc.pl\/index.php\/wp-json\/wp\/v2\/posts\/6482\/revisions"}],"predecessor-version":[{"id":6483,"href":"https:\/\/rotary.zamosc.pl\/index.php\/wp-json\/wp\/v2\/posts\/6482\/revisions\/6483"}],"wp:featuredmedia":[{"embeddable":true,"href":"https:\/\/rotary.zamosc.pl\/index.php\/wp-json\/wp\/v2\/media\/4037"}],"wp:attachment":[{"href":"https:\/\/rotary.zamosc.pl\/index.php\/wp-json\/wp\/v2\/media?parent=6482"}],"wp:term":[{"taxonomy":"category","embeddable":true,"href":"https:\/\/rotary.zamosc.pl\/index.php\/wp-json\/wp\/v2\/categories?post=6482"},{"taxonomy":"post_tag","embeddable":true,"href":"https:\/\/rotary.zamosc.pl\/index.php\/wp-json\/wp\/v2\/tags?post=6482"}],"curies":[{"name":"wp","href":"https:\/\/api.w.org\/{rel}","templated":true}]}}