{"id":6484,"date":"2023-09-05T09:29:00","date_gmt":"2023-09-05T07:29:00","guid":{"rendered":"https:\/\/rotary.zamosc.pl\/?p=6484"},"modified":"2026-03-17T09:30:39","modified_gmt":"2026-03-17T08:30:39","slug":"wizyta-gubernatora-rotary-polska-dystrykt-2231-w-zamosciu","status":"publish","type":"post","link":"https:\/\/rotary.zamosc.pl\/index.php\/2023\/09\/05\/wizyta-gubernatora-rotary-polska-dystrykt-2231-w-zamosciu\/","title":{"rendered":"Wizyta Gubernatora Rotary Polska Dystrykt 2231 w Zamo\u015bciu"},"content":{"rendered":"\n<p class=\"wp-block-paragraph\">Kilka dni temu pisali\u015bmy o XVII Mistrzostwach w strzelaniu z broni sportowej o i obecno\u015bci na zawodach Gubernatora Marka Wcis\u0142o, kt\u00f3ry ufundowa\u0142 puchar dla zwyci\u0119zcy.<\/p>\n\n\n\n<p class=\"wp-block-paragraph\">Wczoraj, 5 wrze\u015bnia Marek Wcis\u0142o wraz z ma\u0142\u017conk\u0105 spotkali si\u0119 na cotygodniowym, roboczym zebraniu naszego klubu RC Zamo\u015b\u0107.<\/p>\n\n\n\n<p class=\"wp-block-paragraph\">Prezydent Zbigniew Gumuli\u0144ski przywita\u0142 go\u015bci i zapozna\u0142 z najwa\u017cniejszymi zadaniami na obecn\u0105 kadencj\u0119.<\/p>\n\n\n\n<p class=\"wp-block-paragraph\">Potem g\u0142os zabra\u0142 Gubernator Marek Wcis\u0142o, kt\u00f3ry w swoim wyst\u0105pieniu nawi\u0105za\u0142 do has\u0142a obecnej kadencji Rotary International &#8222;Create hope the world&#8221; (przynosimy \u015bwiatu nadziej\u0119). By\u0142 pod wielkim wra\u017ceniem dokona\u0144 klubu m.in. w kwestii pomocy humanitarnej dla Ukrainy i pomocy dzieciom i doros\u0142ym z niepe\u0142nosprawno\u015bciami w kilku o\u015brodkach w Zamo\u015bciu<\/p>\n\n\n\n<p class=\"wp-block-paragraph\">Z wielkim zainteresowaniem wys\u0142ucha\u0142 planowanych dzia\u0142a\u0144 RC Zamo\u015b\u0107 dotycz\u0105cych zdrowia psychicznego dzieci i m\u0142odzie\u017cy oraz obieca\u0142 wsparcie.<\/p>\n\n\n\n<p class=\"wp-block-paragraph\">Na koniec zebrania Z. Gumuli\u0144ski dzi\u0119kuj\u0105c za uczestnictwo wr\u0119czy\u0142 Markowi Wcis\u0142o proporczyk RC Zamo\u015b\u0107 i pami\u0105tkowy album &#8222;Zamo\u015b\u0107. Miasto idealne&#8221; oraz przyj\u0105\u0142 od gubernatora proporczyk Rotary International.<\/p>\n\n\n\n<figure class=\"wp-block-gallery has-nested-images columns-1 is-cropped wp-block-gallery-1 is-layout-flex wp-block-gallery-is-layout-flex\">\n<figure class=\"wp-block-image size-large\"><img fetchpriority=\"high\" decoding=\"async\" width=\"700\" height=\"322\" data-id=\"4028\" src=\"https:\/\/rotary.zamosc.pl\/wp-content\/uploads\/2023\/09\/Wizyta-Gubernatora-Rotary-Polska-Dystrykt-2231-w-Zamosciu-5-700x322.jpg\" alt=\"\" class=\"wp-image-4028\" srcset=\"https:\/\/rotary.zamosc.pl\/wp-content\/uploads\/2023\/09\/Wizyta-Gubernatora-Rotary-Polska-Dystrykt-2231-w-Zamosciu-5-700x322.jpg 700w, https:\/\/rotary.zamosc.pl\/wp-content\/uploads\/2023\/09\/Wizyta-Gubernatora-Rotary-Polska-Dystrykt-2231-w-Zamosciu-5-300x138.jpg 300w, https:\/\/rotary.zamosc.pl\/wp-content\/uploads\/2023\/09\/Wizyta-Gubernatora-Rotary-Polska-Dystrykt-2231-w-Zamosciu-5-768x353.jpg 768w, https:\/\/rotary.zamosc.pl\/wp-content\/uploads\/2023\/09\/Wizyta-Gubernatora-Rotary-Polska-Dystrykt-2231-w-Zamosciu-5-1536x707.jpg 1536w, https:\/\/rotary.zamosc.pl\/wp-content\/uploads\/2023\/09\/Wizyta-Gubernatora-Rotary-Polska-Dystrykt-2231-w-Zamosciu-5-800x368.jpg 800w, https:\/\/rotary.zamosc.pl\/wp-content\/uploads\/2023\/09\/Wizyta-Gubernatora-Rotary-Polska-Dystrykt-2231-w-Zamosciu-5.jpg 1600w\" sizes=\"(max-width: 700px) 100vw, 700px\" \/><\/figure>\n\n\n\n<figure class=\"wp-block-image size-large\"><img decoding=\"async\" width=\"700\" height=\"322\" data-id=\"4027\" src=\"https:\/\/rotary.zamosc.pl\/wp-content\/uploads\/2023\/09\/Wizyta-Gubernatora-Rotary-Polska-Dystrykt-2231-w-Zamosciu-4-700x322.jpg\" alt=\"\" class=\"wp-image-4027\" srcset=\"https:\/\/rotary.zamosc.pl\/wp-content\/uploads\/2023\/09\/Wizyta-Gubernatora-Rotary-Polska-Dystrykt-2231-w-Zamosciu-4-700x322.jpg 700w, https:\/\/rotary.zamosc.pl\/wp-content\/uploads\/2023\/09\/Wizyta-Gubernatora-Rotary-Polska-Dystrykt-2231-w-Zamosciu-4-300x138.jpg 300w, https:\/\/rotary.zamosc.pl\/wp-content\/uploads\/2023\/09\/Wizyta-Gubernatora-Rotary-Polska-Dystrykt-2231-w-Zamosciu-4-768x353.jpg 768w, https:\/\/rotary.zamosc.pl\/wp-content\/uploads\/2023\/09\/Wizyta-Gubernatora-Rotary-Polska-Dystrykt-2231-w-Zamosciu-4-1536x707.jpg 1536w, https:\/\/rotary.zamosc.pl\/wp-content\/uploads\/2023\/09\/Wizyta-Gubernatora-Rotary-Polska-Dystrykt-2231-w-Zamosciu-4-800x368.jpg 800w, https:\/\/rotary.zamosc.pl\/wp-content\/uploads\/2023\/09\/Wizyta-Gubernatora-Rotary-Polska-Dystrykt-2231-w-Zamosciu-4.jpg 1600w\" sizes=\"(max-width: 700px) 100vw, 700px\" \/><\/figure>\n\n\n\n<figure class=\"wp-block-image size-large\"><img decoding=\"async\" width=\"700\" height=\"322\" data-id=\"4026\" src=\"https:\/\/rotary.zamosc.pl\/wp-content\/uploads\/2023\/09\/Wizyta-Gubernatora-Rotary-Polska-Dystrykt-2231-w-Zamosciu-3-700x322.jpg\" alt=\"\" class=\"wp-image-4026\" srcset=\"https:\/\/rotary.zamosc.pl\/wp-content\/uploads\/2023\/09\/Wizyta-Gubernatora-Rotary-Polska-Dystrykt-2231-w-Zamosciu-3-700x322.jpg 700w, https:\/\/rotary.zamosc.pl\/wp-content\/uploads\/2023\/09\/Wizyta-Gubernatora-Rotary-Polska-Dystrykt-2231-w-Zamosciu-3-300x138.jpg 300w, https:\/\/rotary.zamosc.pl\/wp-content\/uploads\/2023\/09\/Wizyta-Gubernatora-Rotary-Polska-Dystrykt-2231-w-Zamosciu-3-768x353.jpg 768w, https:\/\/rotary.zamosc.pl\/wp-content\/uploads\/2023\/09\/Wizyta-Gubernatora-Rotary-Polska-Dystrykt-2231-w-Zamosciu-3-1536x707.jpg 1536w, https:\/\/rotary.zamosc.pl\/wp-content\/uploads\/2023\/09\/Wizyta-Gubernatora-Rotary-Polska-Dystrykt-2231-w-Zamosciu-3-800x368.jpg 800w, https:\/\/rotary.zamosc.pl\/wp-content\/uploads\/2023\/09\/Wizyta-Gubernatora-Rotary-Polska-Dystrykt-2231-w-Zamosciu-3.jpg 1600w\" sizes=\"(max-width: 700px) 100vw, 700px\" \/><\/figure>\n\n\n\n<figure class=\"wp-block-image size-large\"><img loading=\"lazy\" decoding=\"async\" width=\"700\" height=\"322\" data-id=\"4024\" src=\"https:\/\/rotary.zamosc.pl\/wp-content\/uploads\/2023\/09\/Wizyta-Gubernatora-Rotary-Polska-Dystrykt-2231-w-Zamosciu-1-700x322.jpg\" alt=\"\" class=\"wp-image-4024\" srcset=\"https:\/\/rotary.zamosc.pl\/wp-content\/uploads\/2023\/09\/Wizyta-Gubernatora-Rotary-Polska-Dystrykt-2231-w-Zamosciu-1-700x322.jpg 700w, https:\/\/rotary.zamosc.pl\/wp-content\/uploads\/2023\/09\/Wizyta-Gubernatora-Rotary-Polska-Dystrykt-2231-w-Zamosciu-1-300x138.jpg 300w, https:\/\/rotary.zamosc.pl\/wp-content\/uploads\/2023\/09\/Wizyta-Gubernatora-Rotary-Polska-Dystrykt-2231-w-Zamosciu-1-768x353.jpg 768w, https:\/\/rotary.zamosc.pl\/wp-content\/uploads\/2023\/09\/Wizyta-Gubernatora-Rotary-Polska-Dystrykt-2231-w-Zamosciu-1-1536x707.jpg 1536w, https:\/\/rotary.zamosc.pl\/wp-content\/uploads\/2023\/09\/Wizyta-Gubernatora-Rotary-Polska-Dystrykt-2231-w-Zamosciu-1-800x368.jpg 800w, https:\/\/rotary.zamosc.pl\/wp-content\/uploads\/2023\/09\/Wizyta-Gubernatora-Rotary-Polska-Dystrykt-2231-w-Zamosciu-1.jpg 1600w\" sizes=\"(max-width: 700px) 100vw, 700px\" \/><\/figure>\n<\/figure>\n","protected":false},"excerpt":{"rendered":"<p>Kilka dni temu pisali\u015bmy o XVII Mistrzostwach w strzelaniu z broni sportowej o i obecno\u015bci na zawodach Gubernatora Marka Wcis\u0142o, kt\u00f3ry ufundowa\u0142 puchar dla zwyci\u0119zcy. Wczoraj, 5 wrze\u015bnia Marek Wcis\u0142o wraz z ma\u0142\u017conk\u0105 spotkali si\u0119 na cotygodniowym, roboczym zebraniu naszego klubu RC Zamo\u015b\u0107. Prezydent Zbigniew Gumuli\u0144ski przywita\u0142 go\u015bci i zapozna\u0142 z najwa\u017cniejszymi zadaniami na obecn\u0105&#8230;<\/p>\n","protected":false},"author":1,"featured_media":4024,"comment_status":"open","ping_status":"open","sticky":false,"template":"","format":"standard","meta":{"footnotes":""},"categories":[11],"tags":[],"class_list":["post-6484","post","type-post","status-publish","format-standard","has-post-thumbnail","hentry","category-11"],"rttpg_featured_image_url":{"full":["https:\/\/rotary.zamosc.pl\/wp-content\/uploads\/2023\/09\/Wizyta-Gubernatora-Rotary-Polska-Dystrykt-2231-w-Zamosciu-1.jpg",1600,736,false],"landscape":["https:\/\/rotary.zamosc.pl\/wp-content\/uploads\/2023\/09\/Wizyta-Gubernatora-Rotary-Polska-Dystrykt-2231-w-Zamosciu-1.jpg",1600,736,false],"portraits":["https:\/\/rotary.zamosc.pl\/wp-content\/uploads\/2023\/09\/Wizyta-Gubernatora-Rotary-Polska-Dystrykt-2231-w-Zamosciu-1.jpg",1600,736,false],"thumbnail":["https:\/\/rotary.zamosc.pl\/wp-content\/uploads\/2023\/09\/Wizyta-Gubernatora-Rotary-Polska-Dystrykt-2231-w-Zamosciu-1-150x150.jpg",150,150,true],"medium":["https:\/\/rotary.zamosc.pl\/wp-content\/uploads\/2023\/09\/Wizyta-Gubernatora-Rotary-Polska-Dystrykt-2231-w-Zamosciu-1-300x138.jpg",300,138,true],"large":["https:\/\/rotary.zamosc.pl\/wp-content\/uploads\/2023\/09\/Wizyta-Gubernatora-Rotary-Polska-Dystrykt-2231-w-Zamosciu-1-700x322.jpg",700,322,true],"1536x1536":["https:\/\/rotary.zamosc.pl\/wp-content\/uploads\/2023\/09\/Wizyta-Gubernatora-Rotary-Polska-Dystrykt-2231-w-Zamosciu-1-1536x707.jpg",1536,707,true],"2048x2048":["https:\/\/rotary.zamosc.pl\/wp-content\/uploads\/2023\/09\/Wizyta-Gubernatora-Rotary-Polska-Dystrykt-2231-w-Zamosciu-1.jpg",1600,736,false],"post-thumbnail":["https:\/\/rotary.zamosc.pl\/wp-content\/uploads\/2023\/09\/Wizyta-Gubernatora-Rotary-Polska-Dystrykt-2231-w-Zamosciu-1-800x368.jpg",800,368,true],"graphy-post-thumbnail-large":["https:\/\/rotary.zamosc.pl\/wp-content\/uploads\/2023\/09\/Wizyta-Gubernatora-Rotary-Polska-Dystrykt-2231-w-Zamosciu-1-1080x600.jpg",1080,600,true],"graphy-post-thumbnail-medium":["https:\/\/rotary.zamosc.pl\/wp-content\/uploads\/2023\/09\/Wizyta-Gubernatora-Rotary-Polska-Dystrykt-2231-w-Zamosciu-1-482x300.jpg",482,300,true],"graphy-post-thumbnail-small":["https:\/\/rotary.zamosc.pl\/wp-content\/uploads\/2023\/09\/Wizyta-Gubernatora-Rotary-Polska-Dystrykt-2231-w-Zamosciu-1-80x60.jpg",80,60,true],"graphy-page-thumbnail":["https:\/\/rotary.zamosc.pl\/wp-content\/uploads\/2023\/09\/Wizyta-Gubernatora-Rotary-Polska-Dystrykt-2231-w-Zamosciu-1-1260x350.jpg",1260,350,true],"sow-carousel-default":["https:\/\/rotary.zamosc.pl\/wp-content\/uploads\/2023\/09\/Wizyta-Gubernatora-Rotary-Polska-Dystrykt-2231-w-Zamosciu-1-272x182.jpg",272,182,true]},"rttpg_author":{"display_name":"rotaryzamosc","author_link":"https:\/\/rotary.zamosc.pl\/index.php\/author\/rotaryzamosc\/"},"rttpg_comment":0,"rttpg_category":"<a href=\"https:\/\/rotary.zamosc.pl\/index.php\/category\/2023\/\" rel=\"category tag\">2023<\/a>","rttpg_excerpt":"Kilka dni temu pisali\u015bmy o XVII Mistrzostwach w strzelaniu z broni sportowej o i obecno\u015bci na zawodach Gubernatora Marka Wcis\u0142o, kt\u00f3ry ufundowa\u0142 puchar dla zwyci\u0119zcy. Wczoraj, 5 wrze\u015bnia Marek Wcis\u0142o wraz z ma\u0142\u017conk\u0105 spotkali si\u0119 na cotygodniowym, roboczym zebraniu naszego klubu RC Zamo\u015b\u0107. Prezydent Zbigniew Gumuli\u0144ski przywita\u0142 go\u015bci i zapozna\u0142 z najwa\u017cniejszymi zadaniami na obecn\u0105...","_links":{"self":[{"href":"https:\/\/rotary.zamosc.pl\/index.php\/wp-json\/wp\/v2\/posts\/6484","targetHints":{"allow":["GET"]}}],"collection":[{"href":"https:\/\/rotary.zamosc.pl\/index.php\/wp-json\/wp\/v2\/posts"}],"about":[{"href":"https:\/\/rotary.zamosc.pl\/index.php\/wp-json\/wp\/v2\/types\/post"}],"author":[{"embeddable":true,"href":"https:\/\/rotary.zamosc.pl\/index.php\/wp-json\/wp\/v2\/users\/1"}],"replies":[{"embeddable":true,"href":"https:\/\/rotary.zamosc.pl\/index.php\/wp-json\/wp\/v2\/comments?post=6484"}],"version-history":[{"count":1,"href":"https:\/\/rotary.zamosc.pl\/index.php\/wp-json\/wp\/v2\/posts\/6484\/revisions"}],"predecessor-version":[{"id":6485,"href":"https:\/\/rotary.zamosc.pl\/index.php\/wp-json\/wp\/v2\/posts\/6484\/revisions\/6485"}],"wp:featuredmedia":[{"embeddable":true,"href":"https:\/\/rotary.zamosc.pl\/index.php\/wp-json\/wp\/v2\/media\/4024"}],"wp:attachment":[{"href":"https:\/\/rotary.zamosc.pl\/index.php\/wp-json\/wp\/v2\/media?parent=6484"}],"wp:term":[{"taxonomy":"category","embeddable":true,"href":"https:\/\/rotary.zamosc.pl\/index.php\/wp-json\/wp\/v2\/categories?post=6484"},{"taxonomy":"post_tag","embeddable":true,"href":"https:\/\/rotary.zamosc.pl\/index.php\/wp-json\/wp\/v2\/tags?post=6484"}],"curies":[{"name":"wp","href":"https:\/\/api.w.org\/{rel}","templated":true}]}}