{"id":6486,"date":"2023-09-04T09:30:00","date_gmt":"2023-09-04T07:30:00","guid":{"rendered":"https:\/\/rotary.zamosc.pl\/?p=6486"},"modified":"2026-03-17T09:32:01","modified_gmt":"2026-03-17T08:32:01","slug":"rozpoczecie-roku-szkolnego-w-specjalnym-osrodku-szkolno-wychowawczym-w-zamosciu","status":"publish","type":"post","link":"https:\/\/rotary.zamosc.pl\/index.php\/2023\/09\/04\/rozpoczecie-roku-szkolnego-w-specjalnym-osrodku-szkolno-wychowawczym-w-zamosciu\/","title":{"rendered":"Rozpocz\u0119cie roku szkolnego w Specjalnym O\u015brodku Szkolno- Wychowawczym w Zamo\u015bciu"},"content":{"rendered":"\n<p class=\"wp-block-paragraph\">Dzisiaj, 4 wrze\u015bnia Prezydent RC Zamo\u015b\u0107 Zbigniew Gumulinski uczestniczy\u0142 w inauguracji nowego roku szkolnego.<\/p>\n\n\n\n<p class=\"wp-block-paragraph\">Mi\u0142ym akcentem tej uroczysto\u015bci by\u0142o wr\u0119czenie przez Pani\u0105 Barbar\u0119 Gr\u0105dkowsk\u0105, dyrektor o\u015brodka podzi\u0119kowania dla RC Zamo\u015b\u0107 za wsparcie finansowe p\u00f3\u0142kolonii.<\/p>\n\n\n\n<p class=\"wp-block-paragraph\">Z kolei Prezydent Z. Gumulinski obieca\u0142 wspiera\u0107 spo\u0142eczno\u015b\u0107 szkoln\u0105 r\u00f3wnie\u017c w innych dzia\u0142aniach w przysz\u0142o\u015bci.<\/p>\n\n\n\n<p class=\"wp-block-paragraph\">Wydarzeniu towarzyszy\u0142a wystawa zdj\u0119\u0107 z p\u00f3\u0142kolonii.<\/p>\n\n\n\n<p class=\"wp-block-paragraph\">Cieszymy si\u0119, \u017ce mogli\u015bmy przyczyni\u0107 si\u0119 do stworzenia atrakcyjniejszej oferty wakacyjnego wypoczynku dla dzieci z SPSzW w Zamo\u015bciu.<\/p>\n\n\n\n<figure class=\"wp-block-gallery has-nested-images columns-1 is-cropped wp-block-gallery-1 is-layout-flex wp-block-gallery-is-layout-flex\">\n<figure class=\"wp-block-image size-large\"><img fetchpriority=\"high\" decoding=\"async\" width=\"700\" height=\"525\" data-id=\"4020\" src=\"https:\/\/rotary.zamosc.pl\/wp-content\/uploads\/2023\/09\/Rozpoczecie-roku-szkolnego-w-Specjalnym-Osrodku-Szkolno-Wychowawczym-w-Zamosciu-bylismy-tam-4-700x525.jpg\" alt=\"\" class=\"wp-image-4020\" srcset=\"https:\/\/rotary.zamosc.pl\/wp-content\/uploads\/2023\/09\/Rozpoczecie-roku-szkolnego-w-Specjalnym-Osrodku-Szkolno-Wychowawczym-w-Zamosciu-bylismy-tam-4-700x525.jpg 700w, https:\/\/rotary.zamosc.pl\/wp-content\/uploads\/2023\/09\/Rozpoczecie-roku-szkolnego-w-Specjalnym-Osrodku-Szkolno-Wychowawczym-w-Zamosciu-bylismy-tam-4-300x225.jpg 300w, https:\/\/rotary.zamosc.pl\/wp-content\/uploads\/2023\/09\/Rozpoczecie-roku-szkolnego-w-Specjalnym-Osrodku-Szkolno-Wychowawczym-w-Zamosciu-bylismy-tam-4-768x576.jpg 768w, https:\/\/rotary.zamosc.pl\/wp-content\/uploads\/2023\/09\/Rozpoczecie-roku-szkolnego-w-Specjalnym-Osrodku-Szkolno-Wychowawczym-w-Zamosciu-bylismy-tam-4-1536x1152.jpg 1536w, https:\/\/rotary.zamosc.pl\/wp-content\/uploads\/2023\/09\/Rozpoczecie-roku-szkolnego-w-Specjalnym-Osrodku-Szkolno-Wychowawczym-w-Zamosciu-bylismy-tam-4-800x600.jpg 800w, https:\/\/rotary.zamosc.pl\/wp-content\/uploads\/2023\/09\/Rozpoczecie-roku-szkolnego-w-Specjalnym-Osrodku-Szkolno-Wychowawczym-w-Zamosciu-bylismy-tam-4-80x60.jpg 80w, https:\/\/rotary.zamosc.pl\/wp-content\/uploads\/2023\/09\/Rozpoczecie-roku-szkolnego-w-Specjalnym-Osrodku-Szkolno-Wychowawczym-w-Zamosciu-bylismy-tam-4.jpg 1600w\" sizes=\"(max-width: 700px) 100vw, 700px\" \/><\/figure>\n\n\n\n<figure class=\"wp-block-image size-large\"><img decoding=\"async\" width=\"700\" height=\"525\" data-id=\"4019\" src=\"https:\/\/rotary.zamosc.pl\/wp-content\/uploads\/2023\/09\/Rozpoczecie-roku-szkolnego-w-Specjalnym-Osrodku-Szkolno-Wychowawczym-w-Zamosciu-bylismy-tam-3-700x525.jpg\" alt=\"\" class=\"wp-image-4019\" srcset=\"https:\/\/rotary.zamosc.pl\/wp-content\/uploads\/2023\/09\/Rozpoczecie-roku-szkolnego-w-Specjalnym-Osrodku-Szkolno-Wychowawczym-w-Zamosciu-bylismy-tam-3-700x525.jpg 700w, https:\/\/rotary.zamosc.pl\/wp-content\/uploads\/2023\/09\/Rozpoczecie-roku-szkolnego-w-Specjalnym-Osrodku-Szkolno-Wychowawczym-w-Zamosciu-bylismy-tam-3-300x225.jpg 300w, https:\/\/rotary.zamosc.pl\/wp-content\/uploads\/2023\/09\/Rozpoczecie-roku-szkolnego-w-Specjalnym-Osrodku-Szkolno-Wychowawczym-w-Zamosciu-bylismy-tam-3-768x576.jpg 768w, https:\/\/rotary.zamosc.pl\/wp-content\/uploads\/2023\/09\/Rozpoczecie-roku-szkolnego-w-Specjalnym-Osrodku-Szkolno-Wychowawczym-w-Zamosciu-bylismy-tam-3-1536x1152.jpg 1536w, https:\/\/rotary.zamosc.pl\/wp-content\/uploads\/2023\/09\/Rozpoczecie-roku-szkolnego-w-Specjalnym-Osrodku-Szkolno-Wychowawczym-w-Zamosciu-bylismy-tam-3-800x600.jpg 800w, https:\/\/rotary.zamosc.pl\/wp-content\/uploads\/2023\/09\/Rozpoczecie-roku-szkolnego-w-Specjalnym-Osrodku-Szkolno-Wychowawczym-w-Zamosciu-bylismy-tam-3-80x60.jpg 80w, https:\/\/rotary.zamosc.pl\/wp-content\/uploads\/2023\/09\/Rozpoczecie-roku-szkolnego-w-Specjalnym-Osrodku-Szkolno-Wychowawczym-w-Zamosciu-bylismy-tam-3.jpg 1600w\" sizes=\"(max-width: 700px) 100vw, 700px\" \/><\/figure>\n\n\n\n<figure class=\"wp-block-image size-large\"><img decoding=\"async\" width=\"700\" height=\"933\" data-id=\"4017\" src=\"https:\/\/rotary.zamosc.pl\/wp-content\/uploads\/2023\/09\/Rozpoczecie-roku-szkolnego-w-Specjalnym-Osrodku-Szkolno-Wychowawczym-w-Zamosciu-bylismy-tam-1-700x933.jpg\" alt=\"\" class=\"wp-image-4017\" srcset=\"https:\/\/rotary.zamosc.pl\/wp-content\/uploads\/2023\/09\/Rozpoczecie-roku-szkolnego-w-Specjalnym-Osrodku-Szkolno-Wychowawczym-w-Zamosciu-bylismy-tam-1-700x933.jpg 700w, https:\/\/rotary.zamosc.pl\/wp-content\/uploads\/2023\/09\/Rozpoczecie-roku-szkolnego-w-Specjalnym-Osrodku-Szkolno-Wychowawczym-w-Zamosciu-bylismy-tam-1-225x300.jpg 225w, https:\/\/rotary.zamosc.pl\/wp-content\/uploads\/2023\/09\/Rozpoczecie-roku-szkolnego-w-Specjalnym-Osrodku-Szkolno-Wychowawczym-w-Zamosciu-bylismy-tam-1-768x1024.jpg 768w, https:\/\/rotary.zamosc.pl\/wp-content\/uploads\/2023\/09\/Rozpoczecie-roku-szkolnego-w-Specjalnym-Osrodku-Szkolno-Wychowawczym-w-Zamosciu-bylismy-tam-1-1152x1536.jpg 1152w, https:\/\/rotary.zamosc.pl\/wp-content\/uploads\/2023\/09\/Rozpoczecie-roku-szkolnego-w-Specjalnym-Osrodku-Szkolno-Wychowawczym-w-Zamosciu-bylismy-tam-1-800x1067.jpg 800w, https:\/\/rotary.zamosc.pl\/wp-content\/uploads\/2023\/09\/Rozpoczecie-roku-szkolnego-w-Specjalnym-Osrodku-Szkolno-Wychowawczym-w-Zamosciu-bylismy-tam-1.jpg 1200w\" sizes=\"(max-width: 700px) 100vw, 700px\" \/><\/figure>\n<\/figure>\n","protected":false},"excerpt":{"rendered":"<p>Dzisiaj, 4 wrze\u015bnia Prezydent RC Zamo\u015b\u0107 Zbigniew Gumulinski uczestniczy\u0142 w inauguracji nowego roku szkolnego. Mi\u0142ym akcentem tej uroczysto\u015bci by\u0142o wr\u0119czenie przez Pani\u0105 Barbar\u0119 Gr\u0105dkowsk\u0105, dyrektor o\u015brodka podzi\u0119kowania dla RC Zamo\u015b\u0107 za wsparcie finansowe p\u00f3\u0142kolonii. Z kolei Prezydent Z. Gumulinski obieca\u0142 wspiera\u0107 spo\u0142eczno\u015b\u0107 szkoln\u0105 r\u00f3wnie\u017c w innych dzia\u0142aniach w przysz\u0142o\u015bci. Wydarzeniu towarzyszy\u0142a wystawa zdj\u0119\u0107 z p\u00f3\u0142kolonii&#8230;.<\/p>\n","protected":false},"author":1,"featured_media":4018,"comment_status":"open","ping_status":"open","sticky":false,"template":"","format":"standard","meta":{"footnotes":""},"categories":[11],"tags":[],"class_list":["post-6486","post","type-post","status-publish","format-standard","has-post-thumbnail","hentry","category-11"],"rttpg_featured_image_url":{"full":["https:\/\/rotary.zamosc.pl\/wp-content\/uploads\/2023\/09\/Rozpoczecie-roku-szkolnego-w-Specjalnym-Osrodku-Szkolno-Wychowawczym-w-Zamosciu-bylismy-tam-2.jpg",1600,1200,false],"landscape":["https:\/\/rotary.zamosc.pl\/wp-content\/uploads\/2023\/09\/Rozpoczecie-roku-szkolnego-w-Specjalnym-Osrodku-Szkolno-Wychowawczym-w-Zamosciu-bylismy-tam-2.jpg",1600,1200,false],"portraits":["https:\/\/rotary.zamosc.pl\/wp-content\/uploads\/2023\/09\/Rozpoczecie-roku-szkolnego-w-Specjalnym-Osrodku-Szkolno-Wychowawczym-w-Zamosciu-bylismy-tam-2.jpg",1600,1200,false],"thumbnail":["https:\/\/rotary.zamosc.pl\/wp-content\/uploads\/2023\/09\/Rozpoczecie-roku-szkolnego-w-Specjalnym-Osrodku-Szkolno-Wychowawczym-w-Zamosciu-bylismy-tam-2-150x150.jpg",150,150,true],"medium":["https:\/\/rotary.zamosc.pl\/wp-content\/uploads\/2023\/09\/Rozpoczecie-roku-szkolnego-w-Specjalnym-Osrodku-Szkolno-Wychowawczym-w-Zamosciu-bylismy-tam-2-300x225.jpg",300,225,true],"large":["https:\/\/rotary.zamosc.pl\/wp-content\/uploads\/2023\/09\/Rozpoczecie-roku-szkolnego-w-Specjalnym-Osrodku-Szkolno-Wychowawczym-w-Zamosciu-bylismy-tam-2-700x525.jpg",700,525,true],"1536x1536":["https:\/\/rotary.zamosc.pl\/wp-content\/uploads\/2023\/09\/Rozpoczecie-roku-szkolnego-w-Specjalnym-Osrodku-Szkolno-Wychowawczym-w-Zamosciu-bylismy-tam-2-1536x1152.jpg",1536,1152,true],"2048x2048":["https:\/\/rotary.zamosc.pl\/wp-content\/uploads\/2023\/09\/Rozpoczecie-roku-szkolnego-w-Specjalnym-Osrodku-Szkolno-Wychowawczym-w-Zamosciu-bylismy-tam-2.jpg",1600,1200,false],"post-thumbnail":["https:\/\/rotary.zamosc.pl\/wp-content\/uploads\/2023\/09\/Rozpoczecie-roku-szkolnego-w-Specjalnym-Osrodku-Szkolno-Wychowawczym-w-Zamosciu-bylismy-tam-2-800x600.jpg",800,600,true],"graphy-post-thumbnail-large":["https:\/\/rotary.zamosc.pl\/wp-content\/uploads\/2023\/09\/Rozpoczecie-roku-szkolnego-w-Specjalnym-Osrodku-Szkolno-Wychowawczym-w-Zamosciu-bylismy-tam-2-1080x600.jpg",1080,600,true],"graphy-post-thumbnail-medium":["https:\/\/rotary.zamosc.pl\/wp-content\/uploads\/2023\/09\/Rozpoczecie-roku-szkolnego-w-Specjalnym-Osrodku-Szkolno-Wychowawczym-w-Zamosciu-bylismy-tam-2-482x300.jpg",482,300,true],"graphy-post-thumbnail-small":["https:\/\/rotary.zamosc.pl\/wp-content\/uploads\/2023\/09\/Rozpoczecie-roku-szkolnego-w-Specjalnym-Osrodku-Szkolno-Wychowawczym-w-Zamosciu-bylismy-tam-2-80x60.jpg",80,60,true],"graphy-page-thumbnail":["https:\/\/rotary.zamosc.pl\/wp-content\/uploads\/2023\/09\/Rozpoczecie-roku-szkolnego-w-Specjalnym-Osrodku-Szkolno-Wychowawczym-w-Zamosciu-bylismy-tam-2-1260x350.jpg",1260,350,true],"sow-carousel-default":["https:\/\/rotary.zamosc.pl\/wp-content\/uploads\/2023\/09\/Rozpoczecie-roku-szkolnego-w-Specjalnym-Osrodku-Szkolno-Wychowawczym-w-Zamosciu-bylismy-tam-2-272x182.jpg",272,182,true]},"rttpg_author":{"display_name":"rotaryzamosc","author_link":"https:\/\/rotary.zamosc.pl\/index.php\/author\/rotaryzamosc\/"},"rttpg_comment":0,"rttpg_category":"<a href=\"https:\/\/rotary.zamosc.pl\/index.php\/category\/2023\/\" rel=\"category tag\">2023<\/a>","rttpg_excerpt":"Dzisiaj, 4 wrze\u015bnia Prezydent RC Zamo\u015b\u0107 Zbigniew Gumulinski uczestniczy\u0142 w inauguracji nowego roku szkolnego. Mi\u0142ym akcentem tej uroczysto\u015bci by\u0142o wr\u0119czenie przez Pani\u0105 Barbar\u0119 Gr\u0105dkowsk\u0105, dyrektor o\u015brodka podzi\u0119kowania dla RC Zamo\u015b\u0107 za wsparcie finansowe p\u00f3\u0142kolonii. Z kolei Prezydent Z. Gumulinski obieca\u0142 wspiera\u0107 spo\u0142eczno\u015b\u0107 szkoln\u0105 r\u00f3wnie\u017c w innych dzia\u0142aniach w przysz\u0142o\u015bci. Wydarzeniu towarzyszy\u0142a wystawa zdj\u0119\u0107 z p\u00f3\u0142kolonii....","_links":{"self":[{"href":"https:\/\/rotary.zamosc.pl\/index.php\/wp-json\/wp\/v2\/posts\/6486","targetHints":{"allow":["GET"]}}],"collection":[{"href":"https:\/\/rotary.zamosc.pl\/index.php\/wp-json\/wp\/v2\/posts"}],"about":[{"href":"https:\/\/rotary.zamosc.pl\/index.php\/wp-json\/wp\/v2\/types\/post"}],"author":[{"embeddable":true,"href":"https:\/\/rotary.zamosc.pl\/index.php\/wp-json\/wp\/v2\/users\/1"}],"replies":[{"embeddable":true,"href":"https:\/\/rotary.zamosc.pl\/index.php\/wp-json\/wp\/v2\/comments?post=6486"}],"version-history":[{"count":1,"href":"https:\/\/rotary.zamosc.pl\/index.php\/wp-json\/wp\/v2\/posts\/6486\/revisions"}],"predecessor-version":[{"id":6487,"href":"https:\/\/rotary.zamosc.pl\/index.php\/wp-json\/wp\/v2\/posts\/6486\/revisions\/6487"}],"wp:featuredmedia":[{"embeddable":true,"href":"https:\/\/rotary.zamosc.pl\/index.php\/wp-json\/wp\/v2\/media\/4018"}],"wp:attachment":[{"href":"https:\/\/rotary.zamosc.pl\/index.php\/wp-json\/wp\/v2\/media?parent=6486"}],"wp:term":[{"taxonomy":"category","embeddable":true,"href":"https:\/\/rotary.zamosc.pl\/index.php\/wp-json\/wp\/v2\/categories?post=6486"},{"taxonomy":"post_tag","embeddable":true,"href":"https:\/\/rotary.zamosc.pl\/index.php\/wp-json\/wp\/v2\/tags?post=6486"}],"curies":[{"name":"wp","href":"https:\/\/api.w.org\/{rel}","templated":true}]}}