{"id":6496,"date":"2023-06-30T09:39:00","date_gmt":"2023-06-30T07:39:00","guid":{"rendered":"https:\/\/rotary.zamosc.pl\/?p=6496"},"modified":"2026-03-17T09:41:40","modified_gmt":"2026-03-17T08:41:40","slug":"zbigniew-gumulinski-kolejnym-prezydentem-w-rc-zamosc","status":"publish","type":"post","link":"https:\/\/rotary.zamosc.pl\/index.php\/2023\/06\/30\/zbigniew-gumulinski-kolejnym-prezydentem-w-rc-zamosc\/","title":{"rendered":"Zbigniew Gumuli\u0144ski kolejnym Prezydentem w RC Zamo\u015b\u0107"},"content":{"rendered":"\n<p class=\"wp-block-paragraph\">30 czerwca w restauracji Luneta w Zamo\u015bciu odby\u0142o si\u0119 uroczyste przekazanie s\u0142u\u017cby rotaria\u0144skiej.<\/p>\n\n\n\n<p class=\"wp-block-paragraph\">Spotkanie otworzy\u0142a ust\u0119puj\u0105ca Prezydent RC Zamo\u015b\u0107 El\u017cbieta Szyma\u0144ska, kt\u00f3ra powita\u0142a wszystkich cz\u0142onk\u00f3w klubu i go\u015bci, po czym podsumowa\u0142a swoj\u0105 kadencj\u0119, prezentuj\u0105c fotografie dokumentuj\u0105ce dzia\u0142alno\u015b\u0107 klubu.<\/p>\n\n\n\n<p class=\"wp-block-paragraph\">A by\u0142y to liczne dzia\u0142ania humanitarne zwi\u0105zane z wojn\u0105 w Ukrainie, proekologiczne, prospo\u0142eczne, kulturalne. Zrobi\u0142o to ogromne wra\u017cenie na s\u0142uchaczach, a podzi\u0119kowaniem by\u0142y gromkie brawa.<\/p>\n\n\n\n<p class=\"wp-block-paragraph\">Chapeau bas Pani Prezydent za wielokrotny udzia\u0142 w konwojach humanitarnych, cz\u0119sto w bardzo trudnych warunkach atmosferycznych, godziny stania na granicy, spania w nieogrzewanych hotelach czy pobyt w schronie, za liczne inicjatywy i wspania\u0142\u0105 atmosfer\u0119 w klubie.<\/p>\n\n\n\n<p class=\"wp-block-paragraph\">Nast\u0119pnie Prezydent El\u017cbieta Szyma\u0144ska przekaza\u0142a insygnia Prezydentowi elektowi Zbigniewowi Gumuli\u0144skiemu, kt\u00f3ry zosta\u0142 29 Prezydentem w historii RC Zamo\u015b\u0107.<\/p>\n\n\n\n<p class=\"wp-block-paragraph\">Serdecznie gratulujemy i \u017cyczymy pasji, zaanga\u017cowania i ogromu satysfakcji z pe\u0142nienia tej zaszczytnej funkcji zar\u00f3wno prezydentowi, jak i nowemu zarz\u0105dowi.<\/p>\n\n\n\n<p class=\"wp-block-paragraph\">Funkcj\u0119 wiceprezydenta pe\u0142ni\u0107 b\u0119dzie Krzysztof Bork,<\/p>\n\n\n\n<p class=\"wp-block-paragraph\">sekretarza Arkadiusz Gajewski, a skarbnika Adam Budzy\u0144ski.<\/p>\n\n\n\n<p class=\"wp-block-paragraph\">Prezydent Gumuli\u0144ski podzi\u0119kowa\u0142 i powiedzia\u0142, \u017ce liczy na wsparcie i takie zaanga\u017cowanie jak dotychczas wszystkich cz\u0142onk\u00f3w klubu.<\/p>\n\n\n\n<p class=\"wp-block-paragraph\">Przedstawi\u0142 motto na swoj\u0105 kadencj\u0119, kt\u00f3re brzmi &#8222;Kreowanie nadziei&#8221;.<\/p>\n\n\n\n<p class=\"wp-block-paragraph\">Potwierdzi\u0142 r\u00f3wnie\u017c, \u017ce wszystkie dzia\u0142ania realizowane dotychczas b\u0119d\u0105 kontynuowane, a wi\u0119c pomoc Ukrainie, wsp\u00f3\u0142praca z polsk\u0105 szko\u0142\u0105 w Ko\u0142omyi, dzia\u0142alno\u015b\u0107 ekologiczna, spo\u0142eczna, kulturalna, program stypendialny, wsp\u00f3\u0142praca z wieloma zamojskimi instytucjami, stowarzyszeniami i fundacjami itp.<\/p>\n\n\n\n<p class=\"wp-block-paragraph\">Powiedzia\u0142 r\u00f3wnie\u017c, \u017ce nadal b\u0119dziemy pomaga\u0107 Ukrainie, ale nie zapominajmy o tym, \u017ce \u017cyjemy w Polsce, na Zamojszczyznie i tutaj r\u00f3wnie\u017c mamy wielkie pole do dzia\u0142ania na wielu p\u0142aszczyznach.<\/p>\n\n\n\n<p class=\"wp-block-paragraph\">Zbigniew Gumuli\u0144ski przypomnia\u0142 o zbli\u017caj\u0105cych si\u0119 jubileuszach w 2024 roku: 30 leciu RC Zamo\u015b\u0107 oraz 10-leciu wsp\u00f3\u0142pracy z polsk\u0105 szko\u0142\u0105 w Ko\u0142omyi.<\/p>\n\n\n\n<p class=\"wp-block-paragraph\">Kolejnym punktem spotkania by\u0142o wr\u0119czenie naszemu klubowemu koledze Rafa\u0142owi Pasiece Odznaki Paula Harrisa za wybitne zas\u0142ugi w s\u0142u\u017cbie rotaria\u0144skiej.<\/p>\n\n\n\n<p class=\"wp-block-paragraph\">Serdecznie gratulujemy wyr\u00f3\u017cnienia.<\/p>\n\n\n\n<p class=\"wp-block-paragraph\">Po tym nast\u0105pi\u0142 kolejny mi\u0142y akcent, bo nasz przyjaciel, rotarianin z RC Wolsztyn Jerzy Le\u015bniewski podzi\u0119kowa\u0142 w imieniu swojego klubu El\u017cbiecie Szyma\u0144skiej za wielostronn\u0105 wsp\u00f3\u0142prac\u0119 w minionej ju\u017c kadencji oraz wr\u0119czy\u0142 na jej r\u0119ce podzi\u0119kowanie &#8211; statuetk\u0119 ryby za wsparcie akcji przywr\u00f3cenia ekosystemu i zarybianie 27 ha zbiornika wodnego.<\/p>\n\n\n\n<p class=\"wp-block-paragraph\">Tu nale\u017cy doda\u0107, i\u017c nasi go\u015bcie z Wolsztyna przyjechali busem wype\u0142nionym darami dla doros\u0142ych i dzieci w Ukrainie (m.in. ubrania damskie &#8211; 115 szt., m\u0119skie &#8211; 95 szt., dzieci\u0119ce &#8211; 202 szt., po\u015bciel, koce, r\u0119czniki, buty).<\/p>\n\n\n\n<p class=\"wp-block-paragraph\">Dzi\u0119kujemy i przeka\u017cemy w kolejnym konwoju.<\/p>\n\n\n\n<p class=\"wp-block-paragraph\">W spotkaniu uczestniczy\u0142a nasza stypendystka ukrai\u0144skiego pochodzenia &#8211; Dasza, obecnie uczennica jednej z zamojskich szk\u00f3\u0142 wraz ze swoj\u0105 mam\u0105 Natali\u0105. Obie panie obdarowa\u0142y Prezydent El\u017cbiet\u0119 Szyma\u0144sk\u0105 pi\u0119knymi kwiatami w podzi\u0119kowaniu za opiek\u0119 i przyznane stypendium na op\u0142acenie stancji.<\/p>\n\n\n\n<p class=\"wp-block-paragraph\">Spotkanie zako\u0144czy\u0142o si\u0119 towarzysko przy lampce wina.<\/p>\n\n\n\n<figure class=\"wp-block-gallery has-nested-images columns-1 is-cropped wp-block-gallery-1 is-layout-flex wp-block-gallery-is-layout-flex\">\n<figure class=\"wp-block-image size-large\"><img fetchpriority=\"high\" decoding=\"async\" width=\"700\" height=\"525\" data-id=\"3710\" src=\"https:\/\/rotary.zamosc.pl\/wp-content\/uploads\/2023\/07\/Zbigniew-Gumulinski-kolejnym-Prezydentem-w-RC-Zamosc-2023_2024-24-700x525.jpg\" alt=\"\" class=\"wp-image-3710\" srcset=\"https:\/\/rotary.zamosc.pl\/wp-content\/uploads\/2023\/07\/Zbigniew-Gumulinski-kolejnym-Prezydentem-w-RC-Zamosc-2023_2024-24-700x525.jpg 700w, https:\/\/rotary.zamosc.pl\/wp-content\/uploads\/2023\/07\/Zbigniew-Gumulinski-kolejnym-Prezydentem-w-RC-Zamosc-2023_2024-24-300x225.jpg 300w, https:\/\/rotary.zamosc.pl\/wp-content\/uploads\/2023\/07\/Zbigniew-Gumulinski-kolejnym-Prezydentem-w-RC-Zamosc-2023_2024-24-768x576.jpg 768w, https:\/\/rotary.zamosc.pl\/wp-content\/uploads\/2023\/07\/Zbigniew-Gumulinski-kolejnym-Prezydentem-w-RC-Zamosc-2023_2024-24-1536x1152.jpg 1536w, https:\/\/rotary.zamosc.pl\/wp-content\/uploads\/2023\/07\/Zbigniew-Gumulinski-kolejnym-Prezydentem-w-RC-Zamosc-2023_2024-24-800x600.jpg 800w, https:\/\/rotary.zamosc.pl\/wp-content\/uploads\/2023\/07\/Zbigniew-Gumulinski-kolejnym-Prezydentem-w-RC-Zamosc-2023_2024-24-80x60.jpg 80w, https:\/\/rotary.zamosc.pl\/wp-content\/uploads\/2023\/07\/Zbigniew-Gumulinski-kolejnym-Prezydentem-w-RC-Zamosc-2023_2024-24.jpg 2048w\" sizes=\"(max-width: 700px) 100vw, 700px\" \/><\/figure>\n\n\n\n<figure class=\"wp-block-image size-large\"><img decoding=\"async\" width=\"700\" height=\"933\" data-id=\"3709\" src=\"https:\/\/rotary.zamosc.pl\/wp-content\/uploads\/2023\/07\/Zbigniew-Gumulinski-kolejnym-Prezydentem-w-RC-Zamosc-2023_2024-23-700x933.jpg\" alt=\"\" class=\"wp-image-3709\" srcset=\"https:\/\/rotary.zamosc.pl\/wp-content\/uploads\/2023\/07\/Zbigniew-Gumulinski-kolejnym-Prezydentem-w-RC-Zamosc-2023_2024-23-700x933.jpg 700w, https:\/\/rotary.zamosc.pl\/wp-content\/uploads\/2023\/07\/Zbigniew-Gumulinski-kolejnym-Prezydentem-w-RC-Zamosc-2023_2024-23-225x300.jpg 225w, https:\/\/rotary.zamosc.pl\/wp-content\/uploads\/2023\/07\/Zbigniew-Gumulinski-kolejnym-Prezydentem-w-RC-Zamosc-2023_2024-23-768x1024.jpg 768w, https:\/\/rotary.zamosc.pl\/wp-content\/uploads\/2023\/07\/Zbigniew-Gumulinski-kolejnym-Prezydentem-w-RC-Zamosc-2023_2024-23-1152x1536.jpg 1152w, https:\/\/rotary.zamosc.pl\/wp-content\/uploads\/2023\/07\/Zbigniew-Gumulinski-kolejnym-Prezydentem-w-RC-Zamosc-2023_2024-23-800x1067.jpg 800w, https:\/\/rotary.zamosc.pl\/wp-content\/uploads\/2023\/07\/Zbigniew-Gumulinski-kolejnym-Prezydentem-w-RC-Zamosc-2023_2024-23.jpg 1536w\" sizes=\"(max-width: 700px) 100vw, 700px\" \/><\/figure>\n\n\n\n<figure class=\"wp-block-image size-large\"><img decoding=\"async\" width=\"700\" height=\"525\" data-id=\"3708\" src=\"https:\/\/rotary.zamosc.pl\/wp-content\/uploads\/2023\/07\/Zbigniew-Gumulinski-kolejnym-Prezydentem-w-RC-Zamosc-2023_2024-22-700x525.jpg\" alt=\"\" class=\"wp-image-3708\" srcset=\"https:\/\/rotary.zamosc.pl\/wp-content\/uploads\/2023\/07\/Zbigniew-Gumulinski-kolejnym-Prezydentem-w-RC-Zamosc-2023_2024-22-700x525.jpg 700w, https:\/\/rotary.zamosc.pl\/wp-content\/uploads\/2023\/07\/Zbigniew-Gumulinski-kolejnym-Prezydentem-w-RC-Zamosc-2023_2024-22-300x225.jpg 300w, https:\/\/rotary.zamosc.pl\/wp-content\/uploads\/2023\/07\/Zbigniew-Gumulinski-kolejnym-Prezydentem-w-RC-Zamosc-2023_2024-22-768x576.jpg 768w, https:\/\/rotary.zamosc.pl\/wp-content\/uploads\/2023\/07\/Zbigniew-Gumulinski-kolejnym-Prezydentem-w-RC-Zamosc-2023_2024-22-1536x1152.jpg 1536w, https:\/\/rotary.zamosc.pl\/wp-content\/uploads\/2023\/07\/Zbigniew-Gumulinski-kolejnym-Prezydentem-w-RC-Zamosc-2023_2024-22-800x600.jpg 800w, https:\/\/rotary.zamosc.pl\/wp-content\/uploads\/2023\/07\/Zbigniew-Gumulinski-kolejnym-Prezydentem-w-RC-Zamosc-2023_2024-22-80x60.jpg 80w, https:\/\/rotary.zamosc.pl\/wp-content\/uploads\/2023\/07\/Zbigniew-Gumulinski-kolejnym-Prezydentem-w-RC-Zamosc-2023_2024-22.jpg 2048w\" sizes=\"(max-width: 700px) 100vw, 700px\" \/><\/figure>\n\n\n\n<figure class=\"wp-block-image size-large\"><img loading=\"lazy\" decoding=\"async\" width=\"700\" height=\"525\" data-id=\"3707\" src=\"https:\/\/rotary.zamosc.pl\/wp-content\/uploads\/2023\/07\/Zbigniew-Gumulinski-kolejnym-Prezydentem-w-RC-Zamosc-2023_2024-21-700x525.jpg\" alt=\"\" class=\"wp-image-3707\" srcset=\"https:\/\/rotary.zamosc.pl\/wp-content\/uploads\/2023\/07\/Zbigniew-Gumulinski-kolejnym-Prezydentem-w-RC-Zamosc-2023_2024-21-700x525.jpg 700w, https:\/\/rotary.zamosc.pl\/wp-content\/uploads\/2023\/07\/Zbigniew-Gumulinski-kolejnym-Prezydentem-w-RC-Zamosc-2023_2024-21-300x225.jpg 300w, https:\/\/rotary.zamosc.pl\/wp-content\/uploads\/2023\/07\/Zbigniew-Gumulinski-kolejnym-Prezydentem-w-RC-Zamosc-2023_2024-21-768x576.jpg 768w, https:\/\/rotary.zamosc.pl\/wp-content\/uploads\/2023\/07\/Zbigniew-Gumulinski-kolejnym-Prezydentem-w-RC-Zamosc-2023_2024-21-1536x1152.jpg 1536w, https:\/\/rotary.zamosc.pl\/wp-content\/uploads\/2023\/07\/Zbigniew-Gumulinski-kolejnym-Prezydentem-w-RC-Zamosc-2023_2024-21-800x600.jpg 800w, https:\/\/rotary.zamosc.pl\/wp-content\/uploads\/2023\/07\/Zbigniew-Gumulinski-kolejnym-Prezydentem-w-RC-Zamosc-2023_2024-21-80x60.jpg 80w, https:\/\/rotary.zamosc.pl\/wp-content\/uploads\/2023\/07\/Zbigniew-Gumulinski-kolejnym-Prezydentem-w-RC-Zamosc-2023_2024-21.jpg 2048w\" sizes=\"(max-width: 700px) 100vw, 700px\" \/><\/figure>\n\n\n\n<figure class=\"wp-block-image size-large\"><img loading=\"lazy\" decoding=\"async\" width=\"700\" height=\"525\" data-id=\"3706\" src=\"https:\/\/rotary.zamosc.pl\/wp-content\/uploads\/2023\/07\/Zbigniew-Gumulinski-kolejnym-Prezydentem-w-RC-Zamosc-2023_2024-20-700x525.jpg\" alt=\"\" class=\"wp-image-3706\" srcset=\"https:\/\/rotary.zamosc.pl\/wp-content\/uploads\/2023\/07\/Zbigniew-Gumulinski-kolejnym-Prezydentem-w-RC-Zamosc-2023_2024-20-700x525.jpg 700w, https:\/\/rotary.zamosc.pl\/wp-content\/uploads\/2023\/07\/Zbigniew-Gumulinski-kolejnym-Prezydentem-w-RC-Zamosc-2023_2024-20-300x225.jpg 300w, https:\/\/rotary.zamosc.pl\/wp-content\/uploads\/2023\/07\/Zbigniew-Gumulinski-kolejnym-Prezydentem-w-RC-Zamosc-2023_2024-20-768x576.jpg 768w, https:\/\/rotary.zamosc.pl\/wp-content\/uploads\/2023\/07\/Zbigniew-Gumulinski-kolejnym-Prezydentem-w-RC-Zamosc-2023_2024-20-1536x1152.jpg 1536w, https:\/\/rotary.zamosc.pl\/wp-content\/uploads\/2023\/07\/Zbigniew-Gumulinski-kolejnym-Prezydentem-w-RC-Zamosc-2023_2024-20-800x600.jpg 800w, https:\/\/rotary.zamosc.pl\/wp-content\/uploads\/2023\/07\/Zbigniew-Gumulinski-kolejnym-Prezydentem-w-RC-Zamosc-2023_2024-20-80x60.jpg 80w, https:\/\/rotary.zamosc.pl\/wp-content\/uploads\/2023\/07\/Zbigniew-Gumulinski-kolejnym-Prezydentem-w-RC-Zamosc-2023_2024-20.jpg 2048w\" sizes=\"(max-width: 700px) 100vw, 700px\" \/><\/figure>\n\n\n\n<figure class=\"wp-block-image size-large\"><img loading=\"lazy\" decoding=\"async\" width=\"700\" height=\"1522\" data-id=\"3705\" src=\"https:\/\/rotary.zamosc.pl\/wp-content\/uploads\/2023\/07\/Zbigniew-Gumulinski-kolejnym-Prezydentem-w-RC-Zamosc-2023_2024-19-700x1522.jpg\" alt=\"\" class=\"wp-image-3705\" srcset=\"https:\/\/rotary.zamosc.pl\/wp-content\/uploads\/2023\/07\/Zbigniew-Gumulinski-kolejnym-Prezydentem-w-RC-Zamosc-2023_2024-19-700x1522.jpg 700w, https:\/\/rotary.zamosc.pl\/wp-content\/uploads\/2023\/07\/Zbigniew-Gumulinski-kolejnym-Prezydentem-w-RC-Zamosc-2023_2024-19-138x300.jpg 138w, https:\/\/rotary.zamosc.pl\/wp-content\/uploads\/2023\/07\/Zbigniew-Gumulinski-kolejnym-Prezydentem-w-RC-Zamosc-2023_2024-19-707x1536.jpg 707w, https:\/\/rotary.zamosc.pl\/wp-content\/uploads\/2023\/07\/Zbigniew-Gumulinski-kolejnym-Prezydentem-w-RC-Zamosc-2023_2024-19.jpg 736w\" sizes=\"(max-width: 700px) 100vw, 700px\" \/><\/figure>\n\n\n\n<figure class=\"wp-block-image size-large\"><img loading=\"lazy\" decoding=\"async\" width=\"700\" height=\"525\" data-id=\"3704\" src=\"https:\/\/rotary.zamosc.pl\/wp-content\/uploads\/2023\/07\/Zbigniew-Gumulinski-kolejnym-Prezydentem-w-RC-Zamosc-2023_2024-18-700x525.jpg\" alt=\"\" class=\"wp-image-3704\" srcset=\"https:\/\/rotary.zamosc.pl\/wp-content\/uploads\/2023\/07\/Zbigniew-Gumulinski-kolejnym-Prezydentem-w-RC-Zamosc-2023_2024-18-700x525.jpg 700w, https:\/\/rotary.zamosc.pl\/wp-content\/uploads\/2023\/07\/Zbigniew-Gumulinski-kolejnym-Prezydentem-w-RC-Zamosc-2023_2024-18-300x225.jpg 300w, https:\/\/rotary.zamosc.pl\/wp-content\/uploads\/2023\/07\/Zbigniew-Gumulinski-kolejnym-Prezydentem-w-RC-Zamosc-2023_2024-18-768x576.jpg 768w, https:\/\/rotary.zamosc.pl\/wp-content\/uploads\/2023\/07\/Zbigniew-Gumulinski-kolejnym-Prezydentem-w-RC-Zamosc-2023_2024-18-1536x1152.jpg 1536w, https:\/\/rotary.zamosc.pl\/wp-content\/uploads\/2023\/07\/Zbigniew-Gumulinski-kolejnym-Prezydentem-w-RC-Zamosc-2023_2024-18-800x600.jpg 800w, https:\/\/rotary.zamosc.pl\/wp-content\/uploads\/2023\/07\/Zbigniew-Gumulinski-kolejnym-Prezydentem-w-RC-Zamosc-2023_2024-18-80x60.jpg 80w, https:\/\/rotary.zamosc.pl\/wp-content\/uploads\/2023\/07\/Zbigniew-Gumulinski-kolejnym-Prezydentem-w-RC-Zamosc-2023_2024-18.jpg 2048w\" sizes=\"(max-width: 700px) 100vw, 700px\" \/><\/figure>\n\n\n\n<figure class=\"wp-block-image size-large\"><img loading=\"lazy\" decoding=\"async\" width=\"700\" height=\"525\" data-id=\"3703\" src=\"https:\/\/rotary.zamosc.pl\/wp-content\/uploads\/2023\/07\/Zbigniew-Gumulinski-kolejnym-Prezydentem-w-RC-Zamosc-2023_2024-17-700x525.jpg\" alt=\"\" class=\"wp-image-3703\" srcset=\"https:\/\/rotary.zamosc.pl\/wp-content\/uploads\/2023\/07\/Zbigniew-Gumulinski-kolejnym-Prezydentem-w-RC-Zamosc-2023_2024-17-700x525.jpg 700w, https:\/\/rotary.zamosc.pl\/wp-content\/uploads\/2023\/07\/Zbigniew-Gumulinski-kolejnym-Prezydentem-w-RC-Zamosc-2023_2024-17-300x225.jpg 300w, https:\/\/rotary.zamosc.pl\/wp-content\/uploads\/2023\/07\/Zbigniew-Gumulinski-kolejnym-Prezydentem-w-RC-Zamosc-2023_2024-17-768x576.jpg 768w, https:\/\/rotary.zamosc.pl\/wp-content\/uploads\/2023\/07\/Zbigniew-Gumulinski-kolejnym-Prezydentem-w-RC-Zamosc-2023_2024-17-1536x1152.jpg 1536w, https:\/\/rotary.zamosc.pl\/wp-content\/uploads\/2023\/07\/Zbigniew-Gumulinski-kolejnym-Prezydentem-w-RC-Zamosc-2023_2024-17-800x600.jpg 800w, https:\/\/rotary.zamosc.pl\/wp-content\/uploads\/2023\/07\/Zbigniew-Gumulinski-kolejnym-Prezydentem-w-RC-Zamosc-2023_2024-17-80x60.jpg 80w, https:\/\/rotary.zamosc.pl\/wp-content\/uploads\/2023\/07\/Zbigniew-Gumulinski-kolejnym-Prezydentem-w-RC-Zamosc-2023_2024-17.jpg 2048w\" sizes=\"(max-width: 700px) 100vw, 700px\" \/><\/figure>\n\n\n\n<figure class=\"wp-block-image size-large\"><img loading=\"lazy\" decoding=\"async\" width=\"700\" height=\"525\" data-id=\"3702\" src=\"https:\/\/rotary.zamosc.pl\/wp-content\/uploads\/2023\/07\/Zbigniew-Gumulinski-kolejnym-Prezydentem-w-RC-Zamosc-2023_2024-16-700x525.jpg\" alt=\"\" class=\"wp-image-3702\" srcset=\"https:\/\/rotary.zamosc.pl\/wp-content\/uploads\/2023\/07\/Zbigniew-Gumulinski-kolejnym-Prezydentem-w-RC-Zamosc-2023_2024-16-700x525.jpg 700w, https:\/\/rotary.zamosc.pl\/wp-content\/uploads\/2023\/07\/Zbigniew-Gumulinski-kolejnym-Prezydentem-w-RC-Zamosc-2023_2024-16-300x225.jpg 300w, https:\/\/rotary.zamosc.pl\/wp-content\/uploads\/2023\/07\/Zbigniew-Gumulinski-kolejnym-Prezydentem-w-RC-Zamosc-2023_2024-16-768x576.jpg 768w, https:\/\/rotary.zamosc.pl\/wp-content\/uploads\/2023\/07\/Zbigniew-Gumulinski-kolejnym-Prezydentem-w-RC-Zamosc-2023_2024-16-1536x1152.jpg 1536w, https:\/\/rotary.zamosc.pl\/wp-content\/uploads\/2023\/07\/Zbigniew-Gumulinski-kolejnym-Prezydentem-w-RC-Zamosc-2023_2024-16-800x600.jpg 800w, https:\/\/rotary.zamosc.pl\/wp-content\/uploads\/2023\/07\/Zbigniew-Gumulinski-kolejnym-Prezydentem-w-RC-Zamosc-2023_2024-16-80x60.jpg 80w, https:\/\/rotary.zamosc.pl\/wp-content\/uploads\/2023\/07\/Zbigniew-Gumulinski-kolejnym-Prezydentem-w-RC-Zamosc-2023_2024-16.jpg 2048w\" sizes=\"(max-width: 700px) 100vw, 700px\" \/><\/figure>\n\n\n\n<figure class=\"wp-block-image size-large\"><img loading=\"lazy\" decoding=\"async\" width=\"700\" height=\"1522\" data-id=\"3693\" src=\"https:\/\/rotary.zamosc.pl\/wp-content\/uploads\/2023\/07\/Zbigniew-Gumulinski-kolejnym-Prezydentem-w-RC-Zamosc-2023_2024-7-700x1522.jpg\" alt=\"\" class=\"wp-image-3693\" srcset=\"https:\/\/rotary.zamosc.pl\/wp-content\/uploads\/2023\/07\/Zbigniew-Gumulinski-kolejnym-Prezydentem-w-RC-Zamosc-2023_2024-7-700x1522.jpg 700w, https:\/\/rotary.zamosc.pl\/wp-content\/uploads\/2023\/07\/Zbigniew-Gumulinski-kolejnym-Prezydentem-w-RC-Zamosc-2023_2024-7-138x300.jpg 138w, https:\/\/rotary.zamosc.pl\/wp-content\/uploads\/2023\/07\/Zbigniew-Gumulinski-kolejnym-Prezydentem-w-RC-Zamosc-2023_2024-7-707x1536.jpg 707w, https:\/\/rotary.zamosc.pl\/wp-content\/uploads\/2023\/07\/Zbigniew-Gumulinski-kolejnym-Prezydentem-w-RC-Zamosc-2023_2024-7.jpg 736w\" sizes=\"(max-width: 700px) 100vw, 700px\" \/><\/figure>\n\n\n\n<figure class=\"wp-block-image size-large\"><img loading=\"lazy\" decoding=\"async\" width=\"700\" height=\"525\" data-id=\"3695\" src=\"https:\/\/rotary.zamosc.pl\/wp-content\/uploads\/2023\/07\/Zbigniew-Gumulinski-kolejnym-Prezydentem-w-RC-Zamosc-2023_2024-9-700x525.jpg\" alt=\"\" class=\"wp-image-3695\" srcset=\"https:\/\/rotary.zamosc.pl\/wp-content\/uploads\/2023\/07\/Zbigniew-Gumulinski-kolejnym-Prezydentem-w-RC-Zamosc-2023_2024-9-700x525.jpg 700w, https:\/\/rotary.zamosc.pl\/wp-content\/uploads\/2023\/07\/Zbigniew-Gumulinski-kolejnym-Prezydentem-w-RC-Zamosc-2023_2024-9-300x225.jpg 300w, https:\/\/rotary.zamosc.pl\/wp-content\/uploads\/2023\/07\/Zbigniew-Gumulinski-kolejnym-Prezydentem-w-RC-Zamosc-2023_2024-9-768x576.jpg 768w, https:\/\/rotary.zamosc.pl\/wp-content\/uploads\/2023\/07\/Zbigniew-Gumulinski-kolejnym-Prezydentem-w-RC-Zamosc-2023_2024-9-1536x1152.jpg 1536w, https:\/\/rotary.zamosc.pl\/wp-content\/uploads\/2023\/07\/Zbigniew-Gumulinski-kolejnym-Prezydentem-w-RC-Zamosc-2023_2024-9-800x600.jpg 800w, https:\/\/rotary.zamosc.pl\/wp-content\/uploads\/2023\/07\/Zbigniew-Gumulinski-kolejnym-Prezydentem-w-RC-Zamosc-2023_2024-9-80x60.jpg 80w, https:\/\/rotary.zamosc.pl\/wp-content\/uploads\/2023\/07\/Zbigniew-Gumulinski-kolejnym-Prezydentem-w-RC-Zamosc-2023_2024-9.jpg 2048w\" sizes=\"(max-width: 700px) 100vw, 700px\" \/><\/figure>\n\n\n\n<figure class=\"wp-block-image size-large\"><img loading=\"lazy\" decoding=\"async\" width=\"700\" height=\"525\" data-id=\"3694\" src=\"https:\/\/rotary.zamosc.pl\/wp-content\/uploads\/2023\/07\/Zbigniew-Gumulinski-kolejnym-Prezydentem-w-RC-Zamosc-2023_2024-8-700x525.jpg\" alt=\"\" class=\"wp-image-3694\" srcset=\"https:\/\/rotary.zamosc.pl\/wp-content\/uploads\/2023\/07\/Zbigniew-Gumulinski-kolejnym-Prezydentem-w-RC-Zamosc-2023_2024-8-700x525.jpg 700w, https:\/\/rotary.zamosc.pl\/wp-content\/uploads\/2023\/07\/Zbigniew-Gumulinski-kolejnym-Prezydentem-w-RC-Zamosc-2023_2024-8-300x225.jpg 300w, https:\/\/rotary.zamosc.pl\/wp-content\/uploads\/2023\/07\/Zbigniew-Gumulinski-kolejnym-Prezydentem-w-RC-Zamosc-2023_2024-8-768x576.jpg 768w, https:\/\/rotary.zamosc.pl\/wp-content\/uploads\/2023\/07\/Zbigniew-Gumulinski-kolejnym-Prezydentem-w-RC-Zamosc-2023_2024-8-1536x1152.jpg 1536w, https:\/\/rotary.zamosc.pl\/wp-content\/uploads\/2023\/07\/Zbigniew-Gumulinski-kolejnym-Prezydentem-w-RC-Zamosc-2023_2024-8-800x600.jpg 800w, https:\/\/rotary.zamosc.pl\/wp-content\/uploads\/2023\/07\/Zbigniew-Gumulinski-kolejnym-Prezydentem-w-RC-Zamosc-2023_2024-8-80x60.jpg 80w, https:\/\/rotary.zamosc.pl\/wp-content\/uploads\/2023\/07\/Zbigniew-Gumulinski-kolejnym-Prezydentem-w-RC-Zamosc-2023_2024-8.jpg 2048w\" sizes=\"(max-width: 700px) 100vw, 700px\" \/><\/figure>\n\n\n\n<figure class=\"wp-block-image size-large\"><img loading=\"lazy\" decoding=\"async\" width=\"700\" height=\"933\" data-id=\"3696\" src=\"https:\/\/rotary.zamosc.pl\/wp-content\/uploads\/2023\/07\/Zbigniew-Gumulinski-kolejnym-Prezydentem-w-RC-Zamosc-2023_2024-10-700x933.jpg\" alt=\"\" class=\"wp-image-3696\" srcset=\"https:\/\/rotary.zamosc.pl\/wp-content\/uploads\/2023\/07\/Zbigniew-Gumulinski-kolejnym-Prezydentem-w-RC-Zamosc-2023_2024-10-700x933.jpg 700w, https:\/\/rotary.zamosc.pl\/wp-content\/uploads\/2023\/07\/Zbigniew-Gumulinski-kolejnym-Prezydentem-w-RC-Zamosc-2023_2024-10-225x300.jpg 225w, https:\/\/rotary.zamosc.pl\/wp-content\/uploads\/2023\/07\/Zbigniew-Gumulinski-kolejnym-Prezydentem-w-RC-Zamosc-2023_2024-10-768x1024.jpg 768w, https:\/\/rotary.zamosc.pl\/wp-content\/uploads\/2023\/07\/Zbigniew-Gumulinski-kolejnym-Prezydentem-w-RC-Zamosc-2023_2024-10-1152x1536.jpg 1152w, https:\/\/rotary.zamosc.pl\/wp-content\/uploads\/2023\/07\/Zbigniew-Gumulinski-kolejnym-Prezydentem-w-RC-Zamosc-2023_2024-10-800x1067.jpg 800w, https:\/\/rotary.zamosc.pl\/wp-content\/uploads\/2023\/07\/Zbigniew-Gumulinski-kolejnym-Prezydentem-w-RC-Zamosc-2023_2024-10.jpg 1536w\" sizes=\"(max-width: 700px) 100vw, 700px\" \/><\/figure>\n\n\n\n<figure class=\"wp-block-image size-large\"><img loading=\"lazy\" decoding=\"async\" width=\"700\" height=\"1522\" data-id=\"3697\" src=\"https:\/\/rotary.zamosc.pl\/wp-content\/uploads\/2023\/07\/Zbigniew-Gumulinski-kolejnym-Prezydentem-w-RC-Zamosc-2023_2024-11-700x1522.jpg\" alt=\"\" class=\"wp-image-3697\" srcset=\"https:\/\/rotary.zamosc.pl\/wp-content\/uploads\/2023\/07\/Zbigniew-Gumulinski-kolejnym-Prezydentem-w-RC-Zamosc-2023_2024-11-700x1522.jpg 700w, https:\/\/rotary.zamosc.pl\/wp-content\/uploads\/2023\/07\/Zbigniew-Gumulinski-kolejnym-Prezydentem-w-RC-Zamosc-2023_2024-11-138x300.jpg 138w, https:\/\/rotary.zamosc.pl\/wp-content\/uploads\/2023\/07\/Zbigniew-Gumulinski-kolejnym-Prezydentem-w-RC-Zamosc-2023_2024-11-707x1536.jpg 707w, https:\/\/rotary.zamosc.pl\/wp-content\/uploads\/2023\/07\/Zbigniew-Gumulinski-kolejnym-Prezydentem-w-RC-Zamosc-2023_2024-11.jpg 736w\" sizes=\"(max-width: 700px) 100vw, 700px\" \/><\/figure>\n\n\n\n<figure class=\"wp-block-image size-large\"><img loading=\"lazy\" decoding=\"async\" width=\"700\" height=\"525\" data-id=\"3698\" src=\"https:\/\/rotary.zamosc.pl\/wp-content\/uploads\/2023\/07\/Zbigniew-Gumulinski-kolejnym-Prezydentem-w-RC-Zamosc-2023_2024-12-700x525.jpg\" alt=\"\" class=\"wp-image-3698\" srcset=\"https:\/\/rotary.zamosc.pl\/wp-content\/uploads\/2023\/07\/Zbigniew-Gumulinski-kolejnym-Prezydentem-w-RC-Zamosc-2023_2024-12-700x525.jpg 700w, https:\/\/rotary.zamosc.pl\/wp-content\/uploads\/2023\/07\/Zbigniew-Gumulinski-kolejnym-Prezydentem-w-RC-Zamosc-2023_2024-12-300x225.jpg 300w, https:\/\/rotary.zamosc.pl\/wp-content\/uploads\/2023\/07\/Zbigniew-Gumulinski-kolejnym-Prezydentem-w-RC-Zamosc-2023_2024-12-768x576.jpg 768w, https:\/\/rotary.zamosc.pl\/wp-content\/uploads\/2023\/07\/Zbigniew-Gumulinski-kolejnym-Prezydentem-w-RC-Zamosc-2023_2024-12-1536x1152.jpg 1536w, https:\/\/rotary.zamosc.pl\/wp-content\/uploads\/2023\/07\/Zbigniew-Gumulinski-kolejnym-Prezydentem-w-RC-Zamosc-2023_2024-12-800x600.jpg 800w, https:\/\/rotary.zamosc.pl\/wp-content\/uploads\/2023\/07\/Zbigniew-Gumulinski-kolejnym-Prezydentem-w-RC-Zamosc-2023_2024-12-80x60.jpg 80w, https:\/\/rotary.zamosc.pl\/wp-content\/uploads\/2023\/07\/Zbigniew-Gumulinski-kolejnym-Prezydentem-w-RC-Zamosc-2023_2024-12.jpg 2048w\" sizes=\"(max-width: 700px) 100vw, 700px\" \/><\/figure>\n\n\n\n<figure class=\"wp-block-image size-large\"><img loading=\"lazy\" decoding=\"async\" width=\"700\" height=\"1522\" data-id=\"3699\" src=\"https:\/\/rotary.zamosc.pl\/wp-content\/uploads\/2023\/07\/Zbigniew-Gumulinski-kolejnym-Prezydentem-w-RC-Zamosc-2023_2024-13-700x1522.jpg\" alt=\"\" class=\"wp-image-3699\" srcset=\"https:\/\/rotary.zamosc.pl\/wp-content\/uploads\/2023\/07\/Zbigniew-Gumulinski-kolejnym-Prezydentem-w-RC-Zamosc-2023_2024-13-700x1522.jpg 700w, https:\/\/rotary.zamosc.pl\/wp-content\/uploads\/2023\/07\/Zbigniew-Gumulinski-kolejnym-Prezydentem-w-RC-Zamosc-2023_2024-13-138x300.jpg 138w, https:\/\/rotary.zamosc.pl\/wp-content\/uploads\/2023\/07\/Zbigniew-Gumulinski-kolejnym-Prezydentem-w-RC-Zamosc-2023_2024-13-707x1536.jpg 707w, https:\/\/rotary.zamosc.pl\/wp-content\/uploads\/2023\/07\/Zbigniew-Gumulinski-kolejnym-Prezydentem-w-RC-Zamosc-2023_2024-13.jpg 736w\" sizes=\"(max-width: 700px) 100vw, 700px\" \/><\/figure>\n\n\n\n<figure class=\"wp-block-image size-large\"><img loading=\"lazy\" decoding=\"async\" width=\"700\" height=\"691\" data-id=\"3700\" src=\"https:\/\/rotary.zamosc.pl\/wp-content\/uploads\/2023\/07\/Zbigniew-Gumulinski-kolejnym-Prezydentem-w-RC-Zamosc-2023_2024-14-700x691.jpg\" alt=\"\" class=\"wp-image-3700\" srcset=\"https:\/\/rotary.zamosc.pl\/wp-content\/uploads\/2023\/07\/Zbigniew-Gumulinski-kolejnym-Prezydentem-w-RC-Zamosc-2023_2024-14-700x691.jpg 700w, https:\/\/rotary.zamosc.pl\/wp-content\/uploads\/2023\/07\/Zbigniew-Gumulinski-kolejnym-Prezydentem-w-RC-Zamosc-2023_2024-14-300x296.jpg 300w, https:\/\/rotary.zamosc.pl\/wp-content\/uploads\/2023\/07\/Zbigniew-Gumulinski-kolejnym-Prezydentem-w-RC-Zamosc-2023_2024-14-768x758.jpg 768w, https:\/\/rotary.zamosc.pl\/wp-content\/uploads\/2023\/07\/Zbigniew-Gumulinski-kolejnym-Prezydentem-w-RC-Zamosc-2023_2024-14-1536x1517.jpg 1536w, https:\/\/rotary.zamosc.pl\/wp-content\/uploads\/2023\/07\/Zbigniew-Gumulinski-kolejnym-Prezydentem-w-RC-Zamosc-2023_2024-14-800x790.jpg 800w, https:\/\/rotary.zamosc.pl\/wp-content\/uploads\/2023\/07\/Zbigniew-Gumulinski-kolejnym-Prezydentem-w-RC-Zamosc-2023_2024-14.jpg 2048w\" sizes=\"(max-width: 700px) 100vw, 700px\" \/><\/figure>\n\n\n\n<figure class=\"wp-block-image size-large\"><img loading=\"lazy\" decoding=\"async\" width=\"700\" height=\"525\" data-id=\"3701\" src=\"https:\/\/rotary.zamosc.pl\/wp-content\/uploads\/2023\/07\/Zbigniew-Gumulinski-kolejnym-Prezydentem-w-RC-Zamosc-2023_2024-15-700x525.jpg\" alt=\"\" class=\"wp-image-3701\" srcset=\"https:\/\/rotary.zamosc.pl\/wp-content\/uploads\/2023\/07\/Zbigniew-Gumulinski-kolejnym-Prezydentem-w-RC-Zamosc-2023_2024-15-700x525.jpg 700w, https:\/\/rotary.zamosc.pl\/wp-content\/uploads\/2023\/07\/Zbigniew-Gumulinski-kolejnym-Prezydentem-w-RC-Zamosc-2023_2024-15-300x225.jpg 300w, https:\/\/rotary.zamosc.pl\/wp-content\/uploads\/2023\/07\/Zbigniew-Gumulinski-kolejnym-Prezydentem-w-RC-Zamosc-2023_2024-15-768x576.jpg 768w, https:\/\/rotary.zamosc.pl\/wp-content\/uploads\/2023\/07\/Zbigniew-Gumulinski-kolejnym-Prezydentem-w-RC-Zamosc-2023_2024-15-1536x1152.jpg 1536w, https:\/\/rotary.zamosc.pl\/wp-content\/uploads\/2023\/07\/Zbigniew-Gumulinski-kolejnym-Prezydentem-w-RC-Zamosc-2023_2024-15-800x600.jpg 800w, https:\/\/rotary.zamosc.pl\/wp-content\/uploads\/2023\/07\/Zbigniew-Gumulinski-kolejnym-Prezydentem-w-RC-Zamosc-2023_2024-15-80x60.jpg 80w, https:\/\/rotary.zamosc.pl\/wp-content\/uploads\/2023\/07\/Zbigniew-Gumulinski-kolejnym-Prezydentem-w-RC-Zamosc-2023_2024-15.jpg 2048w\" sizes=\"(max-width: 700px) 100vw, 700px\" \/><\/figure>\n\n\n\n<figure class=\"wp-block-image size-large\"><img loading=\"lazy\" decoding=\"async\" width=\"700\" height=\"525\" data-id=\"3692\" src=\"https:\/\/rotary.zamosc.pl\/wp-content\/uploads\/2023\/07\/Zbigniew-Gumulinski-kolejnym-Prezydentem-w-RC-Zamosc-2023_2024-6-700x525.jpg\" alt=\"\" class=\"wp-image-3692\" srcset=\"https:\/\/rotary.zamosc.pl\/wp-content\/uploads\/2023\/07\/Zbigniew-Gumulinski-kolejnym-Prezydentem-w-RC-Zamosc-2023_2024-6-700x525.jpg 700w, https:\/\/rotary.zamosc.pl\/wp-content\/uploads\/2023\/07\/Zbigniew-Gumulinski-kolejnym-Prezydentem-w-RC-Zamosc-2023_2024-6-300x225.jpg 300w, https:\/\/rotary.zamosc.pl\/wp-content\/uploads\/2023\/07\/Zbigniew-Gumulinski-kolejnym-Prezydentem-w-RC-Zamosc-2023_2024-6-768x576.jpg 768w, https:\/\/rotary.zamosc.pl\/wp-content\/uploads\/2023\/07\/Zbigniew-Gumulinski-kolejnym-Prezydentem-w-RC-Zamosc-2023_2024-6-1536x1152.jpg 1536w, https:\/\/rotary.zamosc.pl\/wp-content\/uploads\/2023\/07\/Zbigniew-Gumulinski-kolejnym-Prezydentem-w-RC-Zamosc-2023_2024-6-800x600.jpg 800w, https:\/\/rotary.zamosc.pl\/wp-content\/uploads\/2023\/07\/Zbigniew-Gumulinski-kolejnym-Prezydentem-w-RC-Zamosc-2023_2024-6-80x60.jpg 80w, https:\/\/rotary.zamosc.pl\/wp-content\/uploads\/2023\/07\/Zbigniew-Gumulinski-kolejnym-Prezydentem-w-RC-Zamosc-2023_2024-6.jpg 2048w\" sizes=\"(max-width: 700px) 100vw, 700px\" \/><\/figure>\n\n\n\n<figure class=\"wp-block-image size-large\"><img loading=\"lazy\" decoding=\"async\" width=\"700\" height=\"525\" data-id=\"3691\" src=\"https:\/\/rotary.zamosc.pl\/wp-content\/uploads\/2023\/07\/Zbigniew-Gumulinski-kolejnym-Prezydentem-w-RC-Zamosc-2023_2024-5-700x525.jpg\" alt=\"\" class=\"wp-image-3691\" srcset=\"https:\/\/rotary.zamosc.pl\/wp-content\/uploads\/2023\/07\/Zbigniew-Gumulinski-kolejnym-Prezydentem-w-RC-Zamosc-2023_2024-5-700x525.jpg 700w, https:\/\/rotary.zamosc.pl\/wp-content\/uploads\/2023\/07\/Zbigniew-Gumulinski-kolejnym-Prezydentem-w-RC-Zamosc-2023_2024-5-300x225.jpg 300w, https:\/\/rotary.zamosc.pl\/wp-content\/uploads\/2023\/07\/Zbigniew-Gumulinski-kolejnym-Prezydentem-w-RC-Zamosc-2023_2024-5-768x576.jpg 768w, https:\/\/rotary.zamosc.pl\/wp-content\/uploads\/2023\/07\/Zbigniew-Gumulinski-kolejnym-Prezydentem-w-RC-Zamosc-2023_2024-5-1536x1152.jpg 1536w, https:\/\/rotary.zamosc.pl\/wp-content\/uploads\/2023\/07\/Zbigniew-Gumulinski-kolejnym-Prezydentem-w-RC-Zamosc-2023_2024-5-800x600.jpg 800w, https:\/\/rotary.zamosc.pl\/wp-content\/uploads\/2023\/07\/Zbigniew-Gumulinski-kolejnym-Prezydentem-w-RC-Zamosc-2023_2024-5-80x60.jpg 80w, https:\/\/rotary.zamosc.pl\/wp-content\/uploads\/2023\/07\/Zbigniew-Gumulinski-kolejnym-Prezydentem-w-RC-Zamosc-2023_2024-5.jpg 2048w\" sizes=\"(max-width: 700px) 100vw, 700px\" \/><\/figure>\n\n\n\n<figure class=\"wp-block-image size-large\"><img loading=\"lazy\" decoding=\"async\" width=\"700\" height=\"525\" data-id=\"3690\" src=\"https:\/\/rotary.zamosc.pl\/wp-content\/uploads\/2023\/07\/Zbigniew-Gumulinski-kolejnym-Prezydentem-w-RC-Zamosc-2023_2024-4-700x525.jpg\" alt=\"\" class=\"wp-image-3690\" srcset=\"https:\/\/rotary.zamosc.pl\/wp-content\/uploads\/2023\/07\/Zbigniew-Gumulinski-kolejnym-Prezydentem-w-RC-Zamosc-2023_2024-4-700x525.jpg 700w, https:\/\/rotary.zamosc.pl\/wp-content\/uploads\/2023\/07\/Zbigniew-Gumulinski-kolejnym-Prezydentem-w-RC-Zamosc-2023_2024-4-300x225.jpg 300w, https:\/\/rotary.zamosc.pl\/wp-content\/uploads\/2023\/07\/Zbigniew-Gumulinski-kolejnym-Prezydentem-w-RC-Zamosc-2023_2024-4-768x576.jpg 768w, https:\/\/rotary.zamosc.pl\/wp-content\/uploads\/2023\/07\/Zbigniew-Gumulinski-kolejnym-Prezydentem-w-RC-Zamosc-2023_2024-4-1536x1152.jpg 1536w, https:\/\/rotary.zamosc.pl\/wp-content\/uploads\/2023\/07\/Zbigniew-Gumulinski-kolejnym-Prezydentem-w-RC-Zamosc-2023_2024-4-800x600.jpg 800w, https:\/\/rotary.zamosc.pl\/wp-content\/uploads\/2023\/07\/Zbigniew-Gumulinski-kolejnym-Prezydentem-w-RC-Zamosc-2023_2024-4-80x60.jpg 80w, https:\/\/rotary.zamosc.pl\/wp-content\/uploads\/2023\/07\/Zbigniew-Gumulinski-kolejnym-Prezydentem-w-RC-Zamosc-2023_2024-4.jpg 2048w\" sizes=\"(max-width: 700px) 100vw, 700px\" \/><\/figure>\n\n\n\n<figure class=\"wp-block-image size-large\"><img loading=\"lazy\" decoding=\"async\" width=\"700\" height=\"525\" data-id=\"3688\" src=\"https:\/\/rotary.zamosc.pl\/wp-content\/uploads\/2023\/07\/Zbigniew-Gumulinski-kolejnym-Prezydentem-w-RC-Zamosc-2023_2024-2-700x525.jpg\" alt=\"\" class=\"wp-image-3688\" srcset=\"https:\/\/rotary.zamosc.pl\/wp-content\/uploads\/2023\/07\/Zbigniew-Gumulinski-kolejnym-Prezydentem-w-RC-Zamosc-2023_2024-2-700x525.jpg 700w, https:\/\/rotary.zamosc.pl\/wp-content\/uploads\/2023\/07\/Zbigniew-Gumulinski-kolejnym-Prezydentem-w-RC-Zamosc-2023_2024-2-300x225.jpg 300w, https:\/\/rotary.zamosc.pl\/wp-content\/uploads\/2023\/07\/Zbigniew-Gumulinski-kolejnym-Prezydentem-w-RC-Zamosc-2023_2024-2-768x576.jpg 768w, https:\/\/rotary.zamosc.pl\/wp-content\/uploads\/2023\/07\/Zbigniew-Gumulinski-kolejnym-Prezydentem-w-RC-Zamosc-2023_2024-2-1536x1152.jpg 1536w, https:\/\/rotary.zamosc.pl\/wp-content\/uploads\/2023\/07\/Zbigniew-Gumulinski-kolejnym-Prezydentem-w-RC-Zamosc-2023_2024-2-800x600.jpg 800w, https:\/\/rotary.zamosc.pl\/wp-content\/uploads\/2023\/07\/Zbigniew-Gumulinski-kolejnym-Prezydentem-w-RC-Zamosc-2023_2024-2-80x60.jpg 80w, https:\/\/rotary.zamosc.pl\/wp-content\/uploads\/2023\/07\/Zbigniew-Gumulinski-kolejnym-Prezydentem-w-RC-Zamosc-2023_2024-2.jpg 2048w\" sizes=\"(max-width: 700px) 100vw, 700px\" \/><\/figure>\n\n\n\n<figure class=\"wp-block-image size-large\"><img loading=\"lazy\" decoding=\"async\" width=\"700\" height=\"525\" data-id=\"3687\" src=\"https:\/\/rotary.zamosc.pl\/wp-content\/uploads\/2023\/07\/Zbigniew-Gumulinski-kolejnym-Prezydentem-w-RC-Zamosc-2023_2024-1-700x525.jpg\" alt=\"\" class=\"wp-image-3687\" srcset=\"https:\/\/rotary.zamosc.pl\/wp-content\/uploads\/2023\/07\/Zbigniew-Gumulinski-kolejnym-Prezydentem-w-RC-Zamosc-2023_2024-1-700x525.jpg 700w, https:\/\/rotary.zamosc.pl\/wp-content\/uploads\/2023\/07\/Zbigniew-Gumulinski-kolejnym-Prezydentem-w-RC-Zamosc-2023_2024-1-300x225.jpg 300w, https:\/\/rotary.zamosc.pl\/wp-content\/uploads\/2023\/07\/Zbigniew-Gumulinski-kolejnym-Prezydentem-w-RC-Zamosc-2023_2024-1-768x576.jpg 768w, https:\/\/rotary.zamosc.pl\/wp-content\/uploads\/2023\/07\/Zbigniew-Gumulinski-kolejnym-Prezydentem-w-RC-Zamosc-2023_2024-1-1536x1152.jpg 1536w, https:\/\/rotary.zamosc.pl\/wp-content\/uploads\/2023\/07\/Zbigniew-Gumulinski-kolejnym-Prezydentem-w-RC-Zamosc-2023_2024-1-800x600.jpg 800w, https:\/\/rotary.zamosc.pl\/wp-content\/uploads\/2023\/07\/Zbigniew-Gumulinski-kolejnym-Prezydentem-w-RC-Zamosc-2023_2024-1-80x60.jpg 80w, https:\/\/rotary.zamosc.pl\/wp-content\/uploads\/2023\/07\/Zbigniew-Gumulinski-kolejnym-Prezydentem-w-RC-Zamosc-2023_2024-1.jpg 2048w\" sizes=\"(max-width: 700px) 100vw, 700px\" \/><\/figure>\n<\/figure>\n","protected":false},"excerpt":{"rendered":"<p>30 czerwca w restauracji Luneta w Zamo\u015bciu odby\u0142o si\u0119 uroczyste przekazanie s\u0142u\u017cby rotaria\u0144skiej. Spotkanie otworzy\u0142a ust\u0119puj\u0105ca Prezydent RC Zamo\u015b\u0107 El\u017cbieta Szyma\u0144ska, kt\u00f3ra powita\u0142a wszystkich cz\u0142onk\u00f3w klubu i go\u015bci, po czym podsumowa\u0142a swoj\u0105 kadencj\u0119, prezentuj\u0105c fotografie dokumentuj\u0105ce dzia\u0142alno\u015b\u0107 klubu. A by\u0142y to liczne dzia\u0142ania humanitarne zwi\u0105zane z wojn\u0105 w Ukrainie, proekologiczne, prospo\u0142eczne, kulturalne. Zrobi\u0142o to ogromne&#8230;<\/p>\n","protected":false},"author":1,"featured_media":3689,"comment_status":"open","ping_status":"open","sticky":false,"template":"","format":"standard","meta":{"footnotes":""},"categories":[11,21],"tags":[],"class_list":["post-6496","post","type-post","status-publish","format-standard","has-post-thumbnail","hentry","category-11","category-przekazania-wladzy"],"rttpg_featured_image_url":{"full":["https:\/\/rotary.zamosc.pl\/wp-content\/uploads\/2023\/07\/Zbigniew-Gumulinski-kolejnym-Prezydentem-w-RC-Zamosc-2023_2024-3.jpg",2048,1536,false],"landscape":["https:\/\/rotary.zamosc.pl\/wp-content\/uploads\/2023\/07\/Zbigniew-Gumulinski-kolejnym-Prezydentem-w-RC-Zamosc-2023_2024-3.jpg",2048,1536,false],"portraits":["https:\/\/rotary.zamosc.pl\/wp-content\/uploads\/2023\/07\/Zbigniew-Gumulinski-kolejnym-Prezydentem-w-RC-Zamosc-2023_2024-3.jpg",2048,1536,false],"thumbnail":["https:\/\/rotary.zamosc.pl\/wp-content\/uploads\/2023\/07\/Zbigniew-Gumulinski-kolejnym-Prezydentem-w-RC-Zamosc-2023_2024-3-150x150.jpg",150,150,true],"medium":["https:\/\/rotary.zamosc.pl\/wp-content\/uploads\/2023\/07\/Zbigniew-Gumulinski-kolejnym-Prezydentem-w-RC-Zamosc-2023_2024-3-300x225.jpg",300,225,true],"large":["https:\/\/rotary.zamosc.pl\/wp-content\/uploads\/2023\/07\/Zbigniew-Gumulinski-kolejnym-Prezydentem-w-RC-Zamosc-2023_2024-3-700x525.jpg",700,525,true],"1536x1536":["https:\/\/rotary.zamosc.pl\/wp-content\/uploads\/2023\/07\/Zbigniew-Gumulinski-kolejnym-Prezydentem-w-RC-Zamosc-2023_2024-3-1536x1152.jpg",1536,1152,true],"2048x2048":["https:\/\/rotary.zamosc.pl\/wp-content\/uploads\/2023\/07\/Zbigniew-Gumulinski-kolejnym-Prezydentem-w-RC-Zamosc-2023_2024-3.jpg",2048,1536,false],"post-thumbnail":["https:\/\/rotary.zamosc.pl\/wp-content\/uploads\/2023\/07\/Zbigniew-Gumulinski-kolejnym-Prezydentem-w-RC-Zamosc-2023_2024-3-800x600.jpg",800,600,true],"graphy-post-thumbnail-large":["https:\/\/rotary.zamosc.pl\/wp-content\/uploads\/2023\/07\/Zbigniew-Gumulinski-kolejnym-Prezydentem-w-RC-Zamosc-2023_2024-3-1080x600.jpg",1080,600,true],"graphy-post-thumbnail-medium":["https:\/\/rotary.zamosc.pl\/wp-content\/uploads\/2023\/07\/Zbigniew-Gumulinski-kolejnym-Prezydentem-w-RC-Zamosc-2023_2024-3-482x300.jpg",482,300,true],"graphy-post-thumbnail-small":["https:\/\/rotary.zamosc.pl\/wp-content\/uploads\/2023\/07\/Zbigniew-Gumulinski-kolejnym-Prezydentem-w-RC-Zamosc-2023_2024-3-80x60.jpg",80,60,true],"graphy-page-thumbnail":["https:\/\/rotary.zamosc.pl\/wp-content\/uploads\/2023\/07\/Zbigniew-Gumulinski-kolejnym-Prezydentem-w-RC-Zamosc-2023_2024-3-1260x350.jpg",1260,350,true],"sow-carousel-default":["https:\/\/rotary.zamosc.pl\/wp-content\/uploads\/2023\/07\/Zbigniew-Gumulinski-kolejnym-Prezydentem-w-RC-Zamosc-2023_2024-3-272x182.jpg",272,182,true]},"rttpg_author":{"display_name":"rotaryzamosc","author_link":"https:\/\/rotary.zamosc.pl\/index.php\/author\/rotaryzamosc\/"},"rttpg_comment":0,"rttpg_category":"<a href=\"https:\/\/rotary.zamosc.pl\/index.php\/category\/2023\/\" rel=\"category tag\">2023<\/a> <a href=\"https:\/\/rotary.zamosc.pl\/index.php\/category\/przekazania-wladzy\/\" rel=\"category tag\">Przekazania w\u0142adzy<\/a>","rttpg_excerpt":"30 czerwca w restauracji Luneta w Zamo\u015bciu odby\u0142o si\u0119 uroczyste przekazanie s\u0142u\u017cby rotaria\u0144skiej. Spotkanie otworzy\u0142a ust\u0119puj\u0105ca Prezydent RC Zamo\u015b\u0107 El\u017cbieta Szyma\u0144ska, kt\u00f3ra powita\u0142a wszystkich cz\u0142onk\u00f3w klubu i go\u015bci, po czym podsumowa\u0142a swoj\u0105 kadencj\u0119, prezentuj\u0105c fotografie dokumentuj\u0105ce dzia\u0142alno\u015b\u0107 klubu. A by\u0142y to liczne dzia\u0142ania humanitarne zwi\u0105zane z wojn\u0105 w Ukrainie, proekologiczne, prospo\u0142eczne, kulturalne. Zrobi\u0142o to ogromne...","_links":{"self":[{"href":"https:\/\/rotary.zamosc.pl\/index.php\/wp-json\/wp\/v2\/posts\/6496","targetHints":{"allow":["GET"]}}],"collection":[{"href":"https:\/\/rotary.zamosc.pl\/index.php\/wp-json\/wp\/v2\/posts"}],"about":[{"href":"https:\/\/rotary.zamosc.pl\/index.php\/wp-json\/wp\/v2\/types\/post"}],"author":[{"embeddable":true,"href":"https:\/\/rotary.zamosc.pl\/index.php\/wp-json\/wp\/v2\/users\/1"}],"replies":[{"embeddable":true,"href":"https:\/\/rotary.zamosc.pl\/index.php\/wp-json\/wp\/v2\/comments?post=6496"}],"version-history":[{"count":1,"href":"https:\/\/rotary.zamosc.pl\/index.php\/wp-json\/wp\/v2\/posts\/6496\/revisions"}],"predecessor-version":[{"id":6497,"href":"https:\/\/rotary.zamosc.pl\/index.php\/wp-json\/wp\/v2\/posts\/6496\/revisions\/6497"}],"wp:featuredmedia":[{"embeddable":true,"href":"https:\/\/rotary.zamosc.pl\/index.php\/wp-json\/wp\/v2\/media\/3689"}],"wp:attachment":[{"href":"https:\/\/rotary.zamosc.pl\/index.php\/wp-json\/wp\/v2\/media?parent=6496"}],"wp:term":[{"taxonomy":"category","embeddable":true,"href":"https:\/\/rotary.zamosc.pl\/index.php\/wp-json\/wp\/v2\/categories?post=6496"},{"taxonomy":"post_tag","embeddable":true,"href":"https:\/\/rotary.zamosc.pl\/index.php\/wp-json\/wp\/v2\/tags?post=6496"}],"curies":[{"name":"wp","href":"https:\/\/api.w.org\/{rel}","templated":true}]}}