{"id":6498,"date":"2023-06-23T09:41:00","date_gmt":"2023-06-23T07:41:00","guid":{"rendered":"https:\/\/rotary.zamosc.pl\/?p=6498"},"modified":"2026-03-20T11:39:32","modified_gmt":"2026-03-20T10:39:32","slug":"nagroda-im-jana-bulewicza-przyznana-2","status":"publish","type":"post","link":"https:\/\/rotary.zamosc.pl\/index.php\/2023\/06\/23\/nagroda-im-jana-bulewicza-przyznana-2\/","title":{"rendered":"Stypendium im. Jana Bulewicza przyznane"},"content":{"rendered":"\n<p class=\"wp-block-paragraph\">Rotary Club Zamo\u015b\u0107 ufundowa\u0142 po raz kolejny nagrod\u0119 im. zamojskiego rze\u017abiarza i kamieniarza Jana Bulewicza.<\/p>\n\n\n\n<p class=\"wp-block-paragraph\">Wr\u0119czenie nagrody odby\u0142o si\u0119 23 czerwca w siedzibie Pa\u0144stwowego Liceum Szk\u00f3\u0142 Plastycznych w Zamo\u015bciu, a otrzyma\u0142a j\u0105 uzdolniona uczennica PLSP Roksana Braszko.<\/p>\n\n\n\n<p class=\"wp-block-paragraph\">W imieniu spo\u0142eczno\u015bci szkolnej przywita\u0142a wszystkich dyrektor PLSP, Marzena Tadeusz, kt\u00f3ra pogratulowa\u0142a laureatce nagrody.<\/p>\n\n\n\n<p class=\"wp-block-paragraph\">Mi\u0142o nam by\u0142o go\u015bci\u0107 syna Jana Bulewicza, \u0141ukasza, kt\u00f3ry wsp\u00f3lnie z rotarianami wr\u0119cza\u0142 nagrod\u0119.<\/p>\n\n\n\n<p class=\"wp-block-paragraph\">Club Rotary Zamo\u015b\u0107 reprezentowali: vice prezydent Janusz Nowosad, Katarzyna Manachiewicz, Zbigniew Gumuli\u0144ski i Henryk Gajewski.<\/p>\n\n\n\n<p class=\"wp-block-paragraph\">Gratulujemy nagrody i \u017cyczymy dalszych sukces\u00f3w artystycznych!<\/p>\n\n\n\n<figure class=\"wp-block-gallery has-nested-images columns-1 is-cropped wp-block-gallery-1 is-layout-flex wp-block-gallery-is-layout-flex\">\n<figure class=\"wp-block-image size-large\"><img fetchpriority=\"high\" decoding=\"async\" width=\"700\" height=\"525\" data-id=\"4662\" src=\"https:\/\/rotary.zamosc.pl\/wp-content\/uploads\/2024\/07\/Nagroda-im.-Jana-Bulewicza-przyznana-3-700x525.jpg\" alt=\"\" class=\"wp-image-4662\" srcset=\"https:\/\/rotary.zamosc.pl\/wp-content\/uploads\/2024\/07\/Nagroda-im.-Jana-Bulewicza-przyznana-3-700x525.jpg 700w, https:\/\/rotary.zamosc.pl\/wp-content\/uploads\/2024\/07\/Nagroda-im.-Jana-Bulewicza-przyznana-3-300x225.jpg 300w, https:\/\/rotary.zamosc.pl\/wp-content\/uploads\/2024\/07\/Nagroda-im.-Jana-Bulewicza-przyznana-3-768x576.jpg 768w, https:\/\/rotary.zamosc.pl\/wp-content\/uploads\/2024\/07\/Nagroda-im.-Jana-Bulewicza-przyznana-3-1536x1152.jpg 1536w, https:\/\/rotary.zamosc.pl\/wp-content\/uploads\/2024\/07\/Nagroda-im.-Jana-Bulewicza-przyznana-3-800x600.jpg 800w, https:\/\/rotary.zamosc.pl\/wp-content\/uploads\/2024\/07\/Nagroda-im.-Jana-Bulewicza-przyznana-3-80x60.jpg 80w, https:\/\/rotary.zamosc.pl\/wp-content\/uploads\/2024\/07\/Nagroda-im.-Jana-Bulewicza-przyznana-3.jpg 2048w\" sizes=\"(max-width: 700px) 100vw, 700px\" \/><\/figure>\n\n\n\n<figure class=\"wp-block-image size-large\"><img decoding=\"async\" width=\"700\" height=\"933\" data-id=\"4661\" src=\"https:\/\/rotary.zamosc.pl\/wp-content\/uploads\/2024\/07\/Nagroda-im.-Jana-Bulewicza-przyznana-2-700x933.jpg\" alt=\"\" class=\"wp-image-4661\" srcset=\"https:\/\/rotary.zamosc.pl\/wp-content\/uploads\/2024\/07\/Nagroda-im.-Jana-Bulewicza-przyznana-2-700x933.jpg 700w, https:\/\/rotary.zamosc.pl\/wp-content\/uploads\/2024\/07\/Nagroda-im.-Jana-Bulewicza-przyznana-2-225x300.jpg 225w, https:\/\/rotary.zamosc.pl\/wp-content\/uploads\/2024\/07\/Nagroda-im.-Jana-Bulewicza-przyznana-2-768x1024.jpg 768w, https:\/\/rotary.zamosc.pl\/wp-content\/uploads\/2024\/07\/Nagroda-im.-Jana-Bulewicza-przyznana-2-1152x1536.jpg 1152w, https:\/\/rotary.zamosc.pl\/wp-content\/uploads\/2024\/07\/Nagroda-im.-Jana-Bulewicza-przyznana-2-800x1067.jpg 800w, https:\/\/rotary.zamosc.pl\/wp-content\/uploads\/2024\/07\/Nagroda-im.-Jana-Bulewicza-przyznana-2.jpg 1536w\" sizes=\"(max-width: 700px) 100vw, 700px\" \/><\/figure>\n\n\n\n<figure class=\"wp-block-image size-large\"><img decoding=\"async\" width=\"700\" height=\"525\" data-id=\"4660\" src=\"https:\/\/rotary.zamosc.pl\/wp-content\/uploads\/2024\/07\/Nagroda-im.-Jana-Bulewicza-przyznana-1-700x525.jpg\" alt=\"\" class=\"wp-image-4660\" srcset=\"https:\/\/rotary.zamosc.pl\/wp-content\/uploads\/2024\/07\/Nagroda-im.-Jana-Bulewicza-przyznana-1-700x525.jpg 700w, https:\/\/rotary.zamosc.pl\/wp-content\/uploads\/2024\/07\/Nagroda-im.-Jana-Bulewicza-przyznana-1-300x225.jpg 300w, https:\/\/rotary.zamosc.pl\/wp-content\/uploads\/2024\/07\/Nagroda-im.-Jana-Bulewicza-przyznana-1-768x576.jpg 768w, https:\/\/rotary.zamosc.pl\/wp-content\/uploads\/2024\/07\/Nagroda-im.-Jana-Bulewicza-przyznana-1-1536x1152.jpg 1536w, https:\/\/rotary.zamosc.pl\/wp-content\/uploads\/2024\/07\/Nagroda-im.-Jana-Bulewicza-przyznana-1-800x600.jpg 800w, https:\/\/rotary.zamosc.pl\/wp-content\/uploads\/2024\/07\/Nagroda-im.-Jana-Bulewicza-przyznana-1-80x60.jpg 80w, https:\/\/rotary.zamosc.pl\/wp-content\/uploads\/2024\/07\/Nagroda-im.-Jana-Bulewicza-przyznana-1.jpg 2048w\" sizes=\"(max-width: 700px) 100vw, 700px\" \/><\/figure>\n\n\n\n<figure class=\"wp-block-image size-large\"><img loading=\"lazy\" decoding=\"async\" width=\"700\" height=\"525\" data-id=\"3679\" src=\"https:\/\/rotary.zamosc.pl\/wp-content\/uploads\/2023\/06\/Nagroda-im.-Jana-Bulewicza-przyznana-4-700x525.jpg\" alt=\"\" class=\"wp-image-3679\" srcset=\"https:\/\/rotary.zamosc.pl\/wp-content\/uploads\/2023\/06\/Nagroda-im.-Jana-Bulewicza-przyznana-4-700x525.jpg 700w, https:\/\/rotary.zamosc.pl\/wp-content\/uploads\/2023\/06\/Nagroda-im.-Jana-Bulewicza-przyznana-4-300x225.jpg 300w, https:\/\/rotary.zamosc.pl\/wp-content\/uploads\/2023\/06\/Nagroda-im.-Jana-Bulewicza-przyznana-4-768x576.jpg 768w, https:\/\/rotary.zamosc.pl\/wp-content\/uploads\/2023\/06\/Nagroda-im.-Jana-Bulewicza-przyznana-4-1536x1152.jpg 1536w, https:\/\/rotary.zamosc.pl\/wp-content\/uploads\/2023\/06\/Nagroda-im.-Jana-Bulewicza-przyznana-4-800x600.jpg 800w, https:\/\/rotary.zamosc.pl\/wp-content\/uploads\/2023\/06\/Nagroda-im.-Jana-Bulewicza-przyznana-4-80x60.jpg 80w, https:\/\/rotary.zamosc.pl\/wp-content\/uploads\/2023\/06\/Nagroda-im.-Jana-Bulewicza-przyznana-4.jpg 1600w\" sizes=\"(max-width: 700px) 100vw, 700px\" \/><\/figure>\n\n\n\n<figure class=\"wp-block-image size-large\"><img loading=\"lazy\" decoding=\"async\" width=\"700\" height=\"525\" data-id=\"3676\" src=\"https:\/\/rotary.zamosc.pl\/wp-content\/uploads\/2023\/06\/Nagroda-im.-Jana-Bulewicza-przyznana-1-700x525.jpg\" alt=\"\" class=\"wp-image-3676\" srcset=\"https:\/\/rotary.zamosc.pl\/wp-content\/uploads\/2023\/06\/Nagroda-im.-Jana-Bulewicza-przyznana-1-700x525.jpg 700w, https:\/\/rotary.zamosc.pl\/wp-content\/uploads\/2023\/06\/Nagroda-im.-Jana-Bulewicza-przyznana-1-300x225.jpg 300w, https:\/\/rotary.zamosc.pl\/wp-content\/uploads\/2023\/06\/Nagroda-im.-Jana-Bulewicza-przyznana-1-768x576.jpg 768w, https:\/\/rotary.zamosc.pl\/wp-content\/uploads\/2023\/06\/Nagroda-im.-Jana-Bulewicza-przyznana-1-1536x1152.jpg 1536w, https:\/\/rotary.zamosc.pl\/wp-content\/uploads\/2023\/06\/Nagroda-im.-Jana-Bulewicza-przyznana-1-800x600.jpg 800w, https:\/\/rotary.zamosc.pl\/wp-content\/uploads\/2023\/06\/Nagroda-im.-Jana-Bulewicza-przyznana-1-80x60.jpg 80w, https:\/\/rotary.zamosc.pl\/wp-content\/uploads\/2023\/06\/Nagroda-im.-Jana-Bulewicza-przyznana-1.jpg 1600w\" sizes=\"(max-width: 700px) 100vw, 700px\" \/><\/figure>\n\n\n\n<figure class=\"wp-block-image size-large\"><img loading=\"lazy\" decoding=\"async\" width=\"700\" height=\"525\" data-id=\"3678\" src=\"https:\/\/rotary.zamosc.pl\/wp-content\/uploads\/2023\/06\/Nagroda-im.-Jana-Bulewicza-przyznana-3-700x525.jpg\" alt=\"\" class=\"wp-image-3678\" srcset=\"https:\/\/rotary.zamosc.pl\/wp-content\/uploads\/2023\/06\/Nagroda-im.-Jana-Bulewicza-przyznana-3-700x525.jpg 700w, https:\/\/rotary.zamosc.pl\/wp-content\/uploads\/2023\/06\/Nagroda-im.-Jana-Bulewicza-przyznana-3-300x225.jpg 300w, https:\/\/rotary.zamosc.pl\/wp-content\/uploads\/2023\/06\/Nagroda-im.-Jana-Bulewicza-przyznana-3-768x576.jpg 768w, https:\/\/rotary.zamosc.pl\/wp-content\/uploads\/2023\/06\/Nagroda-im.-Jana-Bulewicza-przyznana-3-1536x1152.jpg 1536w, https:\/\/rotary.zamosc.pl\/wp-content\/uploads\/2023\/06\/Nagroda-im.-Jana-Bulewicza-przyznana-3-800x600.jpg 800w, https:\/\/rotary.zamosc.pl\/wp-content\/uploads\/2023\/06\/Nagroda-im.-Jana-Bulewicza-przyznana-3-80x60.jpg 80w, https:\/\/rotary.zamosc.pl\/wp-content\/uploads\/2023\/06\/Nagroda-im.-Jana-Bulewicza-przyznana-3.jpg 1600w\" sizes=\"(max-width: 700px) 100vw, 700px\" \/><\/figure>\n<\/figure>\n","protected":false},"excerpt":{"rendered":"<p>Rotary Club Zamo\u015b\u0107 ufundowa\u0142 po raz kolejny nagrod\u0119 im. zamojskiego rze\u017abiarza i kamieniarza Jana Bulewicza. Wr\u0119czenie nagrody odby\u0142o si\u0119 23 czerwca w siedzibie Pa\u0144stwowego Liceum Szk\u00f3\u0142 Plastycznych w Zamo\u015bciu, a otrzyma\u0142a j\u0105 uzdolniona uczennica PLSP Roksana Braszko. W imieniu spo\u0142eczno\u015bci szkolnej przywita\u0142a wszystkich dyrektor PLSP, Marzena Tadeusz, kt\u00f3ra pogratulowa\u0142a laureatce nagrody. Mi\u0142o nam by\u0142o go\u015bci\u0107&#8230;<\/p>\n","protected":false},"author":1,"featured_media":3677,"comment_status":"open","ping_status":"open","sticky":false,"template":"","format":"standard","meta":{"footnotes":""},"categories":[11,17],"tags":[],"class_list":["post-6498","post","type-post","status-publish","format-standard","has-post-thumbnail","hentry","category-11","category-stypendia"],"rttpg_featured_image_url":{"full":["https:\/\/rotary.zamosc.pl\/wp-content\/uploads\/2023\/06\/Nagroda-im.-Jana-Bulewicza-przyznana-2.jpg",1600,1200,false],"landscape":["https:\/\/rotary.zamosc.pl\/wp-content\/uploads\/2023\/06\/Nagroda-im.-Jana-Bulewicza-przyznana-2.jpg",1600,1200,false],"portraits":["https:\/\/rotary.zamosc.pl\/wp-content\/uploads\/2023\/06\/Nagroda-im.-Jana-Bulewicza-przyznana-2.jpg",1600,1200,false],"thumbnail":["https:\/\/rotary.zamosc.pl\/wp-content\/uploads\/2023\/06\/Nagroda-im.-Jana-Bulewicza-przyznana-2-150x150.jpg",150,150,true],"medium":["https:\/\/rotary.zamosc.pl\/wp-content\/uploads\/2023\/06\/Nagroda-im.-Jana-Bulewicza-przyznana-2-300x225.jpg",300,225,true],"large":["https:\/\/rotary.zamosc.pl\/wp-content\/uploads\/2023\/06\/Nagroda-im.-Jana-Bulewicza-przyznana-2-700x525.jpg",700,525,true],"1536x1536":["https:\/\/rotary.zamosc.pl\/wp-content\/uploads\/2023\/06\/Nagroda-im.-Jana-Bulewicza-przyznana-2-1536x1152.jpg",1536,1152,true],"2048x2048":["https:\/\/rotary.zamosc.pl\/wp-content\/uploads\/2023\/06\/Nagroda-im.-Jana-Bulewicza-przyznana-2.jpg",1600,1200,false],"post-thumbnail":["https:\/\/rotary.zamosc.pl\/wp-content\/uploads\/2023\/06\/Nagroda-im.-Jana-Bulewicza-przyznana-2-800x600.jpg",800,600,true],"graphy-post-thumbnail-large":["https:\/\/rotary.zamosc.pl\/wp-content\/uploads\/2023\/06\/Nagroda-im.-Jana-Bulewicza-przyznana-2-1080x600.jpg",1080,600,true],"graphy-post-thumbnail-medium":["https:\/\/rotary.zamosc.pl\/wp-content\/uploads\/2023\/06\/Nagroda-im.-Jana-Bulewicza-przyznana-2-482x300.jpg",482,300,true],"graphy-post-thumbnail-small":["https:\/\/rotary.zamosc.pl\/wp-content\/uploads\/2023\/06\/Nagroda-im.-Jana-Bulewicza-przyznana-2-80x60.jpg",80,60,true],"graphy-page-thumbnail":["https:\/\/rotary.zamosc.pl\/wp-content\/uploads\/2023\/06\/Nagroda-im.-Jana-Bulewicza-przyznana-2-1260x350.jpg",1260,350,true],"sow-carousel-default":["https:\/\/rotary.zamosc.pl\/wp-content\/uploads\/2023\/06\/Nagroda-im.-Jana-Bulewicza-przyznana-2-272x182.jpg",272,182,true]},"rttpg_author":{"display_name":"rotaryzamosc","author_link":"https:\/\/rotary.zamosc.pl\/index.php\/author\/rotaryzamosc\/"},"rttpg_comment":0,"rttpg_category":"<a href=\"https:\/\/rotary.zamosc.pl\/index.php\/category\/2023\/\" rel=\"category tag\">2023<\/a> <a href=\"https:\/\/rotary.zamosc.pl\/index.php\/category\/stypendia\/\" rel=\"category tag\">Stypendia<\/a>","rttpg_excerpt":"Rotary Club Zamo\u015b\u0107 ufundowa\u0142 po raz kolejny nagrod\u0119 im. zamojskiego rze\u017abiarza i kamieniarza Jana Bulewicza. Wr\u0119czenie nagrody odby\u0142o si\u0119 23 czerwca w siedzibie Pa\u0144stwowego Liceum Szk\u00f3\u0142 Plastycznych w Zamo\u015bciu, a otrzyma\u0142a j\u0105 uzdolniona uczennica PLSP Roksana Braszko. W imieniu spo\u0142eczno\u015bci szkolnej przywita\u0142a wszystkich dyrektor PLSP, Marzena Tadeusz, kt\u00f3ra pogratulowa\u0142a laureatce nagrody. Mi\u0142o nam by\u0142o go\u015bci\u0107...","_links":{"self":[{"href":"https:\/\/rotary.zamosc.pl\/index.php\/wp-json\/wp\/v2\/posts\/6498","targetHints":{"allow":["GET"]}}],"collection":[{"href":"https:\/\/rotary.zamosc.pl\/index.php\/wp-json\/wp\/v2\/posts"}],"about":[{"href":"https:\/\/rotary.zamosc.pl\/index.php\/wp-json\/wp\/v2\/types\/post"}],"author":[{"embeddable":true,"href":"https:\/\/rotary.zamosc.pl\/index.php\/wp-json\/wp\/v2\/users\/1"}],"replies":[{"embeddable":true,"href":"https:\/\/rotary.zamosc.pl\/index.php\/wp-json\/wp\/v2\/comments?post=6498"}],"version-history":[{"count":2,"href":"https:\/\/rotary.zamosc.pl\/index.php\/wp-json\/wp\/v2\/posts\/6498\/revisions"}],"predecessor-version":[{"id":6787,"href":"https:\/\/rotary.zamosc.pl\/index.php\/wp-json\/wp\/v2\/posts\/6498\/revisions\/6787"}],"wp:featuredmedia":[{"embeddable":true,"href":"https:\/\/rotary.zamosc.pl\/index.php\/wp-json\/wp\/v2\/media\/3677"}],"wp:attachment":[{"href":"https:\/\/rotary.zamosc.pl\/index.php\/wp-json\/wp\/v2\/media?parent=6498"}],"wp:term":[{"taxonomy":"category","embeddable":true,"href":"https:\/\/rotary.zamosc.pl\/index.php\/wp-json\/wp\/v2\/categories?post=6498"},{"taxonomy":"post_tag","embeddable":true,"href":"https:\/\/rotary.zamosc.pl\/index.php\/wp-json\/wp\/v2\/tags?post=6498"}],"curies":[{"name":"wp","href":"https:\/\/api.w.org\/{rel}","templated":true}]}}