{"id":6502,"date":"2023-06-12T09:45:00","date_gmt":"2023-06-12T07:45:00","guid":{"rendered":"https:\/\/rotary.zamosc.pl\/?p=6502"},"modified":"2026-03-17T09:45:56","modified_gmt":"2026-03-17T08:45:56","slug":"sekretarz-generalny-rotary-international-z-wizyta-w-zamosciu","status":"publish","type":"post","link":"https:\/\/rotary.zamosc.pl\/index.php\/2023\/06\/12\/sekretarz-generalny-rotary-international-z-wizyta-w-zamosciu\/","title":{"rendered":"Sekretarz Generalny Rotary International z wizyt\u0105 w Zamo\u015bciu"},"content":{"rendered":"\n<p class=\"wp-block-paragraph\">12 czerwca w Zamo\u015bciu odby\u0142o si\u0119 spotkanie rotarian z RC Zamo\u015b\u0107 Ordynacki i RC Zamo\u015b\u0107 z, wracaj\u0105cym z Ukrainy, Sekretarzem Generalnym RI, Johnem Hewko.<\/p>\n\n\n\n<p class=\"wp-block-paragraph\">W swoim wyst\u0105pieniu g\u0142\u00f3wny nacisk po\u0142o\u017cy\u0142 na podkre\u015blenie wagi pokoju na \u015bwiecie, przyja\u017ani, dzia\u0142alno\u015bci charytatywnej oraz pomocy ofiarom wojny i wszelkich katastrof humanitarnych, jak\u0105 nios\u0105 rotarianie.<\/p>\n\n\n\n<p class=\"wp-block-paragraph\">John Hewko podzi\u0119kowa\u0142 zamojskim rotarianom za pomoc, jakiej obydwa kluby udzieli\u0142y i w dalszym ci\u0105gu udzielaj\u0105 r\u00f3\u017cnym spo\u0142eczno\u015bciom w ogarni\u0119tej wojn\u0105 Ukrainie zawo\u017c\u0105c osobi\u015bcie ogromne ilo\u015bci dar\u00f3w zar\u00f3wno z zasob\u00f3w w\u0142asnych, jak i powierzonych przez inne kluby Rotary w Polsce, Europie czy USA.<\/p>\n","protected":false},"excerpt":{"rendered":"<p>12 czerwca w Zamo\u015bciu odby\u0142o si\u0119 spotkanie rotarian z RC Zamo\u015b\u0107 Ordynacki i RC Zamo\u015b\u0107 z, wracaj\u0105cym z Ukrainy, Sekretarzem Generalnym RI, Johnem Hewko. W swoim wyst\u0105pieniu g\u0142\u00f3wny nacisk po\u0142o\u017cy\u0142 na podkre\u015blenie wagi pokoju na \u015bwiecie, przyja\u017ani, dzia\u0142alno\u015bci charytatywnej oraz pomocy ofiarom wojny i wszelkich katastrof humanitarnych, jak\u0105 nios\u0105 rotarianie. John Hewko podzi\u0119kowa\u0142 zamojskim rotarianom&#8230;<\/p>\n","protected":false},"author":1,"featured_media":3662,"comment_status":"open","ping_status":"open","sticky":false,"template":"","format":"standard","meta":{"footnotes":""},"categories":[11],"tags":[],"class_list":["post-6502","post","type-post","status-publish","format-standard","has-post-thumbnail","hentry","category-11"],"rttpg_featured_image_url":{"full":["https:\/\/rotary.zamosc.pl\/wp-content\/uploads\/2023\/06\/Sekretarz-Generalny-Rotary-International-z-wizyta-w-Zamosciu.jpg",1600,900,false],"landscape":["https:\/\/rotary.zamosc.pl\/wp-content\/uploads\/2023\/06\/Sekretarz-Generalny-Rotary-International-z-wizyta-w-Zamosciu.jpg",1600,900,false],"portraits":["https:\/\/rotary.zamosc.pl\/wp-content\/uploads\/2023\/06\/Sekretarz-Generalny-Rotary-International-z-wizyta-w-Zamosciu.jpg",1600,900,false],"thumbnail":["https:\/\/rotary.zamosc.pl\/wp-content\/uploads\/2023\/06\/Sekretarz-Generalny-Rotary-International-z-wizyta-w-Zamosciu-150x150.jpg",150,150,true],"medium":["https:\/\/rotary.zamosc.pl\/wp-content\/uploads\/2023\/06\/Sekretarz-Generalny-Rotary-International-z-wizyta-w-Zamosciu-300x169.jpg",300,169,true],"large":["https:\/\/rotary.zamosc.pl\/wp-content\/uploads\/2023\/06\/Sekretarz-Generalny-Rotary-International-z-wizyta-w-Zamosciu-700x394.jpg",700,394,true],"1536x1536":["https:\/\/rotary.zamosc.pl\/wp-content\/uploads\/2023\/06\/Sekretarz-Generalny-Rotary-International-z-wizyta-w-Zamosciu-1536x864.jpg",1536,864,true],"2048x2048":["https:\/\/rotary.zamosc.pl\/wp-content\/uploads\/2023\/06\/Sekretarz-Generalny-Rotary-International-z-wizyta-w-Zamosciu.jpg",1600,900,false],"post-thumbnail":["https:\/\/rotary.zamosc.pl\/wp-content\/uploads\/2023\/06\/Sekretarz-Generalny-Rotary-International-z-wizyta-w-Zamosciu-800x450.jpg",800,450,true],"graphy-post-thumbnail-large":["https:\/\/rotary.zamosc.pl\/wp-content\/uploads\/2023\/06\/Sekretarz-Generalny-Rotary-International-z-wizyta-w-Zamosciu-1080x600.jpg",1080,600,true],"graphy-post-thumbnail-medium":["https:\/\/rotary.zamosc.pl\/wp-content\/uploads\/2023\/06\/Sekretarz-Generalny-Rotary-International-z-wizyta-w-Zamosciu-482x300.jpg",482,300,true],"graphy-post-thumbnail-small":["https:\/\/rotary.zamosc.pl\/wp-content\/uploads\/2023\/06\/Sekretarz-Generalny-Rotary-International-z-wizyta-w-Zamosciu-80x60.jpg",80,60,true],"graphy-page-thumbnail":["https:\/\/rotary.zamosc.pl\/wp-content\/uploads\/2023\/06\/Sekretarz-Generalny-Rotary-International-z-wizyta-w-Zamosciu-1260x350.jpg",1260,350,true],"sow-carousel-default":["https:\/\/rotary.zamosc.pl\/wp-content\/uploads\/2023\/06\/Sekretarz-Generalny-Rotary-International-z-wizyta-w-Zamosciu-272x182.jpg",272,182,true]},"rttpg_author":{"display_name":"rotaryzamosc","author_link":"https:\/\/rotary.zamosc.pl\/index.php\/author\/rotaryzamosc\/"},"rttpg_comment":0,"rttpg_category":"<a href=\"https:\/\/rotary.zamosc.pl\/index.php\/category\/2023\/\" rel=\"category tag\">2023<\/a>","rttpg_excerpt":"12 czerwca w Zamo\u015bciu odby\u0142o si\u0119 spotkanie rotarian z RC Zamo\u015b\u0107 Ordynacki i RC Zamo\u015b\u0107 z, wracaj\u0105cym z Ukrainy, Sekretarzem Generalnym RI, Johnem Hewko. W swoim wyst\u0105pieniu g\u0142\u00f3wny nacisk po\u0142o\u017cy\u0142 na podkre\u015blenie wagi pokoju na \u015bwiecie, przyja\u017ani, dzia\u0142alno\u015bci charytatywnej oraz pomocy ofiarom wojny i wszelkich katastrof humanitarnych, jak\u0105 nios\u0105 rotarianie. John Hewko podzi\u0119kowa\u0142 zamojskim rotarianom...","_links":{"self":[{"href":"https:\/\/rotary.zamosc.pl\/index.php\/wp-json\/wp\/v2\/posts\/6502","targetHints":{"allow":["GET"]}}],"collection":[{"href":"https:\/\/rotary.zamosc.pl\/index.php\/wp-json\/wp\/v2\/posts"}],"about":[{"href":"https:\/\/rotary.zamosc.pl\/index.php\/wp-json\/wp\/v2\/types\/post"}],"author":[{"embeddable":true,"href":"https:\/\/rotary.zamosc.pl\/index.php\/wp-json\/wp\/v2\/users\/1"}],"replies":[{"embeddable":true,"href":"https:\/\/rotary.zamosc.pl\/index.php\/wp-json\/wp\/v2\/comments?post=6502"}],"version-history":[{"count":1,"href":"https:\/\/rotary.zamosc.pl\/index.php\/wp-json\/wp\/v2\/posts\/6502\/revisions"}],"predecessor-version":[{"id":6503,"href":"https:\/\/rotary.zamosc.pl\/index.php\/wp-json\/wp\/v2\/posts\/6502\/revisions\/6503"}],"wp:featuredmedia":[{"embeddable":true,"href":"https:\/\/rotary.zamosc.pl\/index.php\/wp-json\/wp\/v2\/media\/3662"}],"wp:attachment":[{"href":"https:\/\/rotary.zamosc.pl\/index.php\/wp-json\/wp\/v2\/media?parent=6502"}],"wp:term":[{"taxonomy":"category","embeddable":true,"href":"https:\/\/rotary.zamosc.pl\/index.php\/wp-json\/wp\/v2\/categories?post=6502"},{"taxonomy":"post_tag","embeddable":true,"href":"https:\/\/rotary.zamosc.pl\/index.php\/wp-json\/wp\/v2\/tags?post=6502"}],"curies":[{"name":"wp","href":"https:\/\/api.w.org\/{rel}","templated":true}]}}