{"id":6504,"date":"2023-05-12T09:46:00","date_gmt":"2023-05-12T07:46:00","guid":{"rendered":"https:\/\/rotary.zamosc.pl\/?p=6504"},"modified":"2026-03-17T09:47:13","modified_gmt":"2026-03-17T08:47:13","slug":"rotarianie-z-rc-zamosc-zawiezli-produkty-medyczne-ufundowane-przez-niemieckich-rotarian","status":"publish","type":"post","link":"https:\/\/rotary.zamosc.pl\/index.php\/2023\/05\/12\/rotarianie-z-rc-zamosc-zawiezli-produkty-medyczne-ufundowane-przez-niemieckich-rotarian\/","title":{"rendered":"Rotarianie z RC Zamo\u015b\u0107 zawie\u017ali produkty medyczne ufundowane przez niemieckich rotarian"},"content":{"rendered":"\n<p class=\"wp-block-paragraph\">W dniach 12 i 13 maja br. nasi koledzy klubowi przebywali w Ukrainie, w Iwano-Frankowsku, gdzie zawie\u017ali produkty medyczne min. strzykawki, ig\u0142y jednorazowe, opatrunki ja\u0142owe, banda\u017ce. Transport o warto\u015bci 10 tys. euro ufundowany przez rotarian z RC Hanau w Niemczech trafi\u0142 do Centrum Ratownictwa Medycznego w Iwano-Frankowsku.<\/p>\n\n\n\n<p class=\"wp-block-paragraph\">Ponadto dostarczono produkty spo\u017cywcze,ubrania dla ma\u0142ych dzieci, zabawki i s\u0142odycze do fundacji Nadzieja r\u00f3wnie\u017c w Iwano-Frankowsku.<\/p>\n\n\n\n<p class=\"wp-block-paragraph\">Mamy nadziej\u0119, i\u017c naszym przyjazdem i prezentami sprawili\u015bmy dzieciom, podopiecznym fundacji troch\u0119 rado\u015bci.<\/p>\n\n\n\n<figure class=\"wp-block-gallery has-nested-images columns-1 is-cropped wp-block-gallery-1 is-layout-flex wp-block-gallery-is-layout-flex\">\n<figure class=\"wp-block-image size-large\"><img fetchpriority=\"high\" decoding=\"async\" width=\"700\" height=\"933\" data-id=\"3654\" src=\"https:\/\/rotary.zamosc.pl\/wp-content\/uploads\/2023\/05\/Rotarianie-z-RC-Zamosc-zawiezli-produkty-medyczne-ufundowane-przez-niemieckich-rotarian-20-700x933.jpg\" alt=\"\" class=\"wp-image-3654\" srcset=\"https:\/\/rotary.zamosc.pl\/wp-content\/uploads\/2023\/05\/Rotarianie-z-RC-Zamosc-zawiezli-produkty-medyczne-ufundowane-przez-niemieckich-rotarian-20-700x933.jpg 700w, https:\/\/rotary.zamosc.pl\/wp-content\/uploads\/2023\/05\/Rotarianie-z-RC-Zamosc-zawiezli-produkty-medyczne-ufundowane-przez-niemieckich-rotarian-20-225x300.jpg 225w, https:\/\/rotary.zamosc.pl\/wp-content\/uploads\/2023\/05\/Rotarianie-z-RC-Zamosc-zawiezli-produkty-medyczne-ufundowane-przez-niemieckich-rotarian-20-768x1024.jpg 768w, https:\/\/rotary.zamosc.pl\/wp-content\/uploads\/2023\/05\/Rotarianie-z-RC-Zamosc-zawiezli-produkty-medyczne-ufundowane-przez-niemieckich-rotarian-20-800x1067.jpg 800w, https:\/\/rotary.zamosc.pl\/wp-content\/uploads\/2023\/05\/Rotarianie-z-RC-Zamosc-zawiezli-produkty-medyczne-ufundowane-przez-niemieckich-rotarian-20.jpg 960w\" sizes=\"(max-width: 700px) 100vw, 700px\" \/><\/figure>\n\n\n\n<figure class=\"wp-block-image size-large\"><img decoding=\"async\" width=\"700\" height=\"933\" data-id=\"3653\" src=\"https:\/\/rotary.zamosc.pl\/wp-content\/uploads\/2023\/05\/Rotarianie-z-RC-Zamosc-zawiezli-produkty-medyczne-ufundowane-przez-niemieckich-rotarian-19-700x933.jpg\" alt=\"\" class=\"wp-image-3653\" srcset=\"https:\/\/rotary.zamosc.pl\/wp-content\/uploads\/2023\/05\/Rotarianie-z-RC-Zamosc-zawiezli-produkty-medyczne-ufundowane-przez-niemieckich-rotarian-19-700x933.jpg 700w, https:\/\/rotary.zamosc.pl\/wp-content\/uploads\/2023\/05\/Rotarianie-z-RC-Zamosc-zawiezli-produkty-medyczne-ufundowane-przez-niemieckich-rotarian-19-225x300.jpg 225w, https:\/\/rotary.zamosc.pl\/wp-content\/uploads\/2023\/05\/Rotarianie-z-RC-Zamosc-zawiezli-produkty-medyczne-ufundowane-przez-niemieckich-rotarian-19-768x1024.jpg 768w, https:\/\/rotary.zamosc.pl\/wp-content\/uploads\/2023\/05\/Rotarianie-z-RC-Zamosc-zawiezli-produkty-medyczne-ufundowane-przez-niemieckich-rotarian-19-800x1067.jpg 800w, https:\/\/rotary.zamosc.pl\/wp-content\/uploads\/2023\/05\/Rotarianie-z-RC-Zamosc-zawiezli-produkty-medyczne-ufundowane-przez-niemieckich-rotarian-19.jpg 960w\" sizes=\"(max-width: 700px) 100vw, 700px\" \/><\/figure>\n\n\n\n<figure class=\"wp-block-image size-large\"><img decoding=\"async\" width=\"700\" height=\"1516\" data-id=\"3651\" src=\"https:\/\/rotary.zamosc.pl\/wp-content\/uploads\/2023\/05\/Rotarianie-z-RC-Zamosc-zawiezli-produkty-medyczne-ufundowane-przez-niemieckich-rotarian-17-700x1516.jpg\" alt=\"\" class=\"wp-image-3651\" srcset=\"https:\/\/rotary.zamosc.pl\/wp-content\/uploads\/2023\/05\/Rotarianie-z-RC-Zamosc-zawiezli-produkty-medyczne-ufundowane-przez-niemieckich-rotarian-17-700x1516.jpg 700w, https:\/\/rotary.zamosc.pl\/wp-content\/uploads\/2023\/05\/Rotarianie-z-RC-Zamosc-zawiezli-produkty-medyczne-ufundowane-przez-niemieckich-rotarian-17-139x300.jpg 139w, https:\/\/rotary.zamosc.pl\/wp-content\/uploads\/2023\/05\/Rotarianie-z-RC-Zamosc-zawiezli-produkty-medyczne-ufundowane-przez-niemieckich-rotarian-17-709x1536.jpg 709w, https:\/\/rotary.zamosc.pl\/wp-content\/uploads\/2023\/05\/Rotarianie-z-RC-Zamosc-zawiezli-produkty-medyczne-ufundowane-przez-niemieckich-rotarian-17.jpg 739w\" sizes=\"(max-width: 700px) 100vw, 700px\" \/><\/figure>\n\n\n\n<figure class=\"wp-block-image size-large\"><img loading=\"lazy\" decoding=\"async\" width=\"700\" height=\"323\" data-id=\"3652\" src=\"https:\/\/rotary.zamosc.pl\/wp-content\/uploads\/2023\/05\/Rotarianie-z-RC-Zamosc-zawiezli-produkty-medyczne-ufundowane-przez-niemieckich-rotarian-18-700x323.jpg\" alt=\"\" class=\"wp-image-3652\" srcset=\"https:\/\/rotary.zamosc.pl\/wp-content\/uploads\/2023\/05\/Rotarianie-z-RC-Zamosc-zawiezli-produkty-medyczne-ufundowane-przez-niemieckich-rotarian-18-700x323.jpg 700w, https:\/\/rotary.zamosc.pl\/wp-content\/uploads\/2023\/05\/Rotarianie-z-RC-Zamosc-zawiezli-produkty-medyczne-ufundowane-przez-niemieckich-rotarian-18-300x139.jpg 300w, https:\/\/rotary.zamosc.pl\/wp-content\/uploads\/2023\/05\/Rotarianie-z-RC-Zamosc-zawiezli-produkty-medyczne-ufundowane-przez-niemieckich-rotarian-18-768x355.jpg 768w, https:\/\/rotary.zamosc.pl\/wp-content\/uploads\/2023\/05\/Rotarianie-z-RC-Zamosc-zawiezli-produkty-medyczne-ufundowane-przez-niemieckich-rotarian-18-1536x709.jpg 1536w, https:\/\/rotary.zamosc.pl\/wp-content\/uploads\/2023\/05\/Rotarianie-z-RC-Zamosc-zawiezli-produkty-medyczne-ufundowane-przez-niemieckich-rotarian-18-800x370.jpg 800w, https:\/\/rotary.zamosc.pl\/wp-content\/uploads\/2023\/05\/Rotarianie-z-RC-Zamosc-zawiezli-produkty-medyczne-ufundowane-przez-niemieckich-rotarian-18.jpg 1600w\" sizes=\"(max-width: 700px) 100vw, 700px\" \/><\/figure>\n\n\n\n<figure class=\"wp-block-image size-large\"><img loading=\"lazy\" decoding=\"async\" width=\"700\" height=\"323\" data-id=\"3649\" src=\"https:\/\/rotary.zamosc.pl\/wp-content\/uploads\/2023\/05\/Rotarianie-z-RC-Zamosc-zawiezli-produkty-medyczne-ufundowane-przez-niemieckich-rotarian-15-700x323.jpg\" alt=\"\" class=\"wp-image-3649\" srcset=\"https:\/\/rotary.zamosc.pl\/wp-content\/uploads\/2023\/05\/Rotarianie-z-RC-Zamosc-zawiezli-produkty-medyczne-ufundowane-przez-niemieckich-rotarian-15-700x323.jpg 700w, https:\/\/rotary.zamosc.pl\/wp-content\/uploads\/2023\/05\/Rotarianie-z-RC-Zamosc-zawiezli-produkty-medyczne-ufundowane-przez-niemieckich-rotarian-15-300x139.jpg 300w, https:\/\/rotary.zamosc.pl\/wp-content\/uploads\/2023\/05\/Rotarianie-z-RC-Zamosc-zawiezli-produkty-medyczne-ufundowane-przez-niemieckich-rotarian-15-768x355.jpg 768w, https:\/\/rotary.zamosc.pl\/wp-content\/uploads\/2023\/05\/Rotarianie-z-RC-Zamosc-zawiezli-produkty-medyczne-ufundowane-przez-niemieckich-rotarian-15-1536x709.jpg 1536w, https:\/\/rotary.zamosc.pl\/wp-content\/uploads\/2023\/05\/Rotarianie-z-RC-Zamosc-zawiezli-produkty-medyczne-ufundowane-przez-niemieckich-rotarian-15-800x370.jpg 800w, https:\/\/rotary.zamosc.pl\/wp-content\/uploads\/2023\/05\/Rotarianie-z-RC-Zamosc-zawiezli-produkty-medyczne-ufundowane-przez-niemieckich-rotarian-15.jpg 1600w\" sizes=\"(max-width: 700px) 100vw, 700px\" \/><\/figure>\n\n\n\n<figure class=\"wp-block-image size-large\"><img loading=\"lazy\" decoding=\"async\" width=\"700\" height=\"1516\" data-id=\"3648\" src=\"https:\/\/rotary.zamosc.pl\/wp-content\/uploads\/2023\/05\/Rotarianie-z-RC-Zamosc-zawiezli-produkty-medyczne-ufundowane-przez-niemieckich-rotarian-14-700x1516.jpg\" alt=\"\" class=\"wp-image-3648\" srcset=\"https:\/\/rotary.zamosc.pl\/wp-content\/uploads\/2023\/05\/Rotarianie-z-RC-Zamosc-zawiezli-produkty-medyczne-ufundowane-przez-niemieckich-rotarian-14-700x1516.jpg 700w, https:\/\/rotary.zamosc.pl\/wp-content\/uploads\/2023\/05\/Rotarianie-z-RC-Zamosc-zawiezli-produkty-medyczne-ufundowane-przez-niemieckich-rotarian-14-139x300.jpg 139w, https:\/\/rotary.zamosc.pl\/wp-content\/uploads\/2023\/05\/Rotarianie-z-RC-Zamosc-zawiezli-produkty-medyczne-ufundowane-przez-niemieckich-rotarian-14-709x1536.jpg 709w, https:\/\/rotary.zamosc.pl\/wp-content\/uploads\/2023\/05\/Rotarianie-z-RC-Zamosc-zawiezli-produkty-medyczne-ufundowane-przez-niemieckich-rotarian-14.jpg 739w\" sizes=\"(max-width: 700px) 100vw, 700px\" \/><\/figure>\n\n\n\n<figure class=\"wp-block-image size-large\"><img loading=\"lazy\" decoding=\"async\" width=\"700\" height=\"1244\" data-id=\"3647\" src=\"https:\/\/rotary.zamosc.pl\/wp-content\/uploads\/2023\/05\/Rotarianie-z-RC-Zamosc-zawiezli-produkty-medyczne-ufundowane-przez-niemieckich-rotarian-13-700x1244.jpg\" alt=\"\" class=\"wp-image-3647\" srcset=\"https:\/\/rotary.zamosc.pl\/wp-content\/uploads\/2023\/05\/Rotarianie-z-RC-Zamosc-zawiezli-produkty-medyczne-ufundowane-przez-niemieckich-rotarian-13-700x1244.jpg 700w, https:\/\/rotary.zamosc.pl\/wp-content\/uploads\/2023\/05\/Rotarianie-z-RC-Zamosc-zawiezli-produkty-medyczne-ufundowane-przez-niemieckich-rotarian-13-169x300.jpg 169w, https:\/\/rotary.zamosc.pl\/wp-content\/uploads\/2023\/05\/Rotarianie-z-RC-Zamosc-zawiezli-produkty-medyczne-ufundowane-przez-niemieckich-rotarian-13-768x1365.jpg 768w, https:\/\/rotary.zamosc.pl\/wp-content\/uploads\/2023\/05\/Rotarianie-z-RC-Zamosc-zawiezli-produkty-medyczne-ufundowane-przez-niemieckich-rotarian-13-864x1536.jpg 864w, https:\/\/rotary.zamosc.pl\/wp-content\/uploads\/2023\/05\/Rotarianie-z-RC-Zamosc-zawiezli-produkty-medyczne-ufundowane-przez-niemieckich-rotarian-13-800x1422.jpg 800w, https:\/\/rotary.zamosc.pl\/wp-content\/uploads\/2023\/05\/Rotarianie-z-RC-Zamosc-zawiezli-produkty-medyczne-ufundowane-przez-niemieckich-rotarian-13.jpg 900w\" sizes=\"(max-width: 700px) 100vw, 700px\" \/><\/figure>\n\n\n\n<figure class=\"wp-block-image size-large\"><img loading=\"lazy\" decoding=\"async\" width=\"700\" height=\"323\" data-id=\"3646\" src=\"https:\/\/rotary.zamosc.pl\/wp-content\/uploads\/2023\/05\/Rotarianie-z-RC-Zamosc-zawiezli-produkty-medyczne-ufundowane-przez-niemieckich-rotarian-12-700x323.jpg\" alt=\"\" class=\"wp-image-3646\" srcset=\"https:\/\/rotary.zamosc.pl\/wp-content\/uploads\/2023\/05\/Rotarianie-z-RC-Zamosc-zawiezli-produkty-medyczne-ufundowane-przez-niemieckich-rotarian-12-700x323.jpg 700w, https:\/\/rotary.zamosc.pl\/wp-content\/uploads\/2023\/05\/Rotarianie-z-RC-Zamosc-zawiezli-produkty-medyczne-ufundowane-przez-niemieckich-rotarian-12-300x139.jpg 300w, https:\/\/rotary.zamosc.pl\/wp-content\/uploads\/2023\/05\/Rotarianie-z-RC-Zamosc-zawiezli-produkty-medyczne-ufundowane-przez-niemieckich-rotarian-12-768x355.jpg 768w, https:\/\/rotary.zamosc.pl\/wp-content\/uploads\/2023\/05\/Rotarianie-z-RC-Zamosc-zawiezli-produkty-medyczne-ufundowane-przez-niemieckich-rotarian-12-1536x709.jpg 1536w, https:\/\/rotary.zamosc.pl\/wp-content\/uploads\/2023\/05\/Rotarianie-z-RC-Zamosc-zawiezli-produkty-medyczne-ufundowane-przez-niemieckich-rotarian-12-800x370.jpg 800w, https:\/\/rotary.zamosc.pl\/wp-content\/uploads\/2023\/05\/Rotarianie-z-RC-Zamosc-zawiezli-produkty-medyczne-ufundowane-przez-niemieckich-rotarian-12.jpg 1600w\" sizes=\"(max-width: 700px) 100vw, 700px\" \/><\/figure>\n\n\n\n<figure class=\"wp-block-image size-large\"><img loading=\"lazy\" decoding=\"async\" width=\"700\" height=\"1516\" data-id=\"3650\" src=\"https:\/\/rotary.zamosc.pl\/wp-content\/uploads\/2023\/05\/Rotarianie-z-RC-Zamosc-zawiezli-produkty-medyczne-ufundowane-przez-niemieckich-rotarian-16-700x1516.jpg\" alt=\"\" class=\"wp-image-3650\" srcset=\"https:\/\/rotary.zamosc.pl\/wp-content\/uploads\/2023\/05\/Rotarianie-z-RC-Zamosc-zawiezli-produkty-medyczne-ufundowane-przez-niemieckich-rotarian-16-700x1516.jpg 700w, https:\/\/rotary.zamosc.pl\/wp-content\/uploads\/2023\/05\/Rotarianie-z-RC-Zamosc-zawiezli-produkty-medyczne-ufundowane-przez-niemieckich-rotarian-16-139x300.jpg 139w, https:\/\/rotary.zamosc.pl\/wp-content\/uploads\/2023\/05\/Rotarianie-z-RC-Zamosc-zawiezli-produkty-medyczne-ufundowane-przez-niemieckich-rotarian-16-709x1536.jpg 709w, https:\/\/rotary.zamosc.pl\/wp-content\/uploads\/2023\/05\/Rotarianie-z-RC-Zamosc-zawiezli-produkty-medyczne-ufundowane-przez-niemieckich-rotarian-16.jpg 739w\" sizes=\"(max-width: 700px) 100vw, 700px\" \/><\/figure>\n\n\n\n<figure class=\"wp-block-image size-large\"><img loading=\"lazy\" decoding=\"async\" width=\"700\" height=\"525\" data-id=\"3645\" src=\"https:\/\/rotary.zamosc.pl\/wp-content\/uploads\/2023\/05\/Rotarianie-z-RC-Zamosc-zawiezli-produkty-medyczne-ufundowane-przez-niemieckich-rotarian-11-700x525.jpg\" alt=\"\" class=\"wp-image-3645\" srcset=\"https:\/\/rotary.zamosc.pl\/wp-content\/uploads\/2023\/05\/Rotarianie-z-RC-Zamosc-zawiezli-produkty-medyczne-ufundowane-przez-niemieckich-rotarian-11-700x525.jpg 700w, https:\/\/rotary.zamosc.pl\/wp-content\/uploads\/2023\/05\/Rotarianie-z-RC-Zamosc-zawiezli-produkty-medyczne-ufundowane-przez-niemieckich-rotarian-11-300x225.jpg 300w, https:\/\/rotary.zamosc.pl\/wp-content\/uploads\/2023\/05\/Rotarianie-z-RC-Zamosc-zawiezli-produkty-medyczne-ufundowane-przez-niemieckich-rotarian-11-768x576.jpg 768w, https:\/\/rotary.zamosc.pl\/wp-content\/uploads\/2023\/05\/Rotarianie-z-RC-Zamosc-zawiezli-produkty-medyczne-ufundowane-przez-niemieckich-rotarian-11-1536x1152.jpg 1536w, https:\/\/rotary.zamosc.pl\/wp-content\/uploads\/2023\/05\/Rotarianie-z-RC-Zamosc-zawiezli-produkty-medyczne-ufundowane-przez-niemieckich-rotarian-11-800x600.jpg 800w, https:\/\/rotary.zamosc.pl\/wp-content\/uploads\/2023\/05\/Rotarianie-z-RC-Zamosc-zawiezli-produkty-medyczne-ufundowane-przez-niemieckich-rotarian-11-80x60.jpg 80w, https:\/\/rotary.zamosc.pl\/wp-content\/uploads\/2023\/05\/Rotarianie-z-RC-Zamosc-zawiezli-produkty-medyczne-ufundowane-przez-niemieckich-rotarian-11.jpg 2048w\" sizes=\"(max-width: 700px) 100vw, 700px\" \/><\/figure>\n\n\n\n<figure class=\"wp-block-image size-large\"><img loading=\"lazy\" decoding=\"async\" width=\"700\" height=\"933\" data-id=\"3644\" src=\"https:\/\/rotary.zamosc.pl\/wp-content\/uploads\/2023\/05\/Rotarianie-z-RC-Zamosc-zawiezli-produkty-medyczne-ufundowane-przez-niemieckich-rotarian-10-700x933.jpg\" alt=\"\" class=\"wp-image-3644\" srcset=\"https:\/\/rotary.zamosc.pl\/wp-content\/uploads\/2023\/05\/Rotarianie-z-RC-Zamosc-zawiezli-produkty-medyczne-ufundowane-przez-niemieckich-rotarian-10-700x933.jpg 700w, https:\/\/rotary.zamosc.pl\/wp-content\/uploads\/2023\/05\/Rotarianie-z-RC-Zamosc-zawiezli-produkty-medyczne-ufundowane-przez-niemieckich-rotarian-10-225x300.jpg 225w, https:\/\/rotary.zamosc.pl\/wp-content\/uploads\/2023\/05\/Rotarianie-z-RC-Zamosc-zawiezli-produkty-medyczne-ufundowane-przez-niemieckich-rotarian-10-768x1024.jpg 768w, https:\/\/rotary.zamosc.pl\/wp-content\/uploads\/2023\/05\/Rotarianie-z-RC-Zamosc-zawiezli-produkty-medyczne-ufundowane-przez-niemieckich-rotarian-10-800x1067.jpg 800w, https:\/\/rotary.zamosc.pl\/wp-content\/uploads\/2023\/05\/Rotarianie-z-RC-Zamosc-zawiezli-produkty-medyczne-ufundowane-przez-niemieckich-rotarian-10.jpg 960w\" sizes=\"(max-width: 700px) 100vw, 700px\" \/><\/figure>\n\n\n\n<figure class=\"wp-block-image size-large\"><img loading=\"lazy\" decoding=\"async\" width=\"700\" height=\"933\" data-id=\"3643\" src=\"https:\/\/rotary.zamosc.pl\/wp-content\/uploads\/2023\/05\/Rotarianie-z-RC-Zamosc-zawiezli-produkty-medyczne-ufundowane-przez-niemieckich-rotarian-9-700x933.jpg\" alt=\"\" class=\"wp-image-3643\" srcset=\"https:\/\/rotary.zamosc.pl\/wp-content\/uploads\/2023\/05\/Rotarianie-z-RC-Zamosc-zawiezli-produkty-medyczne-ufundowane-przez-niemieckich-rotarian-9-700x933.jpg 700w, https:\/\/rotary.zamosc.pl\/wp-content\/uploads\/2023\/05\/Rotarianie-z-RC-Zamosc-zawiezli-produkty-medyczne-ufundowane-przez-niemieckich-rotarian-9-225x300.jpg 225w, https:\/\/rotary.zamosc.pl\/wp-content\/uploads\/2023\/05\/Rotarianie-z-RC-Zamosc-zawiezli-produkty-medyczne-ufundowane-przez-niemieckich-rotarian-9-768x1024.jpg 768w, https:\/\/rotary.zamosc.pl\/wp-content\/uploads\/2023\/05\/Rotarianie-z-RC-Zamosc-zawiezli-produkty-medyczne-ufundowane-przez-niemieckich-rotarian-9-1152x1536.jpg 1152w, https:\/\/rotary.zamosc.pl\/wp-content\/uploads\/2023\/05\/Rotarianie-z-RC-Zamosc-zawiezli-produkty-medyczne-ufundowane-przez-niemieckich-rotarian-9-800x1067.jpg 800w, https:\/\/rotary.zamosc.pl\/wp-content\/uploads\/2023\/05\/Rotarianie-z-RC-Zamosc-zawiezli-produkty-medyczne-ufundowane-przez-niemieckich-rotarian-9.jpg 1536w\" sizes=\"(max-width: 700px) 100vw, 700px\" \/><\/figure>\n\n\n\n<figure class=\"wp-block-image size-large\"><img loading=\"lazy\" decoding=\"async\" width=\"700\" height=\"1522\" data-id=\"3641\" src=\"https:\/\/rotary.zamosc.pl\/wp-content\/uploads\/2023\/05\/Rotarianie-z-RC-Zamosc-zawiezli-produkty-medyczne-ufundowane-przez-niemieckich-rotarian-7-700x1522.jpg\" alt=\"\" class=\"wp-image-3641\" srcset=\"https:\/\/rotary.zamosc.pl\/wp-content\/uploads\/2023\/05\/Rotarianie-z-RC-Zamosc-zawiezli-produkty-medyczne-ufundowane-przez-niemieckich-rotarian-7-700x1522.jpg 700w, https:\/\/rotary.zamosc.pl\/wp-content\/uploads\/2023\/05\/Rotarianie-z-RC-Zamosc-zawiezli-produkty-medyczne-ufundowane-przez-niemieckich-rotarian-7-138x300.jpg 138w, https:\/\/rotary.zamosc.pl\/wp-content\/uploads\/2023\/05\/Rotarianie-z-RC-Zamosc-zawiezli-produkty-medyczne-ufundowane-przez-niemieckich-rotarian-7-707x1536.jpg 707w, https:\/\/rotary.zamosc.pl\/wp-content\/uploads\/2023\/05\/Rotarianie-z-RC-Zamosc-zawiezli-produkty-medyczne-ufundowane-przez-niemieckich-rotarian-7.jpg 736w\" sizes=\"(max-width: 700px) 100vw, 700px\" \/><\/figure>\n\n\n\n<figure class=\"wp-block-image size-large\"><img loading=\"lazy\" decoding=\"async\" width=\"700\" height=\"323\" data-id=\"3642\" src=\"https:\/\/rotary.zamosc.pl\/wp-content\/uploads\/2023\/05\/Rotarianie-z-RC-Zamosc-zawiezli-produkty-medyczne-ufundowane-przez-niemieckich-rotarian-8-700x323.jpg\" alt=\"\" class=\"wp-image-3642\" srcset=\"https:\/\/rotary.zamosc.pl\/wp-content\/uploads\/2023\/05\/Rotarianie-z-RC-Zamosc-zawiezli-produkty-medyczne-ufundowane-przez-niemieckich-rotarian-8-700x323.jpg 700w, https:\/\/rotary.zamosc.pl\/wp-content\/uploads\/2023\/05\/Rotarianie-z-RC-Zamosc-zawiezli-produkty-medyczne-ufundowane-przez-niemieckich-rotarian-8-300x139.jpg 300w, https:\/\/rotary.zamosc.pl\/wp-content\/uploads\/2023\/05\/Rotarianie-z-RC-Zamosc-zawiezli-produkty-medyczne-ufundowane-przez-niemieckich-rotarian-8-768x355.jpg 768w, https:\/\/rotary.zamosc.pl\/wp-content\/uploads\/2023\/05\/Rotarianie-z-RC-Zamosc-zawiezli-produkty-medyczne-ufundowane-przez-niemieckich-rotarian-8-1536x709.jpg 1536w, https:\/\/rotary.zamosc.pl\/wp-content\/uploads\/2023\/05\/Rotarianie-z-RC-Zamosc-zawiezli-produkty-medyczne-ufundowane-przez-niemieckich-rotarian-8-800x370.jpg 800w, https:\/\/rotary.zamosc.pl\/wp-content\/uploads\/2023\/05\/Rotarianie-z-RC-Zamosc-zawiezli-produkty-medyczne-ufundowane-przez-niemieckich-rotarian-8.jpg 1600w\" sizes=\"(max-width: 700px) 100vw, 700px\" \/><\/figure>\n\n\n\n<figure class=\"wp-block-image size-large\"><img loading=\"lazy\" decoding=\"async\" width=\"700\" height=\"1522\" data-id=\"3639\" src=\"https:\/\/rotary.zamosc.pl\/wp-content\/uploads\/2023\/05\/Rotarianie-z-RC-Zamosc-zawiezli-produkty-medyczne-ufundowane-przez-niemieckich-rotarian-5-700x1522.jpg\" alt=\"\" class=\"wp-image-3639\" srcset=\"https:\/\/rotary.zamosc.pl\/wp-content\/uploads\/2023\/05\/Rotarianie-z-RC-Zamosc-zawiezli-produkty-medyczne-ufundowane-przez-niemieckich-rotarian-5-700x1522.jpg 700w, https:\/\/rotary.zamosc.pl\/wp-content\/uploads\/2023\/05\/Rotarianie-z-RC-Zamosc-zawiezli-produkty-medyczne-ufundowane-przez-niemieckich-rotarian-5-138x300.jpg 138w, https:\/\/rotary.zamosc.pl\/wp-content\/uploads\/2023\/05\/Rotarianie-z-RC-Zamosc-zawiezli-produkty-medyczne-ufundowane-przez-niemieckich-rotarian-5-707x1536.jpg 707w, https:\/\/rotary.zamosc.pl\/wp-content\/uploads\/2023\/05\/Rotarianie-z-RC-Zamosc-zawiezli-produkty-medyczne-ufundowane-przez-niemieckich-rotarian-5.jpg 736w\" sizes=\"(max-width: 700px) 100vw, 700px\" \/><\/figure>\n\n\n\n<figure class=\"wp-block-image size-large\"><img loading=\"lazy\" decoding=\"async\" width=\"700\" height=\"1516\" data-id=\"3640\" src=\"https:\/\/rotary.zamosc.pl\/wp-content\/uploads\/2023\/05\/Rotarianie-z-RC-Zamosc-zawiezli-produkty-medyczne-ufundowane-przez-niemieckich-rotarian-6-700x1516.jpg\" alt=\"\" class=\"wp-image-3640\" srcset=\"https:\/\/rotary.zamosc.pl\/wp-content\/uploads\/2023\/05\/Rotarianie-z-RC-Zamosc-zawiezli-produkty-medyczne-ufundowane-przez-niemieckich-rotarian-6-700x1516.jpg 700w, https:\/\/rotary.zamosc.pl\/wp-content\/uploads\/2023\/05\/Rotarianie-z-RC-Zamosc-zawiezli-produkty-medyczne-ufundowane-przez-niemieckich-rotarian-6-139x300.jpg 139w, https:\/\/rotary.zamosc.pl\/wp-content\/uploads\/2023\/05\/Rotarianie-z-RC-Zamosc-zawiezli-produkty-medyczne-ufundowane-przez-niemieckich-rotarian-6-709x1536.jpg 709w, https:\/\/rotary.zamosc.pl\/wp-content\/uploads\/2023\/05\/Rotarianie-z-RC-Zamosc-zawiezli-produkty-medyczne-ufundowane-przez-niemieckich-rotarian-6.jpg 739w\" sizes=\"(max-width: 700px) 100vw, 700px\" \/><\/figure>\n\n\n\n<figure class=\"wp-block-image size-large\"><img loading=\"lazy\" decoding=\"async\" width=\"700\" height=\"1516\" data-id=\"3637\" src=\"https:\/\/rotary.zamosc.pl\/wp-content\/uploads\/2023\/05\/Rotarianie-z-RC-Zamosc-zawiezli-produkty-medyczne-ufundowane-przez-niemieckich-rotarian-3-700x1516.jpg\" alt=\"\" class=\"wp-image-3637\" srcset=\"https:\/\/rotary.zamosc.pl\/wp-content\/uploads\/2023\/05\/Rotarianie-z-RC-Zamosc-zawiezli-produkty-medyczne-ufundowane-przez-niemieckich-rotarian-3-700x1516.jpg 700w, https:\/\/rotary.zamosc.pl\/wp-content\/uploads\/2023\/05\/Rotarianie-z-RC-Zamosc-zawiezli-produkty-medyczne-ufundowane-przez-niemieckich-rotarian-3-139x300.jpg 139w, https:\/\/rotary.zamosc.pl\/wp-content\/uploads\/2023\/05\/Rotarianie-z-RC-Zamosc-zawiezli-produkty-medyczne-ufundowane-przez-niemieckich-rotarian-3-709x1536.jpg 709w, https:\/\/rotary.zamosc.pl\/wp-content\/uploads\/2023\/05\/Rotarianie-z-RC-Zamosc-zawiezli-produkty-medyczne-ufundowane-przez-niemieckich-rotarian-3.jpg 739w\" sizes=\"(max-width: 700px) 100vw, 700px\" \/><\/figure>\n\n\n\n<figure class=\"wp-block-image size-large\"><img loading=\"lazy\" decoding=\"async\" width=\"700\" height=\"933\" data-id=\"3638\" src=\"https:\/\/rotary.zamosc.pl\/wp-content\/uploads\/2023\/05\/Rotarianie-z-RC-Zamosc-zawiezli-produkty-medyczne-ufundowane-przez-niemieckich-rotarian-4-700x933.jpg\" alt=\"\" class=\"wp-image-3638\" srcset=\"https:\/\/rotary.zamosc.pl\/wp-content\/uploads\/2023\/05\/Rotarianie-z-RC-Zamosc-zawiezli-produkty-medyczne-ufundowane-przez-niemieckich-rotarian-4-700x933.jpg 700w, https:\/\/rotary.zamosc.pl\/wp-content\/uploads\/2023\/05\/Rotarianie-z-RC-Zamosc-zawiezli-produkty-medyczne-ufundowane-przez-niemieckich-rotarian-4-225x300.jpg 225w, https:\/\/rotary.zamosc.pl\/wp-content\/uploads\/2023\/05\/Rotarianie-z-RC-Zamosc-zawiezli-produkty-medyczne-ufundowane-przez-niemieckich-rotarian-4-768x1024.jpg 768w, https:\/\/rotary.zamosc.pl\/wp-content\/uploads\/2023\/05\/Rotarianie-z-RC-Zamosc-zawiezli-produkty-medyczne-ufundowane-przez-niemieckich-rotarian-4-800x1067.jpg 800w, https:\/\/rotary.zamosc.pl\/wp-content\/uploads\/2023\/05\/Rotarianie-z-RC-Zamosc-zawiezli-produkty-medyczne-ufundowane-przez-niemieckich-rotarian-4.jpg 960w\" sizes=\"(max-width: 700px) 100vw, 700px\" \/><\/figure>\n\n\n\n<figure class=\"wp-block-image size-large\"><img loading=\"lazy\" decoding=\"async\" width=\"700\" height=\"323\" data-id=\"3635\" src=\"https:\/\/rotary.zamosc.pl\/wp-content\/uploads\/2023\/05\/Rotarianie-z-RC-Zamosc-zawiezli-produkty-medyczne-ufundowane-przez-niemieckich-rotarian-1-700x323.jpg\" alt=\"\" class=\"wp-image-3635\" srcset=\"https:\/\/rotary.zamosc.pl\/wp-content\/uploads\/2023\/05\/Rotarianie-z-RC-Zamosc-zawiezli-produkty-medyczne-ufundowane-przez-niemieckich-rotarian-1-700x323.jpg 700w, https:\/\/rotary.zamosc.pl\/wp-content\/uploads\/2023\/05\/Rotarianie-z-RC-Zamosc-zawiezli-produkty-medyczne-ufundowane-przez-niemieckich-rotarian-1-300x139.jpg 300w, https:\/\/rotary.zamosc.pl\/wp-content\/uploads\/2023\/05\/Rotarianie-z-RC-Zamosc-zawiezli-produkty-medyczne-ufundowane-przez-niemieckich-rotarian-1-768x355.jpg 768w, https:\/\/rotary.zamosc.pl\/wp-content\/uploads\/2023\/05\/Rotarianie-z-RC-Zamosc-zawiezli-produkty-medyczne-ufundowane-przez-niemieckich-rotarian-1-1536x709.jpg 1536w, https:\/\/rotary.zamosc.pl\/wp-content\/uploads\/2023\/05\/Rotarianie-z-RC-Zamosc-zawiezli-produkty-medyczne-ufundowane-przez-niemieckich-rotarian-1-800x370.jpg 800w, https:\/\/rotary.zamosc.pl\/wp-content\/uploads\/2023\/05\/Rotarianie-z-RC-Zamosc-zawiezli-produkty-medyczne-ufundowane-przez-niemieckich-rotarian-1.jpg 1600w\" sizes=\"(max-width: 700px) 100vw, 700px\" \/><\/figure>\n<\/figure>\n","protected":false},"excerpt":{"rendered":"<p>W dniach 12 i 13 maja br. nasi koledzy klubowi przebywali w Ukrainie, w Iwano-Frankowsku, gdzie zawie\u017ali produkty medyczne min. strzykawki, ig\u0142y jednorazowe, opatrunki ja\u0142owe, banda\u017ce. Transport o warto\u015bci 10 tys. euro ufundowany przez rotarian z RC Hanau w Niemczech trafi\u0142 do Centrum Ratownictwa Medycznego w Iwano-Frankowsku. Ponadto dostarczono produkty spo\u017cywcze,ubrania dla ma\u0142ych dzieci, zabawki&#8230;<\/p>\n","protected":false},"author":1,"featured_media":3636,"comment_status":"open","ping_status":"open","sticky":false,"template":"","format":"standard","meta":{"footnotes":""},"categories":[11,12],"tags":[],"class_list":["post-6504","post","type-post","status-publish","format-standard","has-post-thumbnail","hentry","category-11","category-pomoc-ukrainie"],"rttpg_featured_image_url":{"full":["https:\/\/rotary.zamosc.pl\/wp-content\/uploads\/2023\/05\/Rotarianie-z-RC-Zamosc-zawiezli-produkty-medyczne-ufundowane-przez-niemieckich-rotarian-2.jpg",945,2048,false],"landscape":["https:\/\/rotary.zamosc.pl\/wp-content\/uploads\/2023\/05\/Rotarianie-z-RC-Zamosc-zawiezli-produkty-medyczne-ufundowane-przez-niemieckich-rotarian-2.jpg",945,2048,false],"portraits":["https:\/\/rotary.zamosc.pl\/wp-content\/uploads\/2023\/05\/Rotarianie-z-RC-Zamosc-zawiezli-produkty-medyczne-ufundowane-przez-niemieckich-rotarian-2.jpg",945,2048,false],"thumbnail":["https:\/\/rotary.zamosc.pl\/wp-content\/uploads\/2023\/05\/Rotarianie-z-RC-Zamosc-zawiezli-produkty-medyczne-ufundowane-przez-niemieckich-rotarian-2-150x150.jpg",150,150,true],"medium":["https:\/\/rotary.zamosc.pl\/wp-content\/uploads\/2023\/05\/Rotarianie-z-RC-Zamosc-zawiezli-produkty-medyczne-ufundowane-przez-niemieckich-rotarian-2-138x300.jpg",138,300,true],"large":["https:\/\/rotary.zamosc.pl\/wp-content\/uploads\/2023\/05\/Rotarianie-z-RC-Zamosc-zawiezli-produkty-medyczne-ufundowane-przez-niemieckich-rotarian-2-700x1517.jpg",700,1517,true],"1536x1536":["https:\/\/rotary.zamosc.pl\/wp-content\/uploads\/2023\/05\/Rotarianie-z-RC-Zamosc-zawiezli-produkty-medyczne-ufundowane-przez-niemieckich-rotarian-2-709x1536.jpg",709,1536,true],"2048x2048":["https:\/\/rotary.zamosc.pl\/wp-content\/uploads\/2023\/05\/Rotarianie-z-RC-Zamosc-zawiezli-produkty-medyczne-ufundowane-przez-niemieckich-rotarian-2.jpg",945,2048,false],"post-thumbnail":["https:\/\/rotary.zamosc.pl\/wp-content\/uploads\/2023\/05\/Rotarianie-z-RC-Zamosc-zawiezli-produkty-medyczne-ufundowane-przez-niemieckich-rotarian-2-800x1734.jpg",800,1734,true],"graphy-post-thumbnail-large":["https:\/\/rotary.zamosc.pl\/wp-content\/uploads\/2023\/05\/Rotarianie-z-RC-Zamosc-zawiezli-produkty-medyczne-ufundowane-przez-niemieckich-rotarian-2-945x600.jpg",945,600,true],"graphy-post-thumbnail-medium":["https:\/\/rotary.zamosc.pl\/wp-content\/uploads\/2023\/05\/Rotarianie-z-RC-Zamosc-zawiezli-produkty-medyczne-ufundowane-przez-niemieckich-rotarian-2-482x300.jpg",482,300,true],"graphy-post-thumbnail-small":["https:\/\/rotary.zamosc.pl\/wp-content\/uploads\/2023\/05\/Rotarianie-z-RC-Zamosc-zawiezli-produkty-medyczne-ufundowane-przez-niemieckich-rotarian-2-80x60.jpg",80,60,true],"graphy-page-thumbnail":["https:\/\/rotary.zamosc.pl\/wp-content\/uploads\/2023\/05\/Rotarianie-z-RC-Zamosc-zawiezli-produkty-medyczne-ufundowane-przez-niemieckich-rotarian-2-945x350.jpg",945,350,true],"sow-carousel-default":["https:\/\/rotary.zamosc.pl\/wp-content\/uploads\/2023\/05\/Rotarianie-z-RC-Zamosc-zawiezli-produkty-medyczne-ufundowane-przez-niemieckich-rotarian-2-272x182.jpg",272,182,true]},"rttpg_author":{"display_name":"rotaryzamosc","author_link":"https:\/\/rotary.zamosc.pl\/index.php\/author\/rotaryzamosc\/"},"rttpg_comment":0,"rttpg_category":"<a href=\"https:\/\/rotary.zamosc.pl\/index.php\/category\/2023\/\" rel=\"category tag\">2023<\/a> <a href=\"https:\/\/rotary.zamosc.pl\/index.php\/category\/pomoc-ukrainie\/\" rel=\"category tag\">Pomoc Ukrainie<\/a>","rttpg_excerpt":"W dniach 12 i 13 maja br. nasi koledzy klubowi przebywali w Ukrainie, w Iwano-Frankowsku, gdzie zawie\u017ali produkty medyczne min. strzykawki, ig\u0142y jednorazowe, opatrunki ja\u0142owe, banda\u017ce. Transport o warto\u015bci 10 tys. euro ufundowany przez rotarian z RC Hanau w Niemczech trafi\u0142 do Centrum Ratownictwa Medycznego w Iwano-Frankowsku. Ponadto dostarczono produkty spo\u017cywcze,ubrania dla ma\u0142ych dzieci, zabawki...","_links":{"self":[{"href":"https:\/\/rotary.zamosc.pl\/index.php\/wp-json\/wp\/v2\/posts\/6504","targetHints":{"allow":["GET"]}}],"collection":[{"href":"https:\/\/rotary.zamosc.pl\/index.php\/wp-json\/wp\/v2\/posts"}],"about":[{"href":"https:\/\/rotary.zamosc.pl\/index.php\/wp-json\/wp\/v2\/types\/post"}],"author":[{"embeddable":true,"href":"https:\/\/rotary.zamosc.pl\/index.php\/wp-json\/wp\/v2\/users\/1"}],"replies":[{"embeddable":true,"href":"https:\/\/rotary.zamosc.pl\/index.php\/wp-json\/wp\/v2\/comments?post=6504"}],"version-history":[{"count":1,"href":"https:\/\/rotary.zamosc.pl\/index.php\/wp-json\/wp\/v2\/posts\/6504\/revisions"}],"predecessor-version":[{"id":6505,"href":"https:\/\/rotary.zamosc.pl\/index.php\/wp-json\/wp\/v2\/posts\/6504\/revisions\/6505"}],"wp:featuredmedia":[{"embeddable":true,"href":"https:\/\/rotary.zamosc.pl\/index.php\/wp-json\/wp\/v2\/media\/3636"}],"wp:attachment":[{"href":"https:\/\/rotary.zamosc.pl\/index.php\/wp-json\/wp\/v2\/media?parent=6504"}],"wp:term":[{"taxonomy":"category","embeddable":true,"href":"https:\/\/rotary.zamosc.pl\/index.php\/wp-json\/wp\/v2\/categories?post=6504"},{"taxonomy":"post_tag","embeddable":true,"href":"https:\/\/rotary.zamosc.pl\/index.php\/wp-json\/wp\/v2\/tags?post=6504"}],"curies":[{"name":"wp","href":"https:\/\/api.w.org\/{rel}","templated":true}]}}