{"id":6506,"date":"2023-05-03T09:47:00","date_gmt":"2023-05-03T07:47:00","guid":{"rendered":"https:\/\/rotary.zamosc.pl\/?p=6506"},"modified":"2026-03-17T09:48:40","modified_gmt":"2026-03-17T08:48:40","slug":"232-rocznica-uchwalenia-konstytucji-3-maja","status":"publish","type":"post","link":"https:\/\/rotary.zamosc.pl\/index.php\/2023\/05\/03\/232-rocznica-uchwalenia-konstytucji-3-maja\/","title":{"rendered":"232 rocznica uchwalenia Konstytucji 3 maja"},"content":{"rendered":"\n<p class=\"wp-block-paragraph\">Nasz klub Rotary Zamo\u015b\u0107 tradycyjnie wzi\u0105\u0142 udzia\u0142 w obchodach rocznicy uchwalenia Konstytucji 3 maja, kt\u00f3ra by\u0142a pierwsz\u0105 w Europie i drug\u0105 po Stanach Zjednoczonych. Konstytucj\u0119 uchwali\u0142 Sejm Czteroletni, zwany Wielkim. Sama Konstytucji z aktu prawnego sta\u0142a si\u0119 symbolem historyczno-narodowym. Kolejne rocznice jej uchwalenia by\u0142y okazj\u0105 do zamanifestowania wolno\u015bci narodu wobec obcej w\u0142adzy, czy suwerenno\u015bci spo\u0142ecze\u0144stwa wobec rz\u0105dz\u0105cych. <\/p>\n\n\n\n<p class=\"wp-block-paragraph\">Uroczysto\u015b\u0107 z ceremonia\u0142em wojskowym odby\u0142a si\u0119 na Rynku Wielkim w Zamo\u015bciu.Wi\u0105zank\u0119 kwiat\u00f3w w imieniu klubu z\u0142o\u017cyli Prezydent RC Zamo\u015b\u0107 El\u017cbieta Szyma\u0144ska i Henryk Gajewski.<\/p>\n\n\n\n<figure class=\"wp-block-gallery has-nested-images columns-1 is-cropped wp-block-gallery-1 is-layout-flex wp-block-gallery-is-layout-flex\">\n<figure class=\"wp-block-image size-large\"><img fetchpriority=\"high\" decoding=\"async\" width=\"700\" height=\"466\" data-id=\"3629\" src=\"https:\/\/rotary.zamosc.pl\/wp-content\/uploads\/2023\/05\/232-rocznica-uchwalenia-Konstytucji-3-maja-3-700x466.jpg\" alt=\"\" class=\"wp-image-3629\" srcset=\"https:\/\/rotary.zamosc.pl\/wp-content\/uploads\/2023\/05\/232-rocznica-uchwalenia-Konstytucji-3-maja-3-700x466.jpg 700w, https:\/\/rotary.zamosc.pl\/wp-content\/uploads\/2023\/05\/232-rocznica-uchwalenia-Konstytucji-3-maja-3-300x200.jpg 300w, https:\/\/rotary.zamosc.pl\/wp-content\/uploads\/2023\/05\/232-rocznica-uchwalenia-Konstytucji-3-maja-3-768x512.jpg 768w, https:\/\/rotary.zamosc.pl\/wp-content\/uploads\/2023\/05\/232-rocznica-uchwalenia-Konstytucji-3-maja-3-1536x1023.jpg 1536w, https:\/\/rotary.zamosc.pl\/wp-content\/uploads\/2023\/05\/232-rocznica-uchwalenia-Konstytucji-3-maja-3-800x533.jpg 800w, https:\/\/rotary.zamosc.pl\/wp-content\/uploads\/2023\/05\/232-rocznica-uchwalenia-Konstytucji-3-maja-3-272x182.jpg 272w, https:\/\/rotary.zamosc.pl\/wp-content\/uploads\/2023\/05\/232-rocznica-uchwalenia-Konstytucji-3-maja-3.jpg 1600w\" sizes=\"(max-width: 700px) 100vw, 700px\" \/><\/figure>\n\n\n\n<figure class=\"wp-block-image size-large\"><img decoding=\"async\" width=\"700\" height=\"466\" data-id=\"3628\" src=\"https:\/\/rotary.zamosc.pl\/wp-content\/uploads\/2023\/05\/232-rocznica-uchwalenia-Konstytucji-3-maja-2-700x466.jpg\" alt=\"\" class=\"wp-image-3628\" srcset=\"https:\/\/rotary.zamosc.pl\/wp-content\/uploads\/2023\/05\/232-rocznica-uchwalenia-Konstytucji-3-maja-2-700x466.jpg 700w, https:\/\/rotary.zamosc.pl\/wp-content\/uploads\/2023\/05\/232-rocznica-uchwalenia-Konstytucji-3-maja-2-300x200.jpg 300w, https:\/\/rotary.zamosc.pl\/wp-content\/uploads\/2023\/05\/232-rocznica-uchwalenia-Konstytucji-3-maja-2-768x512.jpg 768w, https:\/\/rotary.zamosc.pl\/wp-content\/uploads\/2023\/05\/232-rocznica-uchwalenia-Konstytucji-3-maja-2-1536x1023.jpg 1536w, https:\/\/rotary.zamosc.pl\/wp-content\/uploads\/2023\/05\/232-rocznica-uchwalenia-Konstytucji-3-maja-2-800x533.jpg 800w, https:\/\/rotary.zamosc.pl\/wp-content\/uploads\/2023\/05\/232-rocznica-uchwalenia-Konstytucji-3-maja-2-272x182.jpg 272w, https:\/\/rotary.zamosc.pl\/wp-content\/uploads\/2023\/05\/232-rocznica-uchwalenia-Konstytucji-3-maja-2.jpg 1600w\" sizes=\"(max-width: 700px) 100vw, 700px\" \/><\/figure>\n<\/figure>\n","protected":false},"excerpt":{"rendered":"<p>Nasz klub Rotary Zamo\u015b\u0107 tradycyjnie wzi\u0105\u0142 udzia\u0142 w obchodach rocznicy uchwalenia Konstytucji 3 maja, kt\u00f3ra by\u0142a pierwsz\u0105 w Europie i drug\u0105 po Stanach Zjednoczonych. Konstytucj\u0119 uchwali\u0142 Sejm Czteroletni, zwany Wielkim. Sama Konstytucji z aktu prawnego sta\u0142a si\u0119 symbolem historyczno-narodowym. Kolejne rocznice jej uchwalenia by\u0142y okazj\u0105 do zamanifestowania wolno\u015bci narodu wobec obcej w\u0142adzy, czy suwerenno\u015bci spo\u0142ecze\u0144stwa&#8230;<\/p>\n","protected":false},"author":1,"featured_media":3627,"comment_status":"open","ping_status":"open","sticky":false,"template":"","format":"standard","meta":{"footnotes":""},"categories":[11],"tags":[],"class_list":["post-6506","post","type-post","status-publish","format-standard","has-post-thumbnail","hentry","category-11"],"rttpg_featured_image_url":{"full":["https:\/\/rotary.zamosc.pl\/wp-content\/uploads\/2023\/05\/232-rocznica-uchwalenia-Konstytucji-3-maja-1.jpg",1462,1066,false],"landscape":["https:\/\/rotary.zamosc.pl\/wp-content\/uploads\/2023\/05\/232-rocznica-uchwalenia-Konstytucji-3-maja-1.jpg",1462,1066,false],"portraits":["https:\/\/rotary.zamosc.pl\/wp-content\/uploads\/2023\/05\/232-rocznica-uchwalenia-Konstytucji-3-maja-1.jpg",1462,1066,false],"thumbnail":["https:\/\/rotary.zamosc.pl\/wp-content\/uploads\/2023\/05\/232-rocznica-uchwalenia-Konstytucji-3-maja-1-150x150.jpg",150,150,true],"medium":["https:\/\/rotary.zamosc.pl\/wp-content\/uploads\/2023\/05\/232-rocznica-uchwalenia-Konstytucji-3-maja-1-300x219.jpg",300,219,true],"large":["https:\/\/rotary.zamosc.pl\/wp-content\/uploads\/2023\/05\/232-rocznica-uchwalenia-Konstytucji-3-maja-1-700x510.jpg",700,510,true],"1536x1536":["https:\/\/rotary.zamosc.pl\/wp-content\/uploads\/2023\/05\/232-rocznica-uchwalenia-Konstytucji-3-maja-1.jpg",1462,1066,false],"2048x2048":["https:\/\/rotary.zamosc.pl\/wp-content\/uploads\/2023\/05\/232-rocznica-uchwalenia-Konstytucji-3-maja-1.jpg",1462,1066,false],"post-thumbnail":["https:\/\/rotary.zamosc.pl\/wp-content\/uploads\/2023\/05\/232-rocznica-uchwalenia-Konstytucji-3-maja-1-800x583.jpg",800,583,true],"graphy-post-thumbnail-large":["https:\/\/rotary.zamosc.pl\/wp-content\/uploads\/2023\/05\/232-rocznica-uchwalenia-Konstytucji-3-maja-1-1080x600.jpg",1080,600,true],"graphy-post-thumbnail-medium":["https:\/\/rotary.zamosc.pl\/wp-content\/uploads\/2023\/05\/232-rocznica-uchwalenia-Konstytucji-3-maja-1-482x300.jpg",482,300,true],"graphy-post-thumbnail-small":["https:\/\/rotary.zamosc.pl\/wp-content\/uploads\/2023\/05\/232-rocznica-uchwalenia-Konstytucji-3-maja-1-80x60.jpg",80,60,true],"graphy-page-thumbnail":["https:\/\/rotary.zamosc.pl\/wp-content\/uploads\/2023\/05\/232-rocznica-uchwalenia-Konstytucji-3-maja-1-1260x350.jpg",1260,350,true],"sow-carousel-default":["https:\/\/rotary.zamosc.pl\/wp-content\/uploads\/2023\/05\/232-rocznica-uchwalenia-Konstytucji-3-maja-1-272x182.jpg",272,182,true]},"rttpg_author":{"display_name":"rotaryzamosc","author_link":"https:\/\/rotary.zamosc.pl\/index.php\/author\/rotaryzamosc\/"},"rttpg_comment":0,"rttpg_category":"<a href=\"https:\/\/rotary.zamosc.pl\/index.php\/category\/2023\/\" rel=\"category tag\">2023<\/a>","rttpg_excerpt":"Nasz klub Rotary Zamo\u015b\u0107 tradycyjnie wzi\u0105\u0142 udzia\u0142 w obchodach rocznicy uchwalenia Konstytucji 3 maja, kt\u00f3ra by\u0142a pierwsz\u0105 w Europie i drug\u0105 po Stanach Zjednoczonych. Konstytucj\u0119 uchwali\u0142 Sejm Czteroletni, zwany Wielkim. Sama Konstytucji z aktu prawnego sta\u0142a si\u0119 symbolem historyczno-narodowym. Kolejne rocznice jej uchwalenia by\u0142y okazj\u0105 do zamanifestowania wolno\u015bci narodu wobec obcej w\u0142adzy, czy suwerenno\u015bci spo\u0142ecze\u0144stwa...","_links":{"self":[{"href":"https:\/\/rotary.zamosc.pl\/index.php\/wp-json\/wp\/v2\/posts\/6506","targetHints":{"allow":["GET"]}}],"collection":[{"href":"https:\/\/rotary.zamosc.pl\/index.php\/wp-json\/wp\/v2\/posts"}],"about":[{"href":"https:\/\/rotary.zamosc.pl\/index.php\/wp-json\/wp\/v2\/types\/post"}],"author":[{"embeddable":true,"href":"https:\/\/rotary.zamosc.pl\/index.php\/wp-json\/wp\/v2\/users\/1"}],"replies":[{"embeddable":true,"href":"https:\/\/rotary.zamosc.pl\/index.php\/wp-json\/wp\/v2\/comments?post=6506"}],"version-history":[{"count":1,"href":"https:\/\/rotary.zamosc.pl\/index.php\/wp-json\/wp\/v2\/posts\/6506\/revisions"}],"predecessor-version":[{"id":6507,"href":"https:\/\/rotary.zamosc.pl\/index.php\/wp-json\/wp\/v2\/posts\/6506\/revisions\/6507"}],"wp:featuredmedia":[{"embeddable":true,"href":"https:\/\/rotary.zamosc.pl\/index.php\/wp-json\/wp\/v2\/media\/3627"}],"wp:attachment":[{"href":"https:\/\/rotary.zamosc.pl\/index.php\/wp-json\/wp\/v2\/media?parent=6506"}],"wp:term":[{"taxonomy":"category","embeddable":true,"href":"https:\/\/rotary.zamosc.pl\/index.php\/wp-json\/wp\/v2\/categories?post=6506"},{"taxonomy":"post_tag","embeddable":true,"href":"https:\/\/rotary.zamosc.pl\/index.php\/wp-json\/wp\/v2\/tags?post=6506"}],"curies":[{"name":"wp","href":"https:\/\/api.w.org\/{rel}","templated":true}]}}