{"id":6514,"date":"2023-03-21T09:53:00","date_gmt":"2023-03-21T08:53:00","guid":{"rendered":"https:\/\/rotary.zamosc.pl\/?p=6514"},"modified":"2026-03-17T09:54:41","modified_gmt":"2026-03-17T08:54:41","slug":"100-nowych-drzew-i-czyszczenie-lasu-na-miedzynarodowy-dzien-lasow","status":"publish","type":"post","link":"https:\/\/rotary.zamosc.pl\/index.php\/2023\/03\/21\/100-nowych-drzew-i-czyszczenie-lasu-na-miedzynarodowy-dzien-lasow\/","title":{"rendered":"100 nowych drzew i czyszczenie lasu na &#8222;Mi\u0119dzynarodowy Dzie\u0144 Las\u00f3w&#8221;"},"content":{"rendered":"\n<p class=\"wp-block-paragraph\">Pierwszy dzie\u0144 wiosny i jednocze\u015bnie &#8222;Mi\u0119dzynarodowy Dzie\u0144 Las\u00f3w&#8221;, \u015bwi\u0119to ustanowione przez ONZ, uczcili\u015bmy sprz\u0105taj\u0105c las przylegaj\u0105cy do zalewu miejskiego w Zamo\u015bciu.<\/p>\n\n\n\n<p class=\"wp-block-paragraph\">Pomys\u0142 akcji &#8222;Sprz\u0105tamy las wok\u00f3\u0142 nas&#8221; zrodzi\u0142 si\u0119 w\u015br\u00f3d wolontariuszy PLSP w Zamo\u015bciu, a podchwyci\u0142 i pozyska\u0142 partner\u00f3w RC Zamo\u015b\u0107.<\/p>\n\n\n\n<p class=\"wp-block-paragraph\">Tym samym do akcji do\u0142\u0105czyli: Urz\u0105d Miasta Zamo\u015b\u0107, PGK, Zarz\u0105d Okr\u0119gowy PZ\u0141, PZW, OSiR, Centrum Edukacji i Pracy M\u0142odzie\u017cy OHP, Centrum Szk\u00f3\u0142 Mundurowych, PLSP w Zamo\u015bciu oraz 25 Batalion Lekkiej Piechoty z pokazami dla m\u0142odzie\u017cy.<\/p>\n\n\n\n<p class=\"wp-block-paragraph\">Akcja sprz\u0105tania lasu rozpocz\u0119\u0142a si\u0119 od wyst\u0105pienia Pani Klaudii Malec z PGK, kt\u00f3ra przypomnia\u0142a zasady segregowania \u015bmieci, po czym wszyscy otrzymali stosowne worki i r\u0119kawice. Pracy by\u0142o sporo, zebrali\u015bmy &#8222;imponujace&#8221; ilo\u015bci szklanych butelek, puszek i wszelkiego rodzaju plastiku. Wory pe\u0142ne \u015bmieci wywioz\u0142y spod O\u015brodka Edukacji, Strzelectwa i Historii \u0141owiectwa, ci\u0119\u017car\u00f3wki PGK.<\/p>\n\n\n\n<p class=\"wp-block-paragraph\">W\u0142\u0105czaj\u0105c si\u0119 do akcji PZ\u0141 podarowa\u0142 sadzonki 100 drzew m.in. dere\u0144, jarz\u0105b, dzik\u0105 grusz\u0119, kt\u00f3re wsp\u00f3lnie z m\u0142odzie\u017c\u0105 posadzili\u015bmy w pobli\u017cu w.w. o\u015brodka przy ul. \u0179r\u00f3dlanej. Po sko\u0144czonej akcji wszyscy uczestnicy spotkali si\u0119 na terenie o\u015brodka Polskiego Zwi\u0105zku \u0141owieckiego, gdzie odby\u0142y si\u0119 pokazy zorganizowane przez wojskowych z Batalionu Piechoty Lekkiej, jak r\u00f3wnie\u017c mo\u017cna by\u0142o si\u0119 posili\u0107 m.in. pyszn\u0105 groch\u00f3wk\u0105 przygotowan\u0105 przez OHP w Zamo\u015bciu. W podzi\u0119kowaniu za wsp\u00f3\u0142prac\u0119 i udzia\u0142 w akcji sprz\u0105tania lasu Prezydent RC Zamo\u015b\u0107 El\u017cbieta Szyma\u0144ska wr\u0119czy\u0142a pami\u0105tkowe dyplomy.<\/p>\n\n\n\n<figure class=\"wp-block-gallery has-nested-images columns-1 is-cropped wp-block-gallery-1 is-layout-flex wp-block-gallery-is-layout-flex\">\n<figure class=\"wp-block-image size-large\"><img fetchpriority=\"high\" decoding=\"async\" width=\"700\" height=\"394\" data-id=\"3461\" src=\"https:\/\/rotary.zamosc.pl\/wp-content\/uploads\/2023\/03\/100-nowych-drzew-i-czyszczenie-lasu-na-Miedzynarodowy-Dzien-Lasow-2023-16-700x394.jpg\" alt=\"\" class=\"wp-image-3461\" srcset=\"https:\/\/rotary.zamosc.pl\/wp-content\/uploads\/2023\/03\/100-nowych-drzew-i-czyszczenie-lasu-na-Miedzynarodowy-Dzien-Lasow-2023-16-700x394.jpg 700w, https:\/\/rotary.zamosc.pl\/wp-content\/uploads\/2023\/03\/100-nowych-drzew-i-czyszczenie-lasu-na-Miedzynarodowy-Dzien-Lasow-2023-16-300x169.jpg 300w, https:\/\/rotary.zamosc.pl\/wp-content\/uploads\/2023\/03\/100-nowych-drzew-i-czyszczenie-lasu-na-Miedzynarodowy-Dzien-Lasow-2023-16-768x432.jpg 768w, https:\/\/rotary.zamosc.pl\/wp-content\/uploads\/2023\/03\/100-nowych-drzew-i-czyszczenie-lasu-na-Miedzynarodowy-Dzien-Lasow-2023-16-1536x864.jpg 1536w, https:\/\/rotary.zamosc.pl\/wp-content\/uploads\/2023\/03\/100-nowych-drzew-i-czyszczenie-lasu-na-Miedzynarodowy-Dzien-Lasow-2023-16-800x450.jpg 800w, https:\/\/rotary.zamosc.pl\/wp-content\/uploads\/2023\/03\/100-nowych-drzew-i-czyszczenie-lasu-na-Miedzynarodowy-Dzien-Lasow-2023-16.jpg 1600w\" sizes=\"(max-width: 700px) 100vw, 700px\" \/><\/figure>\n\n\n\n<figure class=\"wp-block-image size-large\"><img decoding=\"async\" width=\"700\" height=\"394\" data-id=\"3460\" src=\"https:\/\/rotary.zamosc.pl\/wp-content\/uploads\/2023\/03\/100-nowych-drzew-i-czyszczenie-lasu-na-Miedzynarodowy-Dzien-Lasow-2023-15-700x394.jpg\" alt=\"\" class=\"wp-image-3460\" srcset=\"https:\/\/rotary.zamosc.pl\/wp-content\/uploads\/2023\/03\/100-nowych-drzew-i-czyszczenie-lasu-na-Miedzynarodowy-Dzien-Lasow-2023-15-700x394.jpg 700w, https:\/\/rotary.zamosc.pl\/wp-content\/uploads\/2023\/03\/100-nowych-drzew-i-czyszczenie-lasu-na-Miedzynarodowy-Dzien-Lasow-2023-15-300x169.jpg 300w, https:\/\/rotary.zamosc.pl\/wp-content\/uploads\/2023\/03\/100-nowych-drzew-i-czyszczenie-lasu-na-Miedzynarodowy-Dzien-Lasow-2023-15-768x432.jpg 768w, https:\/\/rotary.zamosc.pl\/wp-content\/uploads\/2023\/03\/100-nowych-drzew-i-czyszczenie-lasu-na-Miedzynarodowy-Dzien-Lasow-2023-15-1536x864.jpg 1536w, https:\/\/rotary.zamosc.pl\/wp-content\/uploads\/2023\/03\/100-nowych-drzew-i-czyszczenie-lasu-na-Miedzynarodowy-Dzien-Lasow-2023-15-800x450.jpg 800w, https:\/\/rotary.zamosc.pl\/wp-content\/uploads\/2023\/03\/100-nowych-drzew-i-czyszczenie-lasu-na-Miedzynarodowy-Dzien-Lasow-2023-15.jpg 1600w\" sizes=\"(max-width: 700px) 100vw, 700px\" \/><\/figure>\n\n\n\n<figure class=\"wp-block-image size-large\"><img decoding=\"async\" width=\"700\" height=\"394\" data-id=\"3459\" src=\"https:\/\/rotary.zamosc.pl\/wp-content\/uploads\/2023\/03\/100-nowych-drzew-i-czyszczenie-lasu-na-Miedzynarodowy-Dzien-Lasow-2023-14-700x394.jpg\" alt=\"\" class=\"wp-image-3459\" srcset=\"https:\/\/rotary.zamosc.pl\/wp-content\/uploads\/2023\/03\/100-nowych-drzew-i-czyszczenie-lasu-na-Miedzynarodowy-Dzien-Lasow-2023-14-700x394.jpg 700w, https:\/\/rotary.zamosc.pl\/wp-content\/uploads\/2023\/03\/100-nowych-drzew-i-czyszczenie-lasu-na-Miedzynarodowy-Dzien-Lasow-2023-14-300x169.jpg 300w, https:\/\/rotary.zamosc.pl\/wp-content\/uploads\/2023\/03\/100-nowych-drzew-i-czyszczenie-lasu-na-Miedzynarodowy-Dzien-Lasow-2023-14-768x432.jpg 768w, https:\/\/rotary.zamosc.pl\/wp-content\/uploads\/2023\/03\/100-nowych-drzew-i-czyszczenie-lasu-na-Miedzynarodowy-Dzien-Lasow-2023-14-1536x864.jpg 1536w, https:\/\/rotary.zamosc.pl\/wp-content\/uploads\/2023\/03\/100-nowych-drzew-i-czyszczenie-lasu-na-Miedzynarodowy-Dzien-Lasow-2023-14-800x450.jpg 800w, https:\/\/rotary.zamosc.pl\/wp-content\/uploads\/2023\/03\/100-nowych-drzew-i-czyszczenie-lasu-na-Miedzynarodowy-Dzien-Lasow-2023-14.jpg 1600w\" sizes=\"(max-width: 700px) 100vw, 700px\" \/><\/figure>\n\n\n\n<figure class=\"wp-block-image size-large\"><img loading=\"lazy\" decoding=\"async\" width=\"700\" height=\"394\" data-id=\"3458\" src=\"https:\/\/rotary.zamosc.pl\/wp-content\/uploads\/2023\/03\/100-nowych-drzew-i-czyszczenie-lasu-na-Miedzynarodowy-Dzien-Lasow-2023-13-700x394.jpg\" alt=\"\" class=\"wp-image-3458\" srcset=\"https:\/\/rotary.zamosc.pl\/wp-content\/uploads\/2023\/03\/100-nowych-drzew-i-czyszczenie-lasu-na-Miedzynarodowy-Dzien-Lasow-2023-13-700x394.jpg 700w, https:\/\/rotary.zamosc.pl\/wp-content\/uploads\/2023\/03\/100-nowych-drzew-i-czyszczenie-lasu-na-Miedzynarodowy-Dzien-Lasow-2023-13-300x169.jpg 300w, https:\/\/rotary.zamosc.pl\/wp-content\/uploads\/2023\/03\/100-nowych-drzew-i-czyszczenie-lasu-na-Miedzynarodowy-Dzien-Lasow-2023-13-768x432.jpg 768w, https:\/\/rotary.zamosc.pl\/wp-content\/uploads\/2023\/03\/100-nowych-drzew-i-czyszczenie-lasu-na-Miedzynarodowy-Dzien-Lasow-2023-13-1536x864.jpg 1536w, https:\/\/rotary.zamosc.pl\/wp-content\/uploads\/2023\/03\/100-nowych-drzew-i-czyszczenie-lasu-na-Miedzynarodowy-Dzien-Lasow-2023-13-800x450.jpg 800w, https:\/\/rotary.zamosc.pl\/wp-content\/uploads\/2023\/03\/100-nowych-drzew-i-czyszczenie-lasu-na-Miedzynarodowy-Dzien-Lasow-2023-13.jpg 1600w\" sizes=\"(max-width: 700px) 100vw, 700px\" \/><\/figure>\n\n\n\n<figure class=\"wp-block-image size-large\"><img loading=\"lazy\" decoding=\"async\" width=\"700\" height=\"394\" data-id=\"3456\" src=\"https:\/\/rotary.zamosc.pl\/wp-content\/uploads\/2023\/03\/100-nowych-drzew-i-czyszczenie-lasu-na-Miedzynarodowy-Dzien-Lasow-2023-11-700x394.jpg\" alt=\"\" class=\"wp-image-3456\" srcset=\"https:\/\/rotary.zamosc.pl\/wp-content\/uploads\/2023\/03\/100-nowych-drzew-i-czyszczenie-lasu-na-Miedzynarodowy-Dzien-Lasow-2023-11-700x394.jpg 700w, https:\/\/rotary.zamosc.pl\/wp-content\/uploads\/2023\/03\/100-nowych-drzew-i-czyszczenie-lasu-na-Miedzynarodowy-Dzien-Lasow-2023-11-300x169.jpg 300w, https:\/\/rotary.zamosc.pl\/wp-content\/uploads\/2023\/03\/100-nowych-drzew-i-czyszczenie-lasu-na-Miedzynarodowy-Dzien-Lasow-2023-11-768x432.jpg 768w, https:\/\/rotary.zamosc.pl\/wp-content\/uploads\/2023\/03\/100-nowych-drzew-i-czyszczenie-lasu-na-Miedzynarodowy-Dzien-Lasow-2023-11-1536x864.jpg 1536w, https:\/\/rotary.zamosc.pl\/wp-content\/uploads\/2023\/03\/100-nowych-drzew-i-czyszczenie-lasu-na-Miedzynarodowy-Dzien-Lasow-2023-11-800x450.jpg 800w, https:\/\/rotary.zamosc.pl\/wp-content\/uploads\/2023\/03\/100-nowych-drzew-i-czyszczenie-lasu-na-Miedzynarodowy-Dzien-Lasow-2023-11.jpg 1600w\" sizes=\"(max-width: 700px) 100vw, 700px\" \/><\/figure>\n\n\n\n<figure class=\"wp-block-image size-large\"><img loading=\"lazy\" decoding=\"async\" width=\"700\" height=\"394\" data-id=\"3454\" src=\"https:\/\/rotary.zamosc.pl\/wp-content\/uploads\/2023\/03\/100-nowych-drzew-i-czyszczenie-lasu-na-Miedzynarodowy-Dzien-Lasow-2023-9-700x394.jpg\" alt=\"\" class=\"wp-image-3454\" srcset=\"https:\/\/rotary.zamosc.pl\/wp-content\/uploads\/2023\/03\/100-nowych-drzew-i-czyszczenie-lasu-na-Miedzynarodowy-Dzien-Lasow-2023-9-700x394.jpg 700w, https:\/\/rotary.zamosc.pl\/wp-content\/uploads\/2023\/03\/100-nowych-drzew-i-czyszczenie-lasu-na-Miedzynarodowy-Dzien-Lasow-2023-9-300x169.jpg 300w, https:\/\/rotary.zamosc.pl\/wp-content\/uploads\/2023\/03\/100-nowych-drzew-i-czyszczenie-lasu-na-Miedzynarodowy-Dzien-Lasow-2023-9-768x432.jpg 768w, https:\/\/rotary.zamosc.pl\/wp-content\/uploads\/2023\/03\/100-nowych-drzew-i-czyszczenie-lasu-na-Miedzynarodowy-Dzien-Lasow-2023-9-1536x864.jpg 1536w, https:\/\/rotary.zamosc.pl\/wp-content\/uploads\/2023\/03\/100-nowych-drzew-i-czyszczenie-lasu-na-Miedzynarodowy-Dzien-Lasow-2023-9-800x450.jpg 800w, https:\/\/rotary.zamosc.pl\/wp-content\/uploads\/2023\/03\/100-nowych-drzew-i-czyszczenie-lasu-na-Miedzynarodowy-Dzien-Lasow-2023-9.jpg 1600w\" sizes=\"(max-width: 700px) 100vw, 700px\" \/><\/figure>\n\n\n\n<figure class=\"wp-block-image size-large\"><img loading=\"lazy\" decoding=\"async\" width=\"700\" height=\"394\" data-id=\"3453\" src=\"https:\/\/rotary.zamosc.pl\/wp-content\/uploads\/2023\/03\/100-nowych-drzew-i-czyszczenie-lasu-na-Miedzynarodowy-Dzien-Lasow-2023-8-700x394.jpg\" alt=\"\" class=\"wp-image-3453\" srcset=\"https:\/\/rotary.zamosc.pl\/wp-content\/uploads\/2023\/03\/100-nowych-drzew-i-czyszczenie-lasu-na-Miedzynarodowy-Dzien-Lasow-2023-8-700x394.jpg 700w, https:\/\/rotary.zamosc.pl\/wp-content\/uploads\/2023\/03\/100-nowych-drzew-i-czyszczenie-lasu-na-Miedzynarodowy-Dzien-Lasow-2023-8-300x169.jpg 300w, https:\/\/rotary.zamosc.pl\/wp-content\/uploads\/2023\/03\/100-nowych-drzew-i-czyszczenie-lasu-na-Miedzynarodowy-Dzien-Lasow-2023-8-768x432.jpg 768w, https:\/\/rotary.zamosc.pl\/wp-content\/uploads\/2023\/03\/100-nowych-drzew-i-czyszczenie-lasu-na-Miedzynarodowy-Dzien-Lasow-2023-8-1536x864.jpg 1536w, https:\/\/rotary.zamosc.pl\/wp-content\/uploads\/2023\/03\/100-nowych-drzew-i-czyszczenie-lasu-na-Miedzynarodowy-Dzien-Lasow-2023-8-800x450.jpg 800w, https:\/\/rotary.zamosc.pl\/wp-content\/uploads\/2023\/03\/100-nowych-drzew-i-czyszczenie-lasu-na-Miedzynarodowy-Dzien-Lasow-2023-8.jpg 1600w\" sizes=\"(max-width: 700px) 100vw, 700px\" \/><\/figure>\n\n\n\n<figure class=\"wp-block-image size-large\"><img loading=\"lazy\" decoding=\"async\" width=\"700\" height=\"394\" data-id=\"3448\" src=\"https:\/\/rotary.zamosc.pl\/wp-content\/uploads\/2023\/03\/100-nowych-drzew-i-czyszczenie-lasu-na-Miedzynarodowy-Dzien-Lasow-2023-3-700x394.jpg\" alt=\"\" class=\"wp-image-3448\" srcset=\"https:\/\/rotary.zamosc.pl\/wp-content\/uploads\/2023\/03\/100-nowych-drzew-i-czyszczenie-lasu-na-Miedzynarodowy-Dzien-Lasow-2023-3-700x394.jpg 700w, https:\/\/rotary.zamosc.pl\/wp-content\/uploads\/2023\/03\/100-nowych-drzew-i-czyszczenie-lasu-na-Miedzynarodowy-Dzien-Lasow-2023-3-300x169.jpg 300w, https:\/\/rotary.zamosc.pl\/wp-content\/uploads\/2023\/03\/100-nowych-drzew-i-czyszczenie-lasu-na-Miedzynarodowy-Dzien-Lasow-2023-3-768x432.jpg 768w, https:\/\/rotary.zamosc.pl\/wp-content\/uploads\/2023\/03\/100-nowych-drzew-i-czyszczenie-lasu-na-Miedzynarodowy-Dzien-Lasow-2023-3-1536x864.jpg 1536w, https:\/\/rotary.zamosc.pl\/wp-content\/uploads\/2023\/03\/100-nowych-drzew-i-czyszczenie-lasu-na-Miedzynarodowy-Dzien-Lasow-2023-3-800x450.jpg 800w, https:\/\/rotary.zamosc.pl\/wp-content\/uploads\/2023\/03\/100-nowych-drzew-i-czyszczenie-lasu-na-Miedzynarodowy-Dzien-Lasow-2023-3.jpg 1600w\" sizes=\"(max-width: 700px) 100vw, 700px\" \/><\/figure>\n\n\n\n<figure class=\"wp-block-image size-large\"><img loading=\"lazy\" decoding=\"async\" width=\"700\" height=\"394\" data-id=\"3449\" src=\"https:\/\/rotary.zamosc.pl\/wp-content\/uploads\/2023\/03\/100-nowych-drzew-i-czyszczenie-lasu-na-Miedzynarodowy-Dzien-Lasow-2023-4-700x394.jpg\" alt=\"\" class=\"wp-image-3449\" srcset=\"https:\/\/rotary.zamosc.pl\/wp-content\/uploads\/2023\/03\/100-nowych-drzew-i-czyszczenie-lasu-na-Miedzynarodowy-Dzien-Lasow-2023-4-700x394.jpg 700w, https:\/\/rotary.zamosc.pl\/wp-content\/uploads\/2023\/03\/100-nowych-drzew-i-czyszczenie-lasu-na-Miedzynarodowy-Dzien-Lasow-2023-4-300x169.jpg 300w, https:\/\/rotary.zamosc.pl\/wp-content\/uploads\/2023\/03\/100-nowych-drzew-i-czyszczenie-lasu-na-Miedzynarodowy-Dzien-Lasow-2023-4-768x432.jpg 768w, https:\/\/rotary.zamosc.pl\/wp-content\/uploads\/2023\/03\/100-nowych-drzew-i-czyszczenie-lasu-na-Miedzynarodowy-Dzien-Lasow-2023-4-1536x864.jpg 1536w, https:\/\/rotary.zamosc.pl\/wp-content\/uploads\/2023\/03\/100-nowych-drzew-i-czyszczenie-lasu-na-Miedzynarodowy-Dzien-Lasow-2023-4-800x450.jpg 800w, https:\/\/rotary.zamosc.pl\/wp-content\/uploads\/2023\/03\/100-nowych-drzew-i-czyszczenie-lasu-na-Miedzynarodowy-Dzien-Lasow-2023-4.jpg 1600w\" sizes=\"(max-width: 700px) 100vw, 700px\" \/><\/figure>\n\n\n\n<figure class=\"wp-block-image size-large\"><img loading=\"lazy\" decoding=\"async\" width=\"700\" height=\"394\" data-id=\"3450\" src=\"https:\/\/rotary.zamosc.pl\/wp-content\/uploads\/2023\/03\/100-nowych-drzew-i-czyszczenie-lasu-na-Miedzynarodowy-Dzien-Lasow-2023-5-700x394.jpg\" alt=\"\" class=\"wp-image-3450\" srcset=\"https:\/\/rotary.zamosc.pl\/wp-content\/uploads\/2023\/03\/100-nowych-drzew-i-czyszczenie-lasu-na-Miedzynarodowy-Dzien-Lasow-2023-5-700x394.jpg 700w, https:\/\/rotary.zamosc.pl\/wp-content\/uploads\/2023\/03\/100-nowych-drzew-i-czyszczenie-lasu-na-Miedzynarodowy-Dzien-Lasow-2023-5-300x169.jpg 300w, https:\/\/rotary.zamosc.pl\/wp-content\/uploads\/2023\/03\/100-nowych-drzew-i-czyszczenie-lasu-na-Miedzynarodowy-Dzien-Lasow-2023-5-768x432.jpg 768w, https:\/\/rotary.zamosc.pl\/wp-content\/uploads\/2023\/03\/100-nowych-drzew-i-czyszczenie-lasu-na-Miedzynarodowy-Dzien-Lasow-2023-5-1536x864.jpg 1536w, https:\/\/rotary.zamosc.pl\/wp-content\/uploads\/2023\/03\/100-nowych-drzew-i-czyszczenie-lasu-na-Miedzynarodowy-Dzien-Lasow-2023-5-800x450.jpg 800w, https:\/\/rotary.zamosc.pl\/wp-content\/uploads\/2023\/03\/100-nowych-drzew-i-czyszczenie-lasu-na-Miedzynarodowy-Dzien-Lasow-2023-5.jpg 1600w\" sizes=\"(max-width: 700px) 100vw, 700px\" \/><\/figure>\n\n\n\n<figure class=\"wp-block-image size-large\"><img loading=\"lazy\" decoding=\"async\" width=\"700\" height=\"495\" data-id=\"3451\" src=\"https:\/\/rotary.zamosc.pl\/wp-content\/uploads\/2023\/03\/100-nowych-drzew-i-czyszczenie-lasu-na-Miedzynarodowy-Dzien-Lasow-2023-6-700x495.jpg\" alt=\"\" class=\"wp-image-3451\" srcset=\"https:\/\/rotary.zamosc.pl\/wp-content\/uploads\/2023\/03\/100-nowych-drzew-i-czyszczenie-lasu-na-Miedzynarodowy-Dzien-Lasow-2023-6-700x495.jpg 700w, https:\/\/rotary.zamosc.pl\/wp-content\/uploads\/2023\/03\/100-nowych-drzew-i-czyszczenie-lasu-na-Miedzynarodowy-Dzien-Lasow-2023-6-300x212.jpg 300w, https:\/\/rotary.zamosc.pl\/wp-content\/uploads\/2023\/03\/100-nowych-drzew-i-czyszczenie-lasu-na-Miedzynarodowy-Dzien-Lasow-2023-6-768x543.jpg 768w, https:\/\/rotary.zamosc.pl\/wp-content\/uploads\/2023\/03\/100-nowych-drzew-i-czyszczenie-lasu-na-Miedzynarodowy-Dzien-Lasow-2023-6-1536x1086.jpg 1536w, https:\/\/rotary.zamosc.pl\/wp-content\/uploads\/2023\/03\/100-nowych-drzew-i-czyszczenie-lasu-na-Miedzynarodowy-Dzien-Lasow-2023-6-800x566.jpg 800w, https:\/\/rotary.zamosc.pl\/wp-content\/uploads\/2023\/03\/100-nowych-drzew-i-czyszczenie-lasu-na-Miedzynarodowy-Dzien-Lasow-2023-6.jpg 1600w\" sizes=\"(max-width: 700px) 100vw, 700px\" \/><\/figure>\n\n\n\n<figure class=\"wp-block-image size-large\"><img loading=\"lazy\" decoding=\"async\" width=\"700\" height=\"394\" data-id=\"3452\" src=\"https:\/\/rotary.zamosc.pl\/wp-content\/uploads\/2023\/03\/100-nowych-drzew-i-czyszczenie-lasu-na-Miedzynarodowy-Dzien-Lasow-2023-7-700x394.jpg\" alt=\"\" class=\"wp-image-3452\" srcset=\"https:\/\/rotary.zamosc.pl\/wp-content\/uploads\/2023\/03\/100-nowych-drzew-i-czyszczenie-lasu-na-Miedzynarodowy-Dzien-Lasow-2023-7-700x394.jpg 700w, https:\/\/rotary.zamosc.pl\/wp-content\/uploads\/2023\/03\/100-nowych-drzew-i-czyszczenie-lasu-na-Miedzynarodowy-Dzien-Lasow-2023-7-300x169.jpg 300w, https:\/\/rotary.zamosc.pl\/wp-content\/uploads\/2023\/03\/100-nowych-drzew-i-czyszczenie-lasu-na-Miedzynarodowy-Dzien-Lasow-2023-7-768x432.jpg 768w, https:\/\/rotary.zamosc.pl\/wp-content\/uploads\/2023\/03\/100-nowych-drzew-i-czyszczenie-lasu-na-Miedzynarodowy-Dzien-Lasow-2023-7-1536x864.jpg 1536w, https:\/\/rotary.zamosc.pl\/wp-content\/uploads\/2023\/03\/100-nowych-drzew-i-czyszczenie-lasu-na-Miedzynarodowy-Dzien-Lasow-2023-7-800x450.jpg 800w, https:\/\/rotary.zamosc.pl\/wp-content\/uploads\/2023\/03\/100-nowych-drzew-i-czyszczenie-lasu-na-Miedzynarodowy-Dzien-Lasow-2023-7.jpg 1600w\" sizes=\"(max-width: 700px) 100vw, 700px\" \/><\/figure>\n\n\n\n<figure class=\"wp-block-image size-large\"><img loading=\"lazy\" decoding=\"async\" width=\"700\" height=\"394\" data-id=\"3447\" src=\"https:\/\/rotary.zamosc.pl\/wp-content\/uploads\/2023\/03\/100-nowych-drzew-i-czyszczenie-lasu-na-Miedzynarodowy-Dzien-Lasow-2023-2-700x394.jpg\" alt=\"\" class=\"wp-image-3447\" srcset=\"https:\/\/rotary.zamosc.pl\/wp-content\/uploads\/2023\/03\/100-nowych-drzew-i-czyszczenie-lasu-na-Miedzynarodowy-Dzien-Lasow-2023-2-700x394.jpg 700w, https:\/\/rotary.zamosc.pl\/wp-content\/uploads\/2023\/03\/100-nowych-drzew-i-czyszczenie-lasu-na-Miedzynarodowy-Dzien-Lasow-2023-2-300x169.jpg 300w, https:\/\/rotary.zamosc.pl\/wp-content\/uploads\/2023\/03\/100-nowych-drzew-i-czyszczenie-lasu-na-Miedzynarodowy-Dzien-Lasow-2023-2-768x432.jpg 768w, https:\/\/rotary.zamosc.pl\/wp-content\/uploads\/2023\/03\/100-nowych-drzew-i-czyszczenie-lasu-na-Miedzynarodowy-Dzien-Lasow-2023-2-1536x864.jpg 1536w, https:\/\/rotary.zamosc.pl\/wp-content\/uploads\/2023\/03\/100-nowych-drzew-i-czyszczenie-lasu-na-Miedzynarodowy-Dzien-Lasow-2023-2-800x450.jpg 800w, https:\/\/rotary.zamosc.pl\/wp-content\/uploads\/2023\/03\/100-nowych-drzew-i-czyszczenie-lasu-na-Miedzynarodowy-Dzien-Lasow-2023-2.jpg 1600w\" sizes=\"(max-width: 700px) 100vw, 700px\" \/><\/figure>\n\n\n\n<figure class=\"wp-block-image size-large\"><img loading=\"lazy\" decoding=\"async\" width=\"700\" height=\"495\" data-id=\"3446\" src=\"https:\/\/rotary.zamosc.pl\/wp-content\/uploads\/2023\/03\/100-nowych-drzew-i-czyszczenie-lasu-na-Miedzynarodowy-Dzien-Lasow-2023-1-700x495.jpg\" alt=\"\" class=\"wp-image-3446\" srcset=\"https:\/\/rotary.zamosc.pl\/wp-content\/uploads\/2023\/03\/100-nowych-drzew-i-czyszczenie-lasu-na-Miedzynarodowy-Dzien-Lasow-2023-1-700x495.jpg 700w, https:\/\/rotary.zamosc.pl\/wp-content\/uploads\/2023\/03\/100-nowych-drzew-i-czyszczenie-lasu-na-Miedzynarodowy-Dzien-Lasow-2023-1-300x212.jpg 300w, https:\/\/rotary.zamosc.pl\/wp-content\/uploads\/2023\/03\/100-nowych-drzew-i-czyszczenie-lasu-na-Miedzynarodowy-Dzien-Lasow-2023-1-768x543.jpg 768w, https:\/\/rotary.zamosc.pl\/wp-content\/uploads\/2023\/03\/100-nowych-drzew-i-czyszczenie-lasu-na-Miedzynarodowy-Dzien-Lasow-2023-1-1536x1086.jpg 1536w, https:\/\/rotary.zamosc.pl\/wp-content\/uploads\/2023\/03\/100-nowych-drzew-i-czyszczenie-lasu-na-Miedzynarodowy-Dzien-Lasow-2023-1-800x566.jpg 800w, https:\/\/rotary.zamosc.pl\/wp-content\/uploads\/2023\/03\/100-nowych-drzew-i-czyszczenie-lasu-na-Miedzynarodowy-Dzien-Lasow-2023-1.jpg 1754w\" sizes=\"(max-width: 700px) 100vw, 700px\" \/><\/figure>\n\n\n\n<figure class=\"wp-block-image size-large\"><img loading=\"lazy\" decoding=\"async\" width=\"700\" height=\"394\" data-id=\"3457\" src=\"https:\/\/rotary.zamosc.pl\/wp-content\/uploads\/2023\/03\/100-nowych-drzew-i-czyszczenie-lasu-na-Miedzynarodowy-Dzien-Lasow-2023-12-700x394.jpg\" alt=\"\" class=\"wp-image-3457\" srcset=\"https:\/\/rotary.zamosc.pl\/wp-content\/uploads\/2023\/03\/100-nowych-drzew-i-czyszczenie-lasu-na-Miedzynarodowy-Dzien-Lasow-2023-12-700x394.jpg 700w, https:\/\/rotary.zamosc.pl\/wp-content\/uploads\/2023\/03\/100-nowych-drzew-i-czyszczenie-lasu-na-Miedzynarodowy-Dzien-Lasow-2023-12-300x169.jpg 300w, https:\/\/rotary.zamosc.pl\/wp-content\/uploads\/2023\/03\/100-nowych-drzew-i-czyszczenie-lasu-na-Miedzynarodowy-Dzien-Lasow-2023-12-768x432.jpg 768w, https:\/\/rotary.zamosc.pl\/wp-content\/uploads\/2023\/03\/100-nowych-drzew-i-czyszczenie-lasu-na-Miedzynarodowy-Dzien-Lasow-2023-12-1536x864.jpg 1536w, https:\/\/rotary.zamosc.pl\/wp-content\/uploads\/2023\/03\/100-nowych-drzew-i-czyszczenie-lasu-na-Miedzynarodowy-Dzien-Lasow-2023-12-800x450.jpg 800w, https:\/\/rotary.zamosc.pl\/wp-content\/uploads\/2023\/03\/100-nowych-drzew-i-czyszczenie-lasu-na-Miedzynarodowy-Dzien-Lasow-2023-12.jpg 1600w\" sizes=\"(max-width: 700px) 100vw, 700px\" \/><\/figure>\n<\/figure>\n","protected":false},"excerpt":{"rendered":"<p>Pierwszy dzie\u0144 wiosny i jednocze\u015bnie &#8222;Mi\u0119dzynarodowy Dzie\u0144 Las\u00f3w&#8221;, \u015bwi\u0119to ustanowione przez ONZ, uczcili\u015bmy sprz\u0105taj\u0105c las przylegaj\u0105cy do zalewu miejskiego w Zamo\u015bciu. Pomys\u0142 akcji &#8222;Sprz\u0105tamy las wok\u00f3\u0142 nas&#8221; zrodzi\u0142 si\u0119 w\u015br\u00f3d wolontariuszy PLSP w Zamo\u015bciu, a podchwyci\u0142 i pozyska\u0142 partner\u00f3w RC Zamo\u015b\u0107. Tym samym do akcji do\u0142\u0105czyli: Urz\u0105d Miasta Zamo\u015b\u0107, PGK, Zarz\u0105d Okr\u0119gowy PZ\u0141, PZW, OSiR,&#8230;<\/p>\n","protected":false},"author":1,"featured_media":3455,"comment_status":"open","ping_status":"open","sticky":false,"template":"","format":"standard","meta":{"footnotes":""},"categories":[11],"tags":[],"class_list":["post-6514","post","type-post","status-publish","format-standard","has-post-thumbnail","hentry","category-11"],"rttpg_featured_image_url":{"full":["https:\/\/rotary.zamosc.pl\/wp-content\/uploads\/2023\/03\/100-nowych-drzew-i-czyszczenie-lasu-na-Miedzynarodowy-Dzien-Lasow-2023-10.jpg",1600,900,false],"landscape":["https:\/\/rotary.zamosc.pl\/wp-content\/uploads\/2023\/03\/100-nowych-drzew-i-czyszczenie-lasu-na-Miedzynarodowy-Dzien-Lasow-2023-10.jpg",1600,900,false],"portraits":["https:\/\/rotary.zamosc.pl\/wp-content\/uploads\/2023\/03\/100-nowych-drzew-i-czyszczenie-lasu-na-Miedzynarodowy-Dzien-Lasow-2023-10.jpg",1600,900,false],"thumbnail":["https:\/\/rotary.zamosc.pl\/wp-content\/uploads\/2023\/03\/100-nowych-drzew-i-czyszczenie-lasu-na-Miedzynarodowy-Dzien-Lasow-2023-10-150x150.jpg",150,150,true],"medium":["https:\/\/rotary.zamosc.pl\/wp-content\/uploads\/2023\/03\/100-nowych-drzew-i-czyszczenie-lasu-na-Miedzynarodowy-Dzien-Lasow-2023-10-300x169.jpg",300,169,true],"large":["https:\/\/rotary.zamosc.pl\/wp-content\/uploads\/2023\/03\/100-nowych-drzew-i-czyszczenie-lasu-na-Miedzynarodowy-Dzien-Lasow-2023-10-700x394.jpg",700,394,true],"1536x1536":["https:\/\/rotary.zamosc.pl\/wp-content\/uploads\/2023\/03\/100-nowych-drzew-i-czyszczenie-lasu-na-Miedzynarodowy-Dzien-Lasow-2023-10-1536x864.jpg",1536,864,true],"2048x2048":["https:\/\/rotary.zamosc.pl\/wp-content\/uploads\/2023\/03\/100-nowych-drzew-i-czyszczenie-lasu-na-Miedzynarodowy-Dzien-Lasow-2023-10.jpg",1600,900,false],"post-thumbnail":["https:\/\/rotary.zamosc.pl\/wp-content\/uploads\/2023\/03\/100-nowych-drzew-i-czyszczenie-lasu-na-Miedzynarodowy-Dzien-Lasow-2023-10-800x450.jpg",800,450,true],"graphy-post-thumbnail-large":["https:\/\/rotary.zamosc.pl\/wp-content\/uploads\/2023\/03\/100-nowych-drzew-i-czyszczenie-lasu-na-Miedzynarodowy-Dzien-Lasow-2023-10-1080x600.jpg",1080,600,true],"graphy-post-thumbnail-medium":["https:\/\/rotary.zamosc.pl\/wp-content\/uploads\/2023\/03\/100-nowych-drzew-i-czyszczenie-lasu-na-Miedzynarodowy-Dzien-Lasow-2023-10-482x300.jpg",482,300,true],"graphy-post-thumbnail-small":["https:\/\/rotary.zamosc.pl\/wp-content\/uploads\/2023\/03\/100-nowych-drzew-i-czyszczenie-lasu-na-Miedzynarodowy-Dzien-Lasow-2023-10-80x60.jpg",80,60,true],"graphy-page-thumbnail":["https:\/\/rotary.zamosc.pl\/wp-content\/uploads\/2023\/03\/100-nowych-drzew-i-czyszczenie-lasu-na-Miedzynarodowy-Dzien-Lasow-2023-10-1260x350.jpg",1260,350,true],"sow-carousel-default":["https:\/\/rotary.zamosc.pl\/wp-content\/uploads\/2023\/03\/100-nowych-drzew-i-czyszczenie-lasu-na-Miedzynarodowy-Dzien-Lasow-2023-10-272x182.jpg",272,182,true]},"rttpg_author":{"display_name":"rotaryzamosc","author_link":"https:\/\/rotary.zamosc.pl\/index.php\/author\/rotaryzamosc\/"},"rttpg_comment":0,"rttpg_category":"<a href=\"https:\/\/rotary.zamosc.pl\/index.php\/category\/2023\/\" rel=\"category tag\">2023<\/a>","rttpg_excerpt":"Pierwszy dzie\u0144 wiosny i jednocze\u015bnie &#8222;Mi\u0119dzynarodowy Dzie\u0144 Las\u00f3w&#8221;, \u015bwi\u0119to ustanowione przez ONZ, uczcili\u015bmy sprz\u0105taj\u0105c las przylegaj\u0105cy do zalewu miejskiego w Zamo\u015bciu. Pomys\u0142 akcji &#8222;Sprz\u0105tamy las wok\u00f3\u0142 nas&#8221; zrodzi\u0142 si\u0119 w\u015br\u00f3d wolontariuszy PLSP w Zamo\u015bciu, a podchwyci\u0142 i pozyska\u0142 partner\u00f3w RC Zamo\u015b\u0107. Tym samym do akcji do\u0142\u0105czyli: Urz\u0105d Miasta Zamo\u015b\u0107, PGK, Zarz\u0105d Okr\u0119gowy PZ\u0141, PZW, OSiR,...","_links":{"self":[{"href":"https:\/\/rotary.zamosc.pl\/index.php\/wp-json\/wp\/v2\/posts\/6514","targetHints":{"allow":["GET"]}}],"collection":[{"href":"https:\/\/rotary.zamosc.pl\/index.php\/wp-json\/wp\/v2\/posts"}],"about":[{"href":"https:\/\/rotary.zamosc.pl\/index.php\/wp-json\/wp\/v2\/types\/post"}],"author":[{"embeddable":true,"href":"https:\/\/rotary.zamosc.pl\/index.php\/wp-json\/wp\/v2\/users\/1"}],"replies":[{"embeddable":true,"href":"https:\/\/rotary.zamosc.pl\/index.php\/wp-json\/wp\/v2\/comments?post=6514"}],"version-history":[{"count":1,"href":"https:\/\/rotary.zamosc.pl\/index.php\/wp-json\/wp\/v2\/posts\/6514\/revisions"}],"predecessor-version":[{"id":6515,"href":"https:\/\/rotary.zamosc.pl\/index.php\/wp-json\/wp\/v2\/posts\/6514\/revisions\/6515"}],"wp:featuredmedia":[{"embeddable":true,"href":"https:\/\/rotary.zamosc.pl\/index.php\/wp-json\/wp\/v2\/media\/3455"}],"wp:attachment":[{"href":"https:\/\/rotary.zamosc.pl\/index.php\/wp-json\/wp\/v2\/media?parent=6514"}],"wp:term":[{"taxonomy":"category","embeddable":true,"href":"https:\/\/rotary.zamosc.pl\/index.php\/wp-json\/wp\/v2\/categories?post=6514"},{"taxonomy":"post_tag","embeddable":true,"href":"https:\/\/rotary.zamosc.pl\/index.php\/wp-json\/wp\/v2\/tags?post=6514"}],"curies":[{"name":"wp","href":"https:\/\/api.w.org\/{rel}","templated":true}]}}