{"id":6518,"date":"2023-03-13T09:56:00","date_gmt":"2023-03-13T08:56:00","guid":{"rendered":"https:\/\/rotary.zamosc.pl\/?p=6518"},"modified":"2026-03-17T09:56:43","modified_gmt":"2026-03-17T08:56:43","slug":"dzien-kobiet-z-pensjonariuszkami-dps-w-zamosciu","status":"publish","type":"post","link":"https:\/\/rotary.zamosc.pl\/index.php\/2023\/03\/13\/dzien-kobiet-z-pensjonariuszkami-dps-w-zamosciu\/","title":{"rendered":"Dzie\u0144 Kobiet z pensjonariuszkami DPS w Zamo\u015bciu"},"content":{"rendered":"\n<p class=\"wp-block-paragraph\">W ramach wsp\u00f3\u0142pracy naszego klubu z DPS dla kobiet w Zamo\u015bciu Prezydent El\u017cbieta Szyma\u0144ska zorganizowa\u0142a pensjonariuszkom wyj\u015bcie na koncert z okazji Dnia Kobiet. Koncert w wykonaniu Zespo\u0142u Pie\u015bni i Ta\u0144ca &#8222;Zamojszczyzna&#8221; odby\u0142 si\u0119 w Zamojskim Domu Kultury. Pensjonariuszkom z DPS towarzyszy\u0142y r\u00f3wnie\u017c wolontariuszki z PLSP w Zamo\u015bciu pod opiek\u0105 Pani Katarzyny Manachiewicz. Wydarzenie to sprawi\u0142o paniom du\u017co rado\u015bci.<\/p>\n\n\n\n<p class=\"wp-block-paragraph\"><\/p>\n","protected":false},"excerpt":{"rendered":"<p>W ramach wsp\u00f3\u0142pracy naszego klubu z DPS dla kobiet w Zamo\u015bciu Prezydent El\u017cbieta Szyma\u0144ska zorganizowa\u0142a pensjonariuszkom wyj\u015bcie na koncert z okazji Dnia Kobiet. Koncert w wykonaniu Zespo\u0142u Pie\u015bni i Ta\u0144ca &#8222;Zamojszczyzna&#8221; odby\u0142 si\u0119 w Zamojskim Domu Kultury. Pensjonariuszkom z DPS towarzyszy\u0142y r\u00f3wnie\u017c wolontariuszki z PLSP w Zamo\u015bciu pod opiek\u0105 Pani Katarzyny Manachiewicz. Wydarzenie to sprawi\u0142o&#8230;<\/p>\n","protected":false},"author":1,"featured_media":3429,"comment_status":"open","ping_status":"open","sticky":false,"template":"","format":"standard","meta":{"footnotes":""},"categories":[11],"tags":[],"class_list":["post-6518","post","type-post","status-publish","format-standard","has-post-thumbnail","hentry","category-11"],"rttpg_featured_image_url":{"full":["https:\/\/rotary.zamosc.pl\/wp-content\/uploads\/2023\/03\/333628792_1333655477250614_6662846980727690115_n.jpg",640,480,false],"landscape":["https:\/\/rotary.zamosc.pl\/wp-content\/uploads\/2023\/03\/333628792_1333655477250614_6662846980727690115_n.jpg",640,480,false],"portraits":["https:\/\/rotary.zamosc.pl\/wp-content\/uploads\/2023\/03\/333628792_1333655477250614_6662846980727690115_n.jpg",640,480,false],"thumbnail":["https:\/\/rotary.zamosc.pl\/wp-content\/uploads\/2023\/03\/333628792_1333655477250614_6662846980727690115_n-150x150.jpg",150,150,true],"medium":["https:\/\/rotary.zamosc.pl\/wp-content\/uploads\/2023\/03\/333628792_1333655477250614_6662846980727690115_n-300x225.jpg",300,225,true],"large":["https:\/\/rotary.zamosc.pl\/wp-content\/uploads\/2023\/03\/333628792_1333655477250614_6662846980727690115_n.jpg",640,480,false],"1536x1536":["https:\/\/rotary.zamosc.pl\/wp-content\/uploads\/2023\/03\/333628792_1333655477250614_6662846980727690115_n.jpg",640,480,false],"2048x2048":["https:\/\/rotary.zamosc.pl\/wp-content\/uploads\/2023\/03\/333628792_1333655477250614_6662846980727690115_n.jpg",640,480,false],"post-thumbnail":["https:\/\/rotary.zamosc.pl\/wp-content\/uploads\/2023\/03\/333628792_1333655477250614_6662846980727690115_n.jpg",640,480,false],"graphy-post-thumbnail-large":["https:\/\/rotary.zamosc.pl\/wp-content\/uploads\/2023\/03\/333628792_1333655477250614_6662846980727690115_n.jpg",640,480,false],"graphy-post-thumbnail-medium":["https:\/\/rotary.zamosc.pl\/wp-content\/uploads\/2023\/03\/333628792_1333655477250614_6662846980727690115_n-482x300.jpg",482,300,true],"graphy-post-thumbnail-small":["https:\/\/rotary.zamosc.pl\/wp-content\/uploads\/2023\/03\/333628792_1333655477250614_6662846980727690115_n-80x60.jpg",80,60,true],"graphy-page-thumbnail":["https:\/\/rotary.zamosc.pl\/wp-content\/uploads\/2023\/03\/333628792_1333655477250614_6662846980727690115_n-640x350.jpg",640,350,true],"sow-carousel-default":["https:\/\/rotary.zamosc.pl\/wp-content\/uploads\/2023\/03\/333628792_1333655477250614_6662846980727690115_n-272x182.jpg",272,182,true]},"rttpg_author":{"display_name":"rotaryzamosc","author_link":"https:\/\/rotary.zamosc.pl\/index.php\/author\/rotaryzamosc\/"},"rttpg_comment":0,"rttpg_category":"<a href=\"https:\/\/rotary.zamosc.pl\/index.php\/category\/2023\/\" rel=\"category tag\">2023<\/a>","rttpg_excerpt":"W ramach wsp\u00f3\u0142pracy naszego klubu z DPS dla kobiet w Zamo\u015bciu Prezydent El\u017cbieta Szyma\u0144ska zorganizowa\u0142a pensjonariuszkom wyj\u015bcie na koncert z okazji Dnia Kobiet. Koncert w wykonaniu Zespo\u0142u Pie\u015bni i Ta\u0144ca &#8222;Zamojszczyzna&#8221; odby\u0142 si\u0119 w Zamojskim Domu Kultury. Pensjonariuszkom z DPS towarzyszy\u0142y r\u00f3wnie\u017c wolontariuszki z PLSP w Zamo\u015bciu pod opiek\u0105 Pani Katarzyny Manachiewicz. Wydarzenie to sprawi\u0142o...","_links":{"self":[{"href":"https:\/\/rotary.zamosc.pl\/index.php\/wp-json\/wp\/v2\/posts\/6518","targetHints":{"allow":["GET"]}}],"collection":[{"href":"https:\/\/rotary.zamosc.pl\/index.php\/wp-json\/wp\/v2\/posts"}],"about":[{"href":"https:\/\/rotary.zamosc.pl\/index.php\/wp-json\/wp\/v2\/types\/post"}],"author":[{"embeddable":true,"href":"https:\/\/rotary.zamosc.pl\/index.php\/wp-json\/wp\/v2\/users\/1"}],"replies":[{"embeddable":true,"href":"https:\/\/rotary.zamosc.pl\/index.php\/wp-json\/wp\/v2\/comments?post=6518"}],"version-history":[{"count":1,"href":"https:\/\/rotary.zamosc.pl\/index.php\/wp-json\/wp\/v2\/posts\/6518\/revisions"}],"predecessor-version":[{"id":6519,"href":"https:\/\/rotary.zamosc.pl\/index.php\/wp-json\/wp\/v2\/posts\/6518\/revisions\/6519"}],"wp:featuredmedia":[{"embeddable":true,"href":"https:\/\/rotary.zamosc.pl\/index.php\/wp-json\/wp\/v2\/media\/3429"}],"wp:attachment":[{"href":"https:\/\/rotary.zamosc.pl\/index.php\/wp-json\/wp\/v2\/media?parent=6518"}],"wp:term":[{"taxonomy":"category","embeddable":true,"href":"https:\/\/rotary.zamosc.pl\/index.php\/wp-json\/wp\/v2\/categories?post=6518"},{"taxonomy":"post_tag","embeddable":true,"href":"https:\/\/rotary.zamosc.pl\/index.php\/wp-json\/wp\/v2\/tags?post=6518"}],"curies":[{"name":"wp","href":"https:\/\/api.w.org\/{rel}","templated":true}]}}