{"id":6520,"date":"2023-03-05T09:57:00","date_gmt":"2023-03-05T08:57:00","guid":{"rendered":"https:\/\/rotary.zamosc.pl\/?p=6520"},"modified":"2026-03-17T09:57:39","modified_gmt":"2026-03-17T08:57:39","slug":"jak-pomagalismy-w-2022-roku","status":"publish","type":"post","link":"https:\/\/rotary.zamosc.pl\/index.php\/2023\/03\/05\/jak-pomagalismy-w-2022-roku\/","title":{"rendered":"Jak pomagali\u015bmy w 2022 roku"},"content":{"rendered":"\n<p class=\"wp-block-paragraph\">Drodzy Przyjaciele i Sympatycy naszego klubu, jeste\u015bmy organizacj\u0105 po\u017cytku publicznego, nasza praca to s\u0142u\u017cba drugiemu cz\u0142owiekowi. Za prac\u0119 nie pobieramy \u017cadnego wynagrodzenia.<\/p>\n\n\n\n<p class=\"wp-block-paragraph\">Prosimy Was o wsparcie 1,5 % odpisu od podatku, aby\u015bmy mogli jeszcze lepiej wywi\u0105zywa\u0107 si\u0119 ze swoich zada\u0144.<\/p>\n\n\n\n<p class=\"wp-block-paragraph\">Dzi\u0119kujemy z ca\u0142ego serca wszystkim dotychczasowym Darczy\u0144com i z g\u00f3ry dzi\u0119kujemy za tegoroczne wp\u0142aty.<\/p>\n\n\n\n<p class=\"wp-block-paragraph\">Poni\u017cej kr\u00f3tki opis tego, jak pomagali\u015bmy w 2022 roku.<\/p>\n\n\n\n<p class=\"wp-block-paragraph\">W 2022 roku Rotary Club Zamo\u015b\u0107 wspiera\u0142 wielokrotnie finansowo i w postaci rzeczowej wiele os\u00f3b, instytucji i spo\u0142eczno\u015bci w Polsce i Ukrainie.<\/p>\n\n\n\n<p class=\"wp-block-paragraph\">Fundusze i pomoc rzeczowa pochodzi\u0142y ze \u015brodk\u00f3w w\u0142asnych, od darczy\u0144c\u00f3w, kt\u00f3rzy przekazali nam 1% swojego podatku oraz ze \u015brodk\u00f3w pozyskanych z r\u00f3\u017cnych firm, od naszych partner\u00f3w oraz z wielu Klub\u00f3w Rotary z Polski, Niemiec, Holandii, USA, Hiszpanii.<\/p>\n\n\n\n<p class=\"wp-block-paragraph\">Wielokrotnie pomagali\u015bmy Stowarzyszeniu dla dzieci z niepe\u0142nosprawno\u015bci\u0105 \u201eKrok za krokiem\u201d w Zamo\u015bciu, przekazuj\u0105c pieni\u0105dze, jak i pomoc rzeczow\u0105 m.in. w postaci sprz\u0119tu do rehabilitacji, pawilony i wyposa\u017cenie na potrzeby dzieci z niepe\u0142nosprawno\u015bci\u0105 i ich rodzin z Ukrainy, kt\u00f3re po wybuchu wojny zosta\u0142y przyj\u0119te w o\u015brodku \u201eKrok za krokiem\u201d<\/p>\n\n\n\n<p class=\"wp-block-paragraph\">Od samego pocz\u0105tku wybuchu wojny w Ukrainie , organizowali\u015bmy pomoc. Stali\u015bmy si\u0119 nie tylko hubem prze\u0142adunkowym transport\u00f3w humanitarnych, kt\u00f3re przyje\u017cd\u017ca\u0142y busami z Niemiec, czy Holandii z ciep\u0142\u0105 odzie\u017c\u0105, \u015bpiworami, medykamentami itp., ale wielokrotnie zawozili\u015bmy osobi\u015bcie pomoc humanitarn\u0105 w wiele miejsc w Ukrainie.<\/p>\n\n\n\n<p class=\"wp-block-paragraph\">Do Lwowa, Ko\u0142omyi, Stanis\u0142awowa, Tarnopola, Buczacza, Emilczyna itd.<\/p>\n\n\n\n<p class=\"wp-block-paragraph\">Zaopatrywali\u015bmy Szpital Wojskowy we Lwowie w sprz\u0119t i materia\u0142y do zabieg\u00f3w chirurgicznych i urazowo-ortopedycznych.<\/p>\n\n\n\n<p class=\"wp-block-paragraph\">R\u00f3wnie\u017c Pogotowie Ratunkowe w Ko\u0142omyi.<\/p>\n\n\n\n<p class=\"wp-block-paragraph\">Przekazali\u015bmy urz\u0105dzenia do pomiaru EKG, skanery \u017cy\u0142, plecaki ratunkowe, kardiomertery, manekiny do \u0107wicze\u0144 reanimacji, \u015brodki opatrunkowe.<\/p>\n\n\n\n<p class=\"wp-block-paragraph\">Wspierali\u015bmy finansowo zakup ambulansu.<\/p>\n\n\n\n<p class=\"wp-block-paragraph\">Udzielali\u015bmy pomocy Centrum Wolontariatu w Ko\u0142omyi.<\/p>\n\n\n\n<p class=\"wp-block-paragraph\">Zawozili\u015bmy produkty spo\u017cywcze dla niemowl\u0105t i ma\u0142ych dzieci, \u015brodki piel\u0119gnacyjne.<\/p>\n\n\n\n<p class=\"wp-block-paragraph\">Wspierali\u015bmy medykamentami szpital i Akademi\u0119 Medyczn\u0105 w Tarnopolu.<\/p>\n\n\n\n<p class=\"wp-block-paragraph\">Zawozili\u015bmy sprz\u0119t do ratowania \u017cycia \u017co\u0142nierzy na front, \u015bpiwory, ciep\u0142\u0105 odzie\u017c, \u017cywno\u015b\u0107.<\/p>\n\n\n\n<p class=\"wp-block-paragraph\">Wspierali\u015bmy ukrai\u0144skie sieroci\u0144ce.<\/p>\n\n\n\n<p class=\"wp-block-paragraph\">Zawozili\u015bmy agregaty pr\u0105dotw\u00f3rcze, \u017cywno\u015b\u0107, s\u0142odycze, \u015bpiwory i ciep\u0142\u0105 odzie\u017c, paczki \u015bwi\u0105teczne dla dzieci.<\/p>\n\n\n\n<p class=\"wp-block-paragraph\">Wielokrotnie byli\u015bmy w Ko\u0142omyi, aby pomoc spo\u0142eczno\u015bci polskiej, Towarzystwu Kultury Polskiej \u201ePokucie\u201d, Towarzystwu Pomocy Humanitarnej \u201eLokomotywa\u201d, dzieciom z polskiej szko\u0142y. Stale pomagamy wysy\u0142aj\u0105c tam \u017cywno\u015b\u0107, produkty sanitarne, chemi\u0119, medykamenty, odzie\u017c, agregaty pr\u0105dotw\u00f3rcze. itp.<\/p>\n\n\n\n<p class=\"wp-block-paragraph\">Opr\u00f3cz pomocy, jakiej udzielali\u015bmy ogarni\u0119tej wojn\u0105 Ukrainie, nie zapominali\u015bmy o zadaniach, kt\u00f3re realizujemy rokrocznie.<\/p>\n\n\n\n<p class=\"wp-block-paragraph\">I tak ufundowali\u015bmy stypendia dla uzdolnionej m\u0142odzie\u017cy z PLSP i Szko\u0142y muzycznej I i II stopnia w Zamo\u015bciu oraz stypendium dla wychowanki Domu Dziecka w Zwierzy\u0144cu.<\/p>\n\n\n\n<p class=\"wp-block-paragraph\">Ufundowali\u015bmy stypendium dla m\u0142odej Ukrainki, uczennicy zamojskiej szko\u0142y \u015bredniej, pozwalaj\u0105ce zap\u0142aci\u0107 za stancj\u0119 i umo\u017cliwiaj\u0105ce nauk\u0119 w Zamo\u015bciu<\/p>\n\n\n\n<p class=\"wp-block-paragraph\">Wspierali\u015bmy r\u00f3wnie\u017c akcje organizowane przez naszych partner\u00f3w, np. \u201eKresow\u0105 paczk\u0119\u201d, org. przez Wo\u0142y\u0144ski Rajd Motocyklowy, \u201e25 bus\u00f3w do 21 dom\u00f3w dziecka w Ukrainie\u201d org. przez Rotary Club Ordynacki, czy akcj\u0119 charytatywn\u0105 org. przez stowarzyszenie \u201e4\u00d74 Zamo\u015b\u0107\u201d wspieraj\u0105c\u0105 oddzia\u0142 ortopedii zamojskiego starego szpitala.<\/p>\n\n\n\n<p class=\"wp-block-paragraph\">Ponadto byli\u015bmy inicjatorem akcji \u201eZielone p\u0142uca dla rowerzyst\u00f3w\u201d. Podczas dw\u00f3ch edycji akcji, na wiosn\u0119 i jesieni\u0105, z pomoc\u0105 dzieci i m\u0142odzie\u017cy posadzili\u015bmy 215 drzew na bulwarach nad \u0141abu\u0144k\u0105 w Zamo\u015bciu.<\/p>\n\n\n\n<p class=\"wp-block-paragraph\">Nie zapominali\u015bmy o naszych najmniejszych podopiecznych i jak co roku wsparli\u015bmy Schronisko dla zwierz\u0105t w Zamo\u015bciu, kupuj\u0105c karm\u0119 i akcesoria.<\/p>\n\n\n\n<p class=\"wp-block-paragraph\">Nasz KRS: 0000069884<\/p>\n\n\n\n<p class=\"wp-block-paragraph\">Nr rachunku bankowego: 71 1750 0012 0000 0000 2304 5443<\/p>\n","protected":false},"excerpt":{"rendered":"<p>Drodzy Przyjaciele i Sympatycy naszego klubu, jeste\u015bmy organizacj\u0105 po\u017cytku publicznego, nasza praca to s\u0142u\u017cba drugiemu cz\u0142owiekowi. Za prac\u0119 nie pobieramy \u017cadnego wynagrodzenia. Prosimy Was o wsparcie 1,5 % odpisu od podatku, aby\u015bmy mogli jeszcze lepiej wywi\u0105zywa\u0107 si\u0119 ze swoich zada\u0144. Dzi\u0119kujemy z ca\u0142ego serca wszystkim dotychczasowym Darczy\u0144com i z g\u00f3ry dzi\u0119kujemy za tegoroczne wp\u0142aty. Poni\u017cej&#8230;<\/p>\n","protected":false},"author":1,"featured_media":6119,"comment_status":"open","ping_status":"open","sticky":false,"template":"","format":"standard","meta":{"footnotes":""},"categories":[11],"tags":[],"class_list":["post-6520","post","type-post","status-publish","format-standard","has-post-thumbnail","hentry","category-11"],"rttpg_featured_image_url":{"full":["https:\/\/rotary.zamosc.pl\/wp-content\/uploads\/2025\/12\/rotary-logos.png",900,442,false],"landscape":["https:\/\/rotary.zamosc.pl\/wp-content\/uploads\/2025\/12\/rotary-logos.png",900,442,false],"portraits":["https:\/\/rotary.zamosc.pl\/wp-content\/uploads\/2025\/12\/rotary-logos.png",900,442,false],"thumbnail":["https:\/\/rotary.zamosc.pl\/wp-content\/uploads\/2025\/12\/rotary-logos-150x150.png",150,150,true],"medium":["https:\/\/rotary.zamosc.pl\/wp-content\/uploads\/2025\/12\/rotary-logos-300x147.png",300,147,true],"large":["https:\/\/rotary.zamosc.pl\/wp-content\/uploads\/2025\/12\/rotary-logos-700x344.png",700,344,true],"1536x1536":["https:\/\/rotary.zamosc.pl\/wp-content\/uploads\/2025\/12\/rotary-logos.png",900,442,false],"2048x2048":["https:\/\/rotary.zamosc.pl\/wp-content\/uploads\/2025\/12\/rotary-logos.png",900,442,false],"post-thumbnail":["https:\/\/rotary.zamosc.pl\/wp-content\/uploads\/2025\/12\/rotary-logos-800x393.png",800,393,true],"graphy-post-thumbnail-large":["https:\/\/rotary.zamosc.pl\/wp-content\/uploads\/2025\/12\/rotary-logos.png",900,442,false],"graphy-post-thumbnail-medium":["https:\/\/rotary.zamosc.pl\/wp-content\/uploads\/2025\/12\/rotary-logos-482x300.png",482,300,true],"graphy-post-thumbnail-small":["https:\/\/rotary.zamosc.pl\/wp-content\/uploads\/2025\/12\/rotary-logos-80x60.png",80,60,true],"graphy-page-thumbnail":["https:\/\/rotary.zamosc.pl\/wp-content\/uploads\/2025\/12\/rotary-logos-900x350.png",900,350,true],"sow-carousel-default":["https:\/\/rotary.zamosc.pl\/wp-content\/uploads\/2025\/12\/rotary-logos-272x182.png",272,182,true]},"rttpg_author":{"display_name":"rotaryzamosc","author_link":"https:\/\/rotary.zamosc.pl\/index.php\/author\/rotaryzamosc\/"},"rttpg_comment":0,"rttpg_category":"<a href=\"https:\/\/rotary.zamosc.pl\/index.php\/category\/2023\/\" rel=\"category tag\">2023<\/a>","rttpg_excerpt":"Drodzy Przyjaciele i Sympatycy naszego klubu, jeste\u015bmy organizacj\u0105 po\u017cytku publicznego, nasza praca to s\u0142u\u017cba drugiemu cz\u0142owiekowi. Za prac\u0119 nie pobieramy \u017cadnego wynagrodzenia. Prosimy Was o wsparcie 1,5 % odpisu od podatku, aby\u015bmy mogli jeszcze lepiej wywi\u0105zywa\u0107 si\u0119 ze swoich zada\u0144. Dzi\u0119kujemy z ca\u0142ego serca wszystkim dotychczasowym Darczy\u0144com i z g\u00f3ry dzi\u0119kujemy za tegoroczne wp\u0142aty. Poni\u017cej...","_links":{"self":[{"href":"https:\/\/rotary.zamosc.pl\/index.php\/wp-json\/wp\/v2\/posts\/6520","targetHints":{"allow":["GET"]}}],"collection":[{"href":"https:\/\/rotary.zamosc.pl\/index.php\/wp-json\/wp\/v2\/posts"}],"about":[{"href":"https:\/\/rotary.zamosc.pl\/index.php\/wp-json\/wp\/v2\/types\/post"}],"author":[{"embeddable":true,"href":"https:\/\/rotary.zamosc.pl\/index.php\/wp-json\/wp\/v2\/users\/1"}],"replies":[{"embeddable":true,"href":"https:\/\/rotary.zamosc.pl\/index.php\/wp-json\/wp\/v2\/comments?post=6520"}],"version-history":[{"count":1,"href":"https:\/\/rotary.zamosc.pl\/index.php\/wp-json\/wp\/v2\/posts\/6520\/revisions"}],"predecessor-version":[{"id":6521,"href":"https:\/\/rotary.zamosc.pl\/index.php\/wp-json\/wp\/v2\/posts\/6520\/revisions\/6521"}],"wp:featuredmedia":[{"embeddable":true,"href":"https:\/\/rotary.zamosc.pl\/index.php\/wp-json\/wp\/v2\/media\/6119"}],"wp:attachment":[{"href":"https:\/\/rotary.zamosc.pl\/index.php\/wp-json\/wp\/v2\/media?parent=6520"}],"wp:term":[{"taxonomy":"category","embeddable":true,"href":"https:\/\/rotary.zamosc.pl\/index.php\/wp-json\/wp\/v2\/categories?post=6520"},{"taxonomy":"post_tag","embeddable":true,"href":"https:\/\/rotary.zamosc.pl\/index.php\/wp-json\/wp\/v2\/tags?post=6520"}],"curies":[{"name":"wp","href":"https:\/\/api.w.org\/{rel}","templated":true}]}}