{"id":6524,"date":"2023-02-24T09:59:00","date_gmt":"2023-02-24T08:59:00","guid":{"rendered":"https:\/\/rotary.zamosc.pl\/?p=6524"},"modified":"2026-03-17T10:01:44","modified_gmt":"2026-03-17T09:01:44","slug":"24-lutego-pierwsza-rocznica-wojny-w-ukrainie-i-oby-ostatnia","status":"publish","type":"post","link":"https:\/\/rotary.zamosc.pl\/index.php\/2023\/02\/24\/24-lutego-pierwsza-rocznica-wojny-w-ukrainie-i-oby-ostatnia\/","title":{"rendered":"24 lutego pierwsza rocznica wojny w Ukrainie i oby ostatnia."},"content":{"rendered":"\n<p class=\"wp-block-paragraph\">&#8221; W rocznic\u0119 napa\u015bci na Ukrain\u0119 &#8222;<\/p>\n\n\n\n<p class=\"wp-block-paragraph\">24 lutego, w rocznic\u0119 sowieckiej napa\u015bci na Ukrain\u0119, cz\u0142onkowie RC Zamo\u015b\u0107 spotkali si\u0119 na Rynku Solnym w Zamo\u015bciu. Dla cel\u00f3w meetingu wykorzystano przestrzenn\u0105 kompozycj\u0119 Gropius-Zimmer-Pavillon przekazan\u0105 mieszka\u0144com Zamo\u015bcia na okres 6 miesi\u0119cy przez partnerskie miasto Weimar. Na \u015bcianach symbolicznego pomieszczenia zawis\u0142y plakaty autorstwa plastyka , Pana \u0141ukasza Zwolana, tematycznie zwi\u0105zane z dzia\u0142aniami wojennymi na terenie Ukrainy i bohatersk\u0105 postaw\u0105 narodu ukrai\u0144skiego wobec naje\u017ad\u017acy. Wsp\u00f3\u0142organizatorem wydarzenia by\u0142 Zamojski Dom Kultury.<\/p>\n\n\n\n<p class=\"wp-block-paragraph\">Wydarzenie wzbudzi\u0142o zainteresowanie mieszka\u0144c\u00f3w Zamo\u015bcia, kt\u00f3rzy spontanicznie przy\u0142\u0105czali si\u0119 do naszego spotkania.<\/p>\n\n\n\n<p class=\"wp-block-paragraph\">Tytu\u0142em wyja\u015bnienia : kompozycja, kt\u00f3ra sta\u0142a si\u0119 miejscem naszego spotkania odwzorowuje geometri\u0119 przestrzenn\u0105 pokoju pierwszego dyrektora Bauhausu w Weimarze. Historyczny Bauhaus jest dzisiaj najbardziej wp\u0142ywow\u0105 instytucj\u0105 edukacyjn\u0105 w dziedzinie architektury, sztuki i designu XX wieku.<\/p>\n\n\n\n<p class=\"wp-block-paragraph\">\u0141ukasz Zwolan , absolwent Wydzia\u0142u Grafiki i Malarstwa Akademii Sztuk Pi\u0119knych w \u0141odzi, jest laureatem mi\u0119dzynarodowych konkurs\u00f3w plakatowych i uczestnikiem wystaw plakat\u00f3w w kraju i za granic\u0105.<\/p>\n\n\n\n<figure class=\"wp-block-gallery has-nested-images columns-1 is-cropped wp-block-gallery-1 is-layout-flex wp-block-gallery-is-layout-flex\">\n<figure class=\"wp-block-image size-large\"><img fetchpriority=\"high\" decoding=\"async\" width=\"700\" height=\"394\" data-id=\"3354\" src=\"https:\/\/rotary.zamosc.pl\/wp-content\/uploads\/2023\/02\/24-luty-pierwsze-rocznica-wojny-w-Ukrainie-7-700x394.jpg\" alt=\"\" class=\"wp-image-3354\" srcset=\"https:\/\/rotary.zamosc.pl\/wp-content\/uploads\/2023\/02\/24-luty-pierwsze-rocznica-wojny-w-Ukrainie-7-700x394.jpg 700w, https:\/\/rotary.zamosc.pl\/wp-content\/uploads\/2023\/02\/24-luty-pierwsze-rocznica-wojny-w-Ukrainie-7-300x169.jpg 300w, https:\/\/rotary.zamosc.pl\/wp-content\/uploads\/2023\/02\/24-luty-pierwsze-rocznica-wojny-w-Ukrainie-7-768x432.jpg 768w, https:\/\/rotary.zamosc.pl\/wp-content\/uploads\/2023\/02\/24-luty-pierwsze-rocznica-wojny-w-Ukrainie-7-1536x864.jpg 1536w, https:\/\/rotary.zamosc.pl\/wp-content\/uploads\/2023\/02\/24-luty-pierwsze-rocznica-wojny-w-Ukrainie-7-800x450.jpg 800w, https:\/\/rotary.zamosc.pl\/wp-content\/uploads\/2023\/02\/24-luty-pierwsze-rocznica-wojny-w-Ukrainie-7.jpg 1600w\" sizes=\"(max-width: 700px) 100vw, 700px\" \/><\/figure>\n\n\n\n<figure class=\"wp-block-image size-large\"><img decoding=\"async\" width=\"700\" height=\"394\" data-id=\"3353\" src=\"https:\/\/rotary.zamosc.pl\/wp-content\/uploads\/2023\/02\/24-luty-pierwsze-rocznica-wojny-w-Ukrainie-6-700x394.jpg\" alt=\"\" class=\"wp-image-3353\" srcset=\"https:\/\/rotary.zamosc.pl\/wp-content\/uploads\/2023\/02\/24-luty-pierwsze-rocznica-wojny-w-Ukrainie-6-700x394.jpg 700w, https:\/\/rotary.zamosc.pl\/wp-content\/uploads\/2023\/02\/24-luty-pierwsze-rocznica-wojny-w-Ukrainie-6-300x169.jpg 300w, https:\/\/rotary.zamosc.pl\/wp-content\/uploads\/2023\/02\/24-luty-pierwsze-rocznica-wojny-w-Ukrainie-6-768x432.jpg 768w, https:\/\/rotary.zamosc.pl\/wp-content\/uploads\/2023\/02\/24-luty-pierwsze-rocznica-wojny-w-Ukrainie-6-1536x864.jpg 1536w, https:\/\/rotary.zamosc.pl\/wp-content\/uploads\/2023\/02\/24-luty-pierwsze-rocznica-wojny-w-Ukrainie-6-800x450.jpg 800w, https:\/\/rotary.zamosc.pl\/wp-content\/uploads\/2023\/02\/24-luty-pierwsze-rocznica-wojny-w-Ukrainie-6.jpg 1600w\" sizes=\"(max-width: 700px) 100vw, 700px\" \/><\/figure>\n\n\n\n<figure class=\"wp-block-image size-large\"><img decoding=\"async\" width=\"700\" height=\"394\" data-id=\"3351\" src=\"https:\/\/rotary.zamosc.pl\/wp-content\/uploads\/2023\/02\/24-luty-pierwsze-rocznica-wojny-w-Ukrainie-4-700x394.jpg\" alt=\"\" class=\"wp-image-3351\" srcset=\"https:\/\/rotary.zamosc.pl\/wp-content\/uploads\/2023\/02\/24-luty-pierwsze-rocznica-wojny-w-Ukrainie-4-700x394.jpg 700w, https:\/\/rotary.zamosc.pl\/wp-content\/uploads\/2023\/02\/24-luty-pierwsze-rocznica-wojny-w-Ukrainie-4-300x169.jpg 300w, https:\/\/rotary.zamosc.pl\/wp-content\/uploads\/2023\/02\/24-luty-pierwsze-rocznica-wojny-w-Ukrainie-4-768x432.jpg 768w, https:\/\/rotary.zamosc.pl\/wp-content\/uploads\/2023\/02\/24-luty-pierwsze-rocznica-wojny-w-Ukrainie-4-1536x864.jpg 1536w, https:\/\/rotary.zamosc.pl\/wp-content\/uploads\/2023\/02\/24-luty-pierwsze-rocznica-wojny-w-Ukrainie-4-800x450.jpg 800w, https:\/\/rotary.zamosc.pl\/wp-content\/uploads\/2023\/02\/24-luty-pierwsze-rocznica-wojny-w-Ukrainie-4.jpg 1600w\" sizes=\"(max-width: 700px) 100vw, 700px\" \/><\/figure>\n\n\n\n<figure class=\"wp-block-image size-large\"><img loading=\"lazy\" decoding=\"async\" width=\"700\" height=\"394\" data-id=\"3350\" src=\"https:\/\/rotary.zamosc.pl\/wp-content\/uploads\/2023\/02\/24-luty-pierwsze-rocznica-wojny-w-Ukrainie-3-700x394.jpg\" alt=\"\" class=\"wp-image-3350\" srcset=\"https:\/\/rotary.zamosc.pl\/wp-content\/uploads\/2023\/02\/24-luty-pierwsze-rocznica-wojny-w-Ukrainie-3-700x394.jpg 700w, https:\/\/rotary.zamosc.pl\/wp-content\/uploads\/2023\/02\/24-luty-pierwsze-rocznica-wojny-w-Ukrainie-3-300x169.jpg 300w, https:\/\/rotary.zamosc.pl\/wp-content\/uploads\/2023\/02\/24-luty-pierwsze-rocznica-wojny-w-Ukrainie-3-768x432.jpg 768w, https:\/\/rotary.zamosc.pl\/wp-content\/uploads\/2023\/02\/24-luty-pierwsze-rocznica-wojny-w-Ukrainie-3-1536x864.jpg 1536w, https:\/\/rotary.zamosc.pl\/wp-content\/uploads\/2023\/02\/24-luty-pierwsze-rocznica-wojny-w-Ukrainie-3-800x450.jpg 800w, https:\/\/rotary.zamosc.pl\/wp-content\/uploads\/2023\/02\/24-luty-pierwsze-rocznica-wojny-w-Ukrainie-3.jpg 1600w\" sizes=\"(max-width: 700px) 100vw, 700px\" \/><\/figure>\n\n\n\n<figure class=\"wp-block-image size-large\"><img loading=\"lazy\" decoding=\"async\" width=\"700\" height=\"394\" data-id=\"3349\" src=\"https:\/\/rotary.zamosc.pl\/wp-content\/uploads\/2023\/02\/24-luty-pierwsze-rocznica-wojny-w-Ukrainie-2-700x394.jpg\" alt=\"\" class=\"wp-image-3349\" srcset=\"https:\/\/rotary.zamosc.pl\/wp-content\/uploads\/2023\/02\/24-luty-pierwsze-rocznica-wojny-w-Ukrainie-2-700x394.jpg 700w, https:\/\/rotary.zamosc.pl\/wp-content\/uploads\/2023\/02\/24-luty-pierwsze-rocznica-wojny-w-Ukrainie-2-300x169.jpg 300w, https:\/\/rotary.zamosc.pl\/wp-content\/uploads\/2023\/02\/24-luty-pierwsze-rocznica-wojny-w-Ukrainie-2-768x432.jpg 768w, https:\/\/rotary.zamosc.pl\/wp-content\/uploads\/2023\/02\/24-luty-pierwsze-rocznica-wojny-w-Ukrainie-2-1536x864.jpg 1536w, https:\/\/rotary.zamosc.pl\/wp-content\/uploads\/2023\/02\/24-luty-pierwsze-rocznica-wojny-w-Ukrainie-2-800x450.jpg 800w, https:\/\/rotary.zamosc.pl\/wp-content\/uploads\/2023\/02\/24-luty-pierwsze-rocznica-wojny-w-Ukrainie-2.jpg 1600w\" sizes=\"(max-width: 700px) 100vw, 700px\" \/><\/figure>\n\n\n\n<figure class=\"wp-block-image size-large\"><img loading=\"lazy\" decoding=\"async\" width=\"700\" height=\"394\" data-id=\"3348\" src=\"https:\/\/rotary.zamosc.pl\/wp-content\/uploads\/2023\/02\/24-luty-pierwsze-rocznica-wojny-w-Ukrainie-1-700x394.jpg\" alt=\"\" class=\"wp-image-3348\" srcset=\"https:\/\/rotary.zamosc.pl\/wp-content\/uploads\/2023\/02\/24-luty-pierwsze-rocznica-wojny-w-Ukrainie-1-700x394.jpg 700w, https:\/\/rotary.zamosc.pl\/wp-content\/uploads\/2023\/02\/24-luty-pierwsze-rocznica-wojny-w-Ukrainie-1-300x169.jpg 300w, https:\/\/rotary.zamosc.pl\/wp-content\/uploads\/2023\/02\/24-luty-pierwsze-rocznica-wojny-w-Ukrainie-1-768x432.jpg 768w, https:\/\/rotary.zamosc.pl\/wp-content\/uploads\/2023\/02\/24-luty-pierwsze-rocznica-wojny-w-Ukrainie-1-1536x864.jpg 1536w, https:\/\/rotary.zamosc.pl\/wp-content\/uploads\/2023\/02\/24-luty-pierwsze-rocznica-wojny-w-Ukrainie-1-800x450.jpg 800w, https:\/\/rotary.zamosc.pl\/wp-content\/uploads\/2023\/02\/24-luty-pierwsze-rocznica-wojny-w-Ukrainie-1.jpg 1600w\" sizes=\"(max-width: 700px) 100vw, 700px\" \/><\/figure>\n\n\n\n<figure class=\"wp-block-image size-large\"><img loading=\"lazy\" decoding=\"async\" width=\"700\" height=\"1000\" data-id=\"3341\" src=\"https:\/\/rotary.zamosc.pl\/wp-content\/uploads\/2023\/02\/333044185_3071830819792254_687809460737487794_n-700x1000.jpg\" alt=\"wystaw\u0119 plakat\u00f3w zwi\u0105zan\u0105 tematycznie z wojn\u0105 na Ukrainie, znakomitego artysty pochodz\u0105cego z Zamo\u015bcia, \u0141ukasza Zwolana.\" class=\"wp-image-3341\" srcset=\"https:\/\/rotary.zamosc.pl\/wp-content\/uploads\/2023\/02\/333044185_3071830819792254_687809460737487794_n-700x1000.jpg 700w, https:\/\/rotary.zamosc.pl\/wp-content\/uploads\/2023\/02\/333044185_3071830819792254_687809460737487794_n-210x300.jpg 210w, https:\/\/rotary.zamosc.pl\/wp-content\/uploads\/2023\/02\/333044185_3071830819792254_687809460737487794_n-768x1097.jpg 768w, https:\/\/rotary.zamosc.pl\/wp-content\/uploads\/2023\/02\/333044185_3071830819792254_687809460737487794_n-1076x1536.jpg 1076w, https:\/\/rotary.zamosc.pl\/wp-content\/uploads\/2023\/02\/333044185_3071830819792254_687809460737487794_n-800x1143.jpg 800w, https:\/\/rotary.zamosc.pl\/wp-content\/uploads\/2023\/02\/333044185_3071830819792254_687809460737487794_n.jpg 1434w\" sizes=\"(max-width: 700px) 100vw, 700px\" \/><\/figure>\n<\/figure>\n","protected":false},"excerpt":{"rendered":"<p>&#8221; W rocznic\u0119 napa\u015bci na Ukrain\u0119 &#8222; 24 lutego, w rocznic\u0119 sowieckiej napa\u015bci na Ukrain\u0119, cz\u0142onkowie RC Zamo\u015b\u0107 spotkali si\u0119 na Rynku Solnym w Zamo\u015bciu. Dla cel\u00f3w meetingu wykorzystano przestrzenn\u0105 kompozycj\u0119 Gropius-Zimmer-Pavillon przekazan\u0105 mieszka\u0144com Zamo\u015bcia na okres 6 miesi\u0119cy przez partnerskie miasto Weimar. Na \u015bcianach symbolicznego pomieszczenia zawis\u0142y plakaty autorstwa plastyka , Pana \u0141ukasza Zwolana,&#8230;<\/p>\n","protected":false},"author":1,"featured_media":3352,"comment_status":"open","ping_status":"open","sticky":false,"template":"","format":"standard","meta":{"footnotes":""},"categories":[11,12],"tags":[],"class_list":["post-6524","post","type-post","status-publish","format-standard","has-post-thumbnail","hentry","category-11","category-pomoc-ukrainie"],"rttpg_featured_image_url":{"full":["https:\/\/rotary.zamosc.pl\/wp-content\/uploads\/2023\/02\/24-luty-pierwsze-rocznica-wojny-w-Ukrainie-5.jpg",1600,900,false],"landscape":["https:\/\/rotary.zamosc.pl\/wp-content\/uploads\/2023\/02\/24-luty-pierwsze-rocznica-wojny-w-Ukrainie-5.jpg",1600,900,false],"portraits":["https:\/\/rotary.zamosc.pl\/wp-content\/uploads\/2023\/02\/24-luty-pierwsze-rocznica-wojny-w-Ukrainie-5.jpg",1600,900,false],"thumbnail":["https:\/\/rotary.zamosc.pl\/wp-content\/uploads\/2023\/02\/24-luty-pierwsze-rocznica-wojny-w-Ukrainie-5-150x150.jpg",150,150,true],"medium":["https:\/\/rotary.zamosc.pl\/wp-content\/uploads\/2023\/02\/24-luty-pierwsze-rocznica-wojny-w-Ukrainie-5-300x169.jpg",300,169,true],"large":["https:\/\/rotary.zamosc.pl\/wp-content\/uploads\/2023\/02\/24-luty-pierwsze-rocznica-wojny-w-Ukrainie-5-700x394.jpg",700,394,true],"1536x1536":["https:\/\/rotary.zamosc.pl\/wp-content\/uploads\/2023\/02\/24-luty-pierwsze-rocznica-wojny-w-Ukrainie-5-1536x864.jpg",1536,864,true],"2048x2048":["https:\/\/rotary.zamosc.pl\/wp-content\/uploads\/2023\/02\/24-luty-pierwsze-rocznica-wojny-w-Ukrainie-5.jpg",1600,900,false],"post-thumbnail":["https:\/\/rotary.zamosc.pl\/wp-content\/uploads\/2023\/02\/24-luty-pierwsze-rocznica-wojny-w-Ukrainie-5-800x450.jpg",800,450,true],"graphy-post-thumbnail-large":["https:\/\/rotary.zamosc.pl\/wp-content\/uploads\/2023\/02\/24-luty-pierwsze-rocznica-wojny-w-Ukrainie-5-1080x600.jpg",1080,600,true],"graphy-post-thumbnail-medium":["https:\/\/rotary.zamosc.pl\/wp-content\/uploads\/2023\/02\/24-luty-pierwsze-rocznica-wojny-w-Ukrainie-5-482x300.jpg",482,300,true],"graphy-post-thumbnail-small":["https:\/\/rotary.zamosc.pl\/wp-content\/uploads\/2023\/02\/24-luty-pierwsze-rocznica-wojny-w-Ukrainie-5-80x60.jpg",80,60,true],"graphy-page-thumbnail":["https:\/\/rotary.zamosc.pl\/wp-content\/uploads\/2023\/02\/24-luty-pierwsze-rocznica-wojny-w-Ukrainie-5-1260x350.jpg",1260,350,true],"sow-carousel-default":["https:\/\/rotary.zamosc.pl\/wp-content\/uploads\/2023\/02\/24-luty-pierwsze-rocznica-wojny-w-Ukrainie-5-272x182.jpg",272,182,true]},"rttpg_author":{"display_name":"rotaryzamosc","author_link":"https:\/\/rotary.zamosc.pl\/index.php\/author\/rotaryzamosc\/"},"rttpg_comment":0,"rttpg_category":"<a href=\"https:\/\/rotary.zamosc.pl\/index.php\/category\/2023\/\" rel=\"category tag\">2023<\/a> <a href=\"https:\/\/rotary.zamosc.pl\/index.php\/category\/pomoc-ukrainie\/\" rel=\"category tag\">Pomoc Ukrainie<\/a>","rttpg_excerpt":"&#8221; W rocznic\u0119 napa\u015bci na Ukrain\u0119 &#8222; 24 lutego, w rocznic\u0119 sowieckiej napa\u015bci na Ukrain\u0119, cz\u0142onkowie RC Zamo\u015b\u0107 spotkali si\u0119 na Rynku Solnym w Zamo\u015bciu. Dla cel\u00f3w meetingu wykorzystano przestrzenn\u0105 kompozycj\u0119 Gropius-Zimmer-Pavillon przekazan\u0105 mieszka\u0144com Zamo\u015bcia na okres 6 miesi\u0119cy przez partnerskie miasto Weimar. Na \u015bcianach symbolicznego pomieszczenia zawis\u0142y plakaty autorstwa plastyka , Pana \u0141ukasza Zwolana,...","_links":{"self":[{"href":"https:\/\/rotary.zamosc.pl\/index.php\/wp-json\/wp\/v2\/posts\/6524","targetHints":{"allow":["GET"]}}],"collection":[{"href":"https:\/\/rotary.zamosc.pl\/index.php\/wp-json\/wp\/v2\/posts"}],"about":[{"href":"https:\/\/rotary.zamosc.pl\/index.php\/wp-json\/wp\/v2\/types\/post"}],"author":[{"embeddable":true,"href":"https:\/\/rotary.zamosc.pl\/index.php\/wp-json\/wp\/v2\/users\/1"}],"replies":[{"embeddable":true,"href":"https:\/\/rotary.zamosc.pl\/index.php\/wp-json\/wp\/v2\/comments?post=6524"}],"version-history":[{"count":1,"href":"https:\/\/rotary.zamosc.pl\/index.php\/wp-json\/wp\/v2\/posts\/6524\/revisions"}],"predecessor-version":[{"id":6525,"href":"https:\/\/rotary.zamosc.pl\/index.php\/wp-json\/wp\/v2\/posts\/6524\/revisions\/6525"}],"wp:featuredmedia":[{"embeddable":true,"href":"https:\/\/rotary.zamosc.pl\/index.php\/wp-json\/wp\/v2\/media\/3352"}],"wp:attachment":[{"href":"https:\/\/rotary.zamosc.pl\/index.php\/wp-json\/wp\/v2\/media?parent=6524"}],"wp:term":[{"taxonomy":"category","embeddable":true,"href":"https:\/\/rotary.zamosc.pl\/index.php\/wp-json\/wp\/v2\/categories?post=6524"},{"taxonomy":"post_tag","embeddable":true,"href":"https:\/\/rotary.zamosc.pl\/index.php\/wp-json\/wp\/v2\/tags?post=6524"}],"curies":[{"name":"wp","href":"https:\/\/api.w.org\/{rel}","templated":true}]}}