{"id":6530,"date":"2023-01-04T10:05:00","date_gmt":"2023-01-04T09:05:00","guid":{"rendered":"https:\/\/rotary.zamosc.pl\/?p=6530"},"modified":"2026-03-17T10:06:27","modified_gmt":"2026-03-17T09:06:27","slug":"rc-zamosc-dla-uzdolnionej-mlodziezy-zamojskich-szkol-artystycznych","status":"publish","type":"post","link":"https:\/\/rotary.zamosc.pl\/index.php\/2023\/01\/04\/rc-zamosc-dla-uzdolnionej-mlodziezy-zamojskich-szkol-artystycznych\/","title":{"rendered":"RC Zamo\u015b\u0107 dla uzdolnionej m\u0142odzie\u017cy zamojskich szk\u00f3\u0142 artystycznych"},"content":{"rendered":"\n<p class=\"wp-block-paragraph\">Rok 2022 Rotary Club Zamo\u015b\u0107 zamkn\u0105\u0142 akcj\u0105 charytatywn\u0105 zorganizowan\u0105 wsp\u00f3lnie z wolontariatem Pa\u0144stwowego Liceum Sztuk Plastycznych w Zamo\u015bciu, kt\u00f3ra mia\u0142a na celu zebranie \u015brodk\u00f3w na stypendia dla szczeg\u00f3lnie uzdolnionych uczni\u00f3w zamojskiej Szko\u0142y Muzycznej oraz Liceum Plastycznego.<\/p>\n\n\n\n<p class=\"wp-block-paragraph\">Z finansowym wsparciem RC Zamo\u015b\u0107 uczniowie PLSP wykonali pi\u0119kne maski karnawa\u0142owe, kt\u00f3re mo\u017cna by\u0142o naby\u0107 m.in. podczas balu sylwestrowego w Hotelu Myka.<\/p>\n\n\n\n<p class=\"wp-block-paragraph\">Akcja b\u0119dzie kontynuowana do ko\u0144ca karnawa\u0142u.<\/p>\n\n\n\n<figure class=\"wp-block-gallery has-nested-images columns-1 is-cropped wp-block-gallery-1 is-layout-flex wp-block-gallery-is-layout-flex\">\n<figure class=\"wp-block-image size-large\"><img fetchpriority=\"high\" decoding=\"async\" width=\"700\" height=\"394\" data-id=\"3250\" src=\"https:\/\/rotary.zamosc.pl\/wp-content\/uploads\/2023\/01\/RC-Zamosc-dla-uzdolnionej-mlodziezy-zamojskich-szkol-artystycznych-8-700x394.jpg\" alt=\"\" class=\"wp-image-3250\" srcset=\"https:\/\/rotary.zamosc.pl\/wp-content\/uploads\/2023\/01\/RC-Zamosc-dla-uzdolnionej-mlodziezy-zamojskich-szkol-artystycznych-8-700x394.jpg 700w, https:\/\/rotary.zamosc.pl\/wp-content\/uploads\/2023\/01\/RC-Zamosc-dla-uzdolnionej-mlodziezy-zamojskich-szkol-artystycznych-8-300x169.jpg 300w, https:\/\/rotary.zamosc.pl\/wp-content\/uploads\/2023\/01\/RC-Zamosc-dla-uzdolnionej-mlodziezy-zamojskich-szkol-artystycznych-8-768x432.jpg 768w, https:\/\/rotary.zamosc.pl\/wp-content\/uploads\/2023\/01\/RC-Zamosc-dla-uzdolnionej-mlodziezy-zamojskich-szkol-artystycznych-8-1536x864.jpg 1536w, https:\/\/rotary.zamosc.pl\/wp-content\/uploads\/2023\/01\/RC-Zamosc-dla-uzdolnionej-mlodziezy-zamojskich-szkol-artystycznych-8-800x450.jpg 800w, https:\/\/rotary.zamosc.pl\/wp-content\/uploads\/2023\/01\/RC-Zamosc-dla-uzdolnionej-mlodziezy-zamojskich-szkol-artystycznych-8.jpg 1600w\" sizes=\"(max-width: 700px) 100vw, 700px\" \/><\/figure>\n\n\n\n<figure class=\"wp-block-image size-large\"><img decoding=\"async\" width=\"700\" height=\"394\" data-id=\"3248\" src=\"https:\/\/rotary.zamosc.pl\/wp-content\/uploads\/2023\/01\/RC-Zamosc-dla-uzdolnionej-mlodziezy-zamojskich-szkol-artystycznych-6-700x394.jpg\" alt=\"\" class=\"wp-image-3248\" srcset=\"https:\/\/rotary.zamosc.pl\/wp-content\/uploads\/2023\/01\/RC-Zamosc-dla-uzdolnionej-mlodziezy-zamojskich-szkol-artystycznych-6-700x394.jpg 700w, https:\/\/rotary.zamosc.pl\/wp-content\/uploads\/2023\/01\/RC-Zamosc-dla-uzdolnionej-mlodziezy-zamojskich-szkol-artystycznych-6-300x169.jpg 300w, https:\/\/rotary.zamosc.pl\/wp-content\/uploads\/2023\/01\/RC-Zamosc-dla-uzdolnionej-mlodziezy-zamojskich-szkol-artystycznych-6-768x432.jpg 768w, https:\/\/rotary.zamosc.pl\/wp-content\/uploads\/2023\/01\/RC-Zamosc-dla-uzdolnionej-mlodziezy-zamojskich-szkol-artystycznych-6-1536x864.jpg 1536w, https:\/\/rotary.zamosc.pl\/wp-content\/uploads\/2023\/01\/RC-Zamosc-dla-uzdolnionej-mlodziezy-zamojskich-szkol-artystycznych-6-800x450.jpg 800w, https:\/\/rotary.zamosc.pl\/wp-content\/uploads\/2023\/01\/RC-Zamosc-dla-uzdolnionej-mlodziezy-zamojskich-szkol-artystycznych-6.jpg 1600w\" sizes=\"(max-width: 700px) 100vw, 700px\" \/><\/figure>\n\n\n\n<figure class=\"wp-block-image size-large\"><img decoding=\"async\" width=\"700\" height=\"394\" data-id=\"3247\" src=\"https:\/\/rotary.zamosc.pl\/wp-content\/uploads\/2023\/01\/RC-Zamosc-dla-uzdolnionej-mlodziezy-zamojskich-szkol-artystycznych-5-700x394.jpg\" alt=\"\" class=\"wp-image-3247\" srcset=\"https:\/\/rotary.zamosc.pl\/wp-content\/uploads\/2023\/01\/RC-Zamosc-dla-uzdolnionej-mlodziezy-zamojskich-szkol-artystycznych-5-700x394.jpg 700w, https:\/\/rotary.zamosc.pl\/wp-content\/uploads\/2023\/01\/RC-Zamosc-dla-uzdolnionej-mlodziezy-zamojskich-szkol-artystycznych-5-300x169.jpg 300w, https:\/\/rotary.zamosc.pl\/wp-content\/uploads\/2023\/01\/RC-Zamosc-dla-uzdolnionej-mlodziezy-zamojskich-szkol-artystycznych-5-768x432.jpg 768w, https:\/\/rotary.zamosc.pl\/wp-content\/uploads\/2023\/01\/RC-Zamosc-dla-uzdolnionej-mlodziezy-zamojskich-szkol-artystycznych-5-1536x864.jpg 1536w, https:\/\/rotary.zamosc.pl\/wp-content\/uploads\/2023\/01\/RC-Zamosc-dla-uzdolnionej-mlodziezy-zamojskich-szkol-artystycznych-5-800x450.jpg 800w, https:\/\/rotary.zamosc.pl\/wp-content\/uploads\/2023\/01\/RC-Zamosc-dla-uzdolnionej-mlodziezy-zamojskich-szkol-artystycznych-5.jpg 1600w\" sizes=\"(max-width: 700px) 100vw, 700px\" \/><\/figure>\n\n\n\n<figure class=\"wp-block-image size-large\"><img loading=\"lazy\" decoding=\"async\" width=\"700\" height=\"525\" data-id=\"3246\" src=\"https:\/\/rotary.zamosc.pl\/wp-content\/uploads\/2023\/01\/RC-Zamosc-dla-uzdolnionej-mlodziezy-zamojskich-szkol-artystycznych-4-700x525.jpg\" alt=\"\" class=\"wp-image-3246\" srcset=\"https:\/\/rotary.zamosc.pl\/wp-content\/uploads\/2023\/01\/RC-Zamosc-dla-uzdolnionej-mlodziezy-zamojskich-szkol-artystycznych-4-700x525.jpg 700w, https:\/\/rotary.zamosc.pl\/wp-content\/uploads\/2023\/01\/RC-Zamosc-dla-uzdolnionej-mlodziezy-zamojskich-szkol-artystycznych-4-300x225.jpg 300w, https:\/\/rotary.zamosc.pl\/wp-content\/uploads\/2023\/01\/RC-Zamosc-dla-uzdolnionej-mlodziezy-zamojskich-szkol-artystycznych-4-768x576.jpg 768w, https:\/\/rotary.zamosc.pl\/wp-content\/uploads\/2023\/01\/RC-Zamosc-dla-uzdolnionej-mlodziezy-zamojskich-szkol-artystycznych-4-1536x1152.jpg 1536w, https:\/\/rotary.zamosc.pl\/wp-content\/uploads\/2023\/01\/RC-Zamosc-dla-uzdolnionej-mlodziezy-zamojskich-szkol-artystycznych-4-800x600.jpg 800w, https:\/\/rotary.zamosc.pl\/wp-content\/uploads\/2023\/01\/RC-Zamosc-dla-uzdolnionej-mlodziezy-zamojskich-szkol-artystycznych-4-80x60.jpg 80w, https:\/\/rotary.zamosc.pl\/wp-content\/uploads\/2023\/01\/RC-Zamosc-dla-uzdolnionej-mlodziezy-zamojskich-szkol-artystycznych-4.jpg 1600w\" sizes=\"(max-width: 700px) 100vw, 700px\" \/><\/figure>\n\n\n\n<figure class=\"wp-block-image size-large\"><img loading=\"lazy\" decoding=\"async\" width=\"700\" height=\"394\" data-id=\"3245\" src=\"https:\/\/rotary.zamosc.pl\/wp-content\/uploads\/2023\/01\/RC-Zamosc-dla-uzdolnionej-mlodziezy-zamojskich-szkol-artystycznych-3-700x394.jpg\" alt=\"\" class=\"wp-image-3245\" srcset=\"https:\/\/rotary.zamosc.pl\/wp-content\/uploads\/2023\/01\/RC-Zamosc-dla-uzdolnionej-mlodziezy-zamojskich-szkol-artystycznych-3-700x394.jpg 700w, https:\/\/rotary.zamosc.pl\/wp-content\/uploads\/2023\/01\/RC-Zamosc-dla-uzdolnionej-mlodziezy-zamojskich-szkol-artystycznych-3-300x169.jpg 300w, https:\/\/rotary.zamosc.pl\/wp-content\/uploads\/2023\/01\/RC-Zamosc-dla-uzdolnionej-mlodziezy-zamojskich-szkol-artystycznych-3-768x432.jpg 768w, https:\/\/rotary.zamosc.pl\/wp-content\/uploads\/2023\/01\/RC-Zamosc-dla-uzdolnionej-mlodziezy-zamojskich-szkol-artystycznych-3-1536x864.jpg 1536w, https:\/\/rotary.zamosc.pl\/wp-content\/uploads\/2023\/01\/RC-Zamosc-dla-uzdolnionej-mlodziezy-zamojskich-szkol-artystycznych-3-800x450.jpg 800w, https:\/\/rotary.zamosc.pl\/wp-content\/uploads\/2023\/01\/RC-Zamosc-dla-uzdolnionej-mlodziezy-zamojskich-szkol-artystycznych-3.jpg 1600w\" sizes=\"(max-width: 700px) 100vw, 700px\" \/><\/figure>\n\n\n\n<figure class=\"wp-block-image size-large\"><img loading=\"lazy\" decoding=\"async\" width=\"700\" height=\"394\" data-id=\"3244\" src=\"https:\/\/rotary.zamosc.pl\/wp-content\/uploads\/2023\/01\/RC-Zamosc-dla-uzdolnionej-mlodziezy-zamojskich-szkol-artystycznych-2-700x394.jpg\" alt=\"\" class=\"wp-image-3244\" srcset=\"https:\/\/rotary.zamosc.pl\/wp-content\/uploads\/2023\/01\/RC-Zamosc-dla-uzdolnionej-mlodziezy-zamojskich-szkol-artystycznych-2-700x394.jpg 700w, https:\/\/rotary.zamosc.pl\/wp-content\/uploads\/2023\/01\/RC-Zamosc-dla-uzdolnionej-mlodziezy-zamojskich-szkol-artystycznych-2-300x169.jpg 300w, https:\/\/rotary.zamosc.pl\/wp-content\/uploads\/2023\/01\/RC-Zamosc-dla-uzdolnionej-mlodziezy-zamojskich-szkol-artystycznych-2-768x432.jpg 768w, https:\/\/rotary.zamosc.pl\/wp-content\/uploads\/2023\/01\/RC-Zamosc-dla-uzdolnionej-mlodziezy-zamojskich-szkol-artystycznych-2-1536x864.jpg 1536w, https:\/\/rotary.zamosc.pl\/wp-content\/uploads\/2023\/01\/RC-Zamosc-dla-uzdolnionej-mlodziezy-zamojskich-szkol-artystycznych-2-800x450.jpg 800w, https:\/\/rotary.zamosc.pl\/wp-content\/uploads\/2023\/01\/RC-Zamosc-dla-uzdolnionej-mlodziezy-zamojskich-szkol-artystycznych-2.jpg 1600w\" sizes=\"(max-width: 700px) 100vw, 700px\" \/><\/figure>\n\n\n\n<figure class=\"wp-block-image size-large\"><img loading=\"lazy\" decoding=\"async\" width=\"700\" height=\"1244\" data-id=\"3243\" src=\"https:\/\/rotary.zamosc.pl\/wp-content\/uploads\/2023\/01\/RC-Zamosc-dla-uzdolnionej-mlodziezy-zamojskich-szkol-artystycznych-1-700x1244.jpg\" alt=\"\" class=\"wp-image-3243\" srcset=\"https:\/\/rotary.zamosc.pl\/wp-content\/uploads\/2023\/01\/RC-Zamosc-dla-uzdolnionej-mlodziezy-zamojskich-szkol-artystycznych-1-700x1244.jpg 700w, https:\/\/rotary.zamosc.pl\/wp-content\/uploads\/2023\/01\/RC-Zamosc-dla-uzdolnionej-mlodziezy-zamojskich-szkol-artystycznych-1-169x300.jpg 169w, https:\/\/rotary.zamosc.pl\/wp-content\/uploads\/2023\/01\/RC-Zamosc-dla-uzdolnionej-mlodziezy-zamojskich-szkol-artystycznych-1-768x1365.jpg 768w, https:\/\/rotary.zamosc.pl\/wp-content\/uploads\/2023\/01\/RC-Zamosc-dla-uzdolnionej-mlodziezy-zamojskich-szkol-artystycznych-1-864x1536.jpg 864w, https:\/\/rotary.zamosc.pl\/wp-content\/uploads\/2023\/01\/RC-Zamosc-dla-uzdolnionej-mlodziezy-zamojskich-szkol-artystycznych-1-800x1422.jpg 800w, https:\/\/rotary.zamosc.pl\/wp-content\/uploads\/2023\/01\/RC-Zamosc-dla-uzdolnionej-mlodziezy-zamojskich-szkol-artystycznych-1.jpg 900w\" sizes=\"(max-width: 700px) 100vw, 700px\" \/><\/figure>\n<\/figure>\n","protected":false},"excerpt":{"rendered":"<p>Rok 2022 Rotary Club Zamo\u015b\u0107 zamkn\u0105\u0142 akcj\u0105 charytatywn\u0105 zorganizowan\u0105 wsp\u00f3lnie z wolontariatem Pa\u0144stwowego Liceum Sztuk Plastycznych w Zamo\u015bciu, kt\u00f3ra mia\u0142a na celu zebranie \u015brodk\u00f3w na stypendia dla szczeg\u00f3lnie uzdolnionych uczni\u00f3w zamojskiej Szko\u0142y Muzycznej oraz Liceum Plastycznego. Z finansowym wsparciem RC Zamo\u015b\u0107 uczniowie PLSP wykonali pi\u0119kne maski karnawa\u0142owe, kt\u00f3re mo\u017cna by\u0142o naby\u0107 m.in. podczas balu sylwestrowego&#8230;<\/p>\n","protected":false},"author":1,"featured_media":3249,"comment_status":"open","ping_status":"open","sticky":false,"template":"","format":"standard","meta":{"footnotes":""},"categories":[11],"tags":[],"class_list":["post-6530","post","type-post","status-publish","format-standard","has-post-thumbnail","hentry","category-11"],"rttpg_featured_image_url":{"full":["https:\/\/rotary.zamosc.pl\/wp-content\/uploads\/2023\/01\/RC-Zamosc-dla-uzdolnionej-mlodziezy-zamojskich-szkol-artystycznych-7.jpg",1600,900,false],"landscape":["https:\/\/rotary.zamosc.pl\/wp-content\/uploads\/2023\/01\/RC-Zamosc-dla-uzdolnionej-mlodziezy-zamojskich-szkol-artystycznych-7.jpg",1600,900,false],"portraits":["https:\/\/rotary.zamosc.pl\/wp-content\/uploads\/2023\/01\/RC-Zamosc-dla-uzdolnionej-mlodziezy-zamojskich-szkol-artystycznych-7.jpg",1600,900,false],"thumbnail":["https:\/\/rotary.zamosc.pl\/wp-content\/uploads\/2023\/01\/RC-Zamosc-dla-uzdolnionej-mlodziezy-zamojskich-szkol-artystycznych-7-150x150.jpg",150,150,true],"medium":["https:\/\/rotary.zamosc.pl\/wp-content\/uploads\/2023\/01\/RC-Zamosc-dla-uzdolnionej-mlodziezy-zamojskich-szkol-artystycznych-7-300x169.jpg",300,169,true],"large":["https:\/\/rotary.zamosc.pl\/wp-content\/uploads\/2023\/01\/RC-Zamosc-dla-uzdolnionej-mlodziezy-zamojskich-szkol-artystycznych-7-700x394.jpg",700,394,true],"1536x1536":["https:\/\/rotary.zamosc.pl\/wp-content\/uploads\/2023\/01\/RC-Zamosc-dla-uzdolnionej-mlodziezy-zamojskich-szkol-artystycznych-7-1536x864.jpg",1536,864,true],"2048x2048":["https:\/\/rotary.zamosc.pl\/wp-content\/uploads\/2023\/01\/RC-Zamosc-dla-uzdolnionej-mlodziezy-zamojskich-szkol-artystycznych-7.jpg",1600,900,false],"post-thumbnail":["https:\/\/rotary.zamosc.pl\/wp-content\/uploads\/2023\/01\/RC-Zamosc-dla-uzdolnionej-mlodziezy-zamojskich-szkol-artystycznych-7-800x450.jpg",800,450,true],"graphy-post-thumbnail-large":["https:\/\/rotary.zamosc.pl\/wp-content\/uploads\/2023\/01\/RC-Zamosc-dla-uzdolnionej-mlodziezy-zamojskich-szkol-artystycznych-7-1080x600.jpg",1080,600,true],"graphy-post-thumbnail-medium":["https:\/\/rotary.zamosc.pl\/wp-content\/uploads\/2023\/01\/RC-Zamosc-dla-uzdolnionej-mlodziezy-zamojskich-szkol-artystycznych-7-482x300.jpg",482,300,true],"graphy-post-thumbnail-small":["https:\/\/rotary.zamosc.pl\/wp-content\/uploads\/2023\/01\/RC-Zamosc-dla-uzdolnionej-mlodziezy-zamojskich-szkol-artystycznych-7-80x60.jpg",80,60,true],"graphy-page-thumbnail":["https:\/\/rotary.zamosc.pl\/wp-content\/uploads\/2023\/01\/RC-Zamosc-dla-uzdolnionej-mlodziezy-zamojskich-szkol-artystycznych-7-1260x350.jpg",1260,350,true],"sow-carousel-default":["https:\/\/rotary.zamosc.pl\/wp-content\/uploads\/2023\/01\/RC-Zamosc-dla-uzdolnionej-mlodziezy-zamojskich-szkol-artystycznych-7-272x182.jpg",272,182,true]},"rttpg_author":{"display_name":"rotaryzamosc","author_link":"https:\/\/rotary.zamosc.pl\/index.php\/author\/rotaryzamosc\/"},"rttpg_comment":0,"rttpg_category":"<a href=\"https:\/\/rotary.zamosc.pl\/index.php\/category\/2023\/\" rel=\"category tag\">2023<\/a>","rttpg_excerpt":"Rok 2022 Rotary Club Zamo\u015b\u0107 zamkn\u0105\u0142 akcj\u0105 charytatywn\u0105 zorganizowan\u0105 wsp\u00f3lnie z wolontariatem Pa\u0144stwowego Liceum Sztuk Plastycznych w Zamo\u015bciu, kt\u00f3ra mia\u0142a na celu zebranie \u015brodk\u00f3w na stypendia dla szczeg\u00f3lnie uzdolnionych uczni\u00f3w zamojskiej Szko\u0142y Muzycznej oraz Liceum Plastycznego. Z finansowym wsparciem RC Zamo\u015b\u0107 uczniowie PLSP wykonali pi\u0119kne maski karnawa\u0142owe, kt\u00f3re mo\u017cna by\u0142o naby\u0107 m.in. podczas balu sylwestrowego...","_links":{"self":[{"href":"https:\/\/rotary.zamosc.pl\/index.php\/wp-json\/wp\/v2\/posts\/6530","targetHints":{"allow":["GET"]}}],"collection":[{"href":"https:\/\/rotary.zamosc.pl\/index.php\/wp-json\/wp\/v2\/posts"}],"about":[{"href":"https:\/\/rotary.zamosc.pl\/index.php\/wp-json\/wp\/v2\/types\/post"}],"author":[{"embeddable":true,"href":"https:\/\/rotary.zamosc.pl\/index.php\/wp-json\/wp\/v2\/users\/1"}],"replies":[{"embeddable":true,"href":"https:\/\/rotary.zamosc.pl\/index.php\/wp-json\/wp\/v2\/comments?post=6530"}],"version-history":[{"count":1,"href":"https:\/\/rotary.zamosc.pl\/index.php\/wp-json\/wp\/v2\/posts\/6530\/revisions"}],"predecessor-version":[{"id":6531,"href":"https:\/\/rotary.zamosc.pl\/index.php\/wp-json\/wp\/v2\/posts\/6530\/revisions\/6531"}],"wp:featuredmedia":[{"embeddable":true,"href":"https:\/\/rotary.zamosc.pl\/index.php\/wp-json\/wp\/v2\/media\/3249"}],"wp:attachment":[{"href":"https:\/\/rotary.zamosc.pl\/index.php\/wp-json\/wp\/v2\/media?parent=6530"}],"wp:term":[{"taxonomy":"category","embeddable":true,"href":"https:\/\/rotary.zamosc.pl\/index.php\/wp-json\/wp\/v2\/categories?post=6530"},{"taxonomy":"post_tag","embeddable":true,"href":"https:\/\/rotary.zamosc.pl\/index.php\/wp-json\/wp\/v2\/tags?post=6530"}],"curies":[{"name":"wp","href":"https:\/\/api.w.org\/{rel}","templated":true}]}}