{"id":6547,"date":"2022-12-20T08:36:00","date_gmt":"2022-12-20T07:36:00","guid":{"rendered":"https:\/\/rotary.zamosc.pl\/?p=6547"},"modified":"2026-03-18T08:36:57","modified_gmt":"2026-03-18T07:36:57","slug":"jaselka-w-dps-dom-rodzinny","status":"publish","type":"post","link":"https:\/\/rotary.zamosc.pl\/index.php\/2022\/12\/20\/jaselka-w-dps-dom-rodzinny\/","title":{"rendered":"Jase\u0142ka w DPS &#8222;Dom Rodzinny&#8221;"},"content":{"rendered":"\n<p class=\"wp-block-paragraph\">20 grudnia, ju\u017c po raz kolejny rotarianie RC Zamo\u015b\u0107 uczestniczyli w spotkaniu przed \u015bwi\u0105tecznym w DPS dla kobiet z niepe\u0142nosprawno\u015bci\u0105 intelektualn\u0105. RC Zamo\u015b\u0107 wsp\u00f3pracuje z t\u0105 plac\u00f3wk\u0105 od dw\u00f3ch lat, udzielaj\u0105c wsparcia.<\/p>\n\n\n\n<p class=\"wp-block-paragraph\">Pensjonariuszki wzi\u0119\u0142y udzia\u0142 w przedstawieniu jase\u0142kowym. By\u0142 r\u00f3wnie\u017c Miko\u0142aj z prezentami, s\u0142odki pocz\u0119stunek oraz \u015bwi\u0105teczne \u017cyczenia.<\/p>\n\n\n\n<figure class=\"wp-block-gallery has-nested-images columns-1 is-cropped wp-block-gallery-1 is-layout-flex wp-block-gallery-is-layout-flex\">\n<figure class=\"wp-block-image size-large\"><img fetchpriority=\"high\" decoding=\"async\" width=\"700\" height=\"394\" data-id=\"3194\" src=\"https:\/\/rotary.zamosc.pl\/wp-content\/uploads\/2022\/12\/Jaselka-w-DPS-Dom-Rodzinny-2022-6-700x394.jpg\" alt=\"\" class=\"wp-image-3194\" srcset=\"https:\/\/rotary.zamosc.pl\/wp-content\/uploads\/2022\/12\/Jaselka-w-DPS-Dom-Rodzinny-2022-6-700x394.jpg 700w, https:\/\/rotary.zamosc.pl\/wp-content\/uploads\/2022\/12\/Jaselka-w-DPS-Dom-Rodzinny-2022-6-300x169.jpg 300w, https:\/\/rotary.zamosc.pl\/wp-content\/uploads\/2022\/12\/Jaselka-w-DPS-Dom-Rodzinny-2022-6-768x432.jpg 768w, https:\/\/rotary.zamosc.pl\/wp-content\/uploads\/2022\/12\/Jaselka-w-DPS-Dom-Rodzinny-2022-6-1536x864.jpg 1536w, https:\/\/rotary.zamosc.pl\/wp-content\/uploads\/2022\/12\/Jaselka-w-DPS-Dom-Rodzinny-2022-6-800x450.jpg 800w, https:\/\/rotary.zamosc.pl\/wp-content\/uploads\/2022\/12\/Jaselka-w-DPS-Dom-Rodzinny-2022-6.jpg 1600w\" sizes=\"(max-width: 700px) 100vw, 700px\" \/><\/figure>\n\n\n\n<figure class=\"wp-block-image size-large\"><img decoding=\"async\" width=\"700\" height=\"1244\" data-id=\"3193\" src=\"https:\/\/rotary.zamosc.pl\/wp-content\/uploads\/2022\/12\/Jaselka-w-DPS-Dom-Rodzinny-2022-5-700x1244.jpg\" alt=\"\" class=\"wp-image-3193\" srcset=\"https:\/\/rotary.zamosc.pl\/wp-content\/uploads\/2022\/12\/Jaselka-w-DPS-Dom-Rodzinny-2022-5-700x1244.jpg 700w, https:\/\/rotary.zamosc.pl\/wp-content\/uploads\/2022\/12\/Jaselka-w-DPS-Dom-Rodzinny-2022-5-169x300.jpg 169w, https:\/\/rotary.zamosc.pl\/wp-content\/uploads\/2022\/12\/Jaselka-w-DPS-Dom-Rodzinny-2022-5-768x1365.jpg 768w, https:\/\/rotary.zamosc.pl\/wp-content\/uploads\/2022\/12\/Jaselka-w-DPS-Dom-Rodzinny-2022-5-864x1536.jpg 864w, https:\/\/rotary.zamosc.pl\/wp-content\/uploads\/2022\/12\/Jaselka-w-DPS-Dom-Rodzinny-2022-5-800x1422.jpg 800w, https:\/\/rotary.zamosc.pl\/wp-content\/uploads\/2022\/12\/Jaselka-w-DPS-Dom-Rodzinny-2022-5.jpg 900w\" sizes=\"(max-width: 700px) 100vw, 700px\" \/><\/figure>\n\n\n\n<figure class=\"wp-block-image size-large\"><img decoding=\"async\" width=\"700\" height=\"525\" data-id=\"3192\" src=\"https:\/\/rotary.zamosc.pl\/wp-content\/uploads\/2022\/12\/Jaselka-w-DPS-Dom-Rodzinny-2022-3-700x525.jpg\" alt=\"\" class=\"wp-image-3192\" srcset=\"https:\/\/rotary.zamosc.pl\/wp-content\/uploads\/2022\/12\/Jaselka-w-DPS-Dom-Rodzinny-2022-3-700x525.jpg 700w, https:\/\/rotary.zamosc.pl\/wp-content\/uploads\/2022\/12\/Jaselka-w-DPS-Dom-Rodzinny-2022-3-300x225.jpg 300w, https:\/\/rotary.zamosc.pl\/wp-content\/uploads\/2022\/12\/Jaselka-w-DPS-Dom-Rodzinny-2022-3-768x576.jpg 768w, https:\/\/rotary.zamosc.pl\/wp-content\/uploads\/2022\/12\/Jaselka-w-DPS-Dom-Rodzinny-2022-3-1536x1152.jpg 1536w, https:\/\/rotary.zamosc.pl\/wp-content\/uploads\/2022\/12\/Jaselka-w-DPS-Dom-Rodzinny-2022-3-800x600.jpg 800w, https:\/\/rotary.zamosc.pl\/wp-content\/uploads\/2022\/12\/Jaselka-w-DPS-Dom-Rodzinny-2022-3-80x60.jpg 80w, https:\/\/rotary.zamosc.pl\/wp-content\/uploads\/2022\/12\/Jaselka-w-DPS-Dom-Rodzinny-2022-3.jpg 2048w\" sizes=\"(max-width: 700px) 100vw, 700px\" \/><\/figure>\n\n\n\n<figure class=\"wp-block-image size-large\"><img loading=\"lazy\" decoding=\"async\" width=\"700\" height=\"525\" data-id=\"3191\" src=\"https:\/\/rotary.zamosc.pl\/wp-content\/uploads\/2022\/12\/Jaselka-w-DPS-Dom-Rodzinny-2022-2-700x525.jpg\" alt=\"\" class=\"wp-image-3191\" srcset=\"https:\/\/rotary.zamosc.pl\/wp-content\/uploads\/2022\/12\/Jaselka-w-DPS-Dom-Rodzinny-2022-2-700x525.jpg 700w, https:\/\/rotary.zamosc.pl\/wp-content\/uploads\/2022\/12\/Jaselka-w-DPS-Dom-Rodzinny-2022-2-300x225.jpg 300w, https:\/\/rotary.zamosc.pl\/wp-content\/uploads\/2022\/12\/Jaselka-w-DPS-Dom-Rodzinny-2022-2-768x576.jpg 768w, https:\/\/rotary.zamosc.pl\/wp-content\/uploads\/2022\/12\/Jaselka-w-DPS-Dom-Rodzinny-2022-2-1536x1152.jpg 1536w, https:\/\/rotary.zamosc.pl\/wp-content\/uploads\/2022\/12\/Jaselka-w-DPS-Dom-Rodzinny-2022-2-800x600.jpg 800w, https:\/\/rotary.zamosc.pl\/wp-content\/uploads\/2022\/12\/Jaselka-w-DPS-Dom-Rodzinny-2022-2-80x60.jpg 80w, https:\/\/rotary.zamosc.pl\/wp-content\/uploads\/2022\/12\/Jaselka-w-DPS-Dom-Rodzinny-2022-2.jpg 2048w\" sizes=\"(max-width: 700px) 100vw, 700px\" \/><\/figure>\n<\/figure>\n","protected":false},"excerpt":{"rendered":"<p>20 grudnia, ju\u017c po raz kolejny rotarianie RC Zamo\u015b\u0107 uczestniczyli w spotkaniu przed \u015bwi\u0105tecznym w DPS dla kobiet z niepe\u0142nosprawno\u015bci\u0105 intelektualn\u0105. RC Zamo\u015b\u0107 wsp\u00f3pracuje z t\u0105 plac\u00f3wk\u0105 od dw\u00f3ch lat, udzielaj\u0105c wsparcia. Pensjonariuszki wzi\u0119\u0142y udzia\u0142 w przedstawieniu jase\u0142kowym. By\u0142 r\u00f3wnie\u017c Miko\u0142aj z prezentami, s\u0142odki pocz\u0119stunek oraz \u015bwi\u0105teczne \u017cyczenia.<\/p>\n","protected":false},"author":1,"featured_media":3190,"comment_status":"open","ping_status":"open","sticky":false,"template":"","format":"standard","meta":{"footnotes":""},"categories":[13],"tags":[],"class_list":["post-6547","post","type-post","status-publish","format-standard","has-post-thumbnail","hentry","category-13"],"rttpg_featured_image_url":{"full":["https:\/\/rotary.zamosc.pl\/wp-content\/uploads\/2022\/12\/Jaselka-w-DPS-Dom-Rodzinny-2022-1.jpg",1600,900,false],"landscape":["https:\/\/rotary.zamosc.pl\/wp-content\/uploads\/2022\/12\/Jaselka-w-DPS-Dom-Rodzinny-2022-1.jpg",1600,900,false],"portraits":["https:\/\/rotary.zamosc.pl\/wp-content\/uploads\/2022\/12\/Jaselka-w-DPS-Dom-Rodzinny-2022-1.jpg",1600,900,false],"thumbnail":["https:\/\/rotary.zamosc.pl\/wp-content\/uploads\/2022\/12\/Jaselka-w-DPS-Dom-Rodzinny-2022-1-150x150.jpg",150,150,true],"medium":["https:\/\/rotary.zamosc.pl\/wp-content\/uploads\/2022\/12\/Jaselka-w-DPS-Dom-Rodzinny-2022-1-300x169.jpg",300,169,true],"large":["https:\/\/rotary.zamosc.pl\/wp-content\/uploads\/2022\/12\/Jaselka-w-DPS-Dom-Rodzinny-2022-1-700x394.jpg",700,394,true],"1536x1536":["https:\/\/rotary.zamosc.pl\/wp-content\/uploads\/2022\/12\/Jaselka-w-DPS-Dom-Rodzinny-2022-1-1536x864.jpg",1536,864,true],"2048x2048":["https:\/\/rotary.zamosc.pl\/wp-content\/uploads\/2022\/12\/Jaselka-w-DPS-Dom-Rodzinny-2022-1.jpg",1600,900,false],"post-thumbnail":["https:\/\/rotary.zamosc.pl\/wp-content\/uploads\/2022\/12\/Jaselka-w-DPS-Dom-Rodzinny-2022-1-800x450.jpg",800,450,true],"graphy-post-thumbnail-large":["https:\/\/rotary.zamosc.pl\/wp-content\/uploads\/2022\/12\/Jaselka-w-DPS-Dom-Rodzinny-2022-1-1080x600.jpg",1080,600,true],"graphy-post-thumbnail-medium":["https:\/\/rotary.zamosc.pl\/wp-content\/uploads\/2022\/12\/Jaselka-w-DPS-Dom-Rodzinny-2022-1-482x300.jpg",482,300,true],"graphy-post-thumbnail-small":["https:\/\/rotary.zamosc.pl\/wp-content\/uploads\/2022\/12\/Jaselka-w-DPS-Dom-Rodzinny-2022-1-80x60.jpg",80,60,true],"graphy-page-thumbnail":["https:\/\/rotary.zamosc.pl\/wp-content\/uploads\/2022\/12\/Jaselka-w-DPS-Dom-Rodzinny-2022-1-1260x350.jpg",1260,350,true],"sow-carousel-default":["https:\/\/rotary.zamosc.pl\/wp-content\/uploads\/2022\/12\/Jaselka-w-DPS-Dom-Rodzinny-2022-1-272x182.jpg",272,182,true]},"rttpg_author":{"display_name":"rotaryzamosc","author_link":"https:\/\/rotary.zamosc.pl\/index.php\/author\/rotaryzamosc\/"},"rttpg_comment":0,"rttpg_category":"<a href=\"https:\/\/rotary.zamosc.pl\/index.php\/category\/2022\/\" rel=\"category tag\">2022<\/a>","rttpg_excerpt":"20 grudnia, ju\u017c po raz kolejny rotarianie RC Zamo\u015b\u0107 uczestniczyli w spotkaniu przed \u015bwi\u0105tecznym w DPS dla kobiet z niepe\u0142nosprawno\u015bci\u0105 intelektualn\u0105. RC Zamo\u015b\u0107 wsp\u00f3pracuje z t\u0105 plac\u00f3wk\u0105 od dw\u00f3ch lat, udzielaj\u0105c wsparcia. Pensjonariuszki wzi\u0119\u0142y udzia\u0142 w przedstawieniu jase\u0142kowym. By\u0142 r\u00f3wnie\u017c Miko\u0142aj z prezentami, s\u0142odki pocz\u0119stunek oraz \u015bwi\u0105teczne \u017cyczenia.","_links":{"self":[{"href":"https:\/\/rotary.zamosc.pl\/index.php\/wp-json\/wp\/v2\/posts\/6547","targetHints":{"allow":["GET"]}}],"collection":[{"href":"https:\/\/rotary.zamosc.pl\/index.php\/wp-json\/wp\/v2\/posts"}],"about":[{"href":"https:\/\/rotary.zamosc.pl\/index.php\/wp-json\/wp\/v2\/types\/post"}],"author":[{"embeddable":true,"href":"https:\/\/rotary.zamosc.pl\/index.php\/wp-json\/wp\/v2\/users\/1"}],"replies":[{"embeddable":true,"href":"https:\/\/rotary.zamosc.pl\/index.php\/wp-json\/wp\/v2\/comments?post=6547"}],"version-history":[{"count":1,"href":"https:\/\/rotary.zamosc.pl\/index.php\/wp-json\/wp\/v2\/posts\/6547\/revisions"}],"predecessor-version":[{"id":6548,"href":"https:\/\/rotary.zamosc.pl\/index.php\/wp-json\/wp\/v2\/posts\/6547\/revisions\/6548"}],"wp:featuredmedia":[{"embeddable":true,"href":"https:\/\/rotary.zamosc.pl\/index.php\/wp-json\/wp\/v2\/media\/3190"}],"wp:attachment":[{"href":"https:\/\/rotary.zamosc.pl\/index.php\/wp-json\/wp\/v2\/media?parent=6547"}],"wp:term":[{"taxonomy":"category","embeddable":true,"href":"https:\/\/rotary.zamosc.pl\/index.php\/wp-json\/wp\/v2\/categories?post=6547"},{"taxonomy":"post_tag","embeddable":true,"href":"https:\/\/rotary.zamosc.pl\/index.php\/wp-json\/wp\/v2\/tags?post=6547"}],"curies":[{"name":"wp","href":"https:\/\/api.w.org\/{rel}","templated":true}]}}