{"id":6549,"date":"2022-12-21T08:37:00","date_gmt":"2022-12-21T07:37:00","guid":{"rendered":"https:\/\/rotary.zamosc.pl\/?p=6549"},"modified":"2026-03-18T08:38:19","modified_gmt":"2026-03-18T07:38:19","slug":"wsparcie-przez-rc-zamosc-kolejnej-edycji-kresowej-paczki","status":"publish","type":"post","link":"https:\/\/rotary.zamosc.pl\/index.php\/2022\/12\/21\/wsparcie-przez-rc-zamosc-kolejnej-edycji-kresowej-paczki\/","title":{"rendered":"Wsparcie przez RC Zamo\u015b\u0107 kolejnej edycji &#8222;Kresowej Paczki&#8221;"},"content":{"rendered":"\n<p class=\"wp-block-paragraph\">Akcj\u0119 \u201eKresowa Paczka\u201d organizuje Stowarzyszenie Wo\u0142y\u0144ski Rajd Motocyklowy. Zbi\u00f3rka dar\u00f3w prowadzona by\u0142a w szko\u0142ach, w r\u00f3\u017cnych regionach Polski. RC Zamo\u015b\u0107 r\u00f3wnie\u017c udzieli\u0142 wsparcia w akcji.<\/p>\n\n\n\n<p class=\"wp-block-paragraph\">Z zebranych artyku\u0142\u00f3w powsta\u0142y paczki \u015bwi\u0105teczne, kt\u00f3re zosta\u0142y przekazane naszym rodakom w Emilczynie, Wier\u00f3wce, Bastowej Rudni w obwodzie \u017cytomierskim oraz w Korcu na Rowie\u0144szczy\u017anie. Opr\u00f3cz paczek \u015bwi\u0105tecznych, przekazano r\u00f3wnie\u017c pampersy i odzie\u017c.<\/p>\n\n\n\n<p class=\"wp-block-paragraph\">Wolontariusze pokonali ponad 2 <a href=\"https:\/\/l.facebook.com\/l.php?u=http%3A%2F%2Ftys.km%2F%3Ffbclid%3DIwZXh0bgNhZW0CMTAAc3J0YwZhcHBfaWQQMjIyMDM5MTc4ODIwMDg5MgABHkbuG3rVR1gAhQepFkxByK1UMdAFFDaZH_WRIA6jtvSBgie-o5uv8Y_iGJJx_aem_Xx5QcVA9JgMCD4wHLd5CWA&amp;h=AT5tpdzqJKHffRpV8QsLqzFyw6QVXoDUP-gC6ZZ7RKOpIXEWcTy4wgkAkumwgKr_zJiqjvI3FkvyJ-2DlFP2n04kIbroag61_KuxxIs8MMp8DBZEJOSJsgJUsT9DJiX_drXsDZq1gsku3BI&amp;__tn__=-UK-R&amp;c[0]=AT4je5Ffc3AroREhoGIu2RCUJnvsL_HpsNHOm5jSNh8XsNdzPJrpN-SOmX199Hk7u-0YksO6RTfcnU0rx9sx8af85T4bGwq4kvWFbu3NEXGcMKYRLIzI8HkX3waBQc97T5jVqqVq3VPJj5tP5e_KVn6-EZD55CyTZBKCH9zEdtDh4HjyM5IVq4N99JqA9jSZv2K_SdTqqZZ_ekBO\" rel=\"noreferrer noopener\" target=\"_blank\">tys.km<\/a> aby dotrze\u0107 do potrzebuj\u0105cych.<\/p>\n","protected":false},"excerpt":{"rendered":"<p>Akcj\u0119 \u201eKresowa Paczka\u201d organizuje Stowarzyszenie Wo\u0142y\u0144ski Rajd Motocyklowy. Zbi\u00f3rka dar\u00f3w prowadzona by\u0142a w szko\u0142ach, w r\u00f3\u017cnych regionach Polski. RC Zamo\u015b\u0107 r\u00f3wnie\u017c udzieli\u0142 wsparcia w akcji. Z zebranych artyku\u0142\u00f3w powsta\u0142y paczki \u015bwi\u0105teczne, kt\u00f3re zosta\u0142y przekazane naszym rodakom w Emilczynie, Wier\u00f3wce, Bastowej Rudni w obwodzie \u017cytomierskim oraz w Korcu na Rowie\u0144szczy\u017anie. Opr\u00f3cz paczek \u015bwi\u0105tecznych, przekazano r\u00f3wnie\u017c pampersy&#8230;<\/p>\n","protected":false},"author":1,"featured_media":6119,"comment_status":"open","ping_status":"open","sticky":false,"template":"","format":"standard","meta":{"footnotes":""},"categories":[13],"tags":[],"class_list":["post-6549","post","type-post","status-publish","format-standard","has-post-thumbnail","hentry","category-13"],"rttpg_featured_image_url":{"full":["https:\/\/rotary.zamosc.pl\/wp-content\/uploads\/2025\/12\/rotary-logos.png",900,442,false],"landscape":["https:\/\/rotary.zamosc.pl\/wp-content\/uploads\/2025\/12\/rotary-logos.png",900,442,false],"portraits":["https:\/\/rotary.zamosc.pl\/wp-content\/uploads\/2025\/12\/rotary-logos.png",900,442,false],"thumbnail":["https:\/\/rotary.zamosc.pl\/wp-content\/uploads\/2025\/12\/rotary-logos-150x150.png",150,150,true],"medium":["https:\/\/rotary.zamosc.pl\/wp-content\/uploads\/2025\/12\/rotary-logos-300x147.png",300,147,true],"large":["https:\/\/rotary.zamosc.pl\/wp-content\/uploads\/2025\/12\/rotary-logos-700x344.png",700,344,true],"1536x1536":["https:\/\/rotary.zamosc.pl\/wp-content\/uploads\/2025\/12\/rotary-logos.png",900,442,false],"2048x2048":["https:\/\/rotary.zamosc.pl\/wp-content\/uploads\/2025\/12\/rotary-logos.png",900,442,false],"post-thumbnail":["https:\/\/rotary.zamosc.pl\/wp-content\/uploads\/2025\/12\/rotary-logos-800x393.png",800,393,true],"graphy-post-thumbnail-large":["https:\/\/rotary.zamosc.pl\/wp-content\/uploads\/2025\/12\/rotary-logos.png",900,442,false],"graphy-post-thumbnail-medium":["https:\/\/rotary.zamosc.pl\/wp-content\/uploads\/2025\/12\/rotary-logos-482x300.png",482,300,true],"graphy-post-thumbnail-small":["https:\/\/rotary.zamosc.pl\/wp-content\/uploads\/2025\/12\/rotary-logos-80x60.png",80,60,true],"graphy-page-thumbnail":["https:\/\/rotary.zamosc.pl\/wp-content\/uploads\/2025\/12\/rotary-logos-900x350.png",900,350,true],"sow-carousel-default":["https:\/\/rotary.zamosc.pl\/wp-content\/uploads\/2025\/12\/rotary-logos-272x182.png",272,182,true]},"rttpg_author":{"display_name":"rotaryzamosc","author_link":"https:\/\/rotary.zamosc.pl\/index.php\/author\/rotaryzamosc\/"},"rttpg_comment":0,"rttpg_category":"<a href=\"https:\/\/rotary.zamosc.pl\/index.php\/category\/2022\/\" rel=\"category tag\">2022<\/a>","rttpg_excerpt":"Akcj\u0119 \u201eKresowa Paczka\u201d organizuje Stowarzyszenie Wo\u0142y\u0144ski Rajd Motocyklowy. Zbi\u00f3rka dar\u00f3w prowadzona by\u0142a w szko\u0142ach, w r\u00f3\u017cnych regionach Polski. RC Zamo\u015b\u0107 r\u00f3wnie\u017c udzieli\u0142 wsparcia w akcji. Z zebranych artyku\u0142\u00f3w powsta\u0142y paczki \u015bwi\u0105teczne, kt\u00f3re zosta\u0142y przekazane naszym rodakom w Emilczynie, Wier\u00f3wce, Bastowej Rudni w obwodzie \u017cytomierskim oraz w Korcu na Rowie\u0144szczy\u017anie. Opr\u00f3cz paczek \u015bwi\u0105tecznych, przekazano r\u00f3wnie\u017c pampersy...","_links":{"self":[{"href":"https:\/\/rotary.zamosc.pl\/index.php\/wp-json\/wp\/v2\/posts\/6549","targetHints":{"allow":["GET"]}}],"collection":[{"href":"https:\/\/rotary.zamosc.pl\/index.php\/wp-json\/wp\/v2\/posts"}],"about":[{"href":"https:\/\/rotary.zamosc.pl\/index.php\/wp-json\/wp\/v2\/types\/post"}],"author":[{"embeddable":true,"href":"https:\/\/rotary.zamosc.pl\/index.php\/wp-json\/wp\/v2\/users\/1"}],"replies":[{"embeddable":true,"href":"https:\/\/rotary.zamosc.pl\/index.php\/wp-json\/wp\/v2\/comments?post=6549"}],"version-history":[{"count":1,"href":"https:\/\/rotary.zamosc.pl\/index.php\/wp-json\/wp\/v2\/posts\/6549\/revisions"}],"predecessor-version":[{"id":6550,"href":"https:\/\/rotary.zamosc.pl\/index.php\/wp-json\/wp\/v2\/posts\/6549\/revisions\/6550"}],"wp:featuredmedia":[{"embeddable":true,"href":"https:\/\/rotary.zamosc.pl\/index.php\/wp-json\/wp\/v2\/media\/6119"}],"wp:attachment":[{"href":"https:\/\/rotary.zamosc.pl\/index.php\/wp-json\/wp\/v2\/media?parent=6549"}],"wp:term":[{"taxonomy":"category","embeddable":true,"href":"https:\/\/rotary.zamosc.pl\/index.php\/wp-json\/wp\/v2\/categories?post=6549"},{"taxonomy":"post_tag","embeddable":true,"href":"https:\/\/rotary.zamosc.pl\/index.php\/wp-json\/wp\/v2\/tags?post=6549"}],"curies":[{"name":"wp","href":"https:\/\/api.w.org\/{rel}","templated":true}]}}